{"id":47,"date":"2015-05-15T13:13:38","date_gmt":"2015-05-15T10:13:38","guid":{"rendered":"https:\/\/suomenkuvalehti.fi\/lahetyssaarnaaja\/?p=47"},"modified":"2015-05-15T13:13:38","modified_gmt":"2015-05-15T10:13:38","slug":"simpsonit-menetti-aanensa","status":"publish","type":"post","link":"https:\/\/suomenkuvalehti.fi\/lahetyssaarnaaja\/2015\/05\/15\/simpsonit-menetti-aanensa\/","title":{"rendered":"Simpsonit menetti \u00e4\u00e4nens\u00e4"},"content":{"rendered":"\n<p>Jos sarjan n\u00e4yttelij\u00e4 j\u00e4tt\u00e4\u00e4 roolihahmon, tekij\u00f6ill\u00e4 on kaksi vaihtoehtoa \u2013 A) joko kirjoittaa hahmo sarjasta ulos tai B) korvata n\u00e4yttelij\u00e4 toisella. Ent\u00e4 jos n\u00e4yttelij\u00e4 on esitt\u00e4nyt&nbsp;kymmeni\u00e4 hahmoja? Mit\u00e4 sitten tehd\u00e4\u00e4n?<\/p>\n\n\n\n<p>T\u00e4llaisen kinkkisen pulman edess\u00e4 ovat <em>Simpsonit<\/em>-animaatiosarjan tekij\u00e4t. Yksi sen keskeisist\u00e4 \u00e4\u00e4nin\u00e4yttelij\u00f6ist\u00e4 <strong>Harry Shearer<\/strong> ilmoitti t\u00e4ll\u00e4 viikolla <a href=\"https:\/\/twitter.com\/theharryshearer\/status\/598707703020658688\" target=\"_blank\">Twitteriss\u00e4<\/a>, ettei h\u00e4n jatka sarjassa. Shearer on ollut mukana <em>Simpsonien<\/em> alusta, vuodesta 1989, l\u00e4htien ja antanut \u00e4\u00e4nens\u00e4 lukuisille t\u00e4rkeille hahmoille, muun muassa Simpsonit-perheen uskisnaapurille Ned Flandersille, rehtori Skinnerille, uutisankkuri Kent Brockmanille, tohtori Hibbertille ja Springfieldin ydinvoimalan omistajalle Montgomery Burnsille.<\/p>\n\n\n\n<p>Miten animaatiohahmot, joiden sielusta noin 78 prosenttia on \u00e4\u00e4nin\u00e4yttelij\u00e4n luomaa, voivat en\u00e4\u00e4 jatkaa eloaan?<\/p>\n\n\n\n<p>Shearer kertoi l\u00e4hd\u00f6n syyksi, ett\u00e4 h\u00e4n ei olisi en\u00e4\u00e4 saanut tehd\u00e4 samalla muita projekteja.&nbsp;Sarjan showrunnerin <strong>Al Jeanin&nbsp;<\/strong><a href=\"http:\/\/www.hollywoodreporter.com\/live-feed\/simpsons-harry-shearer-al-jean-795715\" target=\"_blank\">mukaan<\/a>&nbsp;t\u00e4llaista kieltoa ei ole. Shearer olisi saanut tehd\u00e4 <em>Simpsonien<\/em> ohella muutakin \u2013 aivan kuten aiemmin. Samanlaista 14 miljoonan dollarin kaksivuotissopimusta tarjottiin tiett\u00e4v\u00e4sti my\u00f6s muille sarjan \u00e4\u00e4nin\u00e4yttelij\u00f6ille.<\/p>\n\n\n\n<p>Sherarin kielt\u00e4ytyminen tuli yll\u00e4tyksen\u00e4 sarjan tekij\u00f6ille, olihan h\u00e4n ollut suvereenisti mukana ihka ensimm\u00e4isest\u00e4 jaksosta l\u00e4htien ja voittanut \u00e4\u00e4nirooleistaan Emmyn vuonna 2014. L\u00e4ht\u00f6&nbsp;26 vuoden ja noin 600 jakson j\u00e4lkeen on monille \u0161okki. Toukokuun alussa <em>Simpsonit<\/em> uusittiin kahdella kaudella. Sarjan tekij\u00e4t ovat jo sanoneet, ett\u00e4 Shearerin esitt\u00e4mi\u00e4 hahmoja ei tapeta. Uusien \u00e4\u00e4nien etsiminen on jo aloitettu.<\/p>\n\n\n\n<p>Itse olen sit\u00e4 mielt\u00e4, ett\u00e4&nbsp;parhaan ter\u00e4ns\u00e4 menett\u00e4nyt <em>Simpsonit<\/em> olisi pit\u00e4nyt kuopata jo yli 10 vuotta sitten. Silti keskeisen n\u00e4yttelij\u00e4n l\u00e4hteminen j\u00e4tt\u00e4\u00e4 ison loven. On vaikea kuvitella Ned Flandersin&nbsp;<i>Okilly-dokilly<\/i>-fraasia muiden kuin Shearerin intonaatiolla tai tohtori Hibberti\u00e4 ilman kikatusta. (Kotimaisessa&nbsp;<em>Pasila<\/em>-animaatiossa Ky\u00f6sti P\u00f6ysti -hahmon n\u00e4yttelij\u00e4 vaihtui <strong>Jani Volasesta Tero Koposeen<\/strong>, ja samalla hahmo laimeni.) Kuitenkin <em>Simpsonien<\/em> hahmogalleria on niin laaja, ett\u00e4 tekij\u00e4t eiv\u00e4t ole pulassa \u2013 ja oikeastaan pieni uudistuminen&nbsp;tekisi vain hyv\u00e4\u00e4.<\/p>\n\n\n\n<p>Tilanne on erikoinen, jonka taustalla varmasti on muutakin (kaunoja, henkil\u00f6kemioita, rahariitoja tmv.) kuin mit\u00e4 julkisuuteen on tullut. \u00c4\u00e4nin\u00e4yttelij\u00e4duuni on koomikolle &#8221;perusduunia&#8221;, josta ei saa helposti kiitosta ja huomiota. Ty\u00f6 on yksitoikkoista studiossa istumista ja \u00e4\u00e4nen v\u00e4\u00e4ntely\u00e4. N\u00e4yttelij\u00e4kin on kasvoton.&nbsp;Ehk\u00e4 yli 70-vuotias Shearer vain kyll\u00e4styi ja halusi l\u00e4hte\u00e4 n\u00e4ytt\u00e4v\u00e4sti.<\/p>\n\n\n\n<p>&#8221;Godspeed lil&#8217; doodle&#8221;, kuten Ned Flanders sanoisi.<\/p>\n\n\n","protected":false},"excerpt":{"rendered":"<p>Jos sarjan n\u00e4yttelij\u00e4 j\u00e4tt\u00e4\u00e4 roolihahmon, tekij\u00f6ill\u00e4 on kaksi vaihtoehtoa \u2013 A) joko kirjoittaa hahmo sarjasta ulos tai B) korvata n\u00e4yttelij\u00e4 toisella. Ent\u00e4 jos n\u00e4yttelij\u00e4 on esitt\u00e4nyt&nbsp;kymmeni\u00e4 hahmoja? Mit\u00e4 sitten tehd\u00e4\u00e4n? T\u00e4llaisen kinkkisen pulman edess\u00e4 ovat<br \/>\nSimpsonit-animaatios&hellip;<\/p>\n","protected":false},"author":15148,"featured_media":0,"comment_status":"open","ping_status":"open","sticky":false,"template":"","format":"standard","meta":{"_acf_changed":false,"asauth_required_access_level":3,"asauth_cansharepaid":"true","om_header_attributes":[],"footnotes":"","om_featured_image_focal_point":[],"om_primary_tag":0,"om_contributors":[],"om_co_authors":[],"beyondwords_generate_audio":"","beyondwords_project_id":"","beyondwords_content_id":"","beyondwords_preview_token":"","beyondwords_player_content":"","beyondwords_player_style":"","beyondwords_language_code":"","beyondwords_language_id":"","beyondwords_title_voice_id":"","beyondwords_body_voice_id":"","beyondwords_summary_voice_id":"","beyondwords_error_message":"","beyondwords_disabled":"","beyondwords_delete_content":"","beyondwords_podcast_id":"","beyondwords_hash":"","publish_post_to_speechkit":"","speechkit_hash":"","speechkit_generate_audio":"","speechkit_project_id":"","speechkit_podcast_id":"","speechkit_error_message":"","speechkit_disabled":"","speechkit_access_key":"","speechkit_error":"","speechkit_info":"","speechkit_response":"","speechkit_retries":"","speechkit_status":"","speechkit_updated_at":"","_speechkit_link":"","_speechkit_text":""},"categories":[1],"tags":[18,19,17],"class_list":["post-47","post","type-post","status-publish","format-standard","hentry","category-lahetyssaarnaaja","tag-harry-shearer","tag-pasila","tag-simpsonit"],"om_views":null,"acf":{"tuuma_off":false,"tuuma_kysymys":"","tuuma_vastaus":""},"asauth":{"required_access_level":1,"share_token":"","is_paid":false},"yoast_head":"<!-- This site is optimized with the Yoast SEO plugin v26.4 - https:\/\/yoast.com\/wordpress\/plugins\/seo\/ -->\n<title>Simpsonit menetti \u00e4\u00e4nens\u00e4 - L\u00e4hetyssaarnaaja<\/title>\n<meta name=\"robots\" content=\"index, follow, max-snippet:-1, max-image-preview:large, max-video-preview:-1\" \/>\n<link rel=\"canonical\" href=\"https:\/\/suomenkuvalehti.fi\/lahetyssaarnaaja\/2015\/05\/15\/simpsonit-menetti-aanensa\/\" \/>\n<meta property=\"og:locale\" content=\"fi_FI\" \/>\n<meta property=\"og:type\" content=\"article\" \/>\n<meta property=\"og:title\" content=\"Simpsonit menetti \u00e4\u00e4nens\u00e4\" \/>\n<meta property=\"og:description\" content=\"Mit\u00e4 animaatiosarjalle k\u00e4y, jos keskeinen \u00e4\u00e4nin\u00e4yttelij\u00e4 ottaa loparit?\" \/>\n<meta property=\"og:url\" content=\"https:\/\/suomenkuvalehti.fi\/lahetyssaarnaaja\/2015\/05\/15\/simpsonit-menetti-aanensa\/\" \/>\n<meta property=\"og:site_name\" content=\"L\u00e4hetyssaarnaaja\" \/>\n<meta property=\"article:published_time\" content=\"2015-05-15T10:13:38+00:00\" \/>\n<meta name=\"author\" content=\"Ilkka Pernu\" \/>\n<meta name=\"twitter:label1\" content=\"Written by\" \/>\n\t<meta name=\"twitter:data1\" content=\"Ilkka Pernu\" \/>\n\t<meta name=\"twitter:label2\" content=\"Est. reading time\" \/>\n\t<meta name=\"twitter:data2\" content=\"2 minuuttia\" \/>\n<script type=\"application\/ld+json\" class=\"yoast-schema-graph\">{\"@context\":\"https:\/\/schema.org\",\"@graph\":[{\"@type\":\"WebPage\",\"@id\":\"https:\/\/suomenkuvalehti.fi\/lahetyssaarnaaja\/2015\/05\/15\/simpsonit-menetti-aanensa\/\",\"url\":\"https:\/\/suomenkuvalehti.fi\/lahetyssaarnaaja\/2015\/05\/15\/simpsonit-menetti-aanensa\/\",\"name\":\"Simpsonit menetti \u00e4\u00e4nens\u00e4 - L\u00e4hetyssaarnaaja\",\"isPartOf\":{\"@id\":\"https:\/\/suomenkuvalehti.fi\/lahetyssaarnaaja\/#website\"},\"datePublished\":\"2015-05-15T10:13:38+00:00\",\"author\":{\"@id\":\"https:\/\/suomenkuvalehti.fi\/lahetyssaarnaaja\/#\/schema\/person\/b4250838cec7856ddbc793a5274488a2\"},\"breadcrumb\":{\"@id\":\"https:\/\/suomenkuvalehti.fi\/lahetyssaarnaaja\/2015\/05\/15\/simpsonit-menetti-aanensa\/#breadcrumb\"},\"inLanguage\":\"fi\",\"potentialAction\":[{\"@type\":\"ReadAction\",\"target\":[\"https:\/\/suomenkuvalehti.fi\/lahetyssaarnaaja\/2015\/05\/15\/simpsonit-menetti-aanensa\/\"]}]},{\"@type\":\"BreadcrumbList\",\"@id\":\"https:\/\/suomenkuvalehti.fi\/lahetyssaarnaaja\/2015\/05\/15\/simpsonit-menetti-aanensa\/#breadcrumb\",\"itemListElement\":[{\"@type\":\"ListItem\",\"position\":1,\"name\":\"Home\",\"item\":\"https:\/\/suomenkuvalehti.fi\/lahetyssaarnaaja\/\"},{\"@type\":\"ListItem\",\"position\":2,\"name\":\"Simpsonit menetti \u00e4\u00e4nens\u00e4\"}]},{\"@type\":\"WebSite\",\"@id\":\"https:\/\/suomenkuvalehti.fi\/lahetyssaarnaaja\/#website\",\"url\":\"https:\/\/suomenkuvalehti.fi\/lahetyssaarnaaja\/\",\"name\":\"L\u00e4hetyssaarnaaja\",\"description\":\"Televisio el\u00e4\u00e4 uutta kultakauttaan. Ilkka Pernu kirjoittaa siit\u00e4.\",\"potentialAction\":[{\"@type\":\"SearchAction\",\"target\":{\"@type\":\"EntryPoint\",\"urlTemplate\":\"https:\/\/suomenkuvalehti.fi\/haku\/?q={search_term_string}\"},\"query-input\":{\"@type\":\"PropertyValueSpecification\",\"valueRequired\":true,\"valueName\":\"search_term_string\"}}],\"inLanguage\":\"fi\"},{\"@type\":\"Person\",\"@id\":\"https:\/\/suomenkuvalehti.fi\/lahetyssaarnaaja\/#\/schema\/person\/b4250838cec7856ddbc793a5274488a2\",\"name\":\"Ilkka Pernu\",\"image\":{\"@type\":\"ImageObject\",\"inLanguage\":\"fi\",\"@id\":\"https:\/\/suomenkuvalehti.fi\/lahetyssaarnaaja\/#\/schema\/person\/image\/\",\"url\":\"https:\/\/suomenkuvalehti.fi\/lahetyssaarnaaja\/wp-content\/uploads\/sites\/35\/2015\/04\/ilkka_pernu-150x150.jpg\",\"contentUrl\":\"https:\/\/suomenkuvalehti.fi\/lahetyssaarnaaja\/wp-content\/uploads\/sites\/35\/2015\/04\/ilkka_pernu-150x150.jpg\",\"caption\":\"Ilkka Pernu\"},\"description\":\"Kirjoittaja on vapaa toimittaja, joka rakastaa hyv\u00e4\u00e4 tarinankerrontaa.\"}]}<\/script>\n<!-- \/ Yoast SEO plugin. -->","yoast_head_json":{"title":"Simpsonit menetti \u00e4\u00e4nens\u00e4 - L\u00e4hetyssaarnaaja","robots":{"index":"index","follow":"follow","max-snippet":"max-snippet:-1","max-image-preview":"max-image-preview:large","max-video-preview":"max-video-preview:-1"},"canonical":"https:\/\/suomenkuvalehti.fi\/lahetyssaarnaaja\/2015\/05\/15\/simpsonit-menetti-aanensa\/","og_locale":"fi_FI","og_type":"article","og_title":"Simpsonit menetti \u00e4\u00e4nens\u00e4","og_description":"Mit\u00e4 animaatiosarjalle k\u00e4y, jos keskeinen \u00e4\u00e4nin\u00e4yttelij\u00e4 ottaa loparit?","og_url":"https:\/\/suomenkuvalehti.fi\/lahetyssaarnaaja\/2015\/05\/15\/simpsonit-menetti-aanensa\/","og_site_name":"L\u00e4hetyssaarnaaja","article_published_time":"2015-05-15T10:13:38+00:00","author":"Ilkka Pernu","twitter_misc":{"Written by":"Ilkka Pernu","Est. reading time":"2 minuuttia"},"schema":{"@context":"https:\/\/schema.org","@graph":[{"@type":"WebPage","@id":"https:\/\/suomenkuvalehti.fi\/lahetyssaarnaaja\/2015\/05\/15\/simpsonit-menetti-aanensa\/","url":"https:\/\/suomenkuvalehti.fi\/lahetyssaarnaaja\/2015\/05\/15\/simpsonit-menetti-aanensa\/","name":"Simpsonit menetti \u00e4\u00e4nens\u00e4 - L\u00e4hetyssaarnaaja","isPartOf":{"@id":"https:\/\/suomenkuvalehti.fi\/lahetyssaarnaaja\/#website"},"datePublished":"2015-05-15T10:13:38+00:00","author":{"@id":"https:\/\/suomenkuvalehti.fi\/lahetyssaarnaaja\/#\/schema\/person\/b4250838cec7856ddbc793a5274488a2"},"breadcrumb":{"@id":"https:\/\/suomenkuvalehti.fi\/lahetyssaarnaaja\/2015\/05\/15\/simpsonit-menetti-aanensa\/#breadcrumb"},"inLanguage":"fi","potentialAction":[{"@type":"ReadAction","target":["https:\/\/suomenkuvalehti.fi\/lahetyssaarnaaja\/2015\/05\/15\/simpsonit-menetti-aanensa\/"]}]},{"@type":"BreadcrumbList","@id":"https:\/\/suomenkuvalehti.fi\/lahetyssaarnaaja\/2015\/05\/15\/simpsonit-menetti-aanensa\/#breadcrumb","itemListElement":[{"@type":"ListItem","position":1,"name":"Home","item":"https:\/\/suomenkuvalehti.fi\/lahetyssaarnaaja\/"},{"@type":"ListItem","position":2,"name":"Simpsonit menetti \u00e4\u00e4nens\u00e4"}]},{"@type":"WebSite","@id":"https:\/\/suomenkuvalehti.fi\/lahetyssaarnaaja\/#website","url":"https:\/\/suomenkuvalehti.fi\/lahetyssaarnaaja\/","name":"L\u00e4hetyssaarnaaja","description":"Televisio el\u00e4\u00e4 uutta kultakauttaan. Ilkka Pernu kirjoittaa siit\u00e4.","potentialAction":[{"@type":"SearchAction","target":{"@type":"EntryPoint","urlTemplate":"https:\/\/suomenkuvalehti.fi\/haku\/?q={search_term_string}"},"query-input":{"@type":"PropertyValueSpecification","valueRequired":true,"valueName":"search_term_string"}}],"inLanguage":"fi"},{"@type":"Person","@id":"https:\/\/suomenkuvalehti.fi\/lahetyssaarnaaja\/#\/schema\/person\/b4250838cec7856ddbc793a5274488a2","name":"Ilkka Pernu","image":{"@type":"ImageObject","inLanguage":"fi","@id":"https:\/\/suomenkuvalehti.fi\/lahetyssaarnaaja\/#\/schema\/person\/image\/","url":"https:\/\/suomenkuvalehti.fi\/lahetyssaarnaaja\/wp-content\/uploads\/sites\/35\/2015\/04\/ilkka_pernu-150x150.jpg","contentUrl":"https:\/\/suomenkuvalehti.fi\/lahetyssaarnaaja\/wp-content\/uploads\/sites\/35\/2015\/04\/ilkka_pernu-150x150.jpg","caption":"Ilkka Pernu"},"description":"Kirjoittaja on vapaa toimittaja, joka rakastaa hyv\u00e4\u00e4 tarinankerrontaa."}]}},"_links":{"self":[{"href":"https:\/\/suomenkuvalehti.fi\/lahetyssaarnaaja\/wp-json\/wp\/v2\/posts\/47","targetHints":{"allow":["GET"]}}],"collection":[{"href":"https:\/\/suomenkuvalehti.fi\/lahetyssaarnaaja\/wp-json\/wp\/v2\/posts"}],"about":[{"href":"https:\/\/suomenkuvalehti.fi\/lahetyssaarnaaja\/wp-json\/wp\/v2\/types\/post"}],"author":[{"embeddable":true,"href":"https:\/\/suomenkuvalehti.fi\/lahetyssaarnaaja\/wp-json\/wp\/v2\/users\/15148"}],"replies":[{"embeddable":true,"href":"https:\/\/suomenkuvalehti.fi\/lahetyssaarnaaja\/wp-json\/wp\/v2\/comments?post=47"}],"version-history":[{"count":2,"href":"https:\/\/suomenkuvalehti.fi\/lahetyssaarnaaja\/wp-json\/wp\/v2\/posts\/47\/revisions"}],"predecessor-version":[{"id":49,"href":"https:\/\/suomenkuvalehti.fi\/lahetyssaarnaaja\/wp-json\/wp\/v2\/posts\/47\/revisions\/49"}],"wp:attachment":[{"href":"https:\/\/suomenkuvalehti.fi\/lahetyssaarnaaja\/wp-json\/wp\/v2\/media?parent=47"}],"wp:term":[{"taxonomy":"category","embeddable":true,"href":"https:\/\/suomenkuvalehti.fi\/lahetyssaarnaaja\/wp-json\/wp\/v2\/categories?post=47"},{"taxonomy":"post_tag","embeddable":true,"href":"https:\/\/suomenkuvalehti.fi\/lahetyssaarnaaja\/wp-json\/wp\/v2\/tags?post=47"}],"curies":[{"name":"wp","href":"https:\/\/api.w.org\/{rel}","templated":true}]}}