{"id":306,"date":"2016-05-26T14:23:58","date_gmt":"2016-05-26T11:23:58","guid":{"rendered":"https:\/\/suomenkuvalehti.fi\/lahetyssaarnaaja\/?p=306"},"modified":"2016-05-26T14:23:58","modified_gmt":"2016-05-26T11:23:58","slug":"vieko-eu-jenkkisarjat-netflixista","status":"publish","type":"post","link":"https:\/\/suomenkuvalehti.fi\/lahetyssaarnaaja\/2016\/05\/26\/vieko-eu-jenkkisarjat-netflixista\/","title":{"rendered":"Viek\u00f6 EU jenkkisarjat Netflixist\u00e4?"},"content":{"rendered":"\n<p>EU on jo vuosia edellytt\u00e4nyt eurooppalaisilta televisioyhti\u00f6ilt\u00e4, ett\u00e4 iso osa niiden&nbsp;n\u00e4ytt\u00e4mist\u00e4 ohjelmista on my\u00f6s tehty Euroopassa. Pian samanlainen&nbsp;kiinti\u00f6&nbsp;voi koskea my\u00f6s suoratoistopalveluita, kuten Netflixi\u00e4.<\/p>\n\n\n\n<p>Eilen EU-komissio <a href=\"http:\/\/europa.eu\/rapid\/press-release_MEMO-16-1895_en.htm\">esitti<\/a> muistion, jossa ehdotetaan, ett\u00e4 tulevaisuudessa suoratoistopalveluissa olisi 20 prosentin kiinti\u00f6 Euroopassa valmistetulle sis\u00e4ll\u00f6lle. Samanlainen kiinti\u00f6 on jo televisiotoiminnassa ja video-on-demand-palveluissa. Tv-yhti\u00f6iden on k\u00e4ytett\u00e4v\u00e4 20 prosenttia tuotantorahoistaan EU:ssa teht\u00e4v\u00e4\u00e4n alkuper\u00e4isohjelmiin, ja jopa 50 prosenttia l\u00e4hetysajasta on oltava eurooppalaista tuotantoa. Lain tarkoituksena on vahvistaa eurooppalaista kulttuuria. (<em>Netflixin<\/em> viestint\u00e4osasto ei ole vastannut soittopyynt\u00f6ihini koskien palvelun t\u00e4m\u00e4n hetkist\u00e4 EU-osuutta. P\u00e4ivit\u00e4n tiedon, jos saan sen.)<\/p>\n\n\n\n<p>Nettistriimaus on uhka EU:lle. Ehdotuksessa sanotaan, ett\u00e4 ehdotus lis\u00e4\u00e4 kulttuurien monimuotoistumista ja tuo lis\u00e4\u00e4 mahdollisuuksia eurooppalaisille tekij\u00f6ille. Netflix on ilmoittanut vastustavansa kiinti\u00f6it\u00e4: se haluaa tehd\u00e4 sellaisia sarjoja, joita halutaan katsoa. Mutta tekeek\u00f6&nbsp;se sellaisia sarjoja, joita halutaan katsoa?<\/p>\n\n\n\n<p>T\u00e4ss\u00e4 kuussa Netflix julkisti ensimm\u00e4isen&nbsp;ranskankielisen alkuper\u00e4issarjansa&nbsp;<em>Marseille<\/em>. Ensimm\u00e4isten kritiikkien perusteella sarja ei ole h\u00e4\u00e4pp\u00f6inen. Saippuainen <em>House of Cards<\/em>.<\/p>\n\n\n\n<p>&#8221;<em>Marseille<\/em> todistaa, ett\u00e4 amerikkalaisen kaapeli-tv:n kliseet on helppo vientituote&#8221;, <em>New York Times<\/em> <a href=\"http:\/\/www.nytimes.com\/2016\/05\/11\/arts\/television\/tv-review-netflix-marseille.html?_r=0\">kirjoittaa<\/a>.<\/p>\n\n\n","protected":false},"excerpt":{"rendered":"<p>EU on jo vuosia edellytt\u00e4nyt eurooppalaisilta televisioyhti\u00f6ilt\u00e4, ett\u00e4 iso osa niiden&nbsp;n\u00e4ytt\u00e4mist\u00e4 ohjelmista on my\u00f6s tehty Euroopassa. Pian samanlainen&nbsp;kiinti\u00f6&nbsp;voi koskea my\u00f6s suoratoistopalveluita, kuten Netflixi\u00e4. Eilen EU-komissio esitti muistion, jossa ehdotetaan,<br \/>\nett\u00e4 tulev&hellip;<\/p>\n","protected":false},"author":15148,"featured_media":0,"comment_status":"open","ping_status":"open","sticky":false,"template":"","format":"standard","meta":{"_acf_changed":false,"asauth_required_access_level":3,"asauth_cansharepaid":"true","om_header_attributes":[],"footnotes":"","om_featured_image_focal_point":[],"om_primary_tag":0,"om_contributors":[],"om_co_authors":[],"beyondwords_generate_audio":"","beyondwords_project_id":"","beyondwords_content_id":"","beyondwords_preview_token":"","beyondwords_player_content":"","beyondwords_player_style":"","beyondwords_language_code":"","beyondwords_language_id":"","beyondwords_title_voice_id":"","beyondwords_body_voice_id":"","beyondwords_summary_voice_id":"","beyondwords_error_message":"","beyondwords_disabled":"","beyondwords_delete_content":"","beyondwords_podcast_id":"","beyondwords_hash":"","publish_post_to_speechkit":"","speechkit_hash":"","speechkit_generate_audio":"","speechkit_project_id":"","speechkit_podcast_id":"","speechkit_error_message":"","speechkit_disabled":"","speechkit_access_key":"","speechkit_error":"","speechkit_info":"","speechkit_response":"","speechkit_retries":"","speechkit_status":"","speechkit_updated_at":"","_speechkit_link":"","_speechkit_text":""},"categories":[1],"tags":[186,187,9],"class_list":["post-306","post","type-post","status-publish","format-standard","hentry","category-lahetyssaarnaaja","tag-eu","tag-marseille","tag-netflix"],"om_views":null,"acf":{"tuuma_off":false,"tuuma_kysymys":"","tuuma_vastaus":""},"asauth":{"required_access_level":1,"share_token":"","is_paid":false},"yoast_head":"<!-- This site is optimized with the Yoast SEO plugin v26.4 - https:\/\/yoast.com\/wordpress\/plugins\/seo\/ -->\n<title>Viek\u00f6 EU jenkkisarjat Netflixist\u00e4? - L\u00e4hetyssaarnaaja<\/title>\n<meta name=\"robots\" content=\"index, follow, max-snippet:-1, max-image-preview:large, max-video-preview:-1\" \/>\n<link rel=\"canonical\" href=\"https:\/\/suomenkuvalehti.fi\/lahetyssaarnaaja\/2016\/05\/26\/vieko-eu-jenkkisarjat-netflixista\/\" \/>\n<meta property=\"og:locale\" content=\"fi_FI\" \/>\n<meta property=\"og:type\" content=\"article\" \/>\n<meta property=\"og:title\" content=\"Viek\u00f6 EU jenkkisarjat Netflixist\u00e4?\" \/>\n<meta property=\"og:description\" content=\"EU ehdottaa 20 prosentin Eurooppa-kiinti\u00f6t\u00e4 suoratoistopalveluille. Netflix vastustaa kiinti\u00f6it\u00e4.\" \/>\n<meta property=\"og:url\" content=\"https:\/\/suomenkuvalehti.fi\/lahetyssaarnaaja\/2016\/05\/26\/vieko-eu-jenkkisarjat-netflixista\/\" \/>\n<meta property=\"og:site_name\" content=\"L\u00e4hetyssaarnaaja\" \/>\n<meta property=\"article:published_time\" content=\"2016-05-26T11:23:58+00:00\" \/>\n<meta property=\"og:image\" content=\"https:\/\/suomenkuvalehti.fi\/lahetyssaarnaaja\/wp-content\/uploads\/sites\/35\/2016\/05\/Netflix_logo.png\" \/>\n\t<meta property=\"og:image:width\" content=\"1280\" \/>\n\t<meta property=\"og:image:height\" content=\"594\" \/>\n\t<meta property=\"og:image:type\" content=\"image\/png\" \/>\n<meta name=\"author\" content=\"Ilkka Pernu\" \/>\n<meta name=\"twitter:label1\" content=\"Written by\" \/>\n\t<meta name=\"twitter:data1\" content=\"Ilkka Pernu\" \/>\n\t<meta name=\"twitter:label2\" content=\"Est. reading time\" \/>\n\t<meta name=\"twitter:data2\" content=\"1 minuutti\" \/>\n<script type=\"application\/ld+json\" class=\"yoast-schema-graph\">{\"@context\":\"https:\/\/schema.org\",\"@graph\":[{\"@type\":\"WebPage\",\"@id\":\"https:\/\/suomenkuvalehti.fi\/lahetyssaarnaaja\/2016\/05\/26\/vieko-eu-jenkkisarjat-netflixista\/\",\"url\":\"https:\/\/suomenkuvalehti.fi\/lahetyssaarnaaja\/2016\/05\/26\/vieko-eu-jenkkisarjat-netflixista\/\",\"name\":\"Viek\u00f6 EU jenkkisarjat Netflixist\u00e4? - L\u00e4hetyssaarnaaja\",\"isPartOf\":{\"@id\":\"https:\/\/suomenkuvalehti.fi\/lahetyssaarnaaja\/#website\"},\"datePublished\":\"2016-05-26T11:23:58+00:00\",\"author\":{\"@id\":\"https:\/\/suomenkuvalehti.fi\/lahetyssaarnaaja\/#\/schema\/person\/b4250838cec7856ddbc793a5274488a2\"},\"breadcrumb\":{\"@id\":\"https:\/\/suomenkuvalehti.fi\/lahetyssaarnaaja\/2016\/05\/26\/vieko-eu-jenkkisarjat-netflixista\/#breadcrumb\"},\"inLanguage\":\"fi\",\"potentialAction\":[{\"@type\":\"ReadAction\",\"target\":[\"https:\/\/suomenkuvalehti.fi\/lahetyssaarnaaja\/2016\/05\/26\/vieko-eu-jenkkisarjat-netflixista\/\"]}]},{\"@type\":\"BreadcrumbList\",\"@id\":\"https:\/\/suomenkuvalehti.fi\/lahetyssaarnaaja\/2016\/05\/26\/vieko-eu-jenkkisarjat-netflixista\/#breadcrumb\",\"itemListElement\":[{\"@type\":\"ListItem\",\"position\":1,\"name\":\"Home\",\"item\":\"https:\/\/suomenkuvalehti.fi\/lahetyssaarnaaja\/\"},{\"@type\":\"ListItem\",\"position\":2,\"name\":\"Viek\u00f6 EU jenkkisarjat Netflixist\u00e4?\"}]},{\"@type\":\"WebSite\",\"@id\":\"https:\/\/suomenkuvalehti.fi\/lahetyssaarnaaja\/#website\",\"url\":\"https:\/\/suomenkuvalehti.fi\/lahetyssaarnaaja\/\",\"name\":\"L\u00e4hetyssaarnaaja\",\"description\":\"Televisio el\u00e4\u00e4 uutta kultakauttaan. Ilkka Pernu kirjoittaa siit\u00e4.\",\"potentialAction\":[{\"@type\":\"SearchAction\",\"target\":{\"@type\":\"EntryPoint\",\"urlTemplate\":\"https:\/\/suomenkuvalehti.fi\/haku\/?q={search_term_string}\"},\"query-input\":{\"@type\":\"PropertyValueSpecification\",\"valueRequired\":true,\"valueName\":\"search_term_string\"}}],\"inLanguage\":\"fi\"},{\"@type\":\"Person\",\"@id\":\"https:\/\/suomenkuvalehti.fi\/lahetyssaarnaaja\/#\/schema\/person\/b4250838cec7856ddbc793a5274488a2\",\"name\":\"Ilkka Pernu\",\"image\":{\"@type\":\"ImageObject\",\"inLanguage\":\"fi\",\"@id\":\"https:\/\/suomenkuvalehti.fi\/lahetyssaarnaaja\/#\/schema\/person\/image\/\",\"url\":\"https:\/\/suomenkuvalehti.fi\/lahetyssaarnaaja\/wp-content\/uploads\/sites\/35\/2015\/04\/ilkka_pernu-150x150.jpg\",\"contentUrl\":\"https:\/\/suomenkuvalehti.fi\/lahetyssaarnaaja\/wp-content\/uploads\/sites\/35\/2015\/04\/ilkka_pernu-150x150.jpg\",\"caption\":\"Ilkka Pernu\"},\"description\":\"Kirjoittaja on vapaa toimittaja, joka rakastaa hyv\u00e4\u00e4 tarinankerrontaa.\"}]}<\/script>\n<!-- \/ Yoast SEO plugin. -->","yoast_head_json":{"title":"Viek\u00f6 EU jenkkisarjat Netflixist\u00e4? - L\u00e4hetyssaarnaaja","robots":{"index":"index","follow":"follow","max-snippet":"max-snippet:-1","max-image-preview":"max-image-preview:large","max-video-preview":"max-video-preview:-1"},"canonical":"https:\/\/suomenkuvalehti.fi\/lahetyssaarnaaja\/2016\/05\/26\/vieko-eu-jenkkisarjat-netflixista\/","og_locale":"fi_FI","og_type":"article","og_title":"Viek\u00f6 EU jenkkisarjat Netflixist\u00e4?","og_description":"EU ehdottaa 20 prosentin Eurooppa-kiinti\u00f6t\u00e4 suoratoistopalveluille. Netflix vastustaa kiinti\u00f6it\u00e4.","og_url":"https:\/\/suomenkuvalehti.fi\/lahetyssaarnaaja\/2016\/05\/26\/vieko-eu-jenkkisarjat-netflixista\/","og_site_name":"L\u00e4hetyssaarnaaja","article_published_time":"2016-05-26T11:23:58+00:00","og_image":[{"width":1280,"height":594,"url":"https:\/\/suomenkuvalehti.fi\/lahetyssaarnaaja\/wp-content\/uploads\/sites\/35\/2016\/05\/Netflix_logo.png","type":"image\/png"}],"author":"Ilkka Pernu","twitter_misc":{"Written by":"Ilkka Pernu","Est. reading time":"1 minuutti"},"schema":{"@context":"https:\/\/schema.org","@graph":[{"@type":"WebPage","@id":"https:\/\/suomenkuvalehti.fi\/lahetyssaarnaaja\/2016\/05\/26\/vieko-eu-jenkkisarjat-netflixista\/","url":"https:\/\/suomenkuvalehti.fi\/lahetyssaarnaaja\/2016\/05\/26\/vieko-eu-jenkkisarjat-netflixista\/","name":"Viek\u00f6 EU jenkkisarjat Netflixist\u00e4? - L\u00e4hetyssaarnaaja","isPartOf":{"@id":"https:\/\/suomenkuvalehti.fi\/lahetyssaarnaaja\/#website"},"datePublished":"2016-05-26T11:23:58+00:00","author":{"@id":"https:\/\/suomenkuvalehti.fi\/lahetyssaarnaaja\/#\/schema\/person\/b4250838cec7856ddbc793a5274488a2"},"breadcrumb":{"@id":"https:\/\/suomenkuvalehti.fi\/lahetyssaarnaaja\/2016\/05\/26\/vieko-eu-jenkkisarjat-netflixista\/#breadcrumb"},"inLanguage":"fi","potentialAction":[{"@type":"ReadAction","target":["https:\/\/suomenkuvalehti.fi\/lahetyssaarnaaja\/2016\/05\/26\/vieko-eu-jenkkisarjat-netflixista\/"]}]},{"@type":"BreadcrumbList","@id":"https:\/\/suomenkuvalehti.fi\/lahetyssaarnaaja\/2016\/05\/26\/vieko-eu-jenkkisarjat-netflixista\/#breadcrumb","itemListElement":[{"@type":"ListItem","position":1,"name":"Home","item":"https:\/\/suomenkuvalehti.fi\/lahetyssaarnaaja\/"},{"@type":"ListItem","position":2,"name":"Viek\u00f6 EU jenkkisarjat Netflixist\u00e4?"}]},{"@type":"WebSite","@id":"https:\/\/suomenkuvalehti.fi\/lahetyssaarnaaja\/#website","url":"https:\/\/suomenkuvalehti.fi\/lahetyssaarnaaja\/","name":"L\u00e4hetyssaarnaaja","description":"Televisio el\u00e4\u00e4 uutta kultakauttaan. Ilkka Pernu kirjoittaa siit\u00e4.","potentialAction":[{"@type":"SearchAction","target":{"@type":"EntryPoint","urlTemplate":"https:\/\/suomenkuvalehti.fi\/haku\/?q={search_term_string}"},"query-input":{"@type":"PropertyValueSpecification","valueRequired":true,"valueName":"search_term_string"}}],"inLanguage":"fi"},{"@type":"Person","@id":"https:\/\/suomenkuvalehti.fi\/lahetyssaarnaaja\/#\/schema\/person\/b4250838cec7856ddbc793a5274488a2","name":"Ilkka Pernu","image":{"@type":"ImageObject","inLanguage":"fi","@id":"https:\/\/suomenkuvalehti.fi\/lahetyssaarnaaja\/#\/schema\/person\/image\/","url":"https:\/\/suomenkuvalehti.fi\/lahetyssaarnaaja\/wp-content\/uploads\/sites\/35\/2015\/04\/ilkka_pernu-150x150.jpg","contentUrl":"https:\/\/suomenkuvalehti.fi\/lahetyssaarnaaja\/wp-content\/uploads\/sites\/35\/2015\/04\/ilkka_pernu-150x150.jpg","caption":"Ilkka Pernu"},"description":"Kirjoittaja on vapaa toimittaja, joka rakastaa hyv\u00e4\u00e4 tarinankerrontaa."}]}},"_links":{"self":[{"href":"https:\/\/suomenkuvalehti.fi\/lahetyssaarnaaja\/wp-json\/wp\/v2\/posts\/306","targetHints":{"allow":["GET"]}}],"collection":[{"href":"https:\/\/suomenkuvalehti.fi\/lahetyssaarnaaja\/wp-json\/wp\/v2\/posts"}],"about":[{"href":"https:\/\/suomenkuvalehti.fi\/lahetyssaarnaaja\/wp-json\/wp\/v2\/types\/post"}],"author":[{"embeddable":true,"href":"https:\/\/suomenkuvalehti.fi\/lahetyssaarnaaja\/wp-json\/wp\/v2\/users\/15148"}],"replies":[{"embeddable":true,"href":"https:\/\/suomenkuvalehti.fi\/lahetyssaarnaaja\/wp-json\/wp\/v2\/comments?post=306"}],"version-history":[{"count":1,"href":"https:\/\/suomenkuvalehti.fi\/lahetyssaarnaaja\/wp-json\/wp\/v2\/posts\/306\/revisions"}],"predecessor-version":[{"id":308,"href":"https:\/\/suomenkuvalehti.fi\/lahetyssaarnaaja\/wp-json\/wp\/v2\/posts\/306\/revisions\/308"}],"wp:attachment":[{"href":"https:\/\/suomenkuvalehti.fi\/lahetyssaarnaaja\/wp-json\/wp\/v2\/media?parent=306"}],"wp:term":[{"taxonomy":"category","embeddable":true,"href":"https:\/\/suomenkuvalehti.fi\/lahetyssaarnaaja\/wp-json\/wp\/v2\/categories?post=306"},{"taxonomy":"post_tag","embeddable":true,"href":"https:\/\/suomenkuvalehti.fi\/lahetyssaarnaaja\/wp-json\/wp\/v2\/tags?post=306"}],"curies":[{"name":"wp","href":"https:\/\/api.w.org\/{rel}","templated":true}]}}