{"id":286,"date":"2016-04-30T10:07:13","date_gmt":"2016-04-30T07:07:13","guid":{"rendered":"https:\/\/suomenkuvalehti.fi\/lahetyssaarnaaja\/?p=286"},"modified":"2016-04-30T10:07:13","modified_gmt":"2016-04-30T07:07:13","slug":"transsukupuolisia-natseja-ja-keskiluokkaisia-identiteettikriiseja","status":"publish","type":"post","link":"https:\/\/suomenkuvalehti.fi\/lahetyssaarnaaja\/2016\/04\/30\/transsukupuolisia-natseja-ja-keskiluokkaisia-identiteettikriiseja\/","title":{"rendered":"Transsukupuolisia, natseja ja keskiluokkaisia identiteettikriisej\u00e4"},"content":{"rendered":"\n<p>Olen el\u00e4nyt vuoden ajan er\u00e4\u00e4nlaisessa limbossa. Sen j\u00e4lkeen, kun <em>Mad Men<\/em> viime kev\u00e4\u00e4n\u00e4 p\u00e4\u00e4ttyi, oikein mik\u00e4\u00e4n tv-sarja ei ole tuntunut milt\u00e4\u00e4n. Jokaisessa on jokin kauneusvirhe, joka ei ole nostanut&nbsp;sarjaa&nbsp;massan \u2013 vaikkakin laadukkaan massan \u2013 yl\u00e4puolelle.<\/p>\n\n\n\n<p>Nyt olen l\u00f6yt\u00e4nyt <em>Mad Menin<\/em> manttelinperij\u00e4n, l\u00e4hes t\u00e4ydellisen tv-sarjan: <em>Transparent<\/em>. Katsoin Amazon Studiosin tuottaman sarjan ensimm\u00e4isen jakson jo tuoreeltaan kev\u00e4\u00e4ll\u00e4&nbsp;2014 (silloin Amazon aloitti laajaa omaa tv-sarjatuotantoa ja se julkaisi pilottijaksot useasta sarjasta, joista vain osa p\u00e4\u00e4si tuotantoon), mutta jatkoin seuraamista vasta nyt, kun huomasin, ett\u00e4 sarjan molemmat tuotantokaudet l\u00f6ytyv\u00e4t Viaplay-palvelusta. Seuraavissa kappaleissa on luvassa juonipaljastuksia.<\/p>\n\n\n<figure class=\"wp-block-image size-full alignnone\">\n  <div class=\"wp-block-image__inner-container\">\n    <a href=\"https:\/\/suomenkuvalehti.fi\/lahetyssaarnaaja\/wp-content\/uploads\/sites\/35\/2016\/04\/DLNow_DP_Transparent-Review_092614.jpg\" rel=\"attachment wp-att-290\"><img loading=\"lazy\" decoding=\"async\" src=\"https:\/\/suomenkuvalehti.fi\/lahetyssaarnaaja\/wp-content\/uploads\/sites\/35\/2016\/04\/DLNow_DP_Transparent-Review_092614.jpg\" alt=\"transparent1\" class=\"wp-image-290\" width=\"1920\" height=\"1080\" style=\"--aspect-ratio: 1.78\" srcset=\"https:\/\/suomenkuvalehti.fi\/lahetyssaarnaaja\/wp-content\/uploads\/sites\/35\/2016\/04\/DLNow_DP_Transparent-Review_092614.jpg 1920w, https:\/\/suomenkuvalehti.fi\/lahetyssaarnaaja\/wp-content\/uploads\/sites\/35\/2016\/04\/DLNow_DP_Transparent-Review_092614-300x169.jpg 300w, https:\/\/suomenkuvalehti.fi\/lahetyssaarnaaja\/wp-content\/uploads\/sites\/35\/2016\/04\/DLNow_DP_Transparent-Review_092614-768x432.jpg 768w, https:\/\/suomenkuvalehti.fi\/lahetyssaarnaaja\/wp-content\/uploads\/sites\/35\/2016\/04\/DLNow_DP_Transparent-Review_092614-1024x576.jpg 1024w\" sizes=\"auto, (max-width: 1920px) 100vw, 1920px\" \/><\/a>  <\/div>\n<\/figure>\n\n\n\n<p><em>Transparent<\/em> kertoo losangeleslaisesta Pfeffermanien juutalaisperheest\u00e4, jonka is\u00e4 (erinomainen, monia palkintoja roolistaan pokannut<strong>&nbsp;Jeffrey Tambor<\/strong>) tulee vanhoilla p\u00e4ivill\u00e4\u00e4n ulos kaapista transsukupuolisena. Paljastus ravistelee l\u00e4hipiiri\u00e4,&nbsp;eniten kolmea perheen&nbsp;aikuista lasta Sarahia, Joshia ja Alia, jotka my\u00f6s alkavat etsi\u00e4 omaa paikkaansa. Kun omasta is\u00e4st\u00e4 eli Mortista tulee Maura, &#8221;Poppasta&#8221; &#8221;Moppa&#8221;, lapset&nbsp;alkavat kyseenalaistaa itse\u00e4\u00e4nkin. Jos is\u00e4 on koko el\u00e4m\u00e4ns\u00e4 joutunut naamioitumaan ja peitt\u00e4m\u00e4\u00e4n oman identiteettins\u00e4, silloinhan koko lapsuus ja nuoruus on perustunut valheelle.<\/p>\n\n\n\n<p>Sarjan luojan <strong>Jill Solowayn<\/strong> oivallus on nerokas. Kysymys on oleellinen: miten omat salaisuudet vaikuttavat lapsiin? Sarjassa Pfeffermanien perheen menneisyydest\u00e4 paljastuu monia salaisuuksia, jotka on pidetty pimennossa, koska vanhemmilla on ollut kulissit pidett\u00e4v\u00e4n\u00e4 yll\u00e4.<\/p>\n\n\n\n<p>Esimerkiksi perheen nuorin sisarus Ali (<strong>Gaby Hoffman<\/strong>) ei saanut 13-vuotiaana <em>Bat Mitzvah<\/em> -juhlaansa, koska samana viikonloppuna oli transvestiittien tapaaminen, jonne is\u00e4 kaikilta salaa meni. Kun is\u00e4 yritt\u00e4\u00e4 my\u00f6hemmin selitell\u00e4, ett\u00e4 ei Ali edes halunnut juhlaa, Ali ihan oikeutetusti suuttuu: &#8221;ei 13-vuotias tee sellaisia p\u00e4\u00e4t\u00f6ksi\u00e4&#8221;. Vanhemmat eiv\u00e4t hoitaneet omia velvollisuuksiaan vanhempina.<\/p>\n\n\n\n<p>Sarjan laaja teema on identiteetti \u2013 niin sukupuolinen, seksuaalinen kuin uskonnollinenkin. Ne sotkeutuvat toisiinsa, ja niin kuin oikeassa el\u00e4m\u00e4ss\u00e4, rajat eiv\u00e4t koskaan ole selv\u00e4sti piirrettyj\u00e4. Perheen vanhin lapsi Sarah (<strong>Amy Landecker<\/strong>) havahtuu siihen, ett\u00e4 oma ydinperheidylli (aviomies, kaksi lasta, farmariauto) ei olekaan se, mit\u00e4 h\u00e4n haluaa. H\u00e4n valitsee toisenlaisen idyllin, joka osoittautuu yht\u00e4 ahtaaksi.<\/p>\n\n\n\n<p>My\u00f6s Maura t\u00f6rm\u00e4\u00e4 ahtaisiin&nbsp;lokeroihin&nbsp;jatkuvasti. Vaikka h\u00e4n identiteetilt\u00e4\u00e4n on nainen, ulkomaailma ei koe niin. H\u00e4n kohtaa jatkuvasti tilanteita, joissa h\u00e4nt\u00e4 ei osata m\u00e4\u00e4ritell\u00e4. H\u00e4n yritt\u00e4\u00e4 flirttailla baarissa naisen kanssa, mutta tilanteesta tulee kiusallinen. 1990-luvulle sijoittuvassa takaumassa h\u00e4n l\u00e4htee transvestiittien mets\u00e4leirille, jossa vallitsee testosteronin hajuinen konsensus, ett\u00e4 he ovat miehi\u00e4 (jotka vain pukeutuvat v\u00e4lill\u00e4 naisten vaatteisiin).<\/p>\n\n\n\n<p>Sen j\u00e4lkeen kun Maura&nbsp;on tullut kaapista ulos, h\u00e4n on samassa tilanteessa&nbsp;naisille suunnatulla festivaalilla. Vasta perill\u00e4 paljastuu, ett\u00e4 se on tarkoitettu naisille &#8221;jotka ovat syntyneet naisiksi&#8221;. Transsukupuolinen Maura on joka paikassa&nbsp;ulkopuolinen ja ei-toivottu. Jopa transyhteis\u00f6, josta tulee h\u00e4nen turvasatamansa, osoittaa omat s\u00e4\u00e4nt\u00f6ns\u00e4 ja rajoitteensa. T\u00e4t\u00e4 ulkopuolisuutta kuvataan uskottavasti. Toisaalta erinomainen oivallus sarjan luojalta Jill Solowaylta on se, ett\u00e4 Mortia\/Mauraa ei glorifioida. H\u00e4n on itsek\u00e4s ja paikoin yht\u00e4 ahdasmielinen kuin muutkin. Nuorempana h\u00e4n oli&nbsp;jopa sovinisti.<\/p>\n\n\n<figure class=\"wp-block-image size-full alignnone\">\n  <div class=\"wp-block-image__inner-container\">\n    <a href=\"https:\/\/suomenkuvalehti.fi\/lahetyssaarnaaja\/wp-content\/uploads\/sites\/35\/2016\/04\/transparent-director-jill-soloway-talks-gender-fluidity-and-the-other-media-revolution-1449240894.jpg\" rel=\"attachment wp-att-291\"><img loading=\"lazy\" decoding=\"async\" src=\"https:\/\/suomenkuvalehti.fi\/lahetyssaarnaaja\/wp-content\/uploads\/sites\/35\/2016\/04\/transparent-director-jill-soloway-talks-gender-fluidity-and-the-other-media-revolution-1449240894.jpg\" alt=\"transparent2\" class=\"wp-image-291\" width=\"2000\" height=\"1124\" style=\"--aspect-ratio: 1.78\" srcset=\"https:\/\/suomenkuvalehti.fi\/lahetyssaarnaaja\/wp-content\/uploads\/sites\/35\/2016\/04\/transparent-director-jill-soloway-talks-gender-fluidity-and-the-other-media-revolution-1449240894.jpg 2000w, https:\/\/suomenkuvalehti.fi\/lahetyssaarnaaja\/wp-content\/uploads\/sites\/35\/2016\/04\/transparent-director-jill-soloway-talks-gender-fluidity-and-the-other-media-revolution-1449240894-300x169.jpg 300w, https:\/\/suomenkuvalehti.fi\/lahetyssaarnaaja\/wp-content\/uploads\/sites\/35\/2016\/04\/transparent-director-jill-soloway-talks-gender-fluidity-and-the-other-media-revolution-1449240894-768x432.jpg 768w, https:\/\/suomenkuvalehti.fi\/lahetyssaarnaaja\/wp-content\/uploads\/sites\/35\/2016\/04\/transparent-director-jill-soloway-talks-gender-fluidity-and-the-other-media-revolution-1449240894-1024x575.jpg 1024w\" sizes=\"auto, (max-width: 2000px) 100vw, 2000px\" \/><\/a>  <\/div>\n<\/figure>\n\n\n\n<p><em>Transparentissa<\/em> on sek\u00e4 hienoja intiimej\u00e4 kohtauksia ett\u00e4&nbsp;upeita joukkokohtauksia, joissa kuvataan juutalaisia traditioita \u2013 esimerkiksi <em>Yom Kippuria<\/em>. Molemmat, niin yksityinen kuin julkinen ja juhlava, ovat sarjassa t\u00e4rkeit\u00e4. Monet kattoteemat kiteytyv\u00e4t yksitt\u00e4isiin kuviin. Kun ydinperheidyllins\u00e4 kyseenalaistava Sarah aloittaa suhteen naisen kanssa, koko huvittavan traaginen tilanne kiteytyy kohtauksessa, jossa h\u00e4n harrastaa seksi\u00e4 farmariautonsa takapenkill\u00e4. Kamera kuvaa tilannetta ulkopuolelta, ylh\u00e4\u00e4lt\u00e4 niin, ett\u00e4 n\u00e4hd\u00e4\u00e4n ainoastaan&nbsp;autosta irrotetut turvaistuimet. Vaikka sarjassa on paljon seksi\u00e4 ja alastomuutta, ne ovat aina perusteltuja. Ei kiihottavaa, vaan kiusallista, noloa, arkista.<\/p>\n\n\n\n<p>Paikat ovat t\u00e4rkeit\u00e4. Yksi keskeisist\u00e4 tiloista on Pfeffermanien lapsuudenkoti, jonka uuden identiteetin saanut is\u00e4 j\u00e4tt\u00e4\u00e4 lasten armoille. Tilasta, jota jatkuvasti muokataan ja jonka sis\u00e4ll\u00e4 monet paljastukset tapahtuvat, tulee koko hajoavan perheen symboli. Toisen kauden lopussa on upea kohtaus, joka sijoittuu talon uima-altaaseen. Perheen aikuiset lapset palaavat mielikuvissaan lapsuuteen, ja ilman selittely\u00e4 ja&nbsp;osoittelua, my\u00f6s katsoja n\u00e4kee heid\u00e4t lapsina. Tehokasta televisiota.<\/p>\n\n\n\n<p>Kaikesta ihmisten ep\u00e4selvyyksist\u00e4, katkeruudesta&nbsp;ja sotkuista huolimatta <em>Transparent<\/em> ei ole kyyninen sarja. Se kuvaa sisarusten v\u00e4list\u00e4 sitoutumista ja perhedynamiikkaa todella uskottavasti&nbsp;ja l\u00e4mm\u00f6ll\u00e4.<\/p>\n\n\n\n<p><em>Transparent<\/em> on my\u00f6s ajankohtainen sarja, joka (uhka)rohkeasti pyrkii selitt\u00e4m\u00e4\u00e4n l\u00e4nsimaisten n\u00e4enn\u00e4isesti hyvinvoivien&nbsp;nykyihmisten identiteettikriisi\u00e4 historian avulla. Sarja vie katsojan erikoisten leikkausten avulla 1933-luvun Weimarin Saksaan, jossa Pfeffermanien perheen sukulaiset el\u00e4v\u00e4t ja josta he natsien ilmaannuttua pakenevat Amerikkaan. Kaikki eiv\u00e4t p\u00e4\u00e4se matkaan; v\u00e4\u00e4r\u00e4nlaista seksuaalisuutta harjoittavien kirjat poltetaan ja heid\u00e4t teloitetaan ensimm\u00e4isen\u00e4.<\/p>\n\n\n\n<p>Sarjasta on tulossa kolmas tuotantokausi viel\u00e4 t\u00e4n\u00e4 vuonna.<\/p>\n\n\n","protected":false},"excerpt":{"rendered":"<p>Olen el\u00e4nyt vuoden ajan er\u00e4\u00e4nlaisessa limbossa. Sen j\u00e4lkeen, kun Mad Men viime kev\u00e4\u00e4n\u00e4 p\u00e4\u00e4ttyi, oikein mik\u00e4\u00e4n tv-sarja ei ole tuntunut milt\u00e4\u00e4n. Jokaisessa on jokin kauneusvirhe, joka ei ole nostanut&nbsp;sarjaa&nbsp;massan \u2013 vaikkakin laadukkaan<br \/>\nmassan \u2013 yl\u00e4pu&hellip;<\/p>\n","protected":false},"author":15148,"featured_media":0,"comment_status":"open","ping_status":"open","sticky":false,"template":"","format":"standard","meta":{"_acf_changed":false,"asauth_required_access_level":3,"asauth_cansharepaid":"true","om_header_attributes":[],"footnotes":"","om_featured_image_focal_point":[],"om_primary_tag":0,"om_contributors":[],"om_co_authors":[],"beyondwords_generate_audio":"","beyondwords_project_id":"","beyondwords_content_id":"","beyondwords_preview_token":"","beyondwords_player_content":"","beyondwords_player_style":"","beyondwords_language_code":"","beyondwords_language_id":"","beyondwords_title_voice_id":"","beyondwords_body_voice_id":"","beyondwords_summary_voice_id":"","beyondwords_error_message":"","beyondwords_disabled":"","beyondwords_delete_content":"","beyondwords_podcast_id":"","beyondwords_hash":"","publish_post_to_speechkit":"","speechkit_hash":"","speechkit_generate_audio":"","speechkit_project_id":"","speechkit_podcast_id":"","speechkit_error_message":"","speechkit_disabled":"","speechkit_access_key":"","speechkit_error":"","speechkit_info":"","speechkit_response":"","speechkit_retries":"","speechkit_status":"","speechkit_updated_at":"","_speechkit_link":"","_speechkit_text":""},"categories":[1],"tags":[107],"class_list":["post-286","post","type-post","status-publish","format-standard","hentry","category-lahetyssaarnaaja","tag-transparent"],"om_views":null,"acf":{"tuuma_off":false,"tuuma_kysymys":"","tuuma_vastaus":""},"asauth":{"required_access_level":1,"share_token":"","is_paid":false},"yoast_head":"<!-- This site is optimized with the Yoast SEO plugin v26.4 - https:\/\/yoast.com\/wordpress\/plugins\/seo\/ -->\n<title>Transsukupuolisia, natseja ja keskiluokkaisia identiteettikriisej\u00e4 - L\u00e4hetyssaarnaaja<\/title>\n<meta name=\"robots\" content=\"index, follow, max-snippet:-1, max-image-preview:large, max-video-preview:-1\" \/>\n<link rel=\"canonical\" href=\"https:\/\/suomenkuvalehti.fi\/lahetyssaarnaaja\/2016\/04\/30\/transsukupuolisia-natseja-ja-keskiluokkaisia-identiteettikriiseja\/\" \/>\n<meta property=\"og:locale\" content=\"fi_FI\" \/>\n<meta property=\"og:type\" content=\"article\" \/>\n<meta property=\"og:title\" content=\"Transsukupuolisia, natseja ja keskiluokkaista identiteettikriisi\u00e4\" \/>\n<meta property=\"og:description\" content=\"Transparent on t\u00e4m\u00e4n hetken parasta televisiota.\" \/>\n<meta property=\"og:url\" content=\"https:\/\/suomenkuvalehti.fi\/lahetyssaarnaaja\/2016\/04\/30\/transsukupuolisia-natseja-ja-keskiluokkaisia-identiteettikriiseja\/\" \/>\n<meta property=\"og:site_name\" content=\"L\u00e4hetyssaarnaaja\" \/>\n<meta property=\"article:published_time\" content=\"2016-04-30T07:07:13+00:00\" \/>\n<meta property=\"og:image\" content=\"https:\/\/suomenkuvalehti.fi\/lahetyssaarnaaja\/wp-content\/uploads\/sites\/35\/2016\/04\/transparent-director-jill-soloway-talks-gender-fluidity-and-the-other-media-revolution-1449240894.jpg\" \/>\n\t<meta property=\"og:image:width\" content=\"2000\" \/>\n\t<meta property=\"og:image:height\" content=\"1124\" \/>\n\t<meta property=\"og:image:type\" content=\"image\/jpeg\" \/>\n<meta name=\"author\" content=\"Ilkka Pernu\" \/>\n<meta name=\"twitter:label1\" content=\"Written by\" \/>\n\t<meta name=\"twitter:data1\" content=\"Ilkka Pernu\" \/>\n\t<meta name=\"twitter:label2\" content=\"Est. reading time\" \/>\n\t<meta name=\"twitter:data2\" content=\"4 minuuttia\" \/>\n<script type=\"application\/ld+json\" class=\"yoast-schema-graph\">{\"@context\":\"https:\/\/schema.org\",\"@graph\":[{\"@type\":\"WebPage\",\"@id\":\"https:\/\/suomenkuvalehti.fi\/lahetyssaarnaaja\/2016\/04\/30\/transsukupuolisia-natseja-ja-keskiluokkaisia-identiteettikriiseja\/\",\"url\":\"https:\/\/suomenkuvalehti.fi\/lahetyssaarnaaja\/2016\/04\/30\/transsukupuolisia-natseja-ja-keskiluokkaisia-identiteettikriiseja\/\",\"name\":\"Transsukupuolisia, natseja ja keskiluokkaisia identiteettikriisej\u00e4 - L\u00e4hetyssaarnaaja\",\"isPartOf\":{\"@id\":\"https:\/\/suomenkuvalehti.fi\/lahetyssaarnaaja\/#website\"},\"primaryImageOfPage\":{\"@id\":\"https:\/\/suomenkuvalehti.fi\/lahetyssaarnaaja\/2016\/04\/30\/transsukupuolisia-natseja-ja-keskiluokkaisia-identiteettikriiseja\/#primaryimage\"},\"image\":{\"@id\":\"https:\/\/suomenkuvalehti.fi\/lahetyssaarnaaja\/2016\/04\/30\/transsukupuolisia-natseja-ja-keskiluokkaisia-identiteettikriiseja\/#primaryimage\"},\"thumbnailUrl\":\"https:\/\/suomenkuvalehti.fi\/lahetyssaarnaaja\/wp-content\/uploads\/sites\/35\/2016\/04\/DLNow_DP_Transparent-Review_092614.jpg\",\"datePublished\":\"2016-04-30T07:07:13+00:00\",\"author\":{\"@id\":\"https:\/\/suomenkuvalehti.fi\/lahetyssaarnaaja\/#\/schema\/person\/b4250838cec7856ddbc793a5274488a2\"},\"breadcrumb\":{\"@id\":\"https:\/\/suomenkuvalehti.fi\/lahetyssaarnaaja\/2016\/04\/30\/transsukupuolisia-natseja-ja-keskiluokkaisia-identiteettikriiseja\/#breadcrumb\"},\"inLanguage\":\"fi\",\"potentialAction\":[{\"@type\":\"ReadAction\",\"target\":[\"https:\/\/suomenkuvalehti.fi\/lahetyssaarnaaja\/2016\/04\/30\/transsukupuolisia-natseja-ja-keskiluokkaisia-identiteettikriiseja\/\"]}]},{\"@type\":\"ImageObject\",\"inLanguage\":\"fi\",\"@id\":\"https:\/\/suomenkuvalehti.fi\/lahetyssaarnaaja\/2016\/04\/30\/transsukupuolisia-natseja-ja-keskiluokkaisia-identiteettikriiseja\/#primaryimage\",\"url\":\"https:\/\/suomenkuvalehti.fi\/lahetyssaarnaaja\/wp-content\/uploads\/sites\/35\/2016\/04\/DLNow_DP_Transparent-Review_092614.jpg\",\"contentUrl\":\"https:\/\/suomenkuvalehti.fi\/lahetyssaarnaaja\/wp-content\/uploads\/sites\/35\/2016\/04\/DLNow_DP_Transparent-Review_092614.jpg\"},{\"@type\":\"BreadcrumbList\",\"@id\":\"https:\/\/suomenkuvalehti.fi\/lahetyssaarnaaja\/2016\/04\/30\/transsukupuolisia-natseja-ja-keskiluokkaisia-identiteettikriiseja\/#breadcrumb\",\"itemListElement\":[{\"@type\":\"ListItem\",\"position\":1,\"name\":\"Home\",\"item\":\"https:\/\/suomenkuvalehti.fi\/lahetyssaarnaaja\/\"},{\"@type\":\"ListItem\",\"position\":2,\"name\":\"Transsukupuolisia, natseja ja keskiluokkaisia identiteettikriisej\u00e4\"}]},{\"@type\":\"WebSite\",\"@id\":\"https:\/\/suomenkuvalehti.fi\/lahetyssaarnaaja\/#website\",\"url\":\"https:\/\/suomenkuvalehti.fi\/lahetyssaarnaaja\/\",\"name\":\"L\u00e4hetyssaarnaaja\",\"description\":\"Televisio el\u00e4\u00e4 uutta kultakauttaan. Ilkka Pernu kirjoittaa siit\u00e4.\",\"potentialAction\":[{\"@type\":\"SearchAction\",\"target\":{\"@type\":\"EntryPoint\",\"urlTemplate\":\"https:\/\/suomenkuvalehti.fi\/haku\/?q={search_term_string}\"},\"query-input\":{\"@type\":\"PropertyValueSpecification\",\"valueRequired\":true,\"valueName\":\"search_term_string\"}}],\"inLanguage\":\"fi\"},{\"@type\":\"Person\",\"@id\":\"https:\/\/suomenkuvalehti.fi\/lahetyssaarnaaja\/#\/schema\/person\/b4250838cec7856ddbc793a5274488a2\",\"name\":\"Ilkka Pernu\",\"image\":{\"@type\":\"ImageObject\",\"inLanguage\":\"fi\",\"@id\":\"https:\/\/suomenkuvalehti.fi\/lahetyssaarnaaja\/#\/schema\/person\/image\/\",\"url\":\"https:\/\/suomenkuvalehti.fi\/lahetyssaarnaaja\/wp-content\/uploads\/sites\/35\/2015\/04\/ilkka_pernu-150x150.jpg\",\"contentUrl\":\"https:\/\/suomenkuvalehti.fi\/lahetyssaarnaaja\/wp-content\/uploads\/sites\/35\/2015\/04\/ilkka_pernu-150x150.jpg\",\"caption\":\"Ilkka Pernu\"},\"description\":\"Kirjoittaja on vapaa toimittaja, joka rakastaa hyv\u00e4\u00e4 tarinankerrontaa.\"}]}<\/script>\n<!-- \/ Yoast SEO plugin. -->","yoast_head_json":{"title":"Transsukupuolisia, natseja ja keskiluokkaisia identiteettikriisej\u00e4 - L\u00e4hetyssaarnaaja","robots":{"index":"index","follow":"follow","max-snippet":"max-snippet:-1","max-image-preview":"max-image-preview:large","max-video-preview":"max-video-preview:-1"},"canonical":"https:\/\/suomenkuvalehti.fi\/lahetyssaarnaaja\/2016\/04\/30\/transsukupuolisia-natseja-ja-keskiluokkaisia-identiteettikriiseja\/","og_locale":"fi_FI","og_type":"article","og_title":"Transsukupuolisia, natseja ja keskiluokkaista identiteettikriisi\u00e4","og_description":"Transparent on t\u00e4m\u00e4n hetken parasta televisiota.","og_url":"https:\/\/suomenkuvalehti.fi\/lahetyssaarnaaja\/2016\/04\/30\/transsukupuolisia-natseja-ja-keskiluokkaisia-identiteettikriiseja\/","og_site_name":"L\u00e4hetyssaarnaaja","article_published_time":"2016-04-30T07:07:13+00:00","og_image":[{"width":2000,"height":1124,"url":"https:\/\/suomenkuvalehti.fi\/lahetyssaarnaaja\/wp-content\/uploads\/sites\/35\/2016\/04\/transparent-director-jill-soloway-talks-gender-fluidity-and-the-other-media-revolution-1449240894.jpg","type":"image\/jpeg"}],"author":"Ilkka Pernu","twitter_misc":{"Written by":"Ilkka Pernu","Est. reading time":"4 minuuttia"},"schema":{"@context":"https:\/\/schema.org","@graph":[{"@type":"WebPage","@id":"https:\/\/suomenkuvalehti.fi\/lahetyssaarnaaja\/2016\/04\/30\/transsukupuolisia-natseja-ja-keskiluokkaisia-identiteettikriiseja\/","url":"https:\/\/suomenkuvalehti.fi\/lahetyssaarnaaja\/2016\/04\/30\/transsukupuolisia-natseja-ja-keskiluokkaisia-identiteettikriiseja\/","name":"Transsukupuolisia, natseja ja keskiluokkaisia identiteettikriisej\u00e4 - L\u00e4hetyssaarnaaja","isPartOf":{"@id":"https:\/\/suomenkuvalehti.fi\/lahetyssaarnaaja\/#website"},"primaryImageOfPage":{"@id":"https:\/\/suomenkuvalehti.fi\/lahetyssaarnaaja\/2016\/04\/30\/transsukupuolisia-natseja-ja-keskiluokkaisia-identiteettikriiseja\/#primaryimage"},"image":{"@id":"https:\/\/suomenkuvalehti.fi\/lahetyssaarnaaja\/2016\/04\/30\/transsukupuolisia-natseja-ja-keskiluokkaisia-identiteettikriiseja\/#primaryimage"},"thumbnailUrl":"https:\/\/suomenkuvalehti.fi\/lahetyssaarnaaja\/wp-content\/uploads\/sites\/35\/2016\/04\/DLNow_DP_Transparent-Review_092614.jpg","datePublished":"2016-04-30T07:07:13+00:00","author":{"@id":"https:\/\/suomenkuvalehti.fi\/lahetyssaarnaaja\/#\/schema\/person\/b4250838cec7856ddbc793a5274488a2"},"breadcrumb":{"@id":"https:\/\/suomenkuvalehti.fi\/lahetyssaarnaaja\/2016\/04\/30\/transsukupuolisia-natseja-ja-keskiluokkaisia-identiteettikriiseja\/#breadcrumb"},"inLanguage":"fi","potentialAction":[{"@type":"ReadAction","target":["https:\/\/suomenkuvalehti.fi\/lahetyssaarnaaja\/2016\/04\/30\/transsukupuolisia-natseja-ja-keskiluokkaisia-identiteettikriiseja\/"]}]},{"@type":"ImageObject","inLanguage":"fi","@id":"https:\/\/suomenkuvalehti.fi\/lahetyssaarnaaja\/2016\/04\/30\/transsukupuolisia-natseja-ja-keskiluokkaisia-identiteettikriiseja\/#primaryimage","url":"https:\/\/suomenkuvalehti.fi\/lahetyssaarnaaja\/wp-content\/uploads\/sites\/35\/2016\/04\/DLNow_DP_Transparent-Review_092614.jpg","contentUrl":"https:\/\/suomenkuvalehti.fi\/lahetyssaarnaaja\/wp-content\/uploads\/sites\/35\/2016\/04\/DLNow_DP_Transparent-Review_092614.jpg"},{"@type":"BreadcrumbList","@id":"https:\/\/suomenkuvalehti.fi\/lahetyssaarnaaja\/2016\/04\/30\/transsukupuolisia-natseja-ja-keskiluokkaisia-identiteettikriiseja\/#breadcrumb","itemListElement":[{"@type":"ListItem","position":1,"name":"Home","item":"https:\/\/suomenkuvalehti.fi\/lahetyssaarnaaja\/"},{"@type":"ListItem","position":2,"name":"Transsukupuolisia, natseja ja keskiluokkaisia identiteettikriisej\u00e4"}]},{"@type":"WebSite","@id":"https:\/\/suomenkuvalehti.fi\/lahetyssaarnaaja\/#website","url":"https:\/\/suomenkuvalehti.fi\/lahetyssaarnaaja\/","name":"L\u00e4hetyssaarnaaja","description":"Televisio el\u00e4\u00e4 uutta kultakauttaan. Ilkka Pernu kirjoittaa siit\u00e4.","potentialAction":[{"@type":"SearchAction","target":{"@type":"EntryPoint","urlTemplate":"https:\/\/suomenkuvalehti.fi\/haku\/?q={search_term_string}"},"query-input":{"@type":"PropertyValueSpecification","valueRequired":true,"valueName":"search_term_string"}}],"inLanguage":"fi"},{"@type":"Person","@id":"https:\/\/suomenkuvalehti.fi\/lahetyssaarnaaja\/#\/schema\/person\/b4250838cec7856ddbc793a5274488a2","name":"Ilkka Pernu","image":{"@type":"ImageObject","inLanguage":"fi","@id":"https:\/\/suomenkuvalehti.fi\/lahetyssaarnaaja\/#\/schema\/person\/image\/","url":"https:\/\/suomenkuvalehti.fi\/lahetyssaarnaaja\/wp-content\/uploads\/sites\/35\/2015\/04\/ilkka_pernu-150x150.jpg","contentUrl":"https:\/\/suomenkuvalehti.fi\/lahetyssaarnaaja\/wp-content\/uploads\/sites\/35\/2015\/04\/ilkka_pernu-150x150.jpg","caption":"Ilkka Pernu"},"description":"Kirjoittaja on vapaa toimittaja, joka rakastaa hyv\u00e4\u00e4 tarinankerrontaa."}]}},"_links":{"self":[{"href":"https:\/\/suomenkuvalehti.fi\/lahetyssaarnaaja\/wp-json\/wp\/v2\/posts\/286","targetHints":{"allow":["GET"]}}],"collection":[{"href":"https:\/\/suomenkuvalehti.fi\/lahetyssaarnaaja\/wp-json\/wp\/v2\/posts"}],"about":[{"href":"https:\/\/suomenkuvalehti.fi\/lahetyssaarnaaja\/wp-json\/wp\/v2\/types\/post"}],"author":[{"embeddable":true,"href":"https:\/\/suomenkuvalehti.fi\/lahetyssaarnaaja\/wp-json\/wp\/v2\/users\/15148"}],"replies":[{"embeddable":true,"href":"https:\/\/suomenkuvalehti.fi\/lahetyssaarnaaja\/wp-json\/wp\/v2\/comments?post=286"}],"version-history":[{"count":5,"href":"https:\/\/suomenkuvalehti.fi\/lahetyssaarnaaja\/wp-json\/wp\/v2\/posts\/286\/revisions"}],"predecessor-version":[{"id":293,"href":"https:\/\/suomenkuvalehti.fi\/lahetyssaarnaaja\/wp-json\/wp\/v2\/posts\/286\/revisions\/293"}],"wp:attachment":[{"href":"https:\/\/suomenkuvalehti.fi\/lahetyssaarnaaja\/wp-json\/wp\/v2\/media?parent=286"}],"wp:term":[{"taxonomy":"category","embeddable":true,"href":"https:\/\/suomenkuvalehti.fi\/lahetyssaarnaaja\/wp-json\/wp\/v2\/categories?post=286"},{"taxonomy":"post_tag","embeddable":true,"href":"https:\/\/suomenkuvalehti.fi\/lahetyssaarnaaja\/wp-json\/wp\/v2\/tags?post=286"}],"curies":[{"name":"wp","href":"https:\/\/api.w.org\/{rel}","templated":true}]}}