{"id":279,"date":"2016-04-26T11:35:23","date_gmt":"2016-04-26T08:35:23","guid":{"rendered":"https:\/\/suomenkuvalehti.fi\/lahetyssaarnaaja\/?p=279"},"modified":"2016-04-26T14:32:00","modified_gmt":"2016-04-26T11:32:00","slug":"mita-mustille-leskille-oikein-on-tapahtunut","status":"publish","type":"post","link":"https:\/\/suomenkuvalehti.fi\/lahetyssaarnaaja\/2016\/04\/26\/mita-mustille-leskille-oikein-on-tapahtunut\/","title":{"rendered":"Mit\u00e4 Mustille leskille oikein on tapahtunut?"},"content":{"rendered":"\n<p><em>Musta lesket<\/em> oli toissa vuonna selv\u00e4sti&nbsp;paras kotimainen draamasarja. Parhaimmillaan se tavoitti samanlaisia trillerin ja mustan huumorin s\u00e4vyj\u00e4 kuin <em>Fargo<\/em> tai <em>T\u00e4ydelliset naiset<\/em> (<em>Desperate Housewives<\/em>). Se voitti kaikki keskeiset Venla-palkinnot: ohjaaja, k\u00e4sikirjoittaja, draamasarja. Se my\u00f6s kiinnosti ulkomailla: sarjan oikeudet myytiin moniin maihin (Jenkeiss\u00e4 CBS on tehnyt pari pilottijaksoa, ja Viaplay ja TV3 julkaisivat alkuvuodesta pohjoismaisen version nimelt\u00e4&nbsp;<em>Black Widows \u2013 <\/em>siin\u00e4<em>&nbsp;<\/em><strong>Peter Stormare<\/strong> on Ruotsin <strong>Ville Tiihonen<\/strong>).<\/p>\n\n\n\n<p>Kotimaisen<em> Mustien leskien<\/em>&nbsp;odotettu toinen tuotantokausi alkoi viime maaliskuussa, ja kaikki on nyt toisin. Se ei ole kovin hyv\u00e4. Tarina ei etene, ja kun se etenee, se menee kummallisiin suuntiin. N\u00e4yttelij\u00e4ty\u00f6 vaikuttaa k\u00f6mpel\u00f6lt\u00e4. Ennen kaikkea sarjan tyylilaji on hukassa. Ensimm\u00e4isen kauden liioiteltu mutta uskottava trilleri on vaihtunut slapstick-huumoriin. Naurua haetaan v\u00e4kisin uusilla hassuilla hahmoilla ja yll\u00e4tt\u00e4vill\u00e4 k\u00e4\u00e4nteill\u00e4. Alkuper\u00e4inen j\u00e4nnite on poissa.<\/p>\n\n\n<figure class=\"wp-block-image size-full alignnone\">\n  <div class=\"wp-block-image__inner-container\">\n    <a href=\"https:\/\/suomenkuvalehti.fi\/lahetyssaarnaaja\/wp-content\/uploads\/sites\/35\/2016\/04\/ve000ojgsd.jpg\" rel=\"attachment wp-att-282\"><img loading=\"lazy\" decoding=\"async\" src=\"https:\/\/suomenkuvalehti.fi\/lahetyssaarnaaja\/wp-content\/uploads\/sites\/35\/2016\/04\/ve000ojgsd.jpg\" alt=\"Mustat lesket on l\u00e4htenyt v\u00e4\u00e4r\u00e4\u00e4n suuntaan.\" class=\"wp-image-282\" width=\"2560\" height=\"1867\" style=\"--aspect-ratio: 1.37\" srcset=\"https:\/\/suomenkuvalehti.fi\/lahetyssaarnaaja\/wp-content\/uploads\/sites\/35\/2016\/04\/ve000ojgsd.jpg 2560w, https:\/\/suomenkuvalehti.fi\/lahetyssaarnaaja\/wp-content\/uploads\/sites\/35\/2016\/04\/ve000ojgsd-300x219.jpg 300w, https:\/\/suomenkuvalehti.fi\/lahetyssaarnaaja\/wp-content\/uploads\/sites\/35\/2016\/04\/ve000ojgsd-768x560.jpg 768w, https:\/\/suomenkuvalehti.fi\/lahetyssaarnaaja\/wp-content\/uploads\/sites\/35\/2016\/04\/ve000ojgsd-1024x747.jpg 1024w\" sizes=\"auto, (max-width: 2560px) 100vw, 2560px\" \/><\/a>    <figcaption class=\"wp-block-image__figcaption\">\n      Mustat lesket on l\u00e4htenyt v\u00e4\u00e4r\u00e4\u00e4n suuntaan.          <\/figcaption>\n      <\/div>\n<\/figure>\n\n\n<p>Ensimm\u00e4isell\u00e4 kaudella tarina pysyi koossa yksinkertaisella tavalla: kolmen p\u00e4\u00e4henkil\u00f6naisen dynamiikan ansiosta. Kaikki dramaturgiset ratkaisut liittyiv\u00e4t heid\u00e4n tekem\u00e4\u00e4n rikokseen ja siihen, miten se vaikuttaa heid\u00e4n el\u00e4m\u00e4\u00e4ns\u00e4 ja keskin\u00e4isiin suhteisiinsa. Rikos ja menneisyys vainoaa. Nyt fokus on hukassa.<\/p>\n\n\n\n<p>Sarjan k\u00e4sikirjoittajat ilmeisesti&nbsp;ovat halunneet uudistaa&nbsp;sarjaa ja raikastaa tyylilajia. Mutta peruss\u00e4\u00e4nt\u00f6 p\u00e4tee my\u00f6s tv-kirjoittamisessa: jos se ei ole riki, \u00e4l\u00e4 korjaa. Parhaat sarjat pit\u00e4v\u00e4t tyylist\u00e4\u00e4n loppuun saakka kiinni. Esimerkiksi yksi kaikkien aikojen pisimmist\u00e4 tv-sarjoista, <em>Simpsonit<\/em>, ei ole&nbsp;muuttunut 27 tuotantokaudessa juuri lainkaan.<\/p>\n\n\n\n<p>Uusien temppujen keksiminen kertoo oikeastaan suomalaisen tv-k\u00e4sikirjoittamisen heikosta tasosta. Ei katsoja kaipaa kikkailua, vaan uskottavia hahmoja ja selke\u00e4\u00e4 (mieluummin yksinkertaista kuin r\u00f6nsyilev\u00e4\u00e4) stooria.<\/p>\n\n\n","protected":false},"excerpt":{"rendered":"<p>Musta lesket oli toissa vuonna selv\u00e4sti&nbsp;paras kotimainen draamasarja. Parhaimmillaan se tavoitti samanlaisia trillerin ja mustan huumorin s\u00e4vyj\u00e4 kuin Fargo tai T\u00e4ydelliset naiset (Desperate Housewives). Se voitti kaikki keskeiset Venla-palkinnot: ohjaaja, k\u00e4sikirjoittaja,<br \/>\ndraa&hellip;<\/p>\n","protected":false},"author":15148,"featured_media":0,"comment_status":"open","ping_status":"open","sticky":false,"template":"","format":"standard","meta":{"_acf_changed":false,"asauth_required_access_level":3,"asauth_cansharepaid":"true","om_header_attributes":[],"footnotes":"","om_featured_image_focal_point":[],"om_primary_tag":0,"om_contributors":[],"om_co_authors":[],"beyondwords_generate_audio":"","beyondwords_project_id":"","beyondwords_content_id":"","beyondwords_preview_token":"","beyondwords_player_content":"","beyondwords_player_style":"","beyondwords_language_code":"","beyondwords_language_id":"","beyondwords_title_voice_id":"","beyondwords_body_voice_id":"","beyondwords_summary_voice_id":"","beyondwords_error_message":"","beyondwords_disabled":"","beyondwords_delete_content":"","beyondwords_podcast_id":"","beyondwords_hash":"","publish_post_to_speechkit":"","speechkit_hash":"","speechkit_generate_audio":"","speechkit_project_id":"","speechkit_podcast_id":"","speechkit_error_message":"","speechkit_disabled":"","speechkit_access_key":"","speechkit_error":"","speechkit_info":"","speechkit_response":"","speechkit_retries":"","speechkit_status":"","speechkit_updated_at":"","_speechkit_link":"","_speechkit_text":""},"categories":[1],"tags":[36],"class_list":["post-279","post","type-post","status-publish","format-standard","hentry","category-lahetyssaarnaaja","tag-mustat-lesket"],"om_views":null,"acf":{"tuuma_off":false,"tuuma_kysymys":"","tuuma_vastaus":""},"asauth":{"required_access_level":1,"share_token":"","is_paid":false},"yoast_head":"<!-- This site is optimized with the Yoast SEO plugin v26.4 - https:\/\/yoast.com\/wordpress\/plugins\/seo\/ -->\n<title>Mit\u00e4 Mustille leskille oikein on tapahtunut? - L\u00e4hetyssaarnaaja<\/title>\n<meta name=\"robots\" content=\"index, follow, max-snippet:-1, max-image-preview:large, max-video-preview:-1\" \/>\n<link rel=\"canonical\" href=\"https:\/\/suomenkuvalehti.fi\/lahetyssaarnaaja\/2016\/04\/26\/mita-mustille-leskille-oikein-on-tapahtunut\/\" \/>\n<meta property=\"og:locale\" content=\"fi_FI\" \/>\n<meta property=\"og:type\" content=\"article\" \/>\n<meta property=\"og:title\" content=\"Mit\u00e4 Mustille leskille oikein on tapahtunut? - L\u00e4hetyssaarnaaja\" \/>\n<meta property=\"og:description\" content=\"Toisella tuotantokaudella Mustien leskien tyylilaji on hukassa. Tv-kirjoittamisessa p\u00e4tee peruss\u00e4\u00e4nt\u00f6: jos se ei ole rikki, \u00e4l\u00e4 korjaa.\" \/>\n<meta property=\"og:url\" content=\"https:\/\/suomenkuvalehti.fi\/lahetyssaarnaaja\/2016\/04\/26\/mita-mustille-leskille-oikein-on-tapahtunut\/\" \/>\n<meta property=\"og:site_name\" content=\"L\u00e4hetyssaarnaaja\" \/>\n<meta property=\"article:published_time\" content=\"2016-04-26T08:35:23+00:00\" \/>\n<meta property=\"article:modified_time\" content=\"2016-04-26T11:32:00+00:00\" \/>\n<meta property=\"og:image\" content=\"https:\/\/suomenkuvalehti.fi\/lahetyssaarnaaja\/wp-content\/uploads\/sites\/35\/2016\/04\/ve000ojgsz.jpg\" \/>\n\t<meta property=\"og:image:width\" content=\"2560\" \/>\n\t<meta property=\"og:image:height\" content=\"1645\" \/>\n\t<meta property=\"og:image:type\" content=\"image\/jpeg\" \/>\n<meta name=\"author\" content=\"Ilkka Pernu\" \/>\n<meta name=\"twitter:label1\" content=\"Written by\" \/>\n\t<meta name=\"twitter:data1\" content=\"Ilkka Pernu\" \/>\n\t<meta name=\"twitter:label2\" content=\"Est. reading time\" \/>\n\t<meta name=\"twitter:data2\" content=\"1 minuutti\" \/>\n<script type=\"application\/ld+json\" class=\"yoast-schema-graph\">{\"@context\":\"https:\/\/schema.org\",\"@graph\":[{\"@type\":\"WebPage\",\"@id\":\"https:\/\/suomenkuvalehti.fi\/lahetyssaarnaaja\/2016\/04\/26\/mita-mustille-leskille-oikein-on-tapahtunut\/\",\"url\":\"https:\/\/suomenkuvalehti.fi\/lahetyssaarnaaja\/2016\/04\/26\/mita-mustille-leskille-oikein-on-tapahtunut\/\",\"name\":\"Mit\u00e4 Mustille leskille oikein on tapahtunut? - L\u00e4hetyssaarnaaja\",\"isPartOf\":{\"@id\":\"https:\/\/suomenkuvalehti.fi\/lahetyssaarnaaja\/#website\"},\"primaryImageOfPage\":{\"@id\":\"https:\/\/suomenkuvalehti.fi\/lahetyssaarnaaja\/2016\/04\/26\/mita-mustille-leskille-oikein-on-tapahtunut\/#primaryimage\"},\"image\":{\"@id\":\"https:\/\/suomenkuvalehti.fi\/lahetyssaarnaaja\/2016\/04\/26\/mita-mustille-leskille-oikein-on-tapahtunut\/#primaryimage\"},\"thumbnailUrl\":\"https:\/\/suomenkuvalehti.fi\/lahetyssaarnaaja\/wp-content\/uploads\/sites\/35\/2016\/04\/ve000ojgsd.jpg\",\"datePublished\":\"2016-04-26T08:35:23+00:00\",\"dateModified\":\"2016-04-26T11:32:00+00:00\",\"author\":{\"@id\":\"https:\/\/suomenkuvalehti.fi\/lahetyssaarnaaja\/#\/schema\/person\/b4250838cec7856ddbc793a5274488a2\"},\"breadcrumb\":{\"@id\":\"https:\/\/suomenkuvalehti.fi\/lahetyssaarnaaja\/2016\/04\/26\/mita-mustille-leskille-oikein-on-tapahtunut\/#breadcrumb\"},\"inLanguage\":\"fi\",\"potentialAction\":[{\"@type\":\"ReadAction\",\"target\":[\"https:\/\/suomenkuvalehti.fi\/lahetyssaarnaaja\/2016\/04\/26\/mita-mustille-leskille-oikein-on-tapahtunut\/\"]}]},{\"@type\":\"ImageObject\",\"inLanguage\":\"fi\",\"@id\":\"https:\/\/suomenkuvalehti.fi\/lahetyssaarnaaja\/2016\/04\/26\/mita-mustille-leskille-oikein-on-tapahtunut\/#primaryimage\",\"url\":\"https:\/\/suomenkuvalehti.fi\/lahetyssaarnaaja\/wp-content\/uploads\/sites\/35\/2016\/04\/ve000ojgsd.jpg\",\"contentUrl\":\"https:\/\/suomenkuvalehti.fi\/lahetyssaarnaaja\/wp-content\/uploads\/sites\/35\/2016\/04\/ve000ojgsd.jpg\"},{\"@type\":\"BreadcrumbList\",\"@id\":\"https:\/\/suomenkuvalehti.fi\/lahetyssaarnaaja\/2016\/04\/26\/mita-mustille-leskille-oikein-on-tapahtunut\/#breadcrumb\",\"itemListElement\":[{\"@type\":\"ListItem\",\"position\":1,\"name\":\"Home\",\"item\":\"https:\/\/suomenkuvalehti.fi\/lahetyssaarnaaja\/\"},{\"@type\":\"ListItem\",\"position\":2,\"name\":\"Mit\u00e4 Mustille leskille oikein on tapahtunut?\"}]},{\"@type\":\"WebSite\",\"@id\":\"https:\/\/suomenkuvalehti.fi\/lahetyssaarnaaja\/#website\",\"url\":\"https:\/\/suomenkuvalehti.fi\/lahetyssaarnaaja\/\",\"name\":\"L\u00e4hetyssaarnaaja\",\"description\":\"Televisio el\u00e4\u00e4 uutta kultakauttaan. Ilkka Pernu kirjoittaa siit\u00e4.\",\"potentialAction\":[{\"@type\":\"SearchAction\",\"target\":{\"@type\":\"EntryPoint\",\"urlTemplate\":\"https:\/\/suomenkuvalehti.fi\/haku\/?q={search_term_string}\"},\"query-input\":{\"@type\":\"PropertyValueSpecification\",\"valueRequired\":true,\"valueName\":\"search_term_string\"}}],\"inLanguage\":\"fi\"},{\"@type\":\"Person\",\"@id\":\"https:\/\/suomenkuvalehti.fi\/lahetyssaarnaaja\/#\/schema\/person\/b4250838cec7856ddbc793a5274488a2\",\"name\":\"Ilkka Pernu\",\"image\":{\"@type\":\"ImageObject\",\"inLanguage\":\"fi\",\"@id\":\"https:\/\/suomenkuvalehti.fi\/lahetyssaarnaaja\/#\/schema\/person\/image\/\",\"url\":\"https:\/\/suomenkuvalehti.fi\/lahetyssaarnaaja\/wp-content\/uploads\/sites\/35\/2015\/04\/ilkka_pernu-150x150.jpg\",\"contentUrl\":\"https:\/\/suomenkuvalehti.fi\/lahetyssaarnaaja\/wp-content\/uploads\/sites\/35\/2015\/04\/ilkka_pernu-150x150.jpg\",\"caption\":\"Ilkka Pernu\"},\"description\":\"Kirjoittaja on vapaa toimittaja, joka rakastaa hyv\u00e4\u00e4 tarinankerrontaa.\"}]}<\/script>\n<!-- \/ Yoast SEO plugin. -->","yoast_head_json":{"title":"Mit\u00e4 Mustille leskille oikein on tapahtunut? - L\u00e4hetyssaarnaaja","robots":{"index":"index","follow":"follow","max-snippet":"max-snippet:-1","max-image-preview":"max-image-preview:large","max-video-preview":"max-video-preview:-1"},"canonical":"https:\/\/suomenkuvalehti.fi\/lahetyssaarnaaja\/2016\/04\/26\/mita-mustille-leskille-oikein-on-tapahtunut\/","og_locale":"fi_FI","og_type":"article","og_title":"Mit\u00e4 Mustille leskille oikein on tapahtunut? - L\u00e4hetyssaarnaaja","og_description":"Toisella tuotantokaudella Mustien leskien tyylilaji on hukassa. Tv-kirjoittamisessa p\u00e4tee peruss\u00e4\u00e4nt\u00f6: jos se ei ole rikki, \u00e4l\u00e4 korjaa.","og_url":"https:\/\/suomenkuvalehti.fi\/lahetyssaarnaaja\/2016\/04\/26\/mita-mustille-leskille-oikein-on-tapahtunut\/","og_site_name":"L\u00e4hetyssaarnaaja","article_published_time":"2016-04-26T08:35:23+00:00","article_modified_time":"2016-04-26T11:32:00+00:00","og_image":[{"width":2560,"height":1645,"url":"https:\/\/suomenkuvalehti.fi\/lahetyssaarnaaja\/wp-content\/uploads\/sites\/35\/2016\/04\/ve000ojgsz.jpg","type":"image\/jpeg"}],"author":"Ilkka Pernu","twitter_misc":{"Written by":"Ilkka Pernu","Est. reading time":"1 minuutti"},"schema":{"@context":"https:\/\/schema.org","@graph":[{"@type":"WebPage","@id":"https:\/\/suomenkuvalehti.fi\/lahetyssaarnaaja\/2016\/04\/26\/mita-mustille-leskille-oikein-on-tapahtunut\/","url":"https:\/\/suomenkuvalehti.fi\/lahetyssaarnaaja\/2016\/04\/26\/mita-mustille-leskille-oikein-on-tapahtunut\/","name":"Mit\u00e4 Mustille leskille oikein on tapahtunut? - L\u00e4hetyssaarnaaja","isPartOf":{"@id":"https:\/\/suomenkuvalehti.fi\/lahetyssaarnaaja\/#website"},"primaryImageOfPage":{"@id":"https:\/\/suomenkuvalehti.fi\/lahetyssaarnaaja\/2016\/04\/26\/mita-mustille-leskille-oikein-on-tapahtunut\/#primaryimage"},"image":{"@id":"https:\/\/suomenkuvalehti.fi\/lahetyssaarnaaja\/2016\/04\/26\/mita-mustille-leskille-oikein-on-tapahtunut\/#primaryimage"},"thumbnailUrl":"https:\/\/suomenkuvalehti.fi\/lahetyssaarnaaja\/wp-content\/uploads\/sites\/35\/2016\/04\/ve000ojgsd.jpg","datePublished":"2016-04-26T08:35:23+00:00","dateModified":"2016-04-26T11:32:00+00:00","author":{"@id":"https:\/\/suomenkuvalehti.fi\/lahetyssaarnaaja\/#\/schema\/person\/b4250838cec7856ddbc793a5274488a2"},"breadcrumb":{"@id":"https:\/\/suomenkuvalehti.fi\/lahetyssaarnaaja\/2016\/04\/26\/mita-mustille-leskille-oikein-on-tapahtunut\/#breadcrumb"},"inLanguage":"fi","potentialAction":[{"@type":"ReadAction","target":["https:\/\/suomenkuvalehti.fi\/lahetyssaarnaaja\/2016\/04\/26\/mita-mustille-leskille-oikein-on-tapahtunut\/"]}]},{"@type":"ImageObject","inLanguage":"fi","@id":"https:\/\/suomenkuvalehti.fi\/lahetyssaarnaaja\/2016\/04\/26\/mita-mustille-leskille-oikein-on-tapahtunut\/#primaryimage","url":"https:\/\/suomenkuvalehti.fi\/lahetyssaarnaaja\/wp-content\/uploads\/sites\/35\/2016\/04\/ve000ojgsd.jpg","contentUrl":"https:\/\/suomenkuvalehti.fi\/lahetyssaarnaaja\/wp-content\/uploads\/sites\/35\/2016\/04\/ve000ojgsd.jpg"},{"@type":"BreadcrumbList","@id":"https:\/\/suomenkuvalehti.fi\/lahetyssaarnaaja\/2016\/04\/26\/mita-mustille-leskille-oikein-on-tapahtunut\/#breadcrumb","itemListElement":[{"@type":"ListItem","position":1,"name":"Home","item":"https:\/\/suomenkuvalehti.fi\/lahetyssaarnaaja\/"},{"@type":"ListItem","position":2,"name":"Mit\u00e4 Mustille leskille oikein on tapahtunut?"}]},{"@type":"WebSite","@id":"https:\/\/suomenkuvalehti.fi\/lahetyssaarnaaja\/#website","url":"https:\/\/suomenkuvalehti.fi\/lahetyssaarnaaja\/","name":"L\u00e4hetyssaarnaaja","description":"Televisio el\u00e4\u00e4 uutta kultakauttaan. Ilkka Pernu kirjoittaa siit\u00e4.","potentialAction":[{"@type":"SearchAction","target":{"@type":"EntryPoint","urlTemplate":"https:\/\/suomenkuvalehti.fi\/haku\/?q={search_term_string}"},"query-input":{"@type":"PropertyValueSpecification","valueRequired":true,"valueName":"search_term_string"}}],"inLanguage":"fi"},{"@type":"Person","@id":"https:\/\/suomenkuvalehti.fi\/lahetyssaarnaaja\/#\/schema\/person\/b4250838cec7856ddbc793a5274488a2","name":"Ilkka Pernu","image":{"@type":"ImageObject","inLanguage":"fi","@id":"https:\/\/suomenkuvalehti.fi\/lahetyssaarnaaja\/#\/schema\/person\/image\/","url":"https:\/\/suomenkuvalehti.fi\/lahetyssaarnaaja\/wp-content\/uploads\/sites\/35\/2015\/04\/ilkka_pernu-150x150.jpg","contentUrl":"https:\/\/suomenkuvalehti.fi\/lahetyssaarnaaja\/wp-content\/uploads\/sites\/35\/2015\/04\/ilkka_pernu-150x150.jpg","caption":"Ilkka Pernu"},"description":"Kirjoittaja on vapaa toimittaja, joka rakastaa hyv\u00e4\u00e4 tarinankerrontaa."}]}},"_links":{"self":[{"href":"https:\/\/suomenkuvalehti.fi\/lahetyssaarnaaja\/wp-json\/wp\/v2\/posts\/279","targetHints":{"allow":["GET"]}}],"collection":[{"href":"https:\/\/suomenkuvalehti.fi\/lahetyssaarnaaja\/wp-json\/wp\/v2\/posts"}],"about":[{"href":"https:\/\/suomenkuvalehti.fi\/lahetyssaarnaaja\/wp-json\/wp\/v2\/types\/post"}],"author":[{"embeddable":true,"href":"https:\/\/suomenkuvalehti.fi\/lahetyssaarnaaja\/wp-json\/wp\/v2\/users\/15148"}],"replies":[{"embeddable":true,"href":"https:\/\/suomenkuvalehti.fi\/lahetyssaarnaaja\/wp-json\/wp\/v2\/comments?post=279"}],"version-history":[{"count":3,"href":"https:\/\/suomenkuvalehti.fi\/lahetyssaarnaaja\/wp-json\/wp\/v2\/posts\/279\/revisions"}],"predecessor-version":[{"id":284,"href":"https:\/\/suomenkuvalehti.fi\/lahetyssaarnaaja\/wp-json\/wp\/v2\/posts\/279\/revisions\/284"}],"wp:attachment":[{"href":"https:\/\/suomenkuvalehti.fi\/lahetyssaarnaaja\/wp-json\/wp\/v2\/media?parent=279"}],"wp:term":[{"taxonomy":"category","embeddable":true,"href":"https:\/\/suomenkuvalehti.fi\/lahetyssaarnaaja\/wp-json\/wp\/v2\/categories?post=279"},{"taxonomy":"post_tag","embeddable":true,"href":"https:\/\/suomenkuvalehti.fi\/lahetyssaarnaaja\/wp-json\/wp\/v2\/tags?post=279"}],"curies":[{"name":"wp","href":"https:\/\/api.w.org\/{rel}","templated":true}]}}