{"id":241,"date":"2016-03-26T13:51:11","date_gmt":"2016-03-26T11:51:11","guid":{"rendered":"https:\/\/suomenkuvalehti.fi\/lahetyssaarnaaja\/?p=241"},"modified":"2016-03-26T13:51:11","modified_gmt":"2016-03-26T11:51:11","slug":"vuonna-2016-outoudesta-ei-ole-tv-etsivalle-mitaan-hyotya","status":"publish","type":"post","link":"https:\/\/suomenkuvalehti.fi\/lahetyssaarnaaja\/2016\/03\/26\/vuonna-2016-outoudesta-ei-ole-tv-etsivalle-mitaan-hyotya\/","title":{"rendered":"Vuonna 2016 outoudesta ei ole tv-etsiv\u00e4lle mit\u00e4\u00e4n hy\u00f6ty\u00e4"},"content":{"rendered":"\n<p>Televisiosankareiden heikkous on aina&nbsp;ennemminkin vahvuus. Tohtori Gregory Housen nihilismi ja ihmisviha saa h\u00e4net n\u00e4kem\u00e4\u00e4n diagnoosit valheiden taustalla. <em>Sillan<\/em> autistinen Saga Nor\u00e9n on sosiaalisissa tilanteissa onneton, mutta ei sen v\u00e4li\u00e4, sill\u00e4 h\u00e4n n\u00e4kee vihjeet muita&nbsp;kirkkaammin. <em>Uusi Sherlock<\/em>&nbsp;-sarjan Sherlock on samanlainen.&nbsp;Columbo peitt\u00e4\u00e4 spurgulookkinsa alle supervoimansa.<\/p>\n\n\n\n<p>Erikoisia tyyppej\u00e4, joita me rakastamme, koska he rikkin\u00e4isyytt\u00e4\u00e4n ovat muita parempia. Sellaisiksi me itsemmekin haluamme kuvitella. Tv-sankarin omituisuus&nbsp;on jo niin normi, ett\u00e4 etsimme sit\u00e4 aina, kun kohtaamme sankarin. Mutta ent\u00e4, jos vammasta ei olekaan mit\u00e4\u00e4n mainittavaa hy\u00f6ty\u00e4?<\/p>\n\n\n\n<p>BBC:n ja Netflixin viime syksyll\u00e4 alkanut <em>River<\/em> on esimerkki sarjasta, jossa my\u00f6s kommentoidaan erikoisuusbuumia. <strong>Stellan Skarsg\u00e5rdin<\/strong> n\u00e4yttelem\u00e4 John River on nuhjuinen ja ep\u00e4sosiaalinen rikoskomisario, jolla tietysti on oma superkyky: h\u00e4n n\u00e4kee kuolleita ihmisi\u00e4 ja juttelee heid\u00e4n kanssaan. Toisin kuin <em>Kuudes aisti<\/em> -elokuvassa, h\u00e4n ei kuitenkaan saa heilt\u00e4 ratkaisevia vihjeit\u00e4, vaan kuolleet ovat demoneja, jotka piinaavat h\u00e4nt\u00e4. H\u00e4nelle kuolleiden kanssa puhuminen on aidompaa ja antoisampaa kuin el\u00e4vien.<\/p>\n\n\n\n<p>Kuolleiden n\u00e4keminen ei ole sarjassa salaisuus, jonka vain katsoja tiet\u00e4\u00e4. Jo ihan alussa River passitetaan ty\u00f6paikkapsykologin luokse testattavaksi, onko h\u00e4n edes ty\u00f6kykyinen. &#8221;Vamma&#8221;&nbsp;tiedet\u00e4\u00e4n ja se on poliisiasemalla suuri taakka.<\/p>\n\n\n\n<p>Sarjan luoja <strong>Abi Morgan<\/strong> on ensisijaisesti halunnut tutkia itsekseen puhuvia ihmisi\u00e4, joita n\u00e4kee kaupungilla p\u00e4ivitt\u00e4in. Ovatko he kaikki <em>hulluja<\/em>? Miksi n\u00e4kym\u00e4tt\u00f6m\u00e4t keskustelukumppanit olisivat yht\u00e4\u00e4n ep\u00e4todellisempia kuin n\u00e4kyv\u00e4t? Morgan on kertonut itsekin tehneens\u00e4 samaa.<\/p>\n\n\n\n<p><em>River<\/em> on poliisisarja, jonka p\u00e4\u00e4juonessa tutkitaan John Riverin ty\u00f6parin murhaa. Lopulta sarja on enemm\u00e4n psykologinen tutkielma ihmismielen heikkouksista, pakkomielteest\u00e4&nbsp;ja suvun ja perheen uhrauksista. Ulkoisesti <em>River<\/em> on nordic noirin perillinen \u2013 brittisarjaksi se on hyvin&nbsp;melankolinen, ja luonnollisesti ruotsalainen Skarg\u00e5rd tuo autenttisuutta. Kuusiosainen avauskausi on kompakti, hyvin onnistunut tutkielma, joka tuo nuupahtaneeseen etsiv\u00e4genreen uuden surumielisen vivahteen. Toinen kausi on tilattu.<\/p>\n\n\n","protected":false},"excerpt":{"rendered":"<p>Televisiosankareiden heikkous on aina&nbsp;ennemminkin vahvuus. Tohtori Gregory Housen nihilismi ja ihmisviha saa h\u00e4net n\u00e4kem\u00e4\u00e4n diagnoosit valheiden taustalla. Sillan autistinen Saga Nor\u00e9n on sosiaalisissa tilanteissa onneton, mutta ei sen v\u00e4li\u00e4, sill\u00e4 h\u00e4n n\u00e4kee<br \/>\nvihjeet m&hellip;<\/p>\n","protected":false},"author":15148,"featured_media":0,"comment_status":"open","ping_status":"open","sticky":false,"template":"","format":"standard","meta":{"_acf_changed":false,"asauth_required_access_level":3,"asauth_cansharepaid":"true","om_header_attributes":[],"footnotes":"","om_featured_image_focal_point":[],"om_primary_tag":0,"om_contributors":[],"om_co_authors":[],"beyondwords_generate_audio":"","beyondwords_project_id":"","beyondwords_content_id":"","beyondwords_preview_token":"","beyondwords_player_content":"","beyondwords_player_style":"","beyondwords_language_code":"","beyondwords_language_id":"","beyondwords_title_voice_id":"","beyondwords_body_voice_id":"","beyondwords_summary_voice_id":"","beyondwords_error_message":"","beyondwords_disabled":"","beyondwords_delete_content":"","beyondwords_podcast_id":"","beyondwords_hash":"","publish_post_to_speechkit":"","speechkit_hash":"","speechkit_generate_audio":"","speechkit_project_id":"","speechkit_podcast_id":"","speechkit_error_message":"","speechkit_disabled":"","speechkit_access_key":"","speechkit_error":"","speechkit_info":"","speechkit_response":"","speechkit_retries":"","speechkit_status":"","speechkit_updated_at":"","_speechkit_link":"","_speechkit_text":""},"categories":[1],"tags":[167,9,166,168],"class_list":["post-241","post","type-post","status-publish","format-standard","hentry","category-lahetyssaarnaaja","tag-etsiva","tag-netflix","tag-river","tag-stellan-skarsgard"],"om_views":null,"acf":{"tuuma_off":false,"tuuma_kysymys":"","tuuma_vastaus":""},"asauth":{"required_access_level":1,"share_token":"","is_paid":false},"yoast_head":"<!-- This site is optimized with the Yoast SEO plugin v26.4 - https:\/\/yoast.com\/wordpress\/plugins\/seo\/ -->\n<title>Vuonna 2016 outoudesta ei ole tv-etsiv\u00e4lle mit\u00e4\u00e4n hy\u00f6ty\u00e4 - L\u00e4hetyssaarnaaja<\/title>\n<meta name=\"robots\" content=\"index, follow, max-snippet:-1, max-image-preview:large, max-video-preview:-1\" \/>\n<link rel=\"canonical\" href=\"https:\/\/suomenkuvalehti.fi\/lahetyssaarnaaja\/2016\/03\/26\/vuonna-2016-outoudesta-ei-ole-tv-etsivalle-mitaan-hyotya\/\" \/>\n<meta property=\"og:locale\" content=\"fi_FI\" \/>\n<meta property=\"og:type\" content=\"article\" \/>\n<meta property=\"og:title\" content=\"Vuonna 2016 outoudesta ei ole tv-etsiv\u00e4lle mit\u00e4\u00e4n hy\u00f6ty\u00e4 - L\u00e4hetyssaarnaaja\" \/>\n<meta property=\"og:description\" content=\"Netflixin River-sarjan sankari John River n\u00e4kee kuolleita, mutta superkyvyst\u00e4 on h\u00e4nelle vain haittaa.\" \/>\n<meta property=\"og:url\" content=\"https:\/\/suomenkuvalehti.fi\/lahetyssaarnaaja\/2016\/03\/26\/vuonna-2016-outoudesta-ei-ole-tv-etsivalle-mitaan-hyotya\/\" \/>\n<meta property=\"og:site_name\" content=\"L\u00e4hetyssaarnaaja\" \/>\n<meta property=\"article:published_time\" content=\"2016-03-26T11:51:11+00:00\" \/>\n<meta property=\"og:image\" content=\"https:\/\/suomenkuvalehti.fi\/lahetyssaarnaaja\/wp-content\/uploads\/sites\/35\/2016\/03\/999f6e7e40603c97b1b8ef98fb910926ea7aaa16.jpg\" \/>\n\t<meta property=\"og:image:width\" content=\"1280\" \/>\n\t<meta property=\"og:image:height\" content=\"720\" \/>\n\t<meta property=\"og:image:type\" content=\"image\/jpeg\" \/>\n<meta name=\"author\" content=\"Ilkka Pernu\" \/>\n<meta name=\"twitter:label1\" content=\"Written by\" \/>\n\t<meta name=\"twitter:data1\" content=\"Ilkka Pernu\" \/>\n\t<meta name=\"twitter:label2\" content=\"Est. reading time\" \/>\n\t<meta name=\"twitter:data2\" content=\"2 minuuttia\" \/>\n<script type=\"application\/ld+json\" class=\"yoast-schema-graph\">{\"@context\":\"https:\/\/schema.org\",\"@graph\":[{\"@type\":\"WebPage\",\"@id\":\"https:\/\/suomenkuvalehti.fi\/lahetyssaarnaaja\/2016\/03\/26\/vuonna-2016-outoudesta-ei-ole-tv-etsivalle-mitaan-hyotya\/\",\"url\":\"https:\/\/suomenkuvalehti.fi\/lahetyssaarnaaja\/2016\/03\/26\/vuonna-2016-outoudesta-ei-ole-tv-etsivalle-mitaan-hyotya\/\",\"name\":\"Vuonna 2016 outoudesta ei ole tv-etsiv\u00e4lle mit\u00e4\u00e4n hy\u00f6ty\u00e4 - L\u00e4hetyssaarnaaja\",\"isPartOf\":{\"@id\":\"https:\/\/suomenkuvalehti.fi\/lahetyssaarnaaja\/#website\"},\"datePublished\":\"2016-03-26T11:51:11+00:00\",\"author\":{\"@id\":\"https:\/\/suomenkuvalehti.fi\/lahetyssaarnaaja\/#\/schema\/person\/b4250838cec7856ddbc793a5274488a2\"},\"breadcrumb\":{\"@id\":\"https:\/\/suomenkuvalehti.fi\/lahetyssaarnaaja\/2016\/03\/26\/vuonna-2016-outoudesta-ei-ole-tv-etsivalle-mitaan-hyotya\/#breadcrumb\"},\"inLanguage\":\"fi\",\"potentialAction\":[{\"@type\":\"ReadAction\",\"target\":[\"https:\/\/suomenkuvalehti.fi\/lahetyssaarnaaja\/2016\/03\/26\/vuonna-2016-outoudesta-ei-ole-tv-etsivalle-mitaan-hyotya\/\"]}]},{\"@type\":\"BreadcrumbList\",\"@id\":\"https:\/\/suomenkuvalehti.fi\/lahetyssaarnaaja\/2016\/03\/26\/vuonna-2016-outoudesta-ei-ole-tv-etsivalle-mitaan-hyotya\/#breadcrumb\",\"itemListElement\":[{\"@type\":\"ListItem\",\"position\":1,\"name\":\"Home\",\"item\":\"https:\/\/suomenkuvalehti.fi\/lahetyssaarnaaja\/\"},{\"@type\":\"ListItem\",\"position\":2,\"name\":\"Vuonna 2016 outoudesta ei ole tv-etsiv\u00e4lle mit\u00e4\u00e4n hy\u00f6ty\u00e4\"}]},{\"@type\":\"WebSite\",\"@id\":\"https:\/\/suomenkuvalehti.fi\/lahetyssaarnaaja\/#website\",\"url\":\"https:\/\/suomenkuvalehti.fi\/lahetyssaarnaaja\/\",\"name\":\"L\u00e4hetyssaarnaaja\",\"description\":\"Televisio el\u00e4\u00e4 uutta kultakauttaan. Ilkka Pernu kirjoittaa siit\u00e4.\",\"potentialAction\":[{\"@type\":\"SearchAction\",\"target\":{\"@type\":\"EntryPoint\",\"urlTemplate\":\"https:\/\/suomenkuvalehti.fi\/haku\/?q={search_term_string}\"},\"query-input\":{\"@type\":\"PropertyValueSpecification\",\"valueRequired\":true,\"valueName\":\"search_term_string\"}}],\"inLanguage\":\"fi\"},{\"@type\":\"Person\",\"@id\":\"https:\/\/suomenkuvalehti.fi\/lahetyssaarnaaja\/#\/schema\/person\/b4250838cec7856ddbc793a5274488a2\",\"name\":\"Ilkka Pernu\",\"image\":{\"@type\":\"ImageObject\",\"inLanguage\":\"fi\",\"@id\":\"https:\/\/suomenkuvalehti.fi\/lahetyssaarnaaja\/#\/schema\/person\/image\/\",\"url\":\"https:\/\/suomenkuvalehti.fi\/lahetyssaarnaaja\/wp-content\/uploads\/sites\/35\/2015\/04\/ilkka_pernu-150x150.jpg\",\"contentUrl\":\"https:\/\/suomenkuvalehti.fi\/lahetyssaarnaaja\/wp-content\/uploads\/sites\/35\/2015\/04\/ilkka_pernu-150x150.jpg\",\"caption\":\"Ilkka Pernu\"},\"description\":\"Kirjoittaja on vapaa toimittaja, joka rakastaa hyv\u00e4\u00e4 tarinankerrontaa.\"}]}<\/script>\n<!-- \/ Yoast SEO plugin. -->","yoast_head_json":{"title":"Vuonna 2016 outoudesta ei ole tv-etsiv\u00e4lle mit\u00e4\u00e4n hy\u00f6ty\u00e4 - L\u00e4hetyssaarnaaja","robots":{"index":"index","follow":"follow","max-snippet":"max-snippet:-1","max-image-preview":"max-image-preview:large","max-video-preview":"max-video-preview:-1"},"canonical":"https:\/\/suomenkuvalehti.fi\/lahetyssaarnaaja\/2016\/03\/26\/vuonna-2016-outoudesta-ei-ole-tv-etsivalle-mitaan-hyotya\/","og_locale":"fi_FI","og_type":"article","og_title":"Vuonna 2016 outoudesta ei ole tv-etsiv\u00e4lle mit\u00e4\u00e4n hy\u00f6ty\u00e4 - L\u00e4hetyssaarnaaja","og_description":"Netflixin River-sarjan sankari John River n\u00e4kee kuolleita, mutta superkyvyst\u00e4 on h\u00e4nelle vain haittaa.","og_url":"https:\/\/suomenkuvalehti.fi\/lahetyssaarnaaja\/2016\/03\/26\/vuonna-2016-outoudesta-ei-ole-tv-etsivalle-mitaan-hyotya\/","og_site_name":"L\u00e4hetyssaarnaaja","article_published_time":"2016-03-26T11:51:11+00:00","og_image":[{"width":1280,"height":720,"url":"https:\/\/suomenkuvalehti.fi\/lahetyssaarnaaja\/wp-content\/uploads\/sites\/35\/2016\/03\/999f6e7e40603c97b1b8ef98fb910926ea7aaa16.jpg","type":"image\/jpeg"}],"author":"Ilkka Pernu","twitter_misc":{"Written by":"Ilkka Pernu","Est. reading time":"2 minuuttia"},"schema":{"@context":"https:\/\/schema.org","@graph":[{"@type":"WebPage","@id":"https:\/\/suomenkuvalehti.fi\/lahetyssaarnaaja\/2016\/03\/26\/vuonna-2016-outoudesta-ei-ole-tv-etsivalle-mitaan-hyotya\/","url":"https:\/\/suomenkuvalehti.fi\/lahetyssaarnaaja\/2016\/03\/26\/vuonna-2016-outoudesta-ei-ole-tv-etsivalle-mitaan-hyotya\/","name":"Vuonna 2016 outoudesta ei ole tv-etsiv\u00e4lle mit\u00e4\u00e4n hy\u00f6ty\u00e4 - L\u00e4hetyssaarnaaja","isPartOf":{"@id":"https:\/\/suomenkuvalehti.fi\/lahetyssaarnaaja\/#website"},"datePublished":"2016-03-26T11:51:11+00:00","author":{"@id":"https:\/\/suomenkuvalehti.fi\/lahetyssaarnaaja\/#\/schema\/person\/b4250838cec7856ddbc793a5274488a2"},"breadcrumb":{"@id":"https:\/\/suomenkuvalehti.fi\/lahetyssaarnaaja\/2016\/03\/26\/vuonna-2016-outoudesta-ei-ole-tv-etsivalle-mitaan-hyotya\/#breadcrumb"},"inLanguage":"fi","potentialAction":[{"@type":"ReadAction","target":["https:\/\/suomenkuvalehti.fi\/lahetyssaarnaaja\/2016\/03\/26\/vuonna-2016-outoudesta-ei-ole-tv-etsivalle-mitaan-hyotya\/"]}]},{"@type":"BreadcrumbList","@id":"https:\/\/suomenkuvalehti.fi\/lahetyssaarnaaja\/2016\/03\/26\/vuonna-2016-outoudesta-ei-ole-tv-etsivalle-mitaan-hyotya\/#breadcrumb","itemListElement":[{"@type":"ListItem","position":1,"name":"Home","item":"https:\/\/suomenkuvalehti.fi\/lahetyssaarnaaja\/"},{"@type":"ListItem","position":2,"name":"Vuonna 2016 outoudesta ei ole tv-etsiv\u00e4lle mit\u00e4\u00e4n hy\u00f6ty\u00e4"}]},{"@type":"WebSite","@id":"https:\/\/suomenkuvalehti.fi\/lahetyssaarnaaja\/#website","url":"https:\/\/suomenkuvalehti.fi\/lahetyssaarnaaja\/","name":"L\u00e4hetyssaarnaaja","description":"Televisio el\u00e4\u00e4 uutta kultakauttaan. Ilkka Pernu kirjoittaa siit\u00e4.","potentialAction":[{"@type":"SearchAction","target":{"@type":"EntryPoint","urlTemplate":"https:\/\/suomenkuvalehti.fi\/haku\/?q={search_term_string}"},"query-input":{"@type":"PropertyValueSpecification","valueRequired":true,"valueName":"search_term_string"}}],"inLanguage":"fi"},{"@type":"Person","@id":"https:\/\/suomenkuvalehti.fi\/lahetyssaarnaaja\/#\/schema\/person\/b4250838cec7856ddbc793a5274488a2","name":"Ilkka Pernu","image":{"@type":"ImageObject","inLanguage":"fi","@id":"https:\/\/suomenkuvalehti.fi\/lahetyssaarnaaja\/#\/schema\/person\/image\/","url":"https:\/\/suomenkuvalehti.fi\/lahetyssaarnaaja\/wp-content\/uploads\/sites\/35\/2015\/04\/ilkka_pernu-150x150.jpg","contentUrl":"https:\/\/suomenkuvalehti.fi\/lahetyssaarnaaja\/wp-content\/uploads\/sites\/35\/2015\/04\/ilkka_pernu-150x150.jpg","caption":"Ilkka Pernu"},"description":"Kirjoittaja on vapaa toimittaja, joka rakastaa hyv\u00e4\u00e4 tarinankerrontaa."}]}},"_links":{"self":[{"href":"https:\/\/suomenkuvalehti.fi\/lahetyssaarnaaja\/wp-json\/wp\/v2\/posts\/241","targetHints":{"allow":["GET"]}}],"collection":[{"href":"https:\/\/suomenkuvalehti.fi\/lahetyssaarnaaja\/wp-json\/wp\/v2\/posts"}],"about":[{"href":"https:\/\/suomenkuvalehti.fi\/lahetyssaarnaaja\/wp-json\/wp\/v2\/types\/post"}],"author":[{"embeddable":true,"href":"https:\/\/suomenkuvalehti.fi\/lahetyssaarnaaja\/wp-json\/wp\/v2\/users\/15148"}],"replies":[{"embeddable":true,"href":"https:\/\/suomenkuvalehti.fi\/lahetyssaarnaaja\/wp-json\/wp\/v2\/comments?post=241"}],"version-history":[{"count":2,"href":"https:\/\/suomenkuvalehti.fi\/lahetyssaarnaaja\/wp-json\/wp\/v2\/posts\/241\/revisions"}],"predecessor-version":[{"id":244,"href":"https:\/\/suomenkuvalehti.fi\/lahetyssaarnaaja\/wp-json\/wp\/v2\/posts\/241\/revisions\/244"}],"wp:attachment":[{"href":"https:\/\/suomenkuvalehti.fi\/lahetyssaarnaaja\/wp-json\/wp\/v2\/media?parent=241"}],"wp:term":[{"taxonomy":"category","embeddable":true,"href":"https:\/\/suomenkuvalehti.fi\/lahetyssaarnaaja\/wp-json\/wp\/v2\/categories?post=241"},{"taxonomy":"post_tag","embeddable":true,"href":"https:\/\/suomenkuvalehti.fi\/lahetyssaarnaaja\/wp-json\/wp\/v2\/tags?post=241"}],"curies":[{"name":"wp","href":"https:\/\/api.w.org\/{rel}","templated":true}]}}