{"id":219,"date":"2016-01-30T20:19:05","date_gmt":"2016-01-30T18:19:05","guid":{"rendered":"https:\/\/suomenkuvalehti.fi\/lahetyssaarnaaja\/?p=219"},"modified":"2016-01-30T20:19:05","modified_gmt":"2016-01-30T18:19:05","slug":"television-comebackviikot-jatkuvat-gilmoren-tytot-tulevat-netflixiin","status":"publish","type":"post","link":"https:\/\/suomenkuvalehti.fi\/lahetyssaarnaaja\/2016\/01\/30\/television-comebackviikot-jatkuvat-gilmoren-tytot-tulevat-netflixiin\/","title":{"rendered":"Television comebackviikot jatkuvat: Gilmoren tyt\u00f6t tulevat Netflixiin."},"content":{"rendered":"\n<p>Alkuvuosi on ollut comebackien aikaa. <em>Salaiset kansiot<\/em> teki n\u00e4ytt\u00e4v\u00e4n paluun t\u00e4ll\u00e4 viikolla, ja sitcom-klassikko <em>Frendit<\/em> istahtaa Central Perkin sohvalle viel\u00e4 kerran yhden erikoisjakson ajan.<\/p>\n\n\n\n<p>Molemmissa on kyse nostalgiatripist\u00e4, mutta kiinnostavin paluu varmistettiin eilen.<\/p>\n\n\n\n<p>Olen kirjoittanut <em>Gilmoren tyt\u00f6t<\/em> -sarjan mahdollisesta paluusta <a href=\"https:\/\/suomenkuvalehti.fi\/lahetyssaarnaaja\/2015\/05\/25\/kulttisarja-gilmoren-tytot-tekee-paluun-tai-jotain\/?shared=56-ed37ec97-999\" target=\"_blank\">toukokuussa<\/a> ja viimeksi&nbsp;<a href=\"https:\/\/suomenkuvalehti.fi\/lahetyssaarnaaja\/2015\/10\/20\/pian-selviaa-milta-stars-hollowissa-nayttaa-nyt\/?shared=162-ce56d376-999\" target=\"_blank\">lokakuussa<\/a>. Spekulointi on nyt vaihtunut konkretiaan: <em>Hollywood Reporter<\/em> -lehti <a href=\"http:\/\/www.hollywoodreporter.com\/live-feed\/gilmore-girls-revived-at-netflix-856425?facebook_20160129\" target=\"_blank\">kertoi<\/a>&nbsp;eilen,&nbsp;ett\u00e4 Netflix julkaisee uudet jaksot. Luvassa on ilmeisesti nelj\u00e4 90-minuuttista jaksoa. Mukana ovat kaikki alkuper\u00e4iset tekij\u00e4t \u2013 n\u00e4yttelij\u00e4t&nbsp;<strong>Lauren Graham<\/strong>,<strong> Alexis Bledel<\/strong>, <strong>Scott Patterson<\/strong>, <strong>Kelly Bishop<\/strong>, <strong>Sean Gunn<\/strong> ja&nbsp;<strong>Keiko Agena<\/strong> sek\u00e4 sarjan luoja <strong>Amy Sherman-Palladino<\/strong>.<\/p>\n\n\n\n<p>Tarkempia tietoja <em>Gilmoren tytt\u00f6jen<\/em> comebackista ei viel\u00e4 ole. Ensi vuonna sarjan p\u00e4\u00e4ttymisest\u00e4 tulee 10 vuotta t\u00e4yteen. Silloin sarja loppui tavallaan kesken \u2013 Sherman-Palladino ei ollut en\u00e4\u00e4 mukana viimeisell\u00e4 kaudella palkkioriitojen takia, ja h\u00e4n on kertonut, ett\u00e4 olisi halunnut p\u00e4\u00e4tt\u00e4\u00e4 Gilmoren tytt\u00f6jen kohtalosta itse. Nyt h\u00e4n saa siihen mahdollisuuden.<\/p>\n\n\n","protected":false},"excerpt":{"rendered":"<p>Alkuvuosi on ollut comebackien aikaa. Salaiset kansiot teki n\u00e4ytt\u00e4v\u00e4n paluun t\u00e4ll\u00e4 viikolla, ja sitcom-klassikko Frendit istahtaa Central Perkin sohvalle viel\u00e4 kerran yhden erikoisjakson ajan. Molemmissa on kyse nostalgiatripist\u00e4, mutta kiinnostavin<br \/>\npaluu &hellip;<\/p>\n","protected":false},"author":15148,"featured_media":0,"comment_status":"open","ping_status":"open","sticky":false,"template":"","format":"standard","meta":{"_acf_changed":false,"asauth_required_access_level":3,"asauth_cansharepaid":"true","om_header_attributes":[],"footnotes":"","om_featured_image_focal_point":[],"om_primary_tag":0,"om_contributors":[],"om_co_authors":[],"beyondwords_generate_audio":"","beyondwords_project_id":"","beyondwords_content_id":"","beyondwords_preview_token":"","beyondwords_player_content":"","beyondwords_player_style":"","beyondwords_language_code":"","beyondwords_language_id":"","beyondwords_title_voice_id":"","beyondwords_body_voice_id":"","beyondwords_summary_voice_id":"","beyondwords_error_message":"","beyondwords_disabled":"","beyondwords_delete_content":"","beyondwords_podcast_id":"","beyondwords_hash":"","publish_post_to_speechkit":"","speechkit_hash":"","speechkit_generate_audio":"","speechkit_project_id":"","speechkit_podcast_id":"","speechkit_error_message":"","speechkit_disabled":"","speechkit_access_key":"","speechkit_error":"","speechkit_info":"","speechkit_response":"","speechkit_retries":"","speechkit_status":"","speechkit_updated_at":"","_speechkit_link":"","_speechkit_text":""},"categories":[1],"tags":[21,9],"class_list":["post-219","post","type-post","status-publish","format-standard","hentry","category-lahetyssaarnaaja","tag-gilmoren-tytot","tag-netflix"],"om_views":null,"acf":{"tuuma_off":false,"tuuma_kysymys":"","tuuma_vastaus":""},"asauth":{"required_access_level":1,"share_token":"","is_paid":false},"yoast_head":"<!-- This site is optimized with the Yoast SEO plugin v26.4 - https:\/\/yoast.com\/wordpress\/plugins\/seo\/ -->\n<title>Television comebackviikot jatkuvat: Gilmoren tyt\u00f6t tulevat Netflixiin. - L\u00e4hetyssaarnaaja<\/title>\n<meta name=\"robots\" content=\"index, follow, max-snippet:-1, max-image-preview:large, max-video-preview:-1\" \/>\n<link rel=\"canonical\" href=\"https:\/\/suomenkuvalehti.fi\/lahetyssaarnaaja\/2016\/01\/30\/television-comebackviikot-jatkuvat-gilmoren-tytot-tulevat-netflixiin\/\" \/>\n<meta property=\"og:locale\" content=\"fi_FI\" \/>\n<meta property=\"og:type\" content=\"article\" \/>\n<meta property=\"og:title\" content=\"Television comebackviikot jatkuvat: Gilmoren tyt\u00f6t tulevat Netflixiin. - L\u00e4hetyssaarnaaja\" \/>\n<meta property=\"og:description\" content=\"Alkuvuosi on ollut comebackien aikaa. Salaiset kansiot teki n\u00e4ytt\u00e4v\u00e4n paluun t\u00e4ll\u00e4 viikolla, ja sitcom-klassikko Frendit istahtaa Central Perkin sohvalle viel\u00e4 kerran yhden erikoisjakson ajan. Molemmissa on kyse nostalgiatripist\u00e4, mutta kiinnostavin paluu &hellip;\" \/>\n<meta property=\"og:url\" content=\"https:\/\/suomenkuvalehti.fi\/lahetyssaarnaaja\/2016\/01\/30\/television-comebackviikot-jatkuvat-gilmoren-tytot-tulevat-netflixiin\/\" \/>\n<meta property=\"og:site_name\" content=\"L\u00e4hetyssaarnaaja\" \/>\n<meta property=\"article:published_time\" content=\"2016-01-30T18:19:05+00:00\" \/>\n<meta name=\"author\" content=\"Ilkka Pernu\" \/>\n<meta name=\"twitter:label1\" content=\"Written by\" \/>\n\t<meta name=\"twitter:data1\" content=\"Ilkka Pernu\" \/>\n\t<meta name=\"twitter:label2\" content=\"Est. reading time\" \/>\n\t<meta name=\"twitter:data2\" content=\"1 minuutti\" \/>\n<script type=\"application\/ld+json\" class=\"yoast-schema-graph\">{\"@context\":\"https:\/\/schema.org\",\"@graph\":[{\"@type\":\"WebPage\",\"@id\":\"https:\/\/suomenkuvalehti.fi\/lahetyssaarnaaja\/2016\/01\/30\/television-comebackviikot-jatkuvat-gilmoren-tytot-tulevat-netflixiin\/\",\"url\":\"https:\/\/suomenkuvalehti.fi\/lahetyssaarnaaja\/2016\/01\/30\/television-comebackviikot-jatkuvat-gilmoren-tytot-tulevat-netflixiin\/\",\"name\":\"Television comebackviikot jatkuvat: Gilmoren tyt\u00f6t tulevat Netflixiin. - L\u00e4hetyssaarnaaja\",\"isPartOf\":{\"@id\":\"https:\/\/suomenkuvalehti.fi\/lahetyssaarnaaja\/#website\"},\"datePublished\":\"2016-01-30T18:19:05+00:00\",\"author\":{\"@id\":\"https:\/\/suomenkuvalehti.fi\/lahetyssaarnaaja\/#\/schema\/person\/b4250838cec7856ddbc793a5274488a2\"},\"breadcrumb\":{\"@id\":\"https:\/\/suomenkuvalehti.fi\/lahetyssaarnaaja\/2016\/01\/30\/television-comebackviikot-jatkuvat-gilmoren-tytot-tulevat-netflixiin\/#breadcrumb\"},\"inLanguage\":\"fi\",\"potentialAction\":[{\"@type\":\"ReadAction\",\"target\":[\"https:\/\/suomenkuvalehti.fi\/lahetyssaarnaaja\/2016\/01\/30\/television-comebackviikot-jatkuvat-gilmoren-tytot-tulevat-netflixiin\/\"]}]},{\"@type\":\"BreadcrumbList\",\"@id\":\"https:\/\/suomenkuvalehti.fi\/lahetyssaarnaaja\/2016\/01\/30\/television-comebackviikot-jatkuvat-gilmoren-tytot-tulevat-netflixiin\/#breadcrumb\",\"itemListElement\":[{\"@type\":\"ListItem\",\"position\":1,\"name\":\"Home\",\"item\":\"https:\/\/suomenkuvalehti.fi\/lahetyssaarnaaja\/\"},{\"@type\":\"ListItem\",\"position\":2,\"name\":\"Television comebackviikot jatkuvat: Gilmoren tyt\u00f6t tulevat Netflixiin.\"}]},{\"@type\":\"WebSite\",\"@id\":\"https:\/\/suomenkuvalehti.fi\/lahetyssaarnaaja\/#website\",\"url\":\"https:\/\/suomenkuvalehti.fi\/lahetyssaarnaaja\/\",\"name\":\"L\u00e4hetyssaarnaaja\",\"description\":\"Televisio el\u00e4\u00e4 uutta kultakauttaan. Ilkka Pernu kirjoittaa siit\u00e4.\",\"potentialAction\":[{\"@type\":\"SearchAction\",\"target\":{\"@type\":\"EntryPoint\",\"urlTemplate\":\"https:\/\/suomenkuvalehti.fi\/haku\/?q={search_term_string}\"},\"query-input\":{\"@type\":\"PropertyValueSpecification\",\"valueRequired\":true,\"valueName\":\"search_term_string\"}}],\"inLanguage\":\"fi\"},{\"@type\":\"Person\",\"@id\":\"https:\/\/suomenkuvalehti.fi\/lahetyssaarnaaja\/#\/schema\/person\/b4250838cec7856ddbc793a5274488a2\",\"name\":\"Ilkka Pernu\",\"image\":{\"@type\":\"ImageObject\",\"inLanguage\":\"fi\",\"@id\":\"https:\/\/suomenkuvalehti.fi\/lahetyssaarnaaja\/#\/schema\/person\/image\/\",\"url\":\"https:\/\/suomenkuvalehti.fi\/lahetyssaarnaaja\/wp-content\/uploads\/sites\/35\/2015\/04\/ilkka_pernu-150x150.jpg\",\"contentUrl\":\"https:\/\/suomenkuvalehti.fi\/lahetyssaarnaaja\/wp-content\/uploads\/sites\/35\/2015\/04\/ilkka_pernu-150x150.jpg\",\"caption\":\"Ilkka Pernu\"},\"description\":\"Kirjoittaja on vapaa toimittaja, joka rakastaa hyv\u00e4\u00e4 tarinankerrontaa.\"}]}<\/script>\n<!-- \/ Yoast SEO plugin. -->","yoast_head_json":{"title":"Television comebackviikot jatkuvat: Gilmoren tyt\u00f6t tulevat Netflixiin. - L\u00e4hetyssaarnaaja","robots":{"index":"index","follow":"follow","max-snippet":"max-snippet:-1","max-image-preview":"max-image-preview:large","max-video-preview":"max-video-preview:-1"},"canonical":"https:\/\/suomenkuvalehti.fi\/lahetyssaarnaaja\/2016\/01\/30\/television-comebackviikot-jatkuvat-gilmoren-tytot-tulevat-netflixiin\/","og_locale":"fi_FI","og_type":"article","og_title":"Television comebackviikot jatkuvat: Gilmoren tyt\u00f6t tulevat Netflixiin. - L\u00e4hetyssaarnaaja","og_description":"Alkuvuosi on ollut comebackien aikaa. Salaiset kansiot teki n\u00e4ytt\u00e4v\u00e4n paluun t\u00e4ll\u00e4 viikolla, ja sitcom-klassikko Frendit istahtaa Central Perkin sohvalle viel\u00e4 kerran yhden erikoisjakson ajan. Molemmissa on kyse nostalgiatripist\u00e4, mutta kiinnostavin paluu &hellip;","og_url":"https:\/\/suomenkuvalehti.fi\/lahetyssaarnaaja\/2016\/01\/30\/television-comebackviikot-jatkuvat-gilmoren-tytot-tulevat-netflixiin\/","og_site_name":"L\u00e4hetyssaarnaaja","article_published_time":"2016-01-30T18:19:05+00:00","author":"Ilkka Pernu","twitter_misc":{"Written by":"Ilkka Pernu","Est. reading time":"1 minuutti"},"schema":{"@context":"https:\/\/schema.org","@graph":[{"@type":"WebPage","@id":"https:\/\/suomenkuvalehti.fi\/lahetyssaarnaaja\/2016\/01\/30\/television-comebackviikot-jatkuvat-gilmoren-tytot-tulevat-netflixiin\/","url":"https:\/\/suomenkuvalehti.fi\/lahetyssaarnaaja\/2016\/01\/30\/television-comebackviikot-jatkuvat-gilmoren-tytot-tulevat-netflixiin\/","name":"Television comebackviikot jatkuvat: Gilmoren tyt\u00f6t tulevat Netflixiin. - L\u00e4hetyssaarnaaja","isPartOf":{"@id":"https:\/\/suomenkuvalehti.fi\/lahetyssaarnaaja\/#website"},"datePublished":"2016-01-30T18:19:05+00:00","author":{"@id":"https:\/\/suomenkuvalehti.fi\/lahetyssaarnaaja\/#\/schema\/person\/b4250838cec7856ddbc793a5274488a2"},"breadcrumb":{"@id":"https:\/\/suomenkuvalehti.fi\/lahetyssaarnaaja\/2016\/01\/30\/television-comebackviikot-jatkuvat-gilmoren-tytot-tulevat-netflixiin\/#breadcrumb"},"inLanguage":"fi","potentialAction":[{"@type":"ReadAction","target":["https:\/\/suomenkuvalehti.fi\/lahetyssaarnaaja\/2016\/01\/30\/television-comebackviikot-jatkuvat-gilmoren-tytot-tulevat-netflixiin\/"]}]},{"@type":"BreadcrumbList","@id":"https:\/\/suomenkuvalehti.fi\/lahetyssaarnaaja\/2016\/01\/30\/television-comebackviikot-jatkuvat-gilmoren-tytot-tulevat-netflixiin\/#breadcrumb","itemListElement":[{"@type":"ListItem","position":1,"name":"Home","item":"https:\/\/suomenkuvalehti.fi\/lahetyssaarnaaja\/"},{"@type":"ListItem","position":2,"name":"Television comebackviikot jatkuvat: Gilmoren tyt\u00f6t tulevat Netflixiin."}]},{"@type":"WebSite","@id":"https:\/\/suomenkuvalehti.fi\/lahetyssaarnaaja\/#website","url":"https:\/\/suomenkuvalehti.fi\/lahetyssaarnaaja\/","name":"L\u00e4hetyssaarnaaja","description":"Televisio el\u00e4\u00e4 uutta kultakauttaan. Ilkka Pernu kirjoittaa siit\u00e4.","potentialAction":[{"@type":"SearchAction","target":{"@type":"EntryPoint","urlTemplate":"https:\/\/suomenkuvalehti.fi\/haku\/?q={search_term_string}"},"query-input":{"@type":"PropertyValueSpecification","valueRequired":true,"valueName":"search_term_string"}}],"inLanguage":"fi"},{"@type":"Person","@id":"https:\/\/suomenkuvalehti.fi\/lahetyssaarnaaja\/#\/schema\/person\/b4250838cec7856ddbc793a5274488a2","name":"Ilkka Pernu","image":{"@type":"ImageObject","inLanguage":"fi","@id":"https:\/\/suomenkuvalehti.fi\/lahetyssaarnaaja\/#\/schema\/person\/image\/","url":"https:\/\/suomenkuvalehti.fi\/lahetyssaarnaaja\/wp-content\/uploads\/sites\/35\/2015\/04\/ilkka_pernu-150x150.jpg","contentUrl":"https:\/\/suomenkuvalehti.fi\/lahetyssaarnaaja\/wp-content\/uploads\/sites\/35\/2015\/04\/ilkka_pernu-150x150.jpg","caption":"Ilkka Pernu"},"description":"Kirjoittaja on vapaa toimittaja, joka rakastaa hyv\u00e4\u00e4 tarinankerrontaa."}]}},"_links":{"self":[{"href":"https:\/\/suomenkuvalehti.fi\/lahetyssaarnaaja\/wp-json\/wp\/v2\/posts\/219","targetHints":{"allow":["GET"]}}],"collection":[{"href":"https:\/\/suomenkuvalehti.fi\/lahetyssaarnaaja\/wp-json\/wp\/v2\/posts"}],"about":[{"href":"https:\/\/suomenkuvalehti.fi\/lahetyssaarnaaja\/wp-json\/wp\/v2\/types\/post"}],"author":[{"embeddable":true,"href":"https:\/\/suomenkuvalehti.fi\/lahetyssaarnaaja\/wp-json\/wp\/v2\/users\/15148"}],"replies":[{"embeddable":true,"href":"https:\/\/suomenkuvalehti.fi\/lahetyssaarnaaja\/wp-json\/wp\/v2\/comments?post=219"}],"version-history":[{"count":1,"href":"https:\/\/suomenkuvalehti.fi\/lahetyssaarnaaja\/wp-json\/wp\/v2\/posts\/219\/revisions"}],"predecessor-version":[{"id":220,"href":"https:\/\/suomenkuvalehti.fi\/lahetyssaarnaaja\/wp-json\/wp\/v2\/posts\/219\/revisions\/220"}],"wp:attachment":[{"href":"https:\/\/suomenkuvalehti.fi\/lahetyssaarnaaja\/wp-json\/wp\/v2\/media?parent=219"}],"wp:term":[{"taxonomy":"category","embeddable":true,"href":"https:\/\/suomenkuvalehti.fi\/lahetyssaarnaaja\/wp-json\/wp\/v2\/categories?post=219"},{"taxonomy":"post_tag","embeddable":true,"href":"https:\/\/suomenkuvalehti.fi\/lahetyssaarnaaja\/wp-json\/wp\/v2\/tags?post=219"}],"curies":[{"name":"wp","href":"https:\/\/api.w.org\/{rel}","templated":true}]}}