{"id":217,"date":"2016-01-28T10:03:49","date_gmt":"2016-01-28T08:03:49","guid":{"rendered":"https:\/\/suomenkuvalehti.fi\/lahetyssaarnaaja\/?p=217"},"modified":"2016-01-28T10:03:49","modified_gmt":"2016-01-28T08:03:49","slug":"aika-on-ajanut-salaisten-kansioiden-ohi","status":"publish","type":"post","link":"https:\/\/suomenkuvalehti.fi\/lahetyssaarnaaja\/2016\/01\/28\/aika-on-ajanut-salaisten-kansioiden-ohi\/","title":{"rendered":"Aika on ajanut Salaisten kansioiden ohi"},"content":{"rendered":"\n<p>Kuten elokuussa <a href=\"https:\/\/suomenkuvalehti.fi\/lahetyssaarnaaja\/2015\/08\/12\/salaiset-kansiot-on-nyt-ajankohtaisempi-kuin-koskaan\/?shared=121-d7108790-999\" target=\"_blank\">kirjoitin<\/a>, <em>Salaiset kansiot<\/em> voisi&nbsp;yh\u00e4 olla ajankohtainen sarja. T\u00e4ll\u00e4 viikolla Fox-kanavalla alkoi 1990-luvun suosikkisarjan upouudet jaksot. Piskuisen kanavan mittapuulla avausjakso ker\u00e4si tiistaina kohtuullisen hyvin katsojia (Finnpanelin mukaan 220 000). Mutta mit\u00e4 uudelleenl\u00e4mmittelyst\u00e4 pit\u00e4isi oikein ajatella?<\/p>\n\n\n\n<p>Kun 1990-luvulla <em>Salaiset kansiot<\/em> kuvasi todellisen el\u00e4m\u00e4n marginaalista ilmi\u00f6t\u00e4 &#8211; ufoh\u00f6rh\u00f6ily\u00e4 \u2013 t\u00e4n\u00e4 p\u00e4iv\u00e4n\u00e4 salaliittoteorioiden kultakaudella sarjalla olisi mahdollisuus kertoa laajemmasta kulttuurisesta&nbsp;ja poliittisesta liikehdinn\u00e4st\u00e4. Uusissa jaksoissa primus motor on salaliittoteorioiden avulla rikastunut karismaattinen vloggari Tad O&#8217;Malley (<strong>Joel McHale<\/strong>), joka muistuttaa et\u00e4isesti amerikkalaista salaliittojulkkista <strong>Alex Jonesia<\/strong>. Mukana on my\u00f6s viittauksia <strong>Edward Snowdenin<\/strong> ja <strong>Julian Assangen<\/strong> tekemiin vakoilupaljastuksiin.<\/p>\n\n\n\n<p>1990-luvulla valtionhallinnon salaliitot olivat j\u00e4nni\u00e4 (ja oikeasti&nbsp;salaliittoja, koska kukaan ei tiennyt niist\u00e4). Nyt niiden&nbsp;spekuloinnista&nbsp;on tullut valtavirtaa, jopa banaalia viihdett\u00e4. Salaliittoteoreetikoille nauretaan, mutta v\u00e4\u00e4r\u00e4st\u00e4 syyst\u00e4. Siksi niill\u00e4 leikittely ei luo samanlaista dramaturgista j\u00e4nnityst\u00e4 kuin 20 vuotta sitten. Kaikki tiet\u00e4v\u00e4t niist\u00e4 ja monet jopa hyv\u00e4ksyv\u00e4t eliitin salaiset suhmuroinnit. Ent\u00e4&nbsp;sitten?<\/p>\n\n\n\n<p>1990-luvulla <em>Salaisten kansioiden<\/em>&nbsp;erityisyys syntyi campin ja aidon&nbsp;kauhun saumattomasta yhdistelm\u00e4st\u00e4. Se&nbsp;loi vainoharhaisen tunnelman. Uusista jaksoista paranoiaa&nbsp;ei l\u00f6ydy, tai ainakaan se ei v\u00e4lity katsojiin asti. Ehk\u00e4 aika on ajanut <em>Salaisten kansioiden<\/em> ohitse. 20 vuotta sitten sarjan luoma visio oli hurja, t\u00e4n\u00e4 p\u00e4iv\u00e4n\u00e4 se on jopa mahdollinen.<\/p>\n\n\n\n<p>Kun katsoja n\u00e4kee ensimm\u00e4isen kerran Fox Mulderin (<strong>David Duchovny<\/strong>), t\u00e4m\u00e4 katsoo videoklippi\u00e4, jossa tv-juontaja<strong> Jimmy Kimmel<\/strong> haastattelee presidentti <strong>Barack Obamaa<\/strong> ufoista. Studioyleis\u00f6 nauraa.<\/p>\n\n\n\n<p>&#8221;My life&#8217;s become a punch line&#8221;, Mulder sanoo.&nbsp;H\u00e4nen el\u00e4m\u00e4nty\u00f6st\u00e4\u00e4n on tullut koko kansan l\u00e4pp\u00e4.<\/p>\n\n\n","protected":false},"excerpt":{"rendered":"<p>Kuten elokuussa kirjoitin, Salaiset kansiot voisi&nbsp;yh\u00e4 olla ajankohtainen sarja. T\u00e4ll\u00e4 viikolla Fox-kanavalla alkoi 1990-luvun suosikkisarjan upouudet jaksot. Piskuisen kanavan mittapuulla avausjakso ker\u00e4si tiistaina kohtuullisen hyvin katsojia (Finnpanelin mukaan 220 000). Mutta<br \/>\nmit&hellip;<\/p>\n","protected":false},"author":15148,"featured_media":0,"comment_status":"open","ping_status":"open","sticky":false,"template":"","format":"standard","meta":{"_acf_changed":false,"asauth_required_access_level":3,"asauth_cansharepaid":"true","om_header_attributes":[],"footnotes":"","om_featured_image_focal_point":[],"om_primary_tag":0,"om_contributors":[],"om_co_authors":[],"beyondwords_generate_audio":"","beyondwords_project_id":"","beyondwords_content_id":"","beyondwords_preview_token":"","beyondwords_player_content":"","beyondwords_player_style":"","beyondwords_language_code":"","beyondwords_language_id":"","beyondwords_title_voice_id":"","beyondwords_body_voice_id":"","beyondwords_summary_voice_id":"","beyondwords_error_message":"","beyondwords_disabled":"","beyondwords_delete_content":"","beyondwords_podcast_id":"","beyondwords_hash":"","publish_post_to_speechkit":"","speechkit_hash":"","speechkit_generate_audio":"","speechkit_project_id":"","speechkit_podcast_id":"","speechkit_error_message":"","speechkit_disabled":"","speechkit_access_key":"","speechkit_error":"","speechkit_info":"","speechkit_response":"","speechkit_retries":"","speechkit_status":"","speechkit_updated_at":"","_speechkit_link":"","_speechkit_text":""},"categories":[1],"tags":[155,75,76],"class_list":["post-217","post","type-post","status-publish","format-standard","hentry","category-lahetyssaarnaaja","tag-fox","tag-salaiset-kansiot","tag-x-files"],"om_views":null,"acf":{"tuuma_off":false,"tuuma_kysymys":"","tuuma_vastaus":""},"asauth":{"required_access_level":1,"share_token":"","is_paid":false},"yoast_head":"<!-- This site is optimized with the Yoast SEO plugin v26.4 - https:\/\/yoast.com\/wordpress\/plugins\/seo\/ -->\n<title>Aika on ajanut Salaisten kansioiden ohi - L\u00e4hetyssaarnaaja<\/title>\n<meta name=\"robots\" content=\"index, follow, max-snippet:-1, max-image-preview:large, max-video-preview:-1\" \/>\n<link rel=\"canonical\" href=\"https:\/\/suomenkuvalehti.fi\/lahetyssaarnaaja\/2016\/01\/28\/aika-on-ajanut-salaisten-kansioiden-ohi\/\" \/>\n<meta property=\"og:locale\" content=\"fi_FI\" \/>\n<meta property=\"og:type\" content=\"article\" \/>\n<meta property=\"og:title\" content=\"Aika on ajanut Salaisten kansioiden ohi - L\u00e4hetyssaarnaaja\" \/>\n<meta property=\"og:description\" content=\"Kuten elokuussa kirjoitin, Salaiset kansiot voisi&nbsp;yh\u00e4 olla ajankohtainen sarja. T\u00e4ll\u00e4 viikolla Fox-kanavalla alkoi 1990-luvun suosikkisarjan upouudet jaksot. Piskuisen kanavan mittapuulla avausjakso ker\u00e4si tiistaina kohtuullisen hyvin katsojia (Finnpanelin mukaan 220 000). Mutta mit&hellip;\" \/>\n<meta property=\"og:url\" content=\"https:\/\/suomenkuvalehti.fi\/lahetyssaarnaaja\/2016\/01\/28\/aika-on-ajanut-salaisten-kansioiden-ohi\/\" \/>\n<meta property=\"og:site_name\" content=\"L\u00e4hetyssaarnaaja\" \/>\n<meta property=\"article:published_time\" content=\"2016-01-28T08:03:49+00:00\" \/>\n<meta name=\"author\" content=\"Ilkka Pernu\" \/>\n<meta name=\"twitter:label1\" content=\"Written by\" \/>\n\t<meta name=\"twitter:data1\" content=\"Ilkka Pernu\" \/>\n\t<meta name=\"twitter:label2\" content=\"Est. reading time\" \/>\n\t<meta name=\"twitter:data2\" content=\"1 minuutti\" \/>\n<script type=\"application\/ld+json\" class=\"yoast-schema-graph\">{\"@context\":\"https:\/\/schema.org\",\"@graph\":[{\"@type\":\"WebPage\",\"@id\":\"https:\/\/suomenkuvalehti.fi\/lahetyssaarnaaja\/2016\/01\/28\/aika-on-ajanut-salaisten-kansioiden-ohi\/\",\"url\":\"https:\/\/suomenkuvalehti.fi\/lahetyssaarnaaja\/2016\/01\/28\/aika-on-ajanut-salaisten-kansioiden-ohi\/\",\"name\":\"Aika on ajanut Salaisten kansioiden ohi - L\u00e4hetyssaarnaaja\",\"isPartOf\":{\"@id\":\"https:\/\/suomenkuvalehti.fi\/lahetyssaarnaaja\/#website\"},\"datePublished\":\"2016-01-28T08:03:49+00:00\",\"author\":{\"@id\":\"https:\/\/suomenkuvalehti.fi\/lahetyssaarnaaja\/#\/schema\/person\/b4250838cec7856ddbc793a5274488a2\"},\"breadcrumb\":{\"@id\":\"https:\/\/suomenkuvalehti.fi\/lahetyssaarnaaja\/2016\/01\/28\/aika-on-ajanut-salaisten-kansioiden-ohi\/#breadcrumb\"},\"inLanguage\":\"fi\",\"potentialAction\":[{\"@type\":\"ReadAction\",\"target\":[\"https:\/\/suomenkuvalehti.fi\/lahetyssaarnaaja\/2016\/01\/28\/aika-on-ajanut-salaisten-kansioiden-ohi\/\"]}]},{\"@type\":\"BreadcrumbList\",\"@id\":\"https:\/\/suomenkuvalehti.fi\/lahetyssaarnaaja\/2016\/01\/28\/aika-on-ajanut-salaisten-kansioiden-ohi\/#breadcrumb\",\"itemListElement\":[{\"@type\":\"ListItem\",\"position\":1,\"name\":\"Home\",\"item\":\"https:\/\/suomenkuvalehti.fi\/lahetyssaarnaaja\/\"},{\"@type\":\"ListItem\",\"position\":2,\"name\":\"Aika on ajanut Salaisten kansioiden ohi\"}]},{\"@type\":\"WebSite\",\"@id\":\"https:\/\/suomenkuvalehti.fi\/lahetyssaarnaaja\/#website\",\"url\":\"https:\/\/suomenkuvalehti.fi\/lahetyssaarnaaja\/\",\"name\":\"L\u00e4hetyssaarnaaja\",\"description\":\"Televisio el\u00e4\u00e4 uutta kultakauttaan. Ilkka Pernu kirjoittaa siit\u00e4.\",\"potentialAction\":[{\"@type\":\"SearchAction\",\"target\":{\"@type\":\"EntryPoint\",\"urlTemplate\":\"https:\/\/suomenkuvalehti.fi\/haku\/?q={search_term_string}\"},\"query-input\":{\"@type\":\"PropertyValueSpecification\",\"valueRequired\":true,\"valueName\":\"search_term_string\"}}],\"inLanguage\":\"fi\"},{\"@type\":\"Person\",\"@id\":\"https:\/\/suomenkuvalehti.fi\/lahetyssaarnaaja\/#\/schema\/person\/b4250838cec7856ddbc793a5274488a2\",\"name\":\"Ilkka Pernu\",\"image\":{\"@type\":\"ImageObject\",\"inLanguage\":\"fi\",\"@id\":\"https:\/\/suomenkuvalehti.fi\/lahetyssaarnaaja\/#\/schema\/person\/image\/\",\"url\":\"https:\/\/suomenkuvalehti.fi\/lahetyssaarnaaja\/wp-content\/uploads\/sites\/35\/2015\/04\/ilkka_pernu-150x150.jpg\",\"contentUrl\":\"https:\/\/suomenkuvalehti.fi\/lahetyssaarnaaja\/wp-content\/uploads\/sites\/35\/2015\/04\/ilkka_pernu-150x150.jpg\",\"caption\":\"Ilkka Pernu\"},\"description\":\"Kirjoittaja on vapaa toimittaja, joka rakastaa hyv\u00e4\u00e4 tarinankerrontaa.\"}]}<\/script>\n<!-- \/ Yoast SEO plugin. -->","yoast_head_json":{"title":"Aika on ajanut Salaisten kansioiden ohi - L\u00e4hetyssaarnaaja","robots":{"index":"index","follow":"follow","max-snippet":"max-snippet:-1","max-image-preview":"max-image-preview:large","max-video-preview":"max-video-preview:-1"},"canonical":"https:\/\/suomenkuvalehti.fi\/lahetyssaarnaaja\/2016\/01\/28\/aika-on-ajanut-salaisten-kansioiden-ohi\/","og_locale":"fi_FI","og_type":"article","og_title":"Aika on ajanut Salaisten kansioiden ohi - L\u00e4hetyssaarnaaja","og_description":"Kuten elokuussa kirjoitin, Salaiset kansiot voisi&nbsp;yh\u00e4 olla ajankohtainen sarja. T\u00e4ll\u00e4 viikolla Fox-kanavalla alkoi 1990-luvun suosikkisarjan upouudet jaksot. Piskuisen kanavan mittapuulla avausjakso ker\u00e4si tiistaina kohtuullisen hyvin katsojia (Finnpanelin mukaan 220 000). Mutta mit&hellip;","og_url":"https:\/\/suomenkuvalehti.fi\/lahetyssaarnaaja\/2016\/01\/28\/aika-on-ajanut-salaisten-kansioiden-ohi\/","og_site_name":"L\u00e4hetyssaarnaaja","article_published_time":"2016-01-28T08:03:49+00:00","author":"Ilkka Pernu","twitter_misc":{"Written by":"Ilkka Pernu","Est. reading time":"1 minuutti"},"schema":{"@context":"https:\/\/schema.org","@graph":[{"@type":"WebPage","@id":"https:\/\/suomenkuvalehti.fi\/lahetyssaarnaaja\/2016\/01\/28\/aika-on-ajanut-salaisten-kansioiden-ohi\/","url":"https:\/\/suomenkuvalehti.fi\/lahetyssaarnaaja\/2016\/01\/28\/aika-on-ajanut-salaisten-kansioiden-ohi\/","name":"Aika on ajanut Salaisten kansioiden ohi - L\u00e4hetyssaarnaaja","isPartOf":{"@id":"https:\/\/suomenkuvalehti.fi\/lahetyssaarnaaja\/#website"},"datePublished":"2016-01-28T08:03:49+00:00","author":{"@id":"https:\/\/suomenkuvalehti.fi\/lahetyssaarnaaja\/#\/schema\/person\/b4250838cec7856ddbc793a5274488a2"},"breadcrumb":{"@id":"https:\/\/suomenkuvalehti.fi\/lahetyssaarnaaja\/2016\/01\/28\/aika-on-ajanut-salaisten-kansioiden-ohi\/#breadcrumb"},"inLanguage":"fi","potentialAction":[{"@type":"ReadAction","target":["https:\/\/suomenkuvalehti.fi\/lahetyssaarnaaja\/2016\/01\/28\/aika-on-ajanut-salaisten-kansioiden-ohi\/"]}]},{"@type":"BreadcrumbList","@id":"https:\/\/suomenkuvalehti.fi\/lahetyssaarnaaja\/2016\/01\/28\/aika-on-ajanut-salaisten-kansioiden-ohi\/#breadcrumb","itemListElement":[{"@type":"ListItem","position":1,"name":"Home","item":"https:\/\/suomenkuvalehti.fi\/lahetyssaarnaaja\/"},{"@type":"ListItem","position":2,"name":"Aika on ajanut Salaisten kansioiden ohi"}]},{"@type":"WebSite","@id":"https:\/\/suomenkuvalehti.fi\/lahetyssaarnaaja\/#website","url":"https:\/\/suomenkuvalehti.fi\/lahetyssaarnaaja\/","name":"L\u00e4hetyssaarnaaja","description":"Televisio el\u00e4\u00e4 uutta kultakauttaan. Ilkka Pernu kirjoittaa siit\u00e4.","potentialAction":[{"@type":"SearchAction","target":{"@type":"EntryPoint","urlTemplate":"https:\/\/suomenkuvalehti.fi\/haku\/?q={search_term_string}"},"query-input":{"@type":"PropertyValueSpecification","valueRequired":true,"valueName":"search_term_string"}}],"inLanguage":"fi"},{"@type":"Person","@id":"https:\/\/suomenkuvalehti.fi\/lahetyssaarnaaja\/#\/schema\/person\/b4250838cec7856ddbc793a5274488a2","name":"Ilkka Pernu","image":{"@type":"ImageObject","inLanguage":"fi","@id":"https:\/\/suomenkuvalehti.fi\/lahetyssaarnaaja\/#\/schema\/person\/image\/","url":"https:\/\/suomenkuvalehti.fi\/lahetyssaarnaaja\/wp-content\/uploads\/sites\/35\/2015\/04\/ilkka_pernu-150x150.jpg","contentUrl":"https:\/\/suomenkuvalehti.fi\/lahetyssaarnaaja\/wp-content\/uploads\/sites\/35\/2015\/04\/ilkka_pernu-150x150.jpg","caption":"Ilkka Pernu"},"description":"Kirjoittaja on vapaa toimittaja, joka rakastaa hyv\u00e4\u00e4 tarinankerrontaa."}]}},"_links":{"self":[{"href":"https:\/\/suomenkuvalehti.fi\/lahetyssaarnaaja\/wp-json\/wp\/v2\/posts\/217","targetHints":{"allow":["GET"]}}],"collection":[{"href":"https:\/\/suomenkuvalehti.fi\/lahetyssaarnaaja\/wp-json\/wp\/v2\/posts"}],"about":[{"href":"https:\/\/suomenkuvalehti.fi\/lahetyssaarnaaja\/wp-json\/wp\/v2\/types\/post"}],"author":[{"embeddable":true,"href":"https:\/\/suomenkuvalehti.fi\/lahetyssaarnaaja\/wp-json\/wp\/v2\/users\/15148"}],"replies":[{"embeddable":true,"href":"https:\/\/suomenkuvalehti.fi\/lahetyssaarnaaja\/wp-json\/wp\/v2\/comments?post=217"}],"version-history":[{"count":1,"href":"https:\/\/suomenkuvalehti.fi\/lahetyssaarnaaja\/wp-json\/wp\/v2\/posts\/217\/revisions"}],"predecessor-version":[{"id":218,"href":"https:\/\/suomenkuvalehti.fi\/lahetyssaarnaaja\/wp-json\/wp\/v2\/posts\/217\/revisions\/218"}],"wp:attachment":[{"href":"https:\/\/suomenkuvalehti.fi\/lahetyssaarnaaja\/wp-json\/wp\/v2\/media?parent=217"}],"wp:term":[{"taxonomy":"category","embeddable":true,"href":"https:\/\/suomenkuvalehti.fi\/lahetyssaarnaaja\/wp-json\/wp\/v2\/categories?post=217"},{"taxonomy":"post_tag","embeddable":true,"href":"https:\/\/suomenkuvalehti.fi\/lahetyssaarnaaja\/wp-json\/wp\/v2\/tags?post=217"}],"curies":[{"name":"wp","href":"https:\/\/api.w.org\/{rel}","templated":true}]}}