{"id":215,"date":"2016-01-26T11:07:18","date_gmt":"2016-01-26T09:07:18","guid":{"rendered":"https:\/\/suomenkuvalehti.fi\/lahetyssaarnaaja\/?p=215"},"modified":"2016-01-26T11:07:18","modified_gmt":"2016-01-26T09:07:18","slug":"vuonna-2016-hiphop-ja-rock-taistelevat-draamaherruudesta","status":"publish","type":"post","link":"https:\/\/suomenkuvalehti.fi\/lahetyssaarnaaja\/2016\/01\/26\/vuonna-2016-hiphop-ja-rock-taistelevat-draamaherruudesta\/","title":{"rendered":"Vuonna 2016 hiphop ja rock taistelevat draamaherruudesta"},"content":{"rendered":"\n<p>L\u00e4nsimaisen populaarimusiikin l\u00e4hihistoriaa perataan t\u00e4n\u00e4 vuonna toden teolla. Tekeill\u00e4 on kaksi eritt\u00e4in kiinnostavaa draamasarajaa, jotka sijoittuvat 1970-luvun New Yorkiin. Helmikuussa alkava HBO-sarja <em>Vinyl<\/em> kuvaa Nykin rockskene\u00e4.<\/p>\n\n\n\n<p>Ajankuvan&nbsp;luulisi olevan autenttista, sill\u00e4 sarjan tuottajana on <strong>Mick Jagger<\/strong>. Rolling Stone -legenda toivon mukaan puhaltaa&nbsp;sarjaan lantiosta ja \u00e4\u00e4nihuulista l\u00e4htev\u00e4\u00e4 seksi\u00e4, sill\u00e4 vaarana on, ett\u00e4 k\u00e4sikirjoittaja&nbsp;<strong>Terrence Winter<\/strong> ja pilottijakson ohjaaja&nbsp;<strong>Martin Scorsese<\/strong>&nbsp;p\u00f6h\u00f6tt\u00e4v\u00e4t sarjan kliseiseksi mammutiksi.<\/p>\n\n\n\n<p>Siin\u00e4 miss\u00e4 <em>Vinyliss\u00e4<\/em> liikutaan Sohossa ja muualla downtownissa, Netflix-sarjan <em>Get Downin<\/em> n\u00e4ytt\u00e4m\u00f6n\u00e4 on Manhattanin pohjoisosa Bronx \u2013 paikka, jossa hiphop syntyi. <em>Det Down<\/em> ei kerro tietenk\u00e4\u00e4n vain musiikista, vaan kokonaisesta katukulttuurista, johon kiinte\u00e4sti kuuluvat dj:t, graffitit, tanssi, jengit ja rotutaistelu.<\/p>\n\n\n\n<p><em>Get Down<\/em> vaikuttaa monipuoliselta draamalta, joka tavoittaa hiphop-kulttuurin v\u00e4rikyll\u00e4isyyden ja svengin sopivan karnevalistisesti. Se on isolta osin ohjaaja <strong>Baz Luhrmannin<\/strong> ansiota. Ennakolta <em>Get Down<\/em> n\u00e4ytt\u00e4\u00e4&nbsp;Luhrmannin portfolion t\u00e4rkeimpien elokuvien&nbsp;<em>Moulin Rougen<\/em> ja <em>Romeo + Julietin<\/em> mashupilta.<\/p>\n\n\n\n<p>Amerikkalaista musiikkiteollisuutta kuvaaville draamoille on nyt kysynt\u00e4\u00e4. Vuonna 2012 alkanut country-draama <em>Nashville<\/em> on noussut kestosuosikiksi ja vuosi sitten alkanut <em>Empire<\/em> \u2013 2010-luvun <em>Dynastia<\/em> r\u00e4p-kuorrutuksella \u2013 on ker\u00e4nnyt kehuja ja katsojia. Kumpikin kertoo omasta lajityypist\u00e4 musiikin ehdoilla.<\/p>\n\n\n\n<p>Ensivilkaisulta <em>Get Down<\/em> vet\u00e4\u00e4 tulevista musadraamoista pidemm\u00e4n korren.&nbsp;Siin\u00e4 miss\u00e4 Scorsese ja Winter osaavat kyll\u00e4 luoda komeita kuvia ja sopivan tunkkaista ajankuvaa, Luhrmann tekee uskottavasta liioittelusta ja fantasiasta taidetta. Vinyyli ei tapansa mukaan hengit\u00e4.<\/p>\n\n\n","protected":false},"excerpt":{"rendered":"<p>L\u00e4nsimaisen populaarimusiikin l\u00e4hihistoriaa perataan t\u00e4n\u00e4 vuonna toden teolla. Tekeill\u00e4 on kaksi eritt\u00e4in kiinnostavaa draamasarajaa, jotka sijoittuvat 1970-luvun New Yorkiin. Helmikuussa alkava HBO-sarja Vinyl kuvaa Nykin rockskene\u00e4. Ajankuvan&nbsp;luulisi olevan<br \/>\nautent&hellip;<\/p>\n","protected":false},"author":15148,"featured_media":0,"comment_status":"open","ping_status":"open","sticky":false,"template":"","format":"standard","meta":{"_acf_changed":false,"asauth_required_access_level":3,"asauth_cansharepaid":"true","om_header_attributes":[],"footnotes":"","om_featured_image_focal_point":[],"om_primary_tag":0,"om_contributors":[],"om_co_authors":[],"beyondwords_generate_audio":"","beyondwords_project_id":"","beyondwords_content_id":"","beyondwords_preview_token":"","beyondwords_player_content":"","beyondwords_player_style":"","beyondwords_language_code":"","beyondwords_language_id":"","beyondwords_title_voice_id":"","beyondwords_body_voice_id":"","beyondwords_summary_voice_id":"","beyondwords_error_message":"","beyondwords_disabled":"","beyondwords_delete_content":"","beyondwords_podcast_id":"","beyondwords_hash":"","publish_post_to_speechkit":"","speechkit_hash":"","speechkit_generate_audio":"","speechkit_project_id":"","speechkit_podcast_id":"","speechkit_error_message":"","speechkit_disabled":"","speechkit_access_key":"","speechkit_error":"","speechkit_info":"","speechkit_response":"","speechkit_retries":"","speechkit_status":"","speechkit_updated_at":"","_speechkit_link":"","_speechkit_text":""},"categories":[1],"tags":[153,152,30,154,9,102],"class_list":["post-215","post","type-post","status-publish","format-standard","hentry","category-lahetyssaarnaaja","tag-empire","tag-get-down","tag-hbo","tag-nashville","tag-netflix","tag-vinyl"],"om_views":null,"acf":{"tuuma_off":false,"tuuma_kysymys":"","tuuma_vastaus":""},"asauth":{"required_access_level":1,"share_token":"","is_paid":false},"yoast_head":"<!-- This site is optimized with the Yoast SEO plugin v26.4 - https:\/\/yoast.com\/wordpress\/plugins\/seo\/ -->\n<title>Vuonna 2016 hiphop ja rock taistelevat draamaherruudesta - L\u00e4hetyssaarnaaja<\/title>\n<meta name=\"robots\" content=\"index, follow, max-snippet:-1, max-image-preview:large, max-video-preview:-1\" \/>\n<link rel=\"canonical\" href=\"https:\/\/suomenkuvalehti.fi\/lahetyssaarnaaja\/2016\/01\/26\/vuonna-2016-hiphop-ja-rock-taistelevat-draamaherruudesta\/\" \/>\n<meta property=\"og:locale\" content=\"fi_FI\" \/>\n<meta property=\"og:type\" content=\"article\" \/>\n<meta property=\"og:title\" content=\"Vuonna 2016 hiphop ja rock taistelevat draamaherruudesta - L\u00e4hetyssaarnaaja\" \/>\n<meta property=\"og:description\" content=\"L\u00e4nsimaisen populaarimusiikin l\u00e4hihistoriaa perataan t\u00e4n\u00e4 vuonna toden teolla. Tekeill\u00e4 on kaksi eritt\u00e4in kiinnostavaa draamasarajaa, jotka sijoittuvat 1970-luvun New Yorkiin. Helmikuussa alkava HBO-sarja Vinyl kuvaa Nykin rockskene\u00e4. Ajankuvan&nbsp;luulisi olevan autent&hellip;\" \/>\n<meta property=\"og:url\" content=\"https:\/\/suomenkuvalehti.fi\/lahetyssaarnaaja\/2016\/01\/26\/vuonna-2016-hiphop-ja-rock-taistelevat-draamaherruudesta\/\" \/>\n<meta property=\"og:site_name\" content=\"L\u00e4hetyssaarnaaja\" \/>\n<meta property=\"article:published_time\" content=\"2016-01-26T09:07:18+00:00\" \/>\n<meta name=\"author\" content=\"Ilkka Pernu\" \/>\n<meta name=\"twitter:label1\" content=\"Written by\" \/>\n\t<meta name=\"twitter:data1\" content=\"Ilkka Pernu\" \/>\n\t<meta name=\"twitter:label2\" content=\"Est. reading time\" \/>\n\t<meta name=\"twitter:data2\" content=\"1 minuutti\" \/>\n<script type=\"application\/ld+json\" class=\"yoast-schema-graph\">{\"@context\":\"https:\/\/schema.org\",\"@graph\":[{\"@type\":\"WebPage\",\"@id\":\"https:\/\/suomenkuvalehti.fi\/lahetyssaarnaaja\/2016\/01\/26\/vuonna-2016-hiphop-ja-rock-taistelevat-draamaherruudesta\/\",\"url\":\"https:\/\/suomenkuvalehti.fi\/lahetyssaarnaaja\/2016\/01\/26\/vuonna-2016-hiphop-ja-rock-taistelevat-draamaherruudesta\/\",\"name\":\"Vuonna 2016 hiphop ja rock taistelevat draamaherruudesta - L\u00e4hetyssaarnaaja\",\"isPartOf\":{\"@id\":\"https:\/\/suomenkuvalehti.fi\/lahetyssaarnaaja\/#website\"},\"datePublished\":\"2016-01-26T09:07:18+00:00\",\"author\":{\"@id\":\"https:\/\/suomenkuvalehti.fi\/lahetyssaarnaaja\/#\/schema\/person\/b4250838cec7856ddbc793a5274488a2\"},\"breadcrumb\":{\"@id\":\"https:\/\/suomenkuvalehti.fi\/lahetyssaarnaaja\/2016\/01\/26\/vuonna-2016-hiphop-ja-rock-taistelevat-draamaherruudesta\/#breadcrumb\"},\"inLanguage\":\"fi\",\"potentialAction\":[{\"@type\":\"ReadAction\",\"target\":[\"https:\/\/suomenkuvalehti.fi\/lahetyssaarnaaja\/2016\/01\/26\/vuonna-2016-hiphop-ja-rock-taistelevat-draamaherruudesta\/\"]}]},{\"@type\":\"BreadcrumbList\",\"@id\":\"https:\/\/suomenkuvalehti.fi\/lahetyssaarnaaja\/2016\/01\/26\/vuonna-2016-hiphop-ja-rock-taistelevat-draamaherruudesta\/#breadcrumb\",\"itemListElement\":[{\"@type\":\"ListItem\",\"position\":1,\"name\":\"Home\",\"item\":\"https:\/\/suomenkuvalehti.fi\/lahetyssaarnaaja\/\"},{\"@type\":\"ListItem\",\"position\":2,\"name\":\"Vuonna 2016 hiphop ja rock taistelevat draamaherruudesta\"}]},{\"@type\":\"WebSite\",\"@id\":\"https:\/\/suomenkuvalehti.fi\/lahetyssaarnaaja\/#website\",\"url\":\"https:\/\/suomenkuvalehti.fi\/lahetyssaarnaaja\/\",\"name\":\"L\u00e4hetyssaarnaaja\",\"description\":\"Televisio el\u00e4\u00e4 uutta kultakauttaan. Ilkka Pernu kirjoittaa siit\u00e4.\",\"potentialAction\":[{\"@type\":\"SearchAction\",\"target\":{\"@type\":\"EntryPoint\",\"urlTemplate\":\"https:\/\/suomenkuvalehti.fi\/haku\/?q={search_term_string}\"},\"query-input\":{\"@type\":\"PropertyValueSpecification\",\"valueRequired\":true,\"valueName\":\"search_term_string\"}}],\"inLanguage\":\"fi\"},{\"@type\":\"Person\",\"@id\":\"https:\/\/suomenkuvalehti.fi\/lahetyssaarnaaja\/#\/schema\/person\/b4250838cec7856ddbc793a5274488a2\",\"name\":\"Ilkka Pernu\",\"image\":{\"@type\":\"ImageObject\",\"inLanguage\":\"fi\",\"@id\":\"https:\/\/suomenkuvalehti.fi\/lahetyssaarnaaja\/#\/schema\/person\/image\/\",\"url\":\"https:\/\/suomenkuvalehti.fi\/lahetyssaarnaaja\/wp-content\/uploads\/sites\/35\/2015\/04\/ilkka_pernu-150x150.jpg\",\"contentUrl\":\"https:\/\/suomenkuvalehti.fi\/lahetyssaarnaaja\/wp-content\/uploads\/sites\/35\/2015\/04\/ilkka_pernu-150x150.jpg\",\"caption\":\"Ilkka Pernu\"},\"description\":\"Kirjoittaja on vapaa toimittaja, joka rakastaa hyv\u00e4\u00e4 tarinankerrontaa.\"}]}<\/script>\n<!-- \/ Yoast SEO plugin. -->","yoast_head_json":{"title":"Vuonna 2016 hiphop ja rock taistelevat draamaherruudesta - L\u00e4hetyssaarnaaja","robots":{"index":"index","follow":"follow","max-snippet":"max-snippet:-1","max-image-preview":"max-image-preview:large","max-video-preview":"max-video-preview:-1"},"canonical":"https:\/\/suomenkuvalehti.fi\/lahetyssaarnaaja\/2016\/01\/26\/vuonna-2016-hiphop-ja-rock-taistelevat-draamaherruudesta\/","og_locale":"fi_FI","og_type":"article","og_title":"Vuonna 2016 hiphop ja rock taistelevat draamaherruudesta - L\u00e4hetyssaarnaaja","og_description":"L\u00e4nsimaisen populaarimusiikin l\u00e4hihistoriaa perataan t\u00e4n\u00e4 vuonna toden teolla. Tekeill\u00e4 on kaksi eritt\u00e4in kiinnostavaa draamasarajaa, jotka sijoittuvat 1970-luvun New Yorkiin. Helmikuussa alkava HBO-sarja Vinyl kuvaa Nykin rockskene\u00e4. Ajankuvan&nbsp;luulisi olevan autent&hellip;","og_url":"https:\/\/suomenkuvalehti.fi\/lahetyssaarnaaja\/2016\/01\/26\/vuonna-2016-hiphop-ja-rock-taistelevat-draamaherruudesta\/","og_site_name":"L\u00e4hetyssaarnaaja","article_published_time":"2016-01-26T09:07:18+00:00","author":"Ilkka Pernu","twitter_misc":{"Written by":"Ilkka Pernu","Est. reading time":"1 minuutti"},"schema":{"@context":"https:\/\/schema.org","@graph":[{"@type":"WebPage","@id":"https:\/\/suomenkuvalehti.fi\/lahetyssaarnaaja\/2016\/01\/26\/vuonna-2016-hiphop-ja-rock-taistelevat-draamaherruudesta\/","url":"https:\/\/suomenkuvalehti.fi\/lahetyssaarnaaja\/2016\/01\/26\/vuonna-2016-hiphop-ja-rock-taistelevat-draamaherruudesta\/","name":"Vuonna 2016 hiphop ja rock taistelevat draamaherruudesta - L\u00e4hetyssaarnaaja","isPartOf":{"@id":"https:\/\/suomenkuvalehti.fi\/lahetyssaarnaaja\/#website"},"datePublished":"2016-01-26T09:07:18+00:00","author":{"@id":"https:\/\/suomenkuvalehti.fi\/lahetyssaarnaaja\/#\/schema\/person\/b4250838cec7856ddbc793a5274488a2"},"breadcrumb":{"@id":"https:\/\/suomenkuvalehti.fi\/lahetyssaarnaaja\/2016\/01\/26\/vuonna-2016-hiphop-ja-rock-taistelevat-draamaherruudesta\/#breadcrumb"},"inLanguage":"fi","potentialAction":[{"@type":"ReadAction","target":["https:\/\/suomenkuvalehti.fi\/lahetyssaarnaaja\/2016\/01\/26\/vuonna-2016-hiphop-ja-rock-taistelevat-draamaherruudesta\/"]}]},{"@type":"BreadcrumbList","@id":"https:\/\/suomenkuvalehti.fi\/lahetyssaarnaaja\/2016\/01\/26\/vuonna-2016-hiphop-ja-rock-taistelevat-draamaherruudesta\/#breadcrumb","itemListElement":[{"@type":"ListItem","position":1,"name":"Home","item":"https:\/\/suomenkuvalehti.fi\/lahetyssaarnaaja\/"},{"@type":"ListItem","position":2,"name":"Vuonna 2016 hiphop ja rock taistelevat draamaherruudesta"}]},{"@type":"WebSite","@id":"https:\/\/suomenkuvalehti.fi\/lahetyssaarnaaja\/#website","url":"https:\/\/suomenkuvalehti.fi\/lahetyssaarnaaja\/","name":"L\u00e4hetyssaarnaaja","description":"Televisio el\u00e4\u00e4 uutta kultakauttaan. Ilkka Pernu kirjoittaa siit\u00e4.","potentialAction":[{"@type":"SearchAction","target":{"@type":"EntryPoint","urlTemplate":"https:\/\/suomenkuvalehti.fi\/haku\/?q={search_term_string}"},"query-input":{"@type":"PropertyValueSpecification","valueRequired":true,"valueName":"search_term_string"}}],"inLanguage":"fi"},{"@type":"Person","@id":"https:\/\/suomenkuvalehti.fi\/lahetyssaarnaaja\/#\/schema\/person\/b4250838cec7856ddbc793a5274488a2","name":"Ilkka Pernu","image":{"@type":"ImageObject","inLanguage":"fi","@id":"https:\/\/suomenkuvalehti.fi\/lahetyssaarnaaja\/#\/schema\/person\/image\/","url":"https:\/\/suomenkuvalehti.fi\/lahetyssaarnaaja\/wp-content\/uploads\/sites\/35\/2015\/04\/ilkka_pernu-150x150.jpg","contentUrl":"https:\/\/suomenkuvalehti.fi\/lahetyssaarnaaja\/wp-content\/uploads\/sites\/35\/2015\/04\/ilkka_pernu-150x150.jpg","caption":"Ilkka Pernu"},"description":"Kirjoittaja on vapaa toimittaja, joka rakastaa hyv\u00e4\u00e4 tarinankerrontaa."}]}},"_links":{"self":[{"href":"https:\/\/suomenkuvalehti.fi\/lahetyssaarnaaja\/wp-json\/wp\/v2\/posts\/215","targetHints":{"allow":["GET"]}}],"collection":[{"href":"https:\/\/suomenkuvalehti.fi\/lahetyssaarnaaja\/wp-json\/wp\/v2\/posts"}],"about":[{"href":"https:\/\/suomenkuvalehti.fi\/lahetyssaarnaaja\/wp-json\/wp\/v2\/types\/post"}],"author":[{"embeddable":true,"href":"https:\/\/suomenkuvalehti.fi\/lahetyssaarnaaja\/wp-json\/wp\/v2\/users\/15148"}],"replies":[{"embeddable":true,"href":"https:\/\/suomenkuvalehti.fi\/lahetyssaarnaaja\/wp-json\/wp\/v2\/comments?post=215"}],"version-history":[{"count":1,"href":"https:\/\/suomenkuvalehti.fi\/lahetyssaarnaaja\/wp-json\/wp\/v2\/posts\/215\/revisions"}],"predecessor-version":[{"id":216,"href":"https:\/\/suomenkuvalehti.fi\/lahetyssaarnaaja\/wp-json\/wp\/v2\/posts\/215\/revisions\/216"}],"wp:attachment":[{"href":"https:\/\/suomenkuvalehti.fi\/lahetyssaarnaaja\/wp-json\/wp\/v2\/media?parent=215"}],"wp:term":[{"taxonomy":"category","embeddable":true,"href":"https:\/\/suomenkuvalehti.fi\/lahetyssaarnaaja\/wp-json\/wp\/v2\/categories?post=215"},{"taxonomy":"post_tag","embeddable":true,"href":"https:\/\/suomenkuvalehti.fi\/lahetyssaarnaaja\/wp-json\/wp\/v2\/tags?post=215"}],"curies":[{"name":"wp","href":"https:\/\/api.w.org\/{rel}","templated":true}]}}