{"id":207,"date":"2016-01-13T12:59:05","date_gmt":"2016-01-13T10:59:05","guid":{"rendered":"https:\/\/suomenkuvalehti.fi\/lahetyssaarnaaja\/?p=207"},"modified":"2016-01-13T12:59:05","modified_gmt":"2016-01-13T10:59:05","slug":"jo-nesbon-nimella-voi-naemma-myyda-mita-tahansa","status":"publish","type":"post","link":"https:\/\/suomenkuvalehti.fi\/lahetyssaarnaaja\/2016\/01\/13\/jo-nesbon-nimella-voi-naemma-myyda-mita-tahansa\/","title":{"rendered":"Jo Nesb\u00f8n nimell\u00e4 voi n\u00e4emm\u00e4 myyd\u00e4 mit\u00e4 tahansa"},"content":{"rendered":"\n<p>Norjalainen suurtuotanto&nbsp;<em>Miehitetty<\/em> (<em>Okkupert<\/em>) alkoi eilen Suomessa MTV3:lla. Yli 10 miljoonan budjetilla tehty tv-sarja on myyty useaan Euroopan maahan ja siit\u00e4 odotetaan valtavaa kansainv\u00e4list\u00e4 hitti\u00e4. L\u00e4ht\u00f6kohdat toki ovat lupaavat \u2013 se ratsastaa pohjoismaisen television trendill\u00e4, mutta tuo siihen&nbsp;uudenlaisen tuulahduksen. Synkk\u00e4s\u00e4vyisen dekkarin sijaan se on superajankohtainen poliittinen trilleri.<\/p>\n\n\n\n<p>Sarjassa&nbsp;Norja aikoo panostaa toden teolla&nbsp;uusiutuviin energioihin. Yhten\u00e4 toimena uusi hallitus&nbsp;lopettaa kaasun ja \u00f6ljyn tuotannon Pohjanmerell\u00e4. Syntyy \u00f6ljykriisi, josta EU ei pid\u00e4. Selkkauksen seurauksena Ven\u00e4j\u00e4 valloittaa Norjan ja takavarikoi sen \u00f6ljyvarat.<\/p>\n\n\n\n<p>L\u00e4ht\u00f6idea on kutkuttava ja poliittisesti mielenkiintoinen. Syksyll\u00e4, kun sarja Norjan TV2:lla alkoi, syntyi ulkopoliittinen <a href=\"http:\/\/www.dn.se\/kultur-noje\/film-tv\/ryskt-fordomande-av-norsk-tv-serie-om-ockupation\/\" target=\"_blank\">selkkaus<\/a>; Ven\u00e4j\u00e4n Oslon-suurl\u00e4hetyst\u00f6 tuomitsi sarjan tapahtumat.<\/p>\n\n\n\n<p>Valitettavasti sarja ei ole hyv\u00e4. N\u00e4ytt\u00e4vist\u00e4 puitteista huolimatta <em>Miehitetty<\/em> on lapsellinen ja ep\u00e4uskottava. Se muistuttaa Norjan propagandamainosta. Ennen kaikkea k\u00e4sikirjoitus on kehno.<\/p>\n\n\n\n<p>Mik\u00e4 on mennyt vikaan? Sarjaa mainostetaan Norjan tunnetuimman kirjailijan <strong>Jo Nesb\u00f8n<\/strong> nimell\u00e4. H\u00e4nen dekkarinsa ovat my\u00f6s Suomessa eritt\u00e4in suosittuja.&nbsp;Nesb\u00f8 ei kuitenkaan ole ollut tv-produktiossa mukana, vaan sarja ainoastaan perustuu h\u00e4nen ideaansa.<\/p>\n\n\n\n<p>Nesb\u00f8 on nero luomaan omaper\u00e4isi\u00e4&nbsp;ja kieroja juonenk\u00e4\u00e4nteit\u00e4 ja h\u00e4n taitaa elokuvallisen kerronnan proosassa. H\u00e4nen <em>Harry Hole<\/em> -kirjat ovat harvoja nykydekkareita, joista olen aidosti nauttinut. H\u00e4n on h\u00e4ik\u00e4ilem\u00e4t\u00f6n nukkemestari, joka osaa vied\u00e4 lukijaa aina haluaamansa suuntaan. Nesb\u00f8 on tuonut&nbsp;viihdekirjoihinsa&nbsp;my\u00f6s&nbsp;yhteiskunnallisia teemoja ja on esimerkiksi k\u00e4sitellyt Norjan ja natsi-Saksan l\u00e4heisi\u00e4 suhteita.<\/p>\n\n\n\n<p>Nesb\u00f8 on kertonut, ett\u00e4 <em>Miehitetty<\/em>-sarjan idea on syntynyt jo vuosia sitten mutta&nbsp;siit\u00e4 ei aiemmin oltu kiinnostuneita, koska sit\u00e4 pidettiin niin ep\u00e4uskottavana. Sit\u00e4 se on nytkin, mutta ihan v\u00e4\u00e4r\u00e4ll\u00e4 tavalla. Pariisin ilmastosopimuksen ja Krimin miehityksen j\u00e4lkeen tarina ei ole silkkaa scifi\u00e4. Omissa kirjoissaan Nesb\u00f8 on onnistunut peitt\u00e4m\u00e4\u00e4n ep\u00e4loogisuudet taitavalla kirjoittamisella, mutta valtavassa tv-tuotannossa virheet n\u00e4kyv\u00e4t selvemmin.<\/p>\n\n\n\n<p>Edes norjalaiset katsojat eiv\u00e4t innostuneet sarjasta. Se alkoi viime lokakuussa hyvin, jolloin avausjaksoa seurasi&nbsp;663 000 katsojaa, mutta jos muutaman jakson j\u00e4lkeen l\u00e4hes puolet katsojista oli vaihtanut kanavaa.<\/p>\n\n\n\n<p>On s\u00e4\u00e4li Nesb\u00f8ta kohtaan, ett\u00e4 <em>Miehitetty\u00e4<\/em> mainostetaan niin n\u00e4kyv\u00e4sti dekkaristin nimell\u00e4. Toki sen ymm\u00e4rt\u00e4\u00e4: h\u00e4n on er\u00e4\u00e4nlainen Norjan oma Midas, jonka kosketuksen toivotaan muuttavan kaiken kullaksi.<\/p>\n\n\n\n<p>Jos nyt pit\u00e4\u00e4 valita yksi norjalaisdraama, jota katsoa, valitsen marraskuussa \u2013 <em>Miehitetyn<\/em> tapaan MTV3:lla \u2013 alkaneen <em>Mustamaalatun<\/em> (<em>Frikjent<\/em>). Se on suoraviivainen salaliittoj\u00e4nn\u00e4ri, mutta ainakaan sit\u00e4 katsoessa ei my\u00f6t\u00e4h\u00e4vet\u00e4.<\/p>\n\n\n","protected":false},"excerpt":{"rendered":"<p>Norjalainen suurtuotanto&nbsp;Miehitetty (Okkupert) alkoi eilen Suomessa MTV3:lla. Yli 10 miljoonan budjetilla tehty tv-sarja on myyty useaan Euroopan maahan ja siit\u00e4 odotetaan valtavaa kansainv\u00e4list\u00e4 hitti\u00e4. L\u00e4ht\u00f6kohdat toki ovat lupaavat \u2013 se ratsastaa pohjoismaisen<br \/>\ntelevis&hellip;<\/p>\n","protected":false},"author":15148,"featured_media":0,"comment_status":"open","ping_status":"open","sticky":false,"template":"","format":"standard","meta":{"_acf_changed":false,"asauth_required_access_level":3,"asauth_cansharepaid":"true","om_header_attributes":[],"footnotes":"","om_featured_image_focal_point":[],"om_primary_tag":0,"om_contributors":[],"om_co_authors":[],"beyondwords_generate_audio":"","beyondwords_project_id":"","beyondwords_content_id":"","beyondwords_preview_token":"","beyondwords_player_content":"","beyondwords_player_style":"","beyondwords_language_code":"","beyondwords_language_id":"","beyondwords_title_voice_id":"","beyondwords_body_voice_id":"","beyondwords_summary_voice_id":"","beyondwords_error_message":"","beyondwords_disabled":"","beyondwords_delete_content":"","beyondwords_podcast_id":"","beyondwords_hash":"","publish_post_to_speechkit":"","speechkit_hash":"","speechkit_generate_audio":"","speechkit_project_id":"","speechkit_podcast_id":"","speechkit_error_message":"","speechkit_disabled":"","speechkit_access_key":"","speechkit_error":"","speechkit_info":"","speechkit_response":"","speechkit_retries":"","speechkit_status":"","speechkit_updated_at":"","_speechkit_link":"","_speechkit_text":""},"categories":[1],"tags":[150,148,149],"class_list":["post-207","post","type-post","status-publish","format-standard","hentry","category-lahetyssaarnaaja","tag-jo-nesbo","tag-miehitetty","tag-mustamaalattu"],"om_views":null,"acf":{"tuuma_off":false,"tuuma_kysymys":"","tuuma_vastaus":""},"asauth":{"required_access_level":1,"share_token":"","is_paid":false},"yoast_head":"<!-- This site is optimized with the Yoast SEO plugin v26.4 - https:\/\/yoast.com\/wordpress\/plugins\/seo\/ -->\n<title>Jo Nesb\u00f8n nimell\u00e4 voi n\u00e4emm\u00e4 myyd\u00e4 mit\u00e4 tahansa - L\u00e4hetyssaarnaaja<\/title>\n<meta name=\"robots\" content=\"index, follow, max-snippet:-1, max-image-preview:large, max-video-preview:-1\" \/>\n<link rel=\"canonical\" href=\"https:\/\/suomenkuvalehti.fi\/lahetyssaarnaaja\/2016\/01\/13\/jo-nesbon-nimella-voi-naemma-myyda-mita-tahansa\/\" \/>\n<meta property=\"og:locale\" content=\"fi_FI\" \/>\n<meta property=\"og:type\" content=\"article\" \/>\n<meta property=\"og:title\" content=\"Jo Nesb\u00f8n nimell\u00e4 voi n\u00e4emm\u00e4 myyd\u00e4 mit\u00e4 tahansa - L\u00e4hetyssaarnaaja\" \/>\n<meta property=\"og:description\" content=\"Ajankohtainen poliittinen trilleri Miehitetty muistuttaa Norjan propagandamainosta. Harmittaa rikoskirjailija Jo Nesb\u00f8n puolesta.\" \/>\n<meta property=\"og:url\" content=\"https:\/\/suomenkuvalehti.fi\/lahetyssaarnaaja\/2016\/01\/13\/jo-nesbon-nimella-voi-naemma-myyda-mita-tahansa\/\" \/>\n<meta property=\"og:site_name\" content=\"L\u00e4hetyssaarnaaja\" \/>\n<meta property=\"article:published_time\" content=\"2016-01-13T10:59:05+00:00\" \/>\n<meta name=\"author\" content=\"Ilkka Pernu\" \/>\n<meta name=\"twitter:label1\" content=\"Written by\" \/>\n\t<meta name=\"twitter:data1\" content=\"Ilkka Pernu\" \/>\n\t<meta name=\"twitter:label2\" content=\"Est. reading time\" \/>\n\t<meta name=\"twitter:data2\" content=\"2 minuuttia\" \/>\n<script type=\"application\/ld+json\" class=\"yoast-schema-graph\">{\"@context\":\"https:\/\/schema.org\",\"@graph\":[{\"@type\":\"WebPage\",\"@id\":\"https:\/\/suomenkuvalehti.fi\/lahetyssaarnaaja\/2016\/01\/13\/jo-nesbon-nimella-voi-naemma-myyda-mita-tahansa\/\",\"url\":\"https:\/\/suomenkuvalehti.fi\/lahetyssaarnaaja\/2016\/01\/13\/jo-nesbon-nimella-voi-naemma-myyda-mita-tahansa\/\",\"name\":\"Jo Nesb\u00f8n nimell\u00e4 voi n\u00e4emm\u00e4 myyd\u00e4 mit\u00e4 tahansa - L\u00e4hetyssaarnaaja\",\"isPartOf\":{\"@id\":\"https:\/\/suomenkuvalehti.fi\/lahetyssaarnaaja\/#website\"},\"datePublished\":\"2016-01-13T10:59:05+00:00\",\"author\":{\"@id\":\"https:\/\/suomenkuvalehti.fi\/lahetyssaarnaaja\/#\/schema\/person\/b4250838cec7856ddbc793a5274488a2\"},\"breadcrumb\":{\"@id\":\"https:\/\/suomenkuvalehti.fi\/lahetyssaarnaaja\/2016\/01\/13\/jo-nesbon-nimella-voi-naemma-myyda-mita-tahansa\/#breadcrumb\"},\"inLanguage\":\"fi\",\"potentialAction\":[{\"@type\":\"ReadAction\",\"target\":[\"https:\/\/suomenkuvalehti.fi\/lahetyssaarnaaja\/2016\/01\/13\/jo-nesbon-nimella-voi-naemma-myyda-mita-tahansa\/\"]}]},{\"@type\":\"BreadcrumbList\",\"@id\":\"https:\/\/suomenkuvalehti.fi\/lahetyssaarnaaja\/2016\/01\/13\/jo-nesbon-nimella-voi-naemma-myyda-mita-tahansa\/#breadcrumb\",\"itemListElement\":[{\"@type\":\"ListItem\",\"position\":1,\"name\":\"Home\",\"item\":\"https:\/\/suomenkuvalehti.fi\/lahetyssaarnaaja\/\"},{\"@type\":\"ListItem\",\"position\":2,\"name\":\"Jo Nesb\u00f8n nimell\u00e4 voi n\u00e4emm\u00e4 myyd\u00e4 mit\u00e4 tahansa\"}]},{\"@type\":\"WebSite\",\"@id\":\"https:\/\/suomenkuvalehti.fi\/lahetyssaarnaaja\/#website\",\"url\":\"https:\/\/suomenkuvalehti.fi\/lahetyssaarnaaja\/\",\"name\":\"L\u00e4hetyssaarnaaja\",\"description\":\"Televisio el\u00e4\u00e4 uutta kultakauttaan. Ilkka Pernu kirjoittaa siit\u00e4.\",\"potentialAction\":[{\"@type\":\"SearchAction\",\"target\":{\"@type\":\"EntryPoint\",\"urlTemplate\":\"https:\/\/suomenkuvalehti.fi\/haku\/?q={search_term_string}\"},\"query-input\":{\"@type\":\"PropertyValueSpecification\",\"valueRequired\":true,\"valueName\":\"search_term_string\"}}],\"inLanguage\":\"fi\"},{\"@type\":\"Person\",\"@id\":\"https:\/\/suomenkuvalehti.fi\/lahetyssaarnaaja\/#\/schema\/person\/b4250838cec7856ddbc793a5274488a2\",\"name\":\"Ilkka Pernu\",\"image\":{\"@type\":\"ImageObject\",\"inLanguage\":\"fi\",\"@id\":\"https:\/\/suomenkuvalehti.fi\/lahetyssaarnaaja\/#\/schema\/person\/image\/\",\"url\":\"https:\/\/suomenkuvalehti.fi\/lahetyssaarnaaja\/wp-content\/uploads\/sites\/35\/2015\/04\/ilkka_pernu-150x150.jpg\",\"contentUrl\":\"https:\/\/suomenkuvalehti.fi\/lahetyssaarnaaja\/wp-content\/uploads\/sites\/35\/2015\/04\/ilkka_pernu-150x150.jpg\",\"caption\":\"Ilkka Pernu\"},\"description\":\"Kirjoittaja on vapaa toimittaja, joka rakastaa hyv\u00e4\u00e4 tarinankerrontaa.\"}]}<\/script>\n<!-- \/ Yoast SEO plugin. -->","yoast_head_json":{"title":"Jo Nesb\u00f8n nimell\u00e4 voi n\u00e4emm\u00e4 myyd\u00e4 mit\u00e4 tahansa - L\u00e4hetyssaarnaaja","robots":{"index":"index","follow":"follow","max-snippet":"max-snippet:-1","max-image-preview":"max-image-preview:large","max-video-preview":"max-video-preview:-1"},"canonical":"https:\/\/suomenkuvalehti.fi\/lahetyssaarnaaja\/2016\/01\/13\/jo-nesbon-nimella-voi-naemma-myyda-mita-tahansa\/","og_locale":"fi_FI","og_type":"article","og_title":"Jo Nesb\u00f8n nimell\u00e4 voi n\u00e4emm\u00e4 myyd\u00e4 mit\u00e4 tahansa - L\u00e4hetyssaarnaaja","og_description":"Ajankohtainen poliittinen trilleri Miehitetty muistuttaa Norjan propagandamainosta. Harmittaa rikoskirjailija Jo Nesb\u00f8n puolesta.","og_url":"https:\/\/suomenkuvalehti.fi\/lahetyssaarnaaja\/2016\/01\/13\/jo-nesbon-nimella-voi-naemma-myyda-mita-tahansa\/","og_site_name":"L\u00e4hetyssaarnaaja","article_published_time":"2016-01-13T10:59:05+00:00","author":"Ilkka Pernu","twitter_misc":{"Written by":"Ilkka Pernu","Est. reading time":"2 minuuttia"},"schema":{"@context":"https:\/\/schema.org","@graph":[{"@type":"WebPage","@id":"https:\/\/suomenkuvalehti.fi\/lahetyssaarnaaja\/2016\/01\/13\/jo-nesbon-nimella-voi-naemma-myyda-mita-tahansa\/","url":"https:\/\/suomenkuvalehti.fi\/lahetyssaarnaaja\/2016\/01\/13\/jo-nesbon-nimella-voi-naemma-myyda-mita-tahansa\/","name":"Jo Nesb\u00f8n nimell\u00e4 voi n\u00e4emm\u00e4 myyd\u00e4 mit\u00e4 tahansa - L\u00e4hetyssaarnaaja","isPartOf":{"@id":"https:\/\/suomenkuvalehti.fi\/lahetyssaarnaaja\/#website"},"datePublished":"2016-01-13T10:59:05+00:00","author":{"@id":"https:\/\/suomenkuvalehti.fi\/lahetyssaarnaaja\/#\/schema\/person\/b4250838cec7856ddbc793a5274488a2"},"breadcrumb":{"@id":"https:\/\/suomenkuvalehti.fi\/lahetyssaarnaaja\/2016\/01\/13\/jo-nesbon-nimella-voi-naemma-myyda-mita-tahansa\/#breadcrumb"},"inLanguage":"fi","potentialAction":[{"@type":"ReadAction","target":["https:\/\/suomenkuvalehti.fi\/lahetyssaarnaaja\/2016\/01\/13\/jo-nesbon-nimella-voi-naemma-myyda-mita-tahansa\/"]}]},{"@type":"BreadcrumbList","@id":"https:\/\/suomenkuvalehti.fi\/lahetyssaarnaaja\/2016\/01\/13\/jo-nesbon-nimella-voi-naemma-myyda-mita-tahansa\/#breadcrumb","itemListElement":[{"@type":"ListItem","position":1,"name":"Home","item":"https:\/\/suomenkuvalehti.fi\/lahetyssaarnaaja\/"},{"@type":"ListItem","position":2,"name":"Jo Nesb\u00f8n nimell\u00e4 voi n\u00e4emm\u00e4 myyd\u00e4 mit\u00e4 tahansa"}]},{"@type":"WebSite","@id":"https:\/\/suomenkuvalehti.fi\/lahetyssaarnaaja\/#website","url":"https:\/\/suomenkuvalehti.fi\/lahetyssaarnaaja\/","name":"L\u00e4hetyssaarnaaja","description":"Televisio el\u00e4\u00e4 uutta kultakauttaan. Ilkka Pernu kirjoittaa siit\u00e4.","potentialAction":[{"@type":"SearchAction","target":{"@type":"EntryPoint","urlTemplate":"https:\/\/suomenkuvalehti.fi\/haku\/?q={search_term_string}"},"query-input":{"@type":"PropertyValueSpecification","valueRequired":true,"valueName":"search_term_string"}}],"inLanguage":"fi"},{"@type":"Person","@id":"https:\/\/suomenkuvalehti.fi\/lahetyssaarnaaja\/#\/schema\/person\/b4250838cec7856ddbc793a5274488a2","name":"Ilkka Pernu","image":{"@type":"ImageObject","inLanguage":"fi","@id":"https:\/\/suomenkuvalehti.fi\/lahetyssaarnaaja\/#\/schema\/person\/image\/","url":"https:\/\/suomenkuvalehti.fi\/lahetyssaarnaaja\/wp-content\/uploads\/sites\/35\/2015\/04\/ilkka_pernu-150x150.jpg","contentUrl":"https:\/\/suomenkuvalehti.fi\/lahetyssaarnaaja\/wp-content\/uploads\/sites\/35\/2015\/04\/ilkka_pernu-150x150.jpg","caption":"Ilkka Pernu"},"description":"Kirjoittaja on vapaa toimittaja, joka rakastaa hyv\u00e4\u00e4 tarinankerrontaa."}]}},"_links":{"self":[{"href":"https:\/\/suomenkuvalehti.fi\/lahetyssaarnaaja\/wp-json\/wp\/v2\/posts\/207","targetHints":{"allow":["GET"]}}],"collection":[{"href":"https:\/\/suomenkuvalehti.fi\/lahetyssaarnaaja\/wp-json\/wp\/v2\/posts"}],"about":[{"href":"https:\/\/suomenkuvalehti.fi\/lahetyssaarnaaja\/wp-json\/wp\/v2\/types\/post"}],"author":[{"embeddable":true,"href":"https:\/\/suomenkuvalehti.fi\/lahetyssaarnaaja\/wp-json\/wp\/v2\/users\/15148"}],"replies":[{"embeddable":true,"href":"https:\/\/suomenkuvalehti.fi\/lahetyssaarnaaja\/wp-json\/wp\/v2\/comments?post=207"}],"version-history":[{"count":3,"href":"https:\/\/suomenkuvalehti.fi\/lahetyssaarnaaja\/wp-json\/wp\/v2\/posts\/207\/revisions"}],"predecessor-version":[{"id":210,"href":"https:\/\/suomenkuvalehti.fi\/lahetyssaarnaaja\/wp-json\/wp\/v2\/posts\/207\/revisions\/210"}],"wp:attachment":[{"href":"https:\/\/suomenkuvalehti.fi\/lahetyssaarnaaja\/wp-json\/wp\/v2\/media?parent=207"}],"wp:term":[{"taxonomy":"category","embeddable":true,"href":"https:\/\/suomenkuvalehti.fi\/lahetyssaarnaaja\/wp-json\/wp\/v2\/categories?post=207"},{"taxonomy":"post_tag","embeddable":true,"href":"https:\/\/suomenkuvalehti.fi\/lahetyssaarnaaja\/wp-json\/wp\/v2\/tags?post=207"}],"curies":[{"name":"wp","href":"https:\/\/api.w.org\/{rel}","templated":true}]}}