{"id":162,"date":"2015-10-20T12:14:31","date_gmt":"2015-10-20T09:14:31","guid":{"rendered":"https:\/\/suomenkuvalehti.fi\/lahetyssaarnaaja\/?p=162"},"modified":"2015-10-20T12:17:48","modified_gmt":"2015-10-20T09:17:48","slug":"pian-selviaa-milta-stars-hollowissa-nayttaa-nyt","status":"publish","type":"post","link":"https:\/\/suomenkuvalehti.fi\/lahetyssaarnaaja\/2015\/10\/20\/pian-selviaa-milta-stars-hollowissa-nayttaa-nyt\/","title":{"rendered":"Pian selvi\u00e4\u00e4, milt\u00e4 Stars Hollowissa n\u00e4ytt\u00e4\u00e4 nyt"},"content":{"rendered":"\n<p>Alkukes\u00e4st\u00e4&nbsp;rapakon takaa kantautui ep\u00e4m\u00e4\u00e4r\u00e4isi\u00e4 vihjailuja siit\u00e4, ett\u00e4 <em>Gilmoren tyt\u00f6t<\/em> -sarja tekisi paluun. ATX TV -festivaaleilla j\u00e4rjestettiin keskustelutilaisuus, jossa sarjan keskeiset tekij\u00e4t olivat l\u00e4sn\u00e4. Isekin kirjoitin <a href=\"https:\/\/suomenkuvalehti.fi\/lahetyssaarnaaja\/2015\/05\/25\/kulttisarja-gilmoren-tytot-tekee-paluun-tai-jotain\/?shared=56-ed37ec97-999\" target=\"_blank\">aiheesta<\/a>.&nbsp;Unohdin koko asian, kunnes t\u00e4n\u00e4\u00e4n tuli hiljainen uutispommi: <em>Gilmoren tyt\u00f6t<\/em> tekee kuin tekeekin paluun!<\/p>\n\n\n\n<p>Netflix on tilannut nelj\u00e4 90-minuuttista jaksoa Warner Brosilta. Tv-line-sivuston <a href=\"http:\/\/tvline.com\/2015\/10\/19\/gilmore-girls-revival-netflix-new-episodes\/\" target=\"_blank\">mukaan<\/a> parhaillaan k\u00e4yd\u00e4\u00e4n neuvotteluita sarjassa mukana olleiden n\u00e4yttelij\u00f6iden kanssa. Jopa sarjan luojaa ja sarjan ennen p\u00e4\u00e4t\u00f6skautta sopimusriidan vuoksi&nbsp;j\u00e4tt\u00e4nytt\u00e4 <strong>Amy Sherman-Palladinoa<\/strong> houkutellaan mukaan. H\u00e4n arvioi ATX TV -festivaaleilla <em>Gilmoren tyt\u00f6t<\/em> -paneelissa, ett\u00e4&nbsp;paluun pit\u00e4isi tapahtua oikeaan aikaan, oikealla budjetilla ja oikeassa formaatissa.<\/p>\n\n\n\n<p>&#8221;Jos se [paluu] ikin\u00e4 tapahtuu, lupaan, ett\u00e4 teemme sen kunnolla&#8221;, h\u00e4n sanoi.<\/p>\n\n\n\n<p>Sarjan p\u00e4\u00e4ttymisest\u00e4 on nyt kahdeksan vuotta. Vuosien aikana on kertynyt monia kysymyksi\u00e4.<\/p>\n\n\n\n<p>Viel\u00e4k\u00f6 Miss Patty pit\u00e4\u00e4 tanssistudiota ja onko Taylor Doose pit\u00e4nyt asemastaan pormestarina kiinni?<\/p>\n\n\n\n<p>Viel\u00e4k\u00f6 Hep Alien -b\u00e4ndi on pystyss\u00e4? Onko Stars Hollow yh\u00e4 lintukoto?<\/p>\n\n\n\n<p>Onko Jess asettunut aloilleen? Onko Logan asettunut aloilleen?<\/p>\n\n\n\n<p>Miten Dragonfly Innill\u00e4 menee?<\/p>\n\n\n\n<p>Miten Emily p\u00e4rj\u00e4\u00e4 ilman Richardia? (N\u00e4yttelij\u00e4 <strong>Edward Herrman<\/strong> kuoli viime uudenvuodenaattona.)<\/p>\n\n\n\n<p>Onko Rory sotakirjeenvaihtajana, tutkivana toimittajana <em>New York Timesissa<\/em> vai siirtynyt politiikkaan?<\/p>\n\n\n\n<p>Onko Lorelai oikeasti onnellinen Luken kanssa? Onko Lorelai lopettanut kahvinjuonnin?<\/p>\n\n\n\n<p>Onko Kirk edelleen outo ja miten h\u00e4nell\u00e4 ja&nbsp;Lululla sujuu?<\/p>\n\n\n\n<p>En malta odottaa.<\/p>\n\n\n","protected":false},"excerpt":{"rendered":"<p>Alkukes\u00e4st\u00e4&nbsp;rapakon takaa kantautui ep\u00e4m\u00e4\u00e4r\u00e4isi\u00e4 vihjailuja siit\u00e4, ett\u00e4 Gilmoren tyt\u00f6t -sarja tekisi paluun. ATX TV -festivaaleilla j\u00e4rjestettiin keskustelutilaisuus, jossa sarjan keskeiset tekij\u00e4t olivat l\u00e4sn\u00e4. Isekin kirjoitin aiheesta.&nbsp;Unohdin koko asian,<br \/>\nkunnes t\u00e4n\u00e4\u00e4n&hellip;<\/p>\n","protected":false},"author":15148,"featured_media":0,"comment_status":"open","ping_status":"open","sticky":false,"template":"","format":"standard","meta":{"_acf_changed":false,"asauth_required_access_level":3,"asauth_cansharepaid":"true","om_header_attributes":[],"footnotes":"","om_featured_image_focal_point":[],"om_primary_tag":0,"om_contributors":[],"om_co_authors":[],"beyondwords_generate_audio":"","beyondwords_project_id":"","beyondwords_content_id":"","beyondwords_preview_token":"","beyondwords_player_content":"","beyondwords_player_style":"","beyondwords_language_code":"","beyondwords_language_id":"","beyondwords_title_voice_id":"","beyondwords_body_voice_id":"","beyondwords_summary_voice_id":"","beyondwords_error_message":"","beyondwords_disabled":"","beyondwords_delete_content":"","beyondwords_podcast_id":"","beyondwords_hash":"","publish_post_to_speechkit":"","speechkit_hash":"","speechkit_generate_audio":"","speechkit_project_id":"","speechkit_podcast_id":"","speechkit_error_message":"","speechkit_disabled":"","speechkit_access_key":"","speechkit_error":"","speechkit_info":"","speechkit_response":"","speechkit_retries":"","speechkit_status":"","speechkit_updated_at":"","_speechkit_link":"","_speechkit_text":""},"categories":[1],"tags":[21,9],"class_list":["post-162","post","type-post","status-publish","format-standard","hentry","category-lahetyssaarnaaja","tag-gilmoren-tytot","tag-netflix"],"om_views":null,"acf":{"tuuma_off":false,"tuuma_kysymys":"","tuuma_vastaus":""},"asauth":{"required_access_level":1,"share_token":"","is_paid":false},"yoast_head":"<!-- This site is optimized with the Yoast SEO plugin v26.4 - https:\/\/yoast.com\/wordpress\/plugins\/seo\/ -->\n<title>Pian selvi\u00e4\u00e4, milt\u00e4 Stars Hollowissa n\u00e4ytt\u00e4\u00e4 nyt - L\u00e4hetyssaarnaaja<\/title>\n<meta name=\"robots\" content=\"index, follow, max-snippet:-1, max-image-preview:large, max-video-preview:-1\" \/>\n<link rel=\"canonical\" href=\"https:\/\/suomenkuvalehti.fi\/lahetyssaarnaaja\/2015\/10\/20\/pian-selviaa-milta-stars-hollowissa-nayttaa-nyt\/\" \/>\n<meta property=\"og:locale\" content=\"fi_FI\" \/>\n<meta property=\"og:type\" content=\"article\" \/>\n<meta property=\"og:title\" content=\"Pian selvi\u00e4\u00e4, milt\u00e4 Stars Hollowissa n\u00e4ytt\u00e4\u00e4 nyt - L\u00e4hetyssaarnaaja\" \/>\n<meta property=\"og:description\" content=\"Alkukes\u00e4st\u00e4 rapakon takaa kantautui ep\u00e4m\u00e4\u00e4r\u00e4isi\u00e4 vihjailuja siit\u00e4, ett\u00e4 Gilmoren tyt\u00f6t -sarja tekisi paluun. T\u00e4n\u00e4\u00e4n tuli hiljainen uutispommi: Gilmoren tyt\u00f6t tekee kuin tekeekin paluun!\" \/>\n<meta property=\"og:url\" content=\"https:\/\/suomenkuvalehti.fi\/lahetyssaarnaaja\/2015\/10\/20\/pian-selviaa-milta-stars-hollowissa-nayttaa-nyt\/\" \/>\n<meta property=\"og:site_name\" content=\"L\u00e4hetyssaarnaaja\" \/>\n<meta property=\"article:published_time\" content=\"2015-10-20T09:14:31+00:00\" \/>\n<meta property=\"article:modified_time\" content=\"2015-10-20T09:17:48+00:00\" \/>\n<meta name=\"author\" content=\"Ilkka Pernu\" \/>\n<meta name=\"twitter:label1\" content=\"Written by\" \/>\n\t<meta name=\"twitter:data1\" content=\"Ilkka Pernu\" \/>\n\t<meta name=\"twitter:label2\" content=\"Est. reading time\" \/>\n\t<meta name=\"twitter:data2\" content=\"1 minuutti\" \/>\n<script type=\"application\/ld+json\" class=\"yoast-schema-graph\">{\"@context\":\"https:\/\/schema.org\",\"@graph\":[{\"@type\":\"WebPage\",\"@id\":\"https:\/\/suomenkuvalehti.fi\/lahetyssaarnaaja\/2015\/10\/20\/pian-selviaa-milta-stars-hollowissa-nayttaa-nyt\/\",\"url\":\"https:\/\/suomenkuvalehti.fi\/lahetyssaarnaaja\/2015\/10\/20\/pian-selviaa-milta-stars-hollowissa-nayttaa-nyt\/\",\"name\":\"Pian selvi\u00e4\u00e4, milt\u00e4 Stars Hollowissa n\u00e4ytt\u00e4\u00e4 nyt - L\u00e4hetyssaarnaaja\",\"isPartOf\":{\"@id\":\"https:\/\/suomenkuvalehti.fi\/lahetyssaarnaaja\/#website\"},\"datePublished\":\"2015-10-20T09:14:31+00:00\",\"dateModified\":\"2015-10-20T09:17:48+00:00\",\"author\":{\"@id\":\"https:\/\/suomenkuvalehti.fi\/lahetyssaarnaaja\/#\/schema\/person\/b4250838cec7856ddbc793a5274488a2\"},\"breadcrumb\":{\"@id\":\"https:\/\/suomenkuvalehti.fi\/lahetyssaarnaaja\/2015\/10\/20\/pian-selviaa-milta-stars-hollowissa-nayttaa-nyt\/#breadcrumb\"},\"inLanguage\":\"fi\",\"potentialAction\":[{\"@type\":\"ReadAction\",\"target\":[\"https:\/\/suomenkuvalehti.fi\/lahetyssaarnaaja\/2015\/10\/20\/pian-selviaa-milta-stars-hollowissa-nayttaa-nyt\/\"]}]},{\"@type\":\"BreadcrumbList\",\"@id\":\"https:\/\/suomenkuvalehti.fi\/lahetyssaarnaaja\/2015\/10\/20\/pian-selviaa-milta-stars-hollowissa-nayttaa-nyt\/#breadcrumb\",\"itemListElement\":[{\"@type\":\"ListItem\",\"position\":1,\"name\":\"Home\",\"item\":\"https:\/\/suomenkuvalehti.fi\/lahetyssaarnaaja\/\"},{\"@type\":\"ListItem\",\"position\":2,\"name\":\"Pian selvi\u00e4\u00e4, milt\u00e4 Stars Hollowissa n\u00e4ytt\u00e4\u00e4 nyt\"}]},{\"@type\":\"WebSite\",\"@id\":\"https:\/\/suomenkuvalehti.fi\/lahetyssaarnaaja\/#website\",\"url\":\"https:\/\/suomenkuvalehti.fi\/lahetyssaarnaaja\/\",\"name\":\"L\u00e4hetyssaarnaaja\",\"description\":\"Televisio el\u00e4\u00e4 uutta kultakauttaan. Ilkka Pernu kirjoittaa siit\u00e4.\",\"potentialAction\":[{\"@type\":\"SearchAction\",\"target\":{\"@type\":\"EntryPoint\",\"urlTemplate\":\"https:\/\/suomenkuvalehti.fi\/haku\/?q={search_term_string}\"},\"query-input\":{\"@type\":\"PropertyValueSpecification\",\"valueRequired\":true,\"valueName\":\"search_term_string\"}}],\"inLanguage\":\"fi\"},{\"@type\":\"Person\",\"@id\":\"https:\/\/suomenkuvalehti.fi\/lahetyssaarnaaja\/#\/schema\/person\/b4250838cec7856ddbc793a5274488a2\",\"name\":\"Ilkka Pernu\",\"image\":{\"@type\":\"ImageObject\",\"inLanguage\":\"fi\",\"@id\":\"https:\/\/suomenkuvalehti.fi\/lahetyssaarnaaja\/#\/schema\/person\/image\/\",\"url\":\"https:\/\/suomenkuvalehti.fi\/lahetyssaarnaaja\/wp-content\/uploads\/sites\/35\/2015\/04\/ilkka_pernu-150x150.jpg\",\"contentUrl\":\"https:\/\/suomenkuvalehti.fi\/lahetyssaarnaaja\/wp-content\/uploads\/sites\/35\/2015\/04\/ilkka_pernu-150x150.jpg\",\"caption\":\"Ilkka Pernu\"},\"description\":\"Kirjoittaja on vapaa toimittaja, joka rakastaa hyv\u00e4\u00e4 tarinankerrontaa.\"}]}<\/script>\n<!-- \/ Yoast SEO plugin. -->","yoast_head_json":{"title":"Pian selvi\u00e4\u00e4, milt\u00e4 Stars Hollowissa n\u00e4ytt\u00e4\u00e4 nyt - L\u00e4hetyssaarnaaja","robots":{"index":"index","follow":"follow","max-snippet":"max-snippet:-1","max-image-preview":"max-image-preview:large","max-video-preview":"max-video-preview:-1"},"canonical":"https:\/\/suomenkuvalehti.fi\/lahetyssaarnaaja\/2015\/10\/20\/pian-selviaa-milta-stars-hollowissa-nayttaa-nyt\/","og_locale":"fi_FI","og_type":"article","og_title":"Pian selvi\u00e4\u00e4, milt\u00e4 Stars Hollowissa n\u00e4ytt\u00e4\u00e4 nyt - L\u00e4hetyssaarnaaja","og_description":"Alkukes\u00e4st\u00e4 rapakon takaa kantautui ep\u00e4m\u00e4\u00e4r\u00e4isi\u00e4 vihjailuja siit\u00e4, ett\u00e4 Gilmoren tyt\u00f6t -sarja tekisi paluun. T\u00e4n\u00e4\u00e4n tuli hiljainen uutispommi: Gilmoren tyt\u00f6t tekee kuin tekeekin paluun!","og_url":"https:\/\/suomenkuvalehti.fi\/lahetyssaarnaaja\/2015\/10\/20\/pian-selviaa-milta-stars-hollowissa-nayttaa-nyt\/","og_site_name":"L\u00e4hetyssaarnaaja","article_published_time":"2015-10-20T09:14:31+00:00","article_modified_time":"2015-10-20T09:17:48+00:00","author":"Ilkka Pernu","twitter_misc":{"Written by":"Ilkka Pernu","Est. reading time":"1 minuutti"},"schema":{"@context":"https:\/\/schema.org","@graph":[{"@type":"WebPage","@id":"https:\/\/suomenkuvalehti.fi\/lahetyssaarnaaja\/2015\/10\/20\/pian-selviaa-milta-stars-hollowissa-nayttaa-nyt\/","url":"https:\/\/suomenkuvalehti.fi\/lahetyssaarnaaja\/2015\/10\/20\/pian-selviaa-milta-stars-hollowissa-nayttaa-nyt\/","name":"Pian selvi\u00e4\u00e4, milt\u00e4 Stars Hollowissa n\u00e4ytt\u00e4\u00e4 nyt - L\u00e4hetyssaarnaaja","isPartOf":{"@id":"https:\/\/suomenkuvalehti.fi\/lahetyssaarnaaja\/#website"},"datePublished":"2015-10-20T09:14:31+00:00","dateModified":"2015-10-20T09:17:48+00:00","author":{"@id":"https:\/\/suomenkuvalehti.fi\/lahetyssaarnaaja\/#\/schema\/person\/b4250838cec7856ddbc793a5274488a2"},"breadcrumb":{"@id":"https:\/\/suomenkuvalehti.fi\/lahetyssaarnaaja\/2015\/10\/20\/pian-selviaa-milta-stars-hollowissa-nayttaa-nyt\/#breadcrumb"},"inLanguage":"fi","potentialAction":[{"@type":"ReadAction","target":["https:\/\/suomenkuvalehti.fi\/lahetyssaarnaaja\/2015\/10\/20\/pian-selviaa-milta-stars-hollowissa-nayttaa-nyt\/"]}]},{"@type":"BreadcrumbList","@id":"https:\/\/suomenkuvalehti.fi\/lahetyssaarnaaja\/2015\/10\/20\/pian-selviaa-milta-stars-hollowissa-nayttaa-nyt\/#breadcrumb","itemListElement":[{"@type":"ListItem","position":1,"name":"Home","item":"https:\/\/suomenkuvalehti.fi\/lahetyssaarnaaja\/"},{"@type":"ListItem","position":2,"name":"Pian selvi\u00e4\u00e4, milt\u00e4 Stars Hollowissa n\u00e4ytt\u00e4\u00e4 nyt"}]},{"@type":"WebSite","@id":"https:\/\/suomenkuvalehti.fi\/lahetyssaarnaaja\/#website","url":"https:\/\/suomenkuvalehti.fi\/lahetyssaarnaaja\/","name":"L\u00e4hetyssaarnaaja","description":"Televisio el\u00e4\u00e4 uutta kultakauttaan. Ilkka Pernu kirjoittaa siit\u00e4.","potentialAction":[{"@type":"SearchAction","target":{"@type":"EntryPoint","urlTemplate":"https:\/\/suomenkuvalehti.fi\/haku\/?q={search_term_string}"},"query-input":{"@type":"PropertyValueSpecification","valueRequired":true,"valueName":"search_term_string"}}],"inLanguage":"fi"},{"@type":"Person","@id":"https:\/\/suomenkuvalehti.fi\/lahetyssaarnaaja\/#\/schema\/person\/b4250838cec7856ddbc793a5274488a2","name":"Ilkka Pernu","image":{"@type":"ImageObject","inLanguage":"fi","@id":"https:\/\/suomenkuvalehti.fi\/lahetyssaarnaaja\/#\/schema\/person\/image\/","url":"https:\/\/suomenkuvalehti.fi\/lahetyssaarnaaja\/wp-content\/uploads\/sites\/35\/2015\/04\/ilkka_pernu-150x150.jpg","contentUrl":"https:\/\/suomenkuvalehti.fi\/lahetyssaarnaaja\/wp-content\/uploads\/sites\/35\/2015\/04\/ilkka_pernu-150x150.jpg","caption":"Ilkka Pernu"},"description":"Kirjoittaja on vapaa toimittaja, joka rakastaa hyv\u00e4\u00e4 tarinankerrontaa."}]}},"_links":{"self":[{"href":"https:\/\/suomenkuvalehti.fi\/lahetyssaarnaaja\/wp-json\/wp\/v2\/posts\/162","targetHints":{"allow":["GET"]}}],"collection":[{"href":"https:\/\/suomenkuvalehti.fi\/lahetyssaarnaaja\/wp-json\/wp\/v2\/posts"}],"about":[{"href":"https:\/\/suomenkuvalehti.fi\/lahetyssaarnaaja\/wp-json\/wp\/v2\/types\/post"}],"author":[{"embeddable":true,"href":"https:\/\/suomenkuvalehti.fi\/lahetyssaarnaaja\/wp-json\/wp\/v2\/users\/15148"}],"replies":[{"embeddable":true,"href":"https:\/\/suomenkuvalehti.fi\/lahetyssaarnaaja\/wp-json\/wp\/v2\/comments?post=162"}],"version-history":[{"count":3,"href":"https:\/\/suomenkuvalehti.fi\/lahetyssaarnaaja\/wp-json\/wp\/v2\/posts\/162\/revisions"}],"predecessor-version":[{"id":165,"href":"https:\/\/suomenkuvalehti.fi\/lahetyssaarnaaja\/wp-json\/wp\/v2\/posts\/162\/revisions\/165"}],"wp:attachment":[{"href":"https:\/\/suomenkuvalehti.fi\/lahetyssaarnaaja\/wp-json\/wp\/v2\/media?parent=162"}],"wp:term":[{"taxonomy":"category","embeddable":true,"href":"https:\/\/suomenkuvalehti.fi\/lahetyssaarnaaja\/wp-json\/wp\/v2\/categories?post=162"},{"taxonomy":"post_tag","embeddable":true,"href":"https:\/\/suomenkuvalehti.fi\/lahetyssaarnaaja\/wp-json\/wp\/v2\/tags?post=162"}],"curies":[{"name":"wp","href":"https:\/\/api.w.org\/{rel}","templated":true}]}}