{"id":152,"date":"2015-09-25T15:25:07","date_gmt":"2015-09-25T12:25:07","guid":{"rendered":"https:\/\/suomenkuvalehti.fi\/lahetyssaarnaaja\/?p=152"},"modified":"2015-09-25T16:26:16","modified_gmt":"2015-09-25T13:26:16","slug":"pikku-quinquin-on-todellinen-vaihtoehto-nordic-noirille","status":"publish","type":"post","link":"https:\/\/suomenkuvalehti.fi\/lahetyssaarnaaja\/2015\/09\/25\/pikku-quinquin-on-todellinen-vaihtoehto-nordic-noirille\/","title":{"rendered":"Pikku Quinquin on todellinen vaihtoehto Nordic Noirille"},"content":{"rendered":"\n<p>Joko pohjoismaalainen synkk\u00e4 vahvasti v\u00e4rim\u00e4\u00e4ritelty rikossarjabuumi kyll\u00e4stytt\u00e4\u00e4? Niin minuakin. Genren lippulaivan <em>Silta<\/em>-sarjan kolmas kausi alkaa Ylell\u00e4 ensi sunnuntaina \u2013 samaan aikaan kuin Ruotsissa.<\/p>\n\n\n\n<p>Toinen dekkarigenre, josta on televisiossa ylitarjontaa, on&nbsp;nostalgisoivat nummentuoksuiset rikossarjat. <em>Murdochin murhamysteerit<\/em>, <em>Shetlandsaarten murhat<\/em> ja <em>Grantchester<\/em>&nbsp;sek\u00e4 klassikko <em>Hercule Poirot<\/em>.&nbsp;Yle on ottanut nyt teht\u00e4v\u00e4kseen vied\u00e4 kansalaisten ajatukset pois maan ahdistavasta ilmapiirist\u00e4.<\/p>\n\n\n\n<p>Tuntuu, ett\u00e4 siin\u00e4 ovat ainoat dekkarivaihtoehdot \u2013 pit\u00e4isi valita ruton ja&nbsp;koleran v\u00e4lilt\u00e4. Tai no, puuron ja paahtoleiv\u00e4n, v\u00e4lilt\u00e4. Aina sit\u00e4 samaa. Onneksi nyt ei tarvitse, sill\u00e4 on olemassa sellainen rikossarja kuin <em>Pikku Quinquin<\/em>, jonka jaksot ovat nyt katsottavissa <a href=\"http:\/\/areena.yle.fi\/1-2731289\" target=\"_blank\">Yle Areenassa <\/a>osana Rakkautta ja anarkiaa -festivaalia. Ranskalaisen ohjaajan&nbsp;<strong>Bruno Dumontin<\/strong> neliosainen&nbsp;luomus on h\u00e4kellytt\u00e4v\u00e4 kokonaisuus, jota on vaikea m\u00e4\u00e4ritell\u00e4.<\/p>\n\n\n\n<p>Idyllisest\u00e4 ja turvallisesta murhamysteerist\u00e4 muistuttavat ainoastaan Luoteis-Ranskan merenrantakyl\u00e4n puitteet, mutta muuten kaikki on v\u00e4h\u00e4n vinksallaan. Betonibunkkerista l\u00f6ytyv\u00e4n lehm\u00e4nraadon sis\u00e4lt\u00e4 l\u00f6ytyv\u00e4 p\u00e4\u00e4t\u00f6n naisen ruumis (lue ihmeess\u00e4 m\u00e4\u00e4ritelm\u00e4 uudestaan) suistaa pikkukyl\u00e4n kummallisille raiteille. Hassu poliisip\u00e4\u00e4llikk\u00f6 Van der Weyden&nbsp;tuo tarinaan slapstickia.<\/p>\n\n\n\n<p>Siin\u00e4 miss\u00e4 Nordic Noirin vahvuus on aina samankaltainen&nbsp;painostava tunnelma, joka syntyy lintukotoa uhkaavasta pahasta ja siin\u00e4 miss\u00e4 nummimurhamysteerien suosio perustuu et\u00e4\u00e4nnytt\u00e4miseen ja tuttuuteen, <em>Pikku Quinquinia<\/em> on mahdoton lokeroida. Siit\u00e4 l\u00f6ytyy molempia \u00e4\u00e4rip\u00e4it\u00e4it\u00e4. Ennen kaikkea se on mustaa huumoria, jonka alta raaputtamalla l\u00f6ytyy muunkin v\u00e4rist\u00e4&nbsp;komiikkaa. Erikoisenn\u00e4k\u00f6iset amat\u00f6\u00f6rin\u00e4yttelij\u00e4t tuovat oman s\u00e4vyn.<\/p>\n\n\n","protected":false},"excerpt":{"rendered":"<p>Joko pohjoismaalainen synkk\u00e4 vahvasti v\u00e4rim\u00e4\u00e4ritelty rikossarjabuumi kyll\u00e4stytt\u00e4\u00e4? Niin minuakin. Genren lippulaivan Silta-sarjan kolmas kausi alkaa Ylell\u00e4 ensi sunnuntaina \u2013 samaan aikaan kuin Ruotsissa. Toinen dekkarigenre, josta on televisiossa ylitarjontaa,<br \/>\non&nbsp;n&hellip;<\/p>\n","protected":false},"author":15148,"featured_media":0,"comment_status":"open","ping_status":"open","sticky":false,"template":"","format":"standard","meta":{"_acf_changed":false,"asauth_required_access_level":3,"asauth_cansharepaid":"true","om_header_attributes":[],"footnotes":"","om_featured_image_focal_point":[],"om_primary_tag":0,"om_contributors":[],"om_co_authors":[],"beyondwords_generate_audio":"","beyondwords_project_id":"","beyondwords_content_id":"","beyondwords_preview_token":"","beyondwords_player_content":"","beyondwords_player_style":"","beyondwords_language_code":"","beyondwords_language_id":"","beyondwords_title_voice_id":"","beyondwords_body_voice_id":"","beyondwords_summary_voice_id":"","beyondwords_error_message":"","beyondwords_disabled":"","beyondwords_delete_content":"","beyondwords_podcast_id":"","beyondwords_hash":"","publish_post_to_speechkit":"","speechkit_hash":"","speechkit_generate_audio":"","speechkit_project_id":"","speechkit_podcast_id":"","speechkit_error_message":"","speechkit_disabled":"","speechkit_access_key":"","speechkit_error":"","speechkit_info":"","speechkit_response":"","speechkit_retries":"","speechkit_status":"","speechkit_updated_at":"","_speechkit_link":"","_speechkit_text":""},"categories":[1],"tags":[113,37,111,112,114],"class_list":["post-152","post","type-post","status-publish","format-standard","hentry","category-lahetyssaarnaaja","tag-bruno-dumont","tag-nordic-noir","tag-pikku-quinquin","tag-silta","tag-yle-teema"],"om_views":null,"acf":{"tuuma_off":false,"tuuma_kysymys":"","tuuma_vastaus":""},"asauth":{"required_access_level":1,"share_token":"","is_paid":false},"yoast_head":"<!-- This site is optimized with the Yoast SEO plugin v26.4 - https:\/\/yoast.com\/wordpress\/plugins\/seo\/ -->\n<title>Pikku Quinquin on todellinen vaihtoehto Nordic Noirille - L\u00e4hetyssaarnaaja<\/title>\n<meta name=\"robots\" content=\"index, follow, max-snippet:-1, max-image-preview:large, max-video-preview:-1\" \/>\n<link rel=\"canonical\" href=\"https:\/\/suomenkuvalehti.fi\/lahetyssaarnaaja\/2015\/09\/25\/pikku-quinquin-on-todellinen-vaihtoehto-nordic-noirille\/\" \/>\n<meta property=\"og:locale\" content=\"fi_FI\" \/>\n<meta property=\"og:type\" content=\"article\" \/>\n<meta property=\"og:title\" content=\"Pikku Quinquin on todellinen vaihtoehto Nordic Noirille - L\u00e4hetyssaarnaaja\" \/>\n<meta property=\"og:description\" content=\"Joko pohjoismaalainen synkk\u00e4 vahvasti v\u00e4rim\u00e4\u00e4ritelty rikossarjabuumi kyll\u00e4stytt\u00e4\u00e4? Niin minuakin. Genren lippulaivan Silta-sarjan kolmas kausi alkaa Ylell\u00e4 ensi sunnuntaina \u2013 samaan aikaan kuin Ruotsissa. Toinen dekkarigenre, josta on televisiossa ylitarjontaa, on&nbsp;n&hellip;\" \/>\n<meta property=\"og:url\" content=\"https:\/\/suomenkuvalehti.fi\/lahetyssaarnaaja\/2015\/09\/25\/pikku-quinquin-on-todellinen-vaihtoehto-nordic-noirille\/\" \/>\n<meta property=\"og:site_name\" content=\"L\u00e4hetyssaarnaaja\" \/>\n<meta property=\"article:published_time\" content=\"2015-09-25T12:25:07+00:00\" \/>\n<meta property=\"article:modified_time\" content=\"2015-09-25T13:26:16+00:00\" \/>\n<meta name=\"author\" content=\"Ilkka Pernu\" \/>\n<meta name=\"twitter:label1\" content=\"Written by\" \/>\n\t<meta name=\"twitter:data1\" content=\"Ilkka Pernu\" \/>\n\t<meta name=\"twitter:label2\" content=\"Est. reading time\" \/>\n\t<meta name=\"twitter:data2\" content=\"1 minuutti\" \/>\n<script type=\"application\/ld+json\" class=\"yoast-schema-graph\">{\"@context\":\"https:\/\/schema.org\",\"@graph\":[{\"@type\":\"WebPage\",\"@id\":\"https:\/\/suomenkuvalehti.fi\/lahetyssaarnaaja\/2015\/09\/25\/pikku-quinquin-on-todellinen-vaihtoehto-nordic-noirille\/\",\"url\":\"https:\/\/suomenkuvalehti.fi\/lahetyssaarnaaja\/2015\/09\/25\/pikku-quinquin-on-todellinen-vaihtoehto-nordic-noirille\/\",\"name\":\"Pikku Quinquin on todellinen vaihtoehto Nordic Noirille - L\u00e4hetyssaarnaaja\",\"isPartOf\":{\"@id\":\"https:\/\/suomenkuvalehti.fi\/lahetyssaarnaaja\/#website\"},\"datePublished\":\"2015-09-25T12:25:07+00:00\",\"dateModified\":\"2015-09-25T13:26:16+00:00\",\"author\":{\"@id\":\"https:\/\/suomenkuvalehti.fi\/lahetyssaarnaaja\/#\/schema\/person\/b4250838cec7856ddbc793a5274488a2\"},\"breadcrumb\":{\"@id\":\"https:\/\/suomenkuvalehti.fi\/lahetyssaarnaaja\/2015\/09\/25\/pikku-quinquin-on-todellinen-vaihtoehto-nordic-noirille\/#breadcrumb\"},\"inLanguage\":\"fi\",\"potentialAction\":[{\"@type\":\"ReadAction\",\"target\":[\"https:\/\/suomenkuvalehti.fi\/lahetyssaarnaaja\/2015\/09\/25\/pikku-quinquin-on-todellinen-vaihtoehto-nordic-noirille\/\"]}]},{\"@type\":\"BreadcrumbList\",\"@id\":\"https:\/\/suomenkuvalehti.fi\/lahetyssaarnaaja\/2015\/09\/25\/pikku-quinquin-on-todellinen-vaihtoehto-nordic-noirille\/#breadcrumb\",\"itemListElement\":[{\"@type\":\"ListItem\",\"position\":1,\"name\":\"Home\",\"item\":\"https:\/\/suomenkuvalehti.fi\/lahetyssaarnaaja\/\"},{\"@type\":\"ListItem\",\"position\":2,\"name\":\"Pikku Quinquin on todellinen vaihtoehto Nordic Noirille\"}]},{\"@type\":\"WebSite\",\"@id\":\"https:\/\/suomenkuvalehti.fi\/lahetyssaarnaaja\/#website\",\"url\":\"https:\/\/suomenkuvalehti.fi\/lahetyssaarnaaja\/\",\"name\":\"L\u00e4hetyssaarnaaja\",\"description\":\"Televisio el\u00e4\u00e4 uutta kultakauttaan. Ilkka Pernu kirjoittaa siit\u00e4.\",\"potentialAction\":[{\"@type\":\"SearchAction\",\"target\":{\"@type\":\"EntryPoint\",\"urlTemplate\":\"https:\/\/suomenkuvalehti.fi\/haku\/?q={search_term_string}\"},\"query-input\":{\"@type\":\"PropertyValueSpecification\",\"valueRequired\":true,\"valueName\":\"search_term_string\"}}],\"inLanguage\":\"fi\"},{\"@type\":\"Person\",\"@id\":\"https:\/\/suomenkuvalehti.fi\/lahetyssaarnaaja\/#\/schema\/person\/b4250838cec7856ddbc793a5274488a2\",\"name\":\"Ilkka Pernu\",\"image\":{\"@type\":\"ImageObject\",\"inLanguage\":\"fi\",\"@id\":\"https:\/\/suomenkuvalehti.fi\/lahetyssaarnaaja\/#\/schema\/person\/image\/\",\"url\":\"https:\/\/suomenkuvalehti.fi\/lahetyssaarnaaja\/wp-content\/uploads\/sites\/35\/2015\/04\/ilkka_pernu-150x150.jpg\",\"contentUrl\":\"https:\/\/suomenkuvalehti.fi\/lahetyssaarnaaja\/wp-content\/uploads\/sites\/35\/2015\/04\/ilkka_pernu-150x150.jpg\",\"caption\":\"Ilkka Pernu\"},\"description\":\"Kirjoittaja on vapaa toimittaja, joka rakastaa hyv\u00e4\u00e4 tarinankerrontaa.\"}]}<\/script>\n<!-- \/ Yoast SEO plugin. -->","yoast_head_json":{"title":"Pikku Quinquin on todellinen vaihtoehto Nordic Noirille - L\u00e4hetyssaarnaaja","robots":{"index":"index","follow":"follow","max-snippet":"max-snippet:-1","max-image-preview":"max-image-preview:large","max-video-preview":"max-video-preview:-1"},"canonical":"https:\/\/suomenkuvalehti.fi\/lahetyssaarnaaja\/2015\/09\/25\/pikku-quinquin-on-todellinen-vaihtoehto-nordic-noirille\/","og_locale":"fi_FI","og_type":"article","og_title":"Pikku Quinquin on todellinen vaihtoehto Nordic Noirille - L\u00e4hetyssaarnaaja","og_description":"Joko pohjoismaalainen synkk\u00e4 vahvasti v\u00e4rim\u00e4\u00e4ritelty rikossarjabuumi kyll\u00e4stytt\u00e4\u00e4? Niin minuakin. Genren lippulaivan Silta-sarjan kolmas kausi alkaa Ylell\u00e4 ensi sunnuntaina \u2013 samaan aikaan kuin Ruotsissa. Toinen dekkarigenre, josta on televisiossa ylitarjontaa, on&nbsp;n&hellip;","og_url":"https:\/\/suomenkuvalehti.fi\/lahetyssaarnaaja\/2015\/09\/25\/pikku-quinquin-on-todellinen-vaihtoehto-nordic-noirille\/","og_site_name":"L\u00e4hetyssaarnaaja","article_published_time":"2015-09-25T12:25:07+00:00","article_modified_time":"2015-09-25T13:26:16+00:00","author":"Ilkka Pernu","twitter_misc":{"Written by":"Ilkka Pernu","Est. reading time":"1 minuutti"},"schema":{"@context":"https:\/\/schema.org","@graph":[{"@type":"WebPage","@id":"https:\/\/suomenkuvalehti.fi\/lahetyssaarnaaja\/2015\/09\/25\/pikku-quinquin-on-todellinen-vaihtoehto-nordic-noirille\/","url":"https:\/\/suomenkuvalehti.fi\/lahetyssaarnaaja\/2015\/09\/25\/pikku-quinquin-on-todellinen-vaihtoehto-nordic-noirille\/","name":"Pikku Quinquin on todellinen vaihtoehto Nordic Noirille - L\u00e4hetyssaarnaaja","isPartOf":{"@id":"https:\/\/suomenkuvalehti.fi\/lahetyssaarnaaja\/#website"},"datePublished":"2015-09-25T12:25:07+00:00","dateModified":"2015-09-25T13:26:16+00:00","author":{"@id":"https:\/\/suomenkuvalehti.fi\/lahetyssaarnaaja\/#\/schema\/person\/b4250838cec7856ddbc793a5274488a2"},"breadcrumb":{"@id":"https:\/\/suomenkuvalehti.fi\/lahetyssaarnaaja\/2015\/09\/25\/pikku-quinquin-on-todellinen-vaihtoehto-nordic-noirille\/#breadcrumb"},"inLanguage":"fi","potentialAction":[{"@type":"ReadAction","target":["https:\/\/suomenkuvalehti.fi\/lahetyssaarnaaja\/2015\/09\/25\/pikku-quinquin-on-todellinen-vaihtoehto-nordic-noirille\/"]}]},{"@type":"BreadcrumbList","@id":"https:\/\/suomenkuvalehti.fi\/lahetyssaarnaaja\/2015\/09\/25\/pikku-quinquin-on-todellinen-vaihtoehto-nordic-noirille\/#breadcrumb","itemListElement":[{"@type":"ListItem","position":1,"name":"Home","item":"https:\/\/suomenkuvalehti.fi\/lahetyssaarnaaja\/"},{"@type":"ListItem","position":2,"name":"Pikku Quinquin on todellinen vaihtoehto Nordic Noirille"}]},{"@type":"WebSite","@id":"https:\/\/suomenkuvalehti.fi\/lahetyssaarnaaja\/#website","url":"https:\/\/suomenkuvalehti.fi\/lahetyssaarnaaja\/","name":"L\u00e4hetyssaarnaaja","description":"Televisio el\u00e4\u00e4 uutta kultakauttaan. Ilkka Pernu kirjoittaa siit\u00e4.","potentialAction":[{"@type":"SearchAction","target":{"@type":"EntryPoint","urlTemplate":"https:\/\/suomenkuvalehti.fi\/haku\/?q={search_term_string}"},"query-input":{"@type":"PropertyValueSpecification","valueRequired":true,"valueName":"search_term_string"}}],"inLanguage":"fi"},{"@type":"Person","@id":"https:\/\/suomenkuvalehti.fi\/lahetyssaarnaaja\/#\/schema\/person\/b4250838cec7856ddbc793a5274488a2","name":"Ilkka Pernu","image":{"@type":"ImageObject","inLanguage":"fi","@id":"https:\/\/suomenkuvalehti.fi\/lahetyssaarnaaja\/#\/schema\/person\/image\/","url":"https:\/\/suomenkuvalehti.fi\/lahetyssaarnaaja\/wp-content\/uploads\/sites\/35\/2015\/04\/ilkka_pernu-150x150.jpg","contentUrl":"https:\/\/suomenkuvalehti.fi\/lahetyssaarnaaja\/wp-content\/uploads\/sites\/35\/2015\/04\/ilkka_pernu-150x150.jpg","caption":"Ilkka Pernu"},"description":"Kirjoittaja on vapaa toimittaja, joka rakastaa hyv\u00e4\u00e4 tarinankerrontaa."}]}},"_links":{"self":[{"href":"https:\/\/suomenkuvalehti.fi\/lahetyssaarnaaja\/wp-json\/wp\/v2\/posts\/152","targetHints":{"allow":["GET"]}}],"collection":[{"href":"https:\/\/suomenkuvalehti.fi\/lahetyssaarnaaja\/wp-json\/wp\/v2\/posts"}],"about":[{"href":"https:\/\/suomenkuvalehti.fi\/lahetyssaarnaaja\/wp-json\/wp\/v2\/types\/post"}],"author":[{"embeddable":true,"href":"https:\/\/suomenkuvalehti.fi\/lahetyssaarnaaja\/wp-json\/wp\/v2\/users\/15148"}],"replies":[{"embeddable":true,"href":"https:\/\/suomenkuvalehti.fi\/lahetyssaarnaaja\/wp-json\/wp\/v2\/comments?post=152"}],"version-history":[{"count":2,"href":"https:\/\/suomenkuvalehti.fi\/lahetyssaarnaaja\/wp-json\/wp\/v2\/posts\/152\/revisions"}],"predecessor-version":[{"id":154,"href":"https:\/\/suomenkuvalehti.fi\/lahetyssaarnaaja\/wp-json\/wp\/v2\/posts\/152\/revisions\/154"}],"wp:attachment":[{"href":"https:\/\/suomenkuvalehti.fi\/lahetyssaarnaaja\/wp-json\/wp\/v2\/media?parent=152"}],"wp:term":[{"taxonomy":"category","embeddable":true,"href":"https:\/\/suomenkuvalehti.fi\/lahetyssaarnaaja\/wp-json\/wp\/v2\/categories?post=152"},{"taxonomy":"post_tag","embeddable":true,"href":"https:\/\/suomenkuvalehti.fi\/lahetyssaarnaaja\/wp-json\/wp\/v2\/tags?post=152"}],"curies":[{"name":"wp","href":"https:\/\/api.w.org\/{rel}","templated":true}]}}