{"id":130,"date":"2015-08-25T15:19:06","date_gmt":"2015-08-25T12:19:06","guid":{"rendered":"https:\/\/suomenkuvalehti.fi\/lahetyssaarnaaja\/?p=130"},"modified":"2015-08-25T15:19:06","modified_gmt":"2015-08-25T12:19:06","slug":"miten-romaani-siirretaan-televisioon","status":"publish","type":"post","link":"https:\/\/suomenkuvalehti.fi\/lahetyssaarnaaja\/2015\/08\/25\/miten-romaani-siirretaan-televisioon\/","title":{"rendered":"Miten romaani siirret\u00e4\u00e4n televisioon?"},"content":{"rendered":"\n<p>Brittil\u00e4isen kirjailijan <strong>Hilary Mantelin<\/strong> <em>Susipalatsi<\/em> (<em>Wolf Hall<\/em>) on upea romaani. Se voitti ilmestymisvuonnaan 2009&nbsp;<em>Man Booker<\/em> -palkinnon ja on sittemmin pokannut muitakin tunnustuksia.<\/p>\n\n\n\n<p>Se kertoo <strong>Henry VIII<\/strong>:n neuvonantajasta <strong>Thomas Cromwellista<\/strong> yht\u00e4 aikaa viihdytt\u00e4v\u00e4sti ett\u00e4 kaunokirjallisesti kunnianhimoisesti. Se ei ole historiallista viihdeh\u00f6tt\u00f6\u00e4, vaan Mantelin kieli on vivahteikasta ja juonenkuljetus mestarillista. Usein historialliset romaanit tapaavat kallistua yhteen suuntaan; joko ne ovat romanttista huttua tai historian tapahtumien uuvuttavaa referointia.<\/p>\n\n\n\n<p>Se, mik\u00e4 erottaa&nbsp;Mantelin&nbsp;historiallisen romaanin monista muista vastaavista, on Mantelin tarkka&nbsp;psykologinen silm\u00e4. Englannin historian&nbsp;moneen kertaan kerrotut tapahtumat kuvataan sivusta, Cromwellin kautta. Historiankirjoitus&nbsp;nyrj\u00e4ht\u00e4\u00e4&nbsp;siin\u00e4 vaiheessa kaunokirjallisuuden puolelle, kun Mantel pureutuu hahmon p\u00e4\u00e4n sis\u00e4lle. Mantel ei spekuloi, mit\u00e4 Cromwell ajatteli, vaan tekee sen, min\u00e4 kirjailijan kuuluu: kertoo, mit\u00e4 fiktiivinen hahmo nimelt\u00e4 Thomas Cromwell ajatteli ja tunsi.<\/p>\n\n\n\n<p>Kiinnostava kysymys on: miten t\u00e4llainen psykologisesti vahva teksti&nbsp;oikein siirret\u00e4\u00e4n ruudulle? Kertojan sis\u00e4inen \u00e4\u00e4ni on paperinmakuinen ratkaisu, jolla on&nbsp;l\u00e4hes poikkeuksetta et\u00e4\u00e4nnytt\u00e4v\u00e4 vaikutus. <em>House of Cardsissa<\/em> se juuri ja juuri toimii, mutta omasta mielest\u00e4ni se l\u00e4hinn\u00e4 est\u00e4\u00e4 samaistumista. N\u00e4kym\u00e4tt\u00f6m\u00e4n sein\u00e4n rikkominen on aina riski. Carrie Bradshaw&#8217;n monologit tekev\u00e4t <em>Sinkkuel\u00e4m\u00e4\u00e4<\/em>-sarjasta chick-liti\u00e4. Sarja tekee sen tarkoituksella.<\/p>\n\n\n\n<p>Onnistuneet itsen\u00e4iset adaptaatiot&nbsp;eiv\u00e4t edes yrit\u00e4 kopioida kirjaa sana sanalta ja ruutu ruudulta. BBC:n <em>Susipalatsi<\/em>-minisarja (joka alkaa t\u00e4n\u00e4\u00e4n <a href=\"http:\/\/yle.fi\/aihe\/artikkeli\/2015\/07\/02\/susipalatsi\" target=\"_blank\">Ylelt\u00e4<\/a>) onnistuu t\u00e4ss\u00e4, koska se pelaa formaatin ehdoilla.<\/p>\n\n\n\n<p>Televisiossa historiallinen draama tarvitsee n\u00e4ytt\u00e4v\u00e4t puitteet. Epookin luominen edellytt\u00e4\u00e4 visuaalista uskottavuutta. Edes liev\u00e4 teatterimaisuus ei et\u00e4\u00e4nnyt\u00e4, sill\u00e4 katsojat ovat omaksuneet kerrontatyylin vuosikausien aikana. Ruudulla psykologian pit\u00e4\u00e4 v\u00e4litty\u00e4&nbsp;n\u00e4yttelij\u00e4nty\u00f6ss\u00e4 ja ohjauksessa. Sanat ovat melkein toissijaisia tarinan kuljettajia. Tunteita ja ajatuksia ei voi ruudulla sanallistaa, sill\u00e4 jos tv-draaman pit\u00e4\u00e4 tehd\u00e4 niin, se on ep\u00e4onnistunut.<\/p>\n\n\n\n<p>Kaikki se, mik\u00e4 romaanissa on rivien v\u00e4leiss\u00e4, pit\u00e4\u00e4 televisiossa tapahtua korvien v\u00e4liss\u00e4.<\/p>\n\n\n","protected":false},"excerpt":{"rendered":"<p>Brittil\u00e4isen kirjailijan Hilary Mantelin Susipalatsi (Wolf Hall) on upea romaani. Se voitti ilmestymisvuonnaan 2009&nbsp;Man Booker -palkinnon ja on sittemmin pokannut muitakin tunnustuksia. Se kertoo Henry VIII:n neuvonantajasta Thomas Cromwellista yht\u00e4 aikaa viihdytt\u00e4v\u00e4sti ett\u00e4<br \/>\nkaun&hellip;<\/p>\n","protected":false},"author":15148,"featured_media":0,"comment_status":"open","ping_status":"open","sticky":false,"template":"","format":"standard","meta":{"_acf_changed":false,"asauth_required_access_level":3,"asauth_cansharepaid":"true","om_header_attributes":[],"footnotes":"","om_featured_image_focal_point":[],"om_primary_tag":0,"om_contributors":[],"om_co_authors":[],"beyondwords_generate_audio":"","beyondwords_project_id":"","beyondwords_content_id":"","beyondwords_preview_token":"","beyondwords_player_content":"","beyondwords_player_style":"","beyondwords_language_code":"","beyondwords_language_id":"","beyondwords_title_voice_id":"","beyondwords_body_voice_id":"","beyondwords_summary_voice_id":"","beyondwords_error_message":"","beyondwords_disabled":"","beyondwords_delete_content":"","beyondwords_podcast_id":"","beyondwords_hash":"","publish_post_to_speechkit":"","speechkit_hash":"","speechkit_generate_audio":"","speechkit_project_id":"","speechkit_podcast_id":"","speechkit_error_message":"","speechkit_disabled":"","speechkit_access_key":"","speechkit_error":"","speechkit_info":"","speechkit_response":"","speechkit_retries":"","speechkit_status":"","speechkit_updated_at":"","_speechkit_link":"","_speechkit_text":""},"categories":[1],"tags":[88,91,34,90,89,92],"class_list":["post-130","post","type-post","status-publish","format-standard","hentry","category-lahetyssaarnaaja","tag-bbc","tag-hilary-mantel","tag-house-of-cards","tag-susipalatsi","tag-wolf-hall","tag-yle"],"om_views":null,"acf":{"tuuma_off":false,"tuuma_kysymys":"","tuuma_vastaus":""},"asauth":{"required_access_level":1,"share_token":"","is_paid":false},"yoast_head":"<!-- This site is optimized with the Yoast SEO plugin v26.4 - https:\/\/yoast.com\/wordpress\/plugins\/seo\/ -->\n<title>Miten romaani siirret\u00e4\u00e4n televisioon? - L\u00e4hetyssaarnaaja<\/title>\n<meta name=\"robots\" content=\"index, follow, max-snippet:-1, max-image-preview:large, max-video-preview:-1\" \/>\n<link rel=\"canonical\" href=\"https:\/\/suomenkuvalehti.fi\/lahetyssaarnaaja\/2015\/08\/25\/miten-romaani-siirretaan-televisioon\/\" \/>\n<meta property=\"og:locale\" content=\"fi_FI\" \/>\n<meta property=\"og:type\" content=\"article\" \/>\n<meta property=\"og:title\" content=\"Miten romaani siirret\u00e4\u00e4n televisioon? - L\u00e4hetyssaarnaaja\" \/>\n<meta property=\"og:description\" content=\"BBC:n Susipalatsi n\u00e4ytt\u00e4\u00e4, mit\u00e4 kaunokirjallisuudelle pit\u00e4\u00e4 ruudulla tehd\u00e4.\" \/>\n<meta property=\"og:url\" content=\"https:\/\/suomenkuvalehti.fi\/lahetyssaarnaaja\/2015\/08\/25\/miten-romaani-siirretaan-televisioon\/\" \/>\n<meta property=\"og:site_name\" content=\"L\u00e4hetyssaarnaaja\" \/>\n<meta property=\"article:published_time\" content=\"2015-08-25T12:19:06+00:00\" \/>\n<meta name=\"author\" content=\"Ilkka Pernu\" \/>\n<meta name=\"twitter:label1\" content=\"Written by\" \/>\n\t<meta name=\"twitter:data1\" content=\"Ilkka Pernu\" \/>\n\t<meta name=\"twitter:label2\" content=\"Est. reading time\" \/>\n\t<meta name=\"twitter:data2\" content=\"2 minuuttia\" \/>\n<script type=\"application\/ld+json\" class=\"yoast-schema-graph\">{\"@context\":\"https:\/\/schema.org\",\"@graph\":[{\"@type\":\"WebPage\",\"@id\":\"https:\/\/suomenkuvalehti.fi\/lahetyssaarnaaja\/2015\/08\/25\/miten-romaani-siirretaan-televisioon\/\",\"url\":\"https:\/\/suomenkuvalehti.fi\/lahetyssaarnaaja\/2015\/08\/25\/miten-romaani-siirretaan-televisioon\/\",\"name\":\"Miten romaani siirret\u00e4\u00e4n televisioon? - L\u00e4hetyssaarnaaja\",\"isPartOf\":{\"@id\":\"https:\/\/suomenkuvalehti.fi\/lahetyssaarnaaja\/#website\"},\"datePublished\":\"2015-08-25T12:19:06+00:00\",\"author\":{\"@id\":\"https:\/\/suomenkuvalehti.fi\/lahetyssaarnaaja\/#\/schema\/person\/b4250838cec7856ddbc793a5274488a2\"},\"breadcrumb\":{\"@id\":\"https:\/\/suomenkuvalehti.fi\/lahetyssaarnaaja\/2015\/08\/25\/miten-romaani-siirretaan-televisioon\/#breadcrumb\"},\"inLanguage\":\"fi\",\"potentialAction\":[{\"@type\":\"ReadAction\",\"target\":[\"https:\/\/suomenkuvalehti.fi\/lahetyssaarnaaja\/2015\/08\/25\/miten-romaani-siirretaan-televisioon\/\"]}]},{\"@type\":\"BreadcrumbList\",\"@id\":\"https:\/\/suomenkuvalehti.fi\/lahetyssaarnaaja\/2015\/08\/25\/miten-romaani-siirretaan-televisioon\/#breadcrumb\",\"itemListElement\":[{\"@type\":\"ListItem\",\"position\":1,\"name\":\"Home\",\"item\":\"https:\/\/suomenkuvalehti.fi\/lahetyssaarnaaja\/\"},{\"@type\":\"ListItem\",\"position\":2,\"name\":\"Miten romaani siirret\u00e4\u00e4n televisioon?\"}]},{\"@type\":\"WebSite\",\"@id\":\"https:\/\/suomenkuvalehti.fi\/lahetyssaarnaaja\/#website\",\"url\":\"https:\/\/suomenkuvalehti.fi\/lahetyssaarnaaja\/\",\"name\":\"L\u00e4hetyssaarnaaja\",\"description\":\"Televisio el\u00e4\u00e4 uutta kultakauttaan. Ilkka Pernu kirjoittaa siit\u00e4.\",\"potentialAction\":[{\"@type\":\"SearchAction\",\"target\":{\"@type\":\"EntryPoint\",\"urlTemplate\":\"https:\/\/suomenkuvalehti.fi\/haku\/?q={search_term_string}\"},\"query-input\":{\"@type\":\"PropertyValueSpecification\",\"valueRequired\":true,\"valueName\":\"search_term_string\"}}],\"inLanguage\":\"fi\"},{\"@type\":\"Person\",\"@id\":\"https:\/\/suomenkuvalehti.fi\/lahetyssaarnaaja\/#\/schema\/person\/b4250838cec7856ddbc793a5274488a2\",\"name\":\"Ilkka Pernu\",\"image\":{\"@type\":\"ImageObject\",\"inLanguage\":\"fi\",\"@id\":\"https:\/\/suomenkuvalehti.fi\/lahetyssaarnaaja\/#\/schema\/person\/image\/\",\"url\":\"https:\/\/suomenkuvalehti.fi\/lahetyssaarnaaja\/wp-content\/uploads\/sites\/35\/2015\/04\/ilkka_pernu-150x150.jpg\",\"contentUrl\":\"https:\/\/suomenkuvalehti.fi\/lahetyssaarnaaja\/wp-content\/uploads\/sites\/35\/2015\/04\/ilkka_pernu-150x150.jpg\",\"caption\":\"Ilkka Pernu\"},\"description\":\"Kirjoittaja on vapaa toimittaja, joka rakastaa hyv\u00e4\u00e4 tarinankerrontaa.\"}]}<\/script>\n<!-- \/ Yoast SEO plugin. -->","yoast_head_json":{"title":"Miten romaani siirret\u00e4\u00e4n televisioon? - L\u00e4hetyssaarnaaja","robots":{"index":"index","follow":"follow","max-snippet":"max-snippet:-1","max-image-preview":"max-image-preview:large","max-video-preview":"max-video-preview:-1"},"canonical":"https:\/\/suomenkuvalehti.fi\/lahetyssaarnaaja\/2015\/08\/25\/miten-romaani-siirretaan-televisioon\/","og_locale":"fi_FI","og_type":"article","og_title":"Miten romaani siirret\u00e4\u00e4n televisioon? - L\u00e4hetyssaarnaaja","og_description":"BBC:n Susipalatsi n\u00e4ytt\u00e4\u00e4, mit\u00e4 kaunokirjallisuudelle pit\u00e4\u00e4 ruudulla tehd\u00e4.","og_url":"https:\/\/suomenkuvalehti.fi\/lahetyssaarnaaja\/2015\/08\/25\/miten-romaani-siirretaan-televisioon\/","og_site_name":"L\u00e4hetyssaarnaaja","article_published_time":"2015-08-25T12:19:06+00:00","author":"Ilkka Pernu","twitter_misc":{"Written by":"Ilkka Pernu","Est. reading time":"2 minuuttia"},"schema":{"@context":"https:\/\/schema.org","@graph":[{"@type":"WebPage","@id":"https:\/\/suomenkuvalehti.fi\/lahetyssaarnaaja\/2015\/08\/25\/miten-romaani-siirretaan-televisioon\/","url":"https:\/\/suomenkuvalehti.fi\/lahetyssaarnaaja\/2015\/08\/25\/miten-romaani-siirretaan-televisioon\/","name":"Miten romaani siirret\u00e4\u00e4n televisioon? - L\u00e4hetyssaarnaaja","isPartOf":{"@id":"https:\/\/suomenkuvalehti.fi\/lahetyssaarnaaja\/#website"},"datePublished":"2015-08-25T12:19:06+00:00","author":{"@id":"https:\/\/suomenkuvalehti.fi\/lahetyssaarnaaja\/#\/schema\/person\/b4250838cec7856ddbc793a5274488a2"},"breadcrumb":{"@id":"https:\/\/suomenkuvalehti.fi\/lahetyssaarnaaja\/2015\/08\/25\/miten-romaani-siirretaan-televisioon\/#breadcrumb"},"inLanguage":"fi","potentialAction":[{"@type":"ReadAction","target":["https:\/\/suomenkuvalehti.fi\/lahetyssaarnaaja\/2015\/08\/25\/miten-romaani-siirretaan-televisioon\/"]}]},{"@type":"BreadcrumbList","@id":"https:\/\/suomenkuvalehti.fi\/lahetyssaarnaaja\/2015\/08\/25\/miten-romaani-siirretaan-televisioon\/#breadcrumb","itemListElement":[{"@type":"ListItem","position":1,"name":"Home","item":"https:\/\/suomenkuvalehti.fi\/lahetyssaarnaaja\/"},{"@type":"ListItem","position":2,"name":"Miten romaani siirret\u00e4\u00e4n televisioon?"}]},{"@type":"WebSite","@id":"https:\/\/suomenkuvalehti.fi\/lahetyssaarnaaja\/#website","url":"https:\/\/suomenkuvalehti.fi\/lahetyssaarnaaja\/","name":"L\u00e4hetyssaarnaaja","description":"Televisio el\u00e4\u00e4 uutta kultakauttaan. Ilkka Pernu kirjoittaa siit\u00e4.","potentialAction":[{"@type":"SearchAction","target":{"@type":"EntryPoint","urlTemplate":"https:\/\/suomenkuvalehti.fi\/haku\/?q={search_term_string}"},"query-input":{"@type":"PropertyValueSpecification","valueRequired":true,"valueName":"search_term_string"}}],"inLanguage":"fi"},{"@type":"Person","@id":"https:\/\/suomenkuvalehti.fi\/lahetyssaarnaaja\/#\/schema\/person\/b4250838cec7856ddbc793a5274488a2","name":"Ilkka Pernu","image":{"@type":"ImageObject","inLanguage":"fi","@id":"https:\/\/suomenkuvalehti.fi\/lahetyssaarnaaja\/#\/schema\/person\/image\/","url":"https:\/\/suomenkuvalehti.fi\/lahetyssaarnaaja\/wp-content\/uploads\/sites\/35\/2015\/04\/ilkka_pernu-150x150.jpg","contentUrl":"https:\/\/suomenkuvalehti.fi\/lahetyssaarnaaja\/wp-content\/uploads\/sites\/35\/2015\/04\/ilkka_pernu-150x150.jpg","caption":"Ilkka Pernu"},"description":"Kirjoittaja on vapaa toimittaja, joka rakastaa hyv\u00e4\u00e4 tarinankerrontaa."}]}},"_links":{"self":[{"href":"https:\/\/suomenkuvalehti.fi\/lahetyssaarnaaja\/wp-json\/wp\/v2\/posts\/130","targetHints":{"allow":["GET"]}}],"collection":[{"href":"https:\/\/suomenkuvalehti.fi\/lahetyssaarnaaja\/wp-json\/wp\/v2\/posts"}],"about":[{"href":"https:\/\/suomenkuvalehti.fi\/lahetyssaarnaaja\/wp-json\/wp\/v2\/types\/post"}],"author":[{"embeddable":true,"href":"https:\/\/suomenkuvalehti.fi\/lahetyssaarnaaja\/wp-json\/wp\/v2\/users\/15148"}],"replies":[{"embeddable":true,"href":"https:\/\/suomenkuvalehti.fi\/lahetyssaarnaaja\/wp-json\/wp\/v2\/comments?post=130"}],"version-history":[{"count":1,"href":"https:\/\/suomenkuvalehti.fi\/lahetyssaarnaaja\/wp-json\/wp\/v2\/posts\/130\/revisions"}],"predecessor-version":[{"id":131,"href":"https:\/\/suomenkuvalehti.fi\/lahetyssaarnaaja\/wp-json\/wp\/v2\/posts\/130\/revisions\/131"}],"wp:attachment":[{"href":"https:\/\/suomenkuvalehti.fi\/lahetyssaarnaaja\/wp-json\/wp\/v2\/media?parent=130"}],"wp:term":[{"taxonomy":"category","embeddable":true,"href":"https:\/\/suomenkuvalehti.fi\/lahetyssaarnaaja\/wp-json\/wp\/v2\/categories?post=130"},{"taxonomy":"post_tag","embeddable":true,"href":"https:\/\/suomenkuvalehti.fi\/lahetyssaarnaaja\/wp-json\/wp\/v2\/tags?post=130"}],"curies":[{"name":"wp","href":"https:\/\/api.w.org\/{rel}","templated":true}]}}