{"id":121,"date":"2015-08-12T11:46:00","date_gmt":"2015-08-12T08:46:00","guid":{"rendered":"https:\/\/suomenkuvalehti.fi\/lahetyssaarnaaja\/?p=121"},"modified":"2015-08-12T11:46:00","modified_gmt":"2015-08-12T08:46:00","slug":"salaiset-kansiot-on-nyt-ajankohtaisempi-kuin-koskaan","status":"publish","type":"post","link":"https:\/\/suomenkuvalehti.fi\/lahetyssaarnaaja\/2015\/08\/12\/salaiset-kansiot-on-nyt-ajankohtaisempi-kuin-koskaan\/","title":{"rendered":"Salaiset kansiot on nyt ajankohtaisempi kuin koskaan"},"content":{"rendered":"\n<p>K\u00e4si yl\u00f6s: kuka on innoissaan ensi vuoden alussa alkavista uusista <em>Salaiset kansiot<\/em> -jaksoista? 1990-luvun kulttiklassikko tekee kuuden jakson mittaisen paluun tammikuussa.<\/p>\n\n\n\n<p><em>Salaiset kansiot<\/em> oli 1990-luvulla aikaansa edell\u00e4, osaltaan raivaamassa&nbsp;tiet\u00e4 2000-luvun tv-kerronnalle, jossa katsojan ja henkil\u00f6iden eteen vedet\u00e4\u00e4n jatkuvasti uusia verhoja. Sarja synnytti salaliittoteoriagenren. Esimerkiksi vuosina&nbsp;2004\u20132010 tehty&nbsp;<em>Lost<\/em> otti&nbsp;paljon vaikutteita ufosarjasta.<\/p>\n\n\n\n<p>Voiko luvassa olla muuta kuin vanhan l\u00e4mmittely\u00e4, television &#8221;yliluonnollisuusbuumin&#8221; aallolla ratsastamista?&nbsp;Vaikka <em>Salaiset kansiot<\/em>&nbsp;oli aiheensa kanssa tosissaan, mukana oli roimasti huumoria ja itseironiaa. <a href=\"http:\/\/www.toplessrobot.com\/2009\/10\/the_10_funniest_x-files_episodes.php\" target=\"_blank\">Sarja ei ottanut itse\u00e4\u00e4n vakavasti<\/a>. Loppua kohden totisuus syrj\u00e4ytti campin. Vastaavanlainen totisuus leimaa tuoreita&nbsp;yliluonnollisia elementtej\u00e4 sis\u00e4lt\u00e4vi\u00e4 sarjoja. Esimerkiksi <em>Wayward Pines<\/em>, <em>Les Revenants<\/em> (<em>Kuolleista palanneet<\/em>) ja pohjoismaalainen&nbsp;<em>Jordskott<\/em>&nbsp;(<em>Maan povessa<\/em>) ovat kaikki turhankin ryppyotsaisia \u2013 kauhuelokuvista ammentavia \u2013 sarjoja.<\/p>\n\n\n\n<p>Toisaalta <em>Salaisten kansioiden<\/em> salaliittoteemat ovat nyt huomattavasti ajankohtaisempia kuin 1990-luvulla. Sarja p\u00e4\u00e4ttyi pian 9\/11-terrori-iskujen j\u00e4lkeen, vuonna 2002. T\u00e4m\u00e4n p\u00e4iv\u00e4n&nbsp;salaliittoteoriat kumpuavat suoraan WTC-iskujen j\u00e4lkeisest\u00e4 ajasta: voi oikeastaan sanoa, ett\u00e4 iskut synnyttiv\u00e4t salaliittoskenen ja -bisneksen. Buumia vauhditti my\u00f6s internet, joka ajoi monet salaliittoteoreetikot yhteen. Netiss\u00e4 salaliitoista p\u00e4\u00e4asiassa vaahdotaan.<\/p>\n\n\n\n<p>Salaliittouskovaisten mukaan Yhdysvallat lavasti itse terrori-iskun, jotta se sai oikeutuksen alkaa k\u00e4yd\u00e4 sotaa Irakissa. Kyse oli paljon laajemmasta n\u00e4kym\u00e4tt\u00f6m\u00e4n valtaeliitin suunnitelmasta. Koska miljoonien silmien alla voitiin toteuttaa tuhansien ihmisten kuoleman aiheuttanut <a href=\"https:\/\/en.wikipedia.org\/wiki\/False_flag\" target=\"_blank\">false flag<\/a> -isku, valtaeliitti voi tietenkin tehd\u00e4 mit\u00e4 vain \u2013 vaikkapa&nbsp;salata avaruuden olentojen vierailut maan p\u00e4\u00e4ll\u00e4. Nyky\u00e4\u00e4n ei ole edes kovin harvinainen salaliittoteoria, ett\u00e4 maailmaa hallitsee todellisuudessa liskoihmiset,&nbsp;<a href=\"http:\/\/www.theatlantic.com\/national\/archive\/2013\/10\/how-spot-reptilians-runing-us-government\/354496\/\" target=\"_blank\">reptiliaanit<\/a>.<\/p>\n\n\n\n<p>Salaliittoteorioiden taustalla on psykologia: ihminen on altis uskomaan salaliittoihin, jos h\u00e4n jo&nbsp;entuudestaan uskoo johonkin salaliittoon. T\u00e4m\u00e4 logiikka tuli esiin l\u00e4hes jokaisessa&nbsp;<em>Salaiset kansiot<\/em> -jaksossa: toinen p\u00e4\u00e4hahmoista Fox Mulder (<strong>David Duchovny<\/strong>) n\u00e4kee ymp\u00e4rill\u00e4\u00e4n koko ajan salaliittoja. Kollega Dana Scully (<strong>Gillian Anderson<\/strong>) yritt\u00e4\u00e4 olla j\u00e4rjen ja skeptisyyden \u00e4\u00e4ni. H\u00e4n sen sijaan ei ole valmis uskomaan mihink\u00e4\u00e4n. Totuus oli jossain heid\u00e4n v\u00e4liss\u00e4\u00e4n.<\/p>\n\n\n\n<p>T\u00e4llaisessa maailmassa&nbsp;tv-sarja, jossa FBI-agentit penkovat uskomattomia salaliittoja, on ajankohtainen ja h\u00e4mment\u00e4v\u00e4\u00e4 kyll\u00e4 realistinen. Kaikki salaliitot eiv\u00e4t ole huuhaata, vaan joitain on&nbsp;my\u00f6s <a href=\"https:\/\/www.washingtonpost.com\/news\/volokh-conspiracy\/wp\/2015\/04\/09\/edward-snowdens-impact\/\" target=\"_blank\">paljastettu<\/a>. Toivottavati k\u00e4sikirjoittajat ottavat maailman muuttumisen huomioon. Viel\u00e4 1990-luvulla Mulder oli v\u00e4h\u00e4n h\u00f6ps\u00e4ht\u00e4nyt ufouskovainen, mutta vuonna 2015 h\u00e4n olisi&nbsp;t\u00e4ydellinen&nbsp;<a href=\"https:\/\/fi.wikipedia.org\/wiki\/9\/11-totuusliike\" target=\"_blank\">totuusliikkeen<\/a> \u00e4\u00e4nitorvi, jolla olisi oma podcast, verkkokauppa ja <a href=\"http:\/\/www.infowars.com\/\" target=\"_blank\">sekavann\u00e4k\u00f6inen<\/a>&nbsp;nettisivusto.<\/p>\n\n\n\n<p>Muistakaa: <em>Truth Is Out There<\/em>.<\/p>\n\n\n","protected":false},"excerpt":{"rendered":"<p>K\u00e4si yl\u00f6s: kuka on innoissaan ensi vuoden alussa alkavista uusista Salaiset kansiot -jaksoista? 1990-luvun kulttiklassikko tekee kuuden jakson mittaisen paluun tammikuussa. Salaiset kansiot oli 1990-luvulla aikaansa edell\u00e4, osaltaan raivaamassa&nbsp;tiet\u00e4 2000-luvun<br \/>\ntv-&hellip;<\/p>\n","protected":false},"author":15148,"featured_media":0,"comment_status":"open","ping_status":"open","sticky":false,"template":"","format":"standard","meta":{"_acf_changed":false,"asauth_required_access_level":3,"asauth_cansharepaid":"true","om_header_attributes":[],"footnotes":"","om_featured_image_focal_point":[],"om_primary_tag":0,"om_contributors":[],"om_co_authors":[],"beyondwords_generate_audio":"","beyondwords_project_id":"","beyondwords_content_id":"","beyondwords_preview_token":"","beyondwords_player_content":"","beyondwords_player_style":"","beyondwords_language_code":"","beyondwords_language_id":"","beyondwords_title_voice_id":"","beyondwords_body_voice_id":"","beyondwords_summary_voice_id":"","beyondwords_error_message":"","beyondwords_disabled":"","beyondwords_delete_content":"","beyondwords_podcast_id":"","beyondwords_hash":"","publish_post_to_speechkit":"","speechkit_hash":"","speechkit_generate_audio":"","speechkit_project_id":"","speechkit_podcast_id":"","speechkit_error_message":"","speechkit_disabled":"","speechkit_access_key":"","speechkit_error":"","speechkit_info":"","speechkit_response":"","speechkit_retries":"","speechkit_status":"","speechkit_updated_at":"","_speechkit_link":"","_speechkit_text":""},"categories":[1],"tags":[78,79,75,77,76],"class_list":["post-121","post","type-post","status-publish","format-standard","hentry","category-lahetyssaarnaaja","tag-david-duchovny","tag-gillian-anderson","tag-salaiset-kansiot","tag-salaliittoteoria","tag-x-files"],"om_views":null,"acf":{"tuuma_off":false,"tuuma_kysymys":"","tuuma_vastaus":""},"asauth":{"required_access_level":1,"share_token":"","is_paid":false},"yoast_head":"<!-- This site is optimized with the Yoast SEO plugin v26.4 - https:\/\/yoast.com\/wordpress\/plugins\/seo\/ -->\n<title>Salaiset kansiot on nyt ajankohtaisempi kuin koskaan - L\u00e4hetyssaarnaaja<\/title>\n<meta name=\"robots\" content=\"index, follow, max-snippet:-1, max-image-preview:large, max-video-preview:-1\" \/>\n<link rel=\"canonical\" href=\"https:\/\/suomenkuvalehti.fi\/lahetyssaarnaaja\/2015\/08\/12\/salaiset-kansiot-on-nyt-ajankohtaisempi-kuin-koskaan\/\" \/>\n<meta property=\"og:locale\" content=\"fi_FI\" \/>\n<meta property=\"og:type\" content=\"article\" \/>\n<meta property=\"og:title\" content=\"Salaiset kansiot on nyt ajankohtaisempi kuin koskaan - L\u00e4hetyssaarnaaja\" \/>\n<meta property=\"og:description\" content=\"T\u00e4n\u00e4 p\u00e4iv\u00e4n\u00e4 ufouskovaisella Fox Mulderilla olisi oma podcast, suosittu blogi ja miljoonia faneja.\" \/>\n<meta property=\"og:url\" content=\"https:\/\/suomenkuvalehti.fi\/lahetyssaarnaaja\/2015\/08\/12\/salaiset-kansiot-on-nyt-ajankohtaisempi-kuin-koskaan\/\" \/>\n<meta property=\"og:site_name\" content=\"L\u00e4hetyssaarnaaja\" \/>\n<meta property=\"article:published_time\" content=\"2015-08-12T08:46:00+00:00\" \/>\n<meta name=\"author\" content=\"Ilkka Pernu\" \/>\n<meta name=\"twitter:label1\" content=\"Written by\" \/>\n\t<meta name=\"twitter:data1\" content=\"Ilkka Pernu\" \/>\n\t<meta name=\"twitter:label2\" content=\"Est. reading time\" \/>\n\t<meta name=\"twitter:data2\" content=\"2 minuuttia\" \/>\n<script type=\"application\/ld+json\" class=\"yoast-schema-graph\">{\"@context\":\"https:\/\/schema.org\",\"@graph\":[{\"@type\":\"WebPage\",\"@id\":\"https:\/\/suomenkuvalehti.fi\/lahetyssaarnaaja\/2015\/08\/12\/salaiset-kansiot-on-nyt-ajankohtaisempi-kuin-koskaan\/\",\"url\":\"https:\/\/suomenkuvalehti.fi\/lahetyssaarnaaja\/2015\/08\/12\/salaiset-kansiot-on-nyt-ajankohtaisempi-kuin-koskaan\/\",\"name\":\"Salaiset kansiot on nyt ajankohtaisempi kuin koskaan - L\u00e4hetyssaarnaaja\",\"isPartOf\":{\"@id\":\"https:\/\/suomenkuvalehti.fi\/lahetyssaarnaaja\/#website\"},\"datePublished\":\"2015-08-12T08:46:00+00:00\",\"author\":{\"@id\":\"https:\/\/suomenkuvalehti.fi\/lahetyssaarnaaja\/#\/schema\/person\/b4250838cec7856ddbc793a5274488a2\"},\"breadcrumb\":{\"@id\":\"https:\/\/suomenkuvalehti.fi\/lahetyssaarnaaja\/2015\/08\/12\/salaiset-kansiot-on-nyt-ajankohtaisempi-kuin-koskaan\/#breadcrumb\"},\"inLanguage\":\"fi\",\"potentialAction\":[{\"@type\":\"ReadAction\",\"target\":[\"https:\/\/suomenkuvalehti.fi\/lahetyssaarnaaja\/2015\/08\/12\/salaiset-kansiot-on-nyt-ajankohtaisempi-kuin-koskaan\/\"]}]},{\"@type\":\"BreadcrumbList\",\"@id\":\"https:\/\/suomenkuvalehti.fi\/lahetyssaarnaaja\/2015\/08\/12\/salaiset-kansiot-on-nyt-ajankohtaisempi-kuin-koskaan\/#breadcrumb\",\"itemListElement\":[{\"@type\":\"ListItem\",\"position\":1,\"name\":\"Home\",\"item\":\"https:\/\/suomenkuvalehti.fi\/lahetyssaarnaaja\/\"},{\"@type\":\"ListItem\",\"position\":2,\"name\":\"Salaiset kansiot on nyt ajankohtaisempi kuin koskaan\"}]},{\"@type\":\"WebSite\",\"@id\":\"https:\/\/suomenkuvalehti.fi\/lahetyssaarnaaja\/#website\",\"url\":\"https:\/\/suomenkuvalehti.fi\/lahetyssaarnaaja\/\",\"name\":\"L\u00e4hetyssaarnaaja\",\"description\":\"Televisio el\u00e4\u00e4 uutta kultakauttaan. Ilkka Pernu kirjoittaa siit\u00e4.\",\"potentialAction\":[{\"@type\":\"SearchAction\",\"target\":{\"@type\":\"EntryPoint\",\"urlTemplate\":\"https:\/\/suomenkuvalehti.fi\/haku\/?q={search_term_string}\"},\"query-input\":{\"@type\":\"PropertyValueSpecification\",\"valueRequired\":true,\"valueName\":\"search_term_string\"}}],\"inLanguage\":\"fi\"},{\"@type\":\"Person\",\"@id\":\"https:\/\/suomenkuvalehti.fi\/lahetyssaarnaaja\/#\/schema\/person\/b4250838cec7856ddbc793a5274488a2\",\"name\":\"Ilkka Pernu\",\"image\":{\"@type\":\"ImageObject\",\"inLanguage\":\"fi\",\"@id\":\"https:\/\/suomenkuvalehti.fi\/lahetyssaarnaaja\/#\/schema\/person\/image\/\",\"url\":\"https:\/\/suomenkuvalehti.fi\/lahetyssaarnaaja\/wp-content\/uploads\/sites\/35\/2015\/04\/ilkka_pernu-150x150.jpg\",\"contentUrl\":\"https:\/\/suomenkuvalehti.fi\/lahetyssaarnaaja\/wp-content\/uploads\/sites\/35\/2015\/04\/ilkka_pernu-150x150.jpg\",\"caption\":\"Ilkka Pernu\"},\"description\":\"Kirjoittaja on vapaa toimittaja, joka rakastaa hyv\u00e4\u00e4 tarinankerrontaa.\"}]}<\/script>\n<!-- \/ Yoast SEO plugin. -->","yoast_head_json":{"title":"Salaiset kansiot on nyt ajankohtaisempi kuin koskaan - L\u00e4hetyssaarnaaja","robots":{"index":"index","follow":"follow","max-snippet":"max-snippet:-1","max-image-preview":"max-image-preview:large","max-video-preview":"max-video-preview:-1"},"canonical":"https:\/\/suomenkuvalehti.fi\/lahetyssaarnaaja\/2015\/08\/12\/salaiset-kansiot-on-nyt-ajankohtaisempi-kuin-koskaan\/","og_locale":"fi_FI","og_type":"article","og_title":"Salaiset kansiot on nyt ajankohtaisempi kuin koskaan - L\u00e4hetyssaarnaaja","og_description":"T\u00e4n\u00e4 p\u00e4iv\u00e4n\u00e4 ufouskovaisella Fox Mulderilla olisi oma podcast, suosittu blogi ja miljoonia faneja.","og_url":"https:\/\/suomenkuvalehti.fi\/lahetyssaarnaaja\/2015\/08\/12\/salaiset-kansiot-on-nyt-ajankohtaisempi-kuin-koskaan\/","og_site_name":"L\u00e4hetyssaarnaaja","article_published_time":"2015-08-12T08:46:00+00:00","author":"Ilkka Pernu","twitter_misc":{"Written by":"Ilkka Pernu","Est. reading time":"2 minuuttia"},"schema":{"@context":"https:\/\/schema.org","@graph":[{"@type":"WebPage","@id":"https:\/\/suomenkuvalehti.fi\/lahetyssaarnaaja\/2015\/08\/12\/salaiset-kansiot-on-nyt-ajankohtaisempi-kuin-koskaan\/","url":"https:\/\/suomenkuvalehti.fi\/lahetyssaarnaaja\/2015\/08\/12\/salaiset-kansiot-on-nyt-ajankohtaisempi-kuin-koskaan\/","name":"Salaiset kansiot on nyt ajankohtaisempi kuin koskaan - L\u00e4hetyssaarnaaja","isPartOf":{"@id":"https:\/\/suomenkuvalehti.fi\/lahetyssaarnaaja\/#website"},"datePublished":"2015-08-12T08:46:00+00:00","author":{"@id":"https:\/\/suomenkuvalehti.fi\/lahetyssaarnaaja\/#\/schema\/person\/b4250838cec7856ddbc793a5274488a2"},"breadcrumb":{"@id":"https:\/\/suomenkuvalehti.fi\/lahetyssaarnaaja\/2015\/08\/12\/salaiset-kansiot-on-nyt-ajankohtaisempi-kuin-koskaan\/#breadcrumb"},"inLanguage":"fi","potentialAction":[{"@type":"ReadAction","target":["https:\/\/suomenkuvalehti.fi\/lahetyssaarnaaja\/2015\/08\/12\/salaiset-kansiot-on-nyt-ajankohtaisempi-kuin-koskaan\/"]}]},{"@type":"BreadcrumbList","@id":"https:\/\/suomenkuvalehti.fi\/lahetyssaarnaaja\/2015\/08\/12\/salaiset-kansiot-on-nyt-ajankohtaisempi-kuin-koskaan\/#breadcrumb","itemListElement":[{"@type":"ListItem","position":1,"name":"Home","item":"https:\/\/suomenkuvalehti.fi\/lahetyssaarnaaja\/"},{"@type":"ListItem","position":2,"name":"Salaiset kansiot on nyt ajankohtaisempi kuin koskaan"}]},{"@type":"WebSite","@id":"https:\/\/suomenkuvalehti.fi\/lahetyssaarnaaja\/#website","url":"https:\/\/suomenkuvalehti.fi\/lahetyssaarnaaja\/","name":"L\u00e4hetyssaarnaaja","description":"Televisio el\u00e4\u00e4 uutta kultakauttaan. Ilkka Pernu kirjoittaa siit\u00e4.","potentialAction":[{"@type":"SearchAction","target":{"@type":"EntryPoint","urlTemplate":"https:\/\/suomenkuvalehti.fi\/haku\/?q={search_term_string}"},"query-input":{"@type":"PropertyValueSpecification","valueRequired":true,"valueName":"search_term_string"}}],"inLanguage":"fi"},{"@type":"Person","@id":"https:\/\/suomenkuvalehti.fi\/lahetyssaarnaaja\/#\/schema\/person\/b4250838cec7856ddbc793a5274488a2","name":"Ilkka Pernu","image":{"@type":"ImageObject","inLanguage":"fi","@id":"https:\/\/suomenkuvalehti.fi\/lahetyssaarnaaja\/#\/schema\/person\/image\/","url":"https:\/\/suomenkuvalehti.fi\/lahetyssaarnaaja\/wp-content\/uploads\/sites\/35\/2015\/04\/ilkka_pernu-150x150.jpg","contentUrl":"https:\/\/suomenkuvalehti.fi\/lahetyssaarnaaja\/wp-content\/uploads\/sites\/35\/2015\/04\/ilkka_pernu-150x150.jpg","caption":"Ilkka Pernu"},"description":"Kirjoittaja on vapaa toimittaja, joka rakastaa hyv\u00e4\u00e4 tarinankerrontaa."}]}},"_links":{"self":[{"href":"https:\/\/suomenkuvalehti.fi\/lahetyssaarnaaja\/wp-json\/wp\/v2\/posts\/121","targetHints":{"allow":["GET"]}}],"collection":[{"href":"https:\/\/suomenkuvalehti.fi\/lahetyssaarnaaja\/wp-json\/wp\/v2\/posts"}],"about":[{"href":"https:\/\/suomenkuvalehti.fi\/lahetyssaarnaaja\/wp-json\/wp\/v2\/types\/post"}],"author":[{"embeddable":true,"href":"https:\/\/suomenkuvalehti.fi\/lahetyssaarnaaja\/wp-json\/wp\/v2\/users\/15148"}],"replies":[{"embeddable":true,"href":"https:\/\/suomenkuvalehti.fi\/lahetyssaarnaaja\/wp-json\/wp\/v2\/comments?post=121"}],"version-history":[{"count":3,"href":"https:\/\/suomenkuvalehti.fi\/lahetyssaarnaaja\/wp-json\/wp\/v2\/posts\/121\/revisions"}],"predecessor-version":[{"id":124,"href":"https:\/\/suomenkuvalehti.fi\/lahetyssaarnaaja\/wp-json\/wp\/v2\/posts\/121\/revisions\/124"}],"wp:attachment":[{"href":"https:\/\/suomenkuvalehti.fi\/lahetyssaarnaaja\/wp-json\/wp\/v2\/media?parent=121"}],"wp:term":[{"taxonomy":"category","embeddable":true,"href":"https:\/\/suomenkuvalehti.fi\/lahetyssaarnaaja\/wp-json\/wp\/v2\/categories?post=121"},{"taxonomy":"post_tag","embeddable":true,"href":"https:\/\/suomenkuvalehti.fi\/lahetyssaarnaaja\/wp-json\/wp\/v2\/tags?post=121"}],"curies":[{"name":"wp","href":"https:\/\/api.w.org\/{rel}","templated":true}]}}