{"id":97,"date":"2018-10-19T15:07:23","date_gmt":"2018-10-19T12:07:23","guid":{"rendered":"https:\/\/suomenkuvalehti.fi\/kyro\/?p=97"},"modified":"2018-10-19T15:07:23","modified_gmt":"2018-10-19T12:07:23","slug":"tuomaksen-ilmestys-ilmastonmuutos-vaatii-liikekannallepanon","status":"publish","type":"post","link":"https:\/\/suomenkuvalehti.fi\/kyro\/2018\/10\/19\/tuomaksen-ilmestys-ilmastonmuutos-vaatii-liikekannallepanon\/","title":{"rendered":"Tuomaksen ilmestys &#8211; Ilmastonmuutos vaatii liikekannallepanon"},"content":{"rendered":"\n<p><span class=\"capitalized\">Esihistoriassa<\/span> sedimentin alle hautautui kasveja ja meren eli\u00f6it\u00e4, jotta me saamme nyt kulkea kumipy\u00f6rill\u00e4 ja asua keskusl\u00e4mmitetyiss\u00e4 p\u00e4\u00e4llekk\u00e4istaloissa. \u00d6ljy on uhri.<a href=\"https:\/\/www.youtube.com\/watch?v=50WphCvOubE\"> \u00d6ljy on omena, josta ihmiskunta haukkasi<\/a>. Paratiisista ilmestyskirjaan on matkaa vain muutama kiertoliittym\u00e4.<\/p>\n\n\n\n<p>Suurimmalla osalla ihmiskuntaa ei ole mist\u00e4 luopua, jotta minulla olisi t\u00e4\u00e4ll\u00e4 moraalisesti ja fyysisesti mukavampi olla. Min\u00e4k\u00f6 menen kertomaan, ett\u00e4 kuulkaas nyt herra ja rouva kiinalainen, tulin sy\u00f6neeksi brasialialaista sis\u00e4filett\u00e4 sinunkin puolestasi. Ajoin japanilaisilla ja ruotsalaisilla autoilla ja haaveilin amerikkalaisesta. Kessuttelin, niin ett\u00e4 keuhkot meni. Tein avokadopastaa, koska se oli nettihitti. Sijoitin rahastoihin, joiden sijoituskohteista en tied\u00e4 mit\u00e4\u00e4n. Ostin lapsity\u00f6voimalla tehtyj\u00e4 vaatteita, kun halvalla sain. L\u00e4mmitin \u00f6ljyll\u00e4, s\u00e4hk\u00f6ll\u00e4 ja kaikella mit\u00e4 yhti\u00f6t tarjosivat. Lensin Teneriffalle, koska talvi on kovin alakuloinen vuodenaika. Sori siit\u00e4, hei.<\/p>\n\n\n\n<p><span class=\"capitalized\">Jo<\/span> ensimmm\u00e4iss\u00e4 kertomuksissa ihminen maksaa ahneudestaan ja ylpeydest\u00e4\u00e4n. Mesotaan ja m\u00e4ss\u00e4t\u00e4\u00e4n, kunnes edess\u00e4 on peili ja tuho. N\u00e4kik\u00f6 noiden tarinoiden k\u00e4sikirjoittajarinki 3000 vuotta sitten tulevaisuuteen? Ei, vaan itseens\u00e4 ja naapuriin. Myyttimme ovat viettimme. Haluamme jatkaa geenej\u00e4mme ja helpottaa tulevien polvien el\u00e4m\u00e4\u00e4, ett\u00e4 me voisimme jatkua heiss\u00e4. Se vaatii paljon energiaa.<\/p>\n\n\n\n<p>Dna:ta emme saa uudelleen kirjoitettua, olisiko uusi luomiskertomus mahdollinen? Miten k\u00e4\u00e4nt\u00e4\u00e4 ikiaikainen ajatusmaailma? Luopumisen olisi tunnuttava samalta kuin saamisen. N\u00e4l\u00e4n ylt\u00e4kyll\u00e4isyydelt\u00e4, taistelun levolta. Se, ett\u00e4 kahvia tai suklaata ei saa ja lent\u00e4minen on lailla kielletty\u00e4, ovat ihanimpia ihmiskunnalle tapahtuneita asioita. H\u00e4vitess\u00e4si voitat. Tavallinen riitt\u00e4\u00e4.<\/p>\n\n\n\n<p><span class=\"capitalized\">Saimme<\/span> itsemme uskomaan sellaisiin k\u00e4sitteisiin kuin jumala, raha, rakkaus, lomaltapaluuraha ja kilometrikorvaukset. Miksemme pystyisi k\u00e4\u00e4nt\u00e4m\u00e4\u00e4n ajatteluamme ihan mihin vain?<\/p>\n\n\n\n<p>Viimeisen 70 vuoden aikana \u00f6ljy on kiihottanut kasvua, joka on tuottanut hyvinvointia. Samalla kun \u00f6ljy uhrasi itsens\u00e4, ihminen unohti, ett\u00e4 h\u00e4nelt\u00e4 voidaan vaatia samaa. T\u00e4m\u00e4 taistelu ei ratkea kansalaisten yksitt\u00e4isill\u00e4 valinnoilla.<\/p>\n\n\n\n<p>Sotaa edelt\u00e4\u00e4 liikekannallepano ja yhteisen teht\u00e4v\u00e4n ymm\u00e4rt\u00e4minen. T\u00e4m\u00e4n p\u00e4iv\u00e4n sodassa ei pid\u00e4 edes luopua el\u00e4m\u00e4st\u00e4, riitt\u00e4\u00e4 ett\u00e4 luopuu elintasostaan.<\/p>\n\n\n\n<p><span class=\"capitalized\">Yhdysvallat<\/span> h\u00e4tk\u00e4hti mukaan toiseen maailmansotaan, kun Japani hy\u00f6kk\u00e4si <a href=\"https:\/\/fi.wikipedia.org\/wiki\/Hy%C3%B6kk%C3%A4ys_Pearl_Harboriin\">Pearl Harboriin<\/a>. Nelj\u00e4ss\u00e4 vuodessa kehitettiin ydinase, kilpajuoksu Berliiniin ja alku maailmanj\u00e4rjestykselle, joka nyt p\u00e4\u00e4ttyy. Kapitalismi ja kommunismi yhdistiv\u00e4t voimansa natsismia vastaan, koska vaihtoehto oli toimivat markkinat tai konkurssi. El\u00e4m\u00e4 tai kuolema. Alkaisi olla samanlaisen liittouman aika, mutta itsemme pelastamiseen tarvitaan koko pallo.<\/p>\n\n\n","protected":false},"excerpt":{"rendered":"<p>Ilmastonmuutos on seurausta siit\u00e4, ett\u00e4 ihminen uhrasi fossiiliset polttoainevarannot omaksi edukseen. Nyt uhrivalmiutta kaivataan ihmiselt\u00e4.<\/p>\n","protected":false},"author":40696,"featured_media":0,"comment_status":"open","ping_status":"open","sticky":false,"template":"","format":"standard","meta":{"_acf_changed":false,"asauth_required_access_level":3,"asauth_cansharepaid":"true","om_header_attributes":[],"footnotes":"","om_featured_image_focal_point":[],"om_primary_tag":0,"om_contributors":[],"om_co_authors":[],"beyondwords_generate_audio":"","beyondwords_project_id":"","beyondwords_content_id":"","beyondwords_preview_token":"","beyondwords_player_content":"","beyondwords_player_style":"","beyondwords_language_code":"","beyondwords_language_id":"","beyondwords_title_voice_id":"","beyondwords_body_voice_id":"","beyondwords_summary_voice_id":"","beyondwords_error_message":"","beyondwords_disabled":"","beyondwords_delete_content":"","beyondwords_podcast_id":"","beyondwords_hash":"","publish_post_to_speechkit":"","speechkit_hash":"","speechkit_generate_audio":"","speechkit_project_id":"","speechkit_podcast_id":"","speechkit_error_message":"","speechkit_disabled":"","speechkit_access_key":"","speechkit_error":"","speechkit_info":"","speechkit_response":"","speechkit_retries":"","speechkit_status":"","speechkit_updated_at":"","_speechkit_link":"","_speechkit_text":""},"categories":[1],"tags":[118,124,125,120,119,123,121,122],"class_list":["post-97","post","type-post","status-publish","format-standard","hentry","category-yleinen","tag-ilmastonmuutos","tag-kapitalismi","tag-kommunismi","tag-myytit","tag-oljy","tag-pearl-harbour","tag-uhri","tag-uhrivalmius"],"om_views":null,"acf":{"tuuma_off":false,"tuuma_kysymys":"","tuuma_vastaus":""},"asauth":{"required_access_level":1,"share_token":"","is_paid":false},"yoast_head":"<!-- This site is optimized with the Yoast SEO plugin v26.4 - https:\/\/yoast.com\/wordpress\/plugins\/seo\/ -->\n<title>Tuomaksen ilmestys - Ilmastonmuutos vaatii liikekannallepanon - Kyr\u00f6<\/title>\n<meta name=\"robots\" content=\"index, follow, max-snippet:-1, max-image-preview:large, max-video-preview:-1\" \/>\n<link rel=\"canonical\" href=\"https:\/\/suomenkuvalehti.fi\/kyro\/2018\/10\/19\/tuomaksen-ilmestys-ilmastonmuutos-vaatii-liikekannallepanon\/\" \/>\n<meta property=\"og:locale\" content=\"fi_FI\" \/>\n<meta property=\"og:type\" content=\"article\" \/>\n<meta property=\"og:title\" content=\"Tuomaksen ilmestys - Ilmastonmuutos vaatii liikekannallepanon - Kyr\u00f6\" \/>\n<meta property=\"og:description\" content=\"Ilmastonmuutos on seurausta siit\u00e4, ett\u00e4 ihminen uhrasi fossiiliset polttoainevarannot omaksi edukseen. Nyt uhrivalmiutta kaivataan ihmiselt\u00e4.\" \/>\n<meta property=\"og:url\" content=\"https:\/\/suomenkuvalehti.fi\/kyro\/2018\/10\/19\/tuomaksen-ilmestys-ilmastonmuutos-vaatii-liikekannallepanon\/\" \/>\n<meta property=\"og:site_name\" content=\"Kyr\u00f6\" \/>\n<meta property=\"article:published_time\" content=\"2018-10-19T12:07:23+00:00\" \/>\n<meta property=\"og:image\" content=\"https:\/\/suomenkuvalehti.fi\/kyro\/wp-content\/uploads\/sites\/44\/2018\/02\/tuomas_kyro_blogi.jpg\" \/>\n\t<meta property=\"og:image:width\" content=\"600\" \/>\n\t<meta property=\"og:image:height\" content=\"600\" \/>\n\t<meta property=\"og:image:type\" content=\"image\/jpeg\" \/>\n<meta name=\"author\" content=\"Tuomas Kyr\u00f6\" \/>\n<meta name=\"twitter:card\" content=\"summary_large_image\" \/>\n<meta name=\"twitter:label1\" content=\"Written by\" \/>\n\t<meta name=\"twitter:data1\" content=\"Tuomas Kyr\u00f6\" \/>\n\t<meta name=\"twitter:label2\" content=\"Est. reading time\" \/>\n\t<meta name=\"twitter:data2\" content=\"2 minuuttia\" \/>\n<script type=\"application\/ld+json\" class=\"yoast-schema-graph\">{\"@context\":\"https:\/\/schema.org\",\"@graph\":[{\"@type\":\"WebPage\",\"@id\":\"https:\/\/suomenkuvalehti.fi\/kyro\/2018\/10\/19\/tuomaksen-ilmestys-ilmastonmuutos-vaatii-liikekannallepanon\/\",\"url\":\"https:\/\/suomenkuvalehti.fi\/kyro\/2018\/10\/19\/tuomaksen-ilmestys-ilmastonmuutos-vaatii-liikekannallepanon\/\",\"name\":\"Tuomaksen ilmestys - Ilmastonmuutos vaatii liikekannallepanon - Kyr\u00f6\",\"isPartOf\":{\"@id\":\"https:\/\/suomenkuvalehti.fi\/kyro\/#website\"},\"datePublished\":\"2018-10-19T12:07:23+00:00\",\"author\":{\"@id\":\"https:\/\/suomenkuvalehti.fi\/kyro\/#\/schema\/person\/efa04f5f0a3ee020459fa36ff96595a3\"},\"breadcrumb\":{\"@id\":\"https:\/\/suomenkuvalehti.fi\/kyro\/2018\/10\/19\/tuomaksen-ilmestys-ilmastonmuutos-vaatii-liikekannallepanon\/#breadcrumb\"},\"inLanguage\":\"fi\",\"potentialAction\":[{\"@type\":\"ReadAction\",\"target\":[\"https:\/\/suomenkuvalehti.fi\/kyro\/2018\/10\/19\/tuomaksen-ilmestys-ilmastonmuutos-vaatii-liikekannallepanon\/\"]}]},{\"@type\":\"BreadcrumbList\",\"@id\":\"https:\/\/suomenkuvalehti.fi\/kyro\/2018\/10\/19\/tuomaksen-ilmestys-ilmastonmuutos-vaatii-liikekannallepanon\/#breadcrumb\",\"itemListElement\":[{\"@type\":\"ListItem\",\"position\":1,\"name\":\"Home\",\"item\":\"https:\/\/suomenkuvalehti.fi\/kyro\/\"},{\"@type\":\"ListItem\",\"position\":2,\"name\":\"Tuomaksen ilmestys &#8211; Ilmastonmuutos vaatii liikekannallepanon\"}]},{\"@type\":\"WebSite\",\"@id\":\"https:\/\/suomenkuvalehti.fi\/kyro\/#website\",\"url\":\"https:\/\/suomenkuvalehti.fi\/kyro\/\",\"name\":\"Kyr\u00f6\",\"description\":\"Todellisuudesta tarinoin.\",\"potentialAction\":[{\"@type\":\"SearchAction\",\"target\":{\"@type\":\"EntryPoint\",\"urlTemplate\":\"https:\/\/suomenkuvalehti.fi\/haku\/?q={search_term_string}\"},\"query-input\":{\"@type\":\"PropertyValueSpecification\",\"valueRequired\":true,\"valueName\":\"search_term_string\"}}],\"inLanguage\":\"fi\"},{\"@type\":\"Person\",\"@id\":\"https:\/\/suomenkuvalehti.fi\/kyro\/#\/schema\/person\/efa04f5f0a3ee020459fa36ff96595a3\",\"name\":\"Tuomas Kyr\u00f6\",\"image\":{\"@type\":\"ImageObject\",\"inLanguage\":\"fi\",\"@id\":\"https:\/\/suomenkuvalehti.fi\/kyro\/#\/schema\/person\/image\/\",\"url\":\"https:\/\/suomenkuvalehti.fi\/kyro\/wp-content\/uploads\/sites\/44\/2022\/04\/tuomas_kyro_blogi-1-150x150.jpg\",\"contentUrl\":\"https:\/\/suomenkuvalehti.fi\/kyro\/wp-content\/uploads\/sites\/44\/2022\/04\/tuomas_kyro_blogi-1-150x150.jpg\",\"caption\":\"Tuomas Kyr\u00f6\"},\"description\":\"Kirjoittaja on kirjailija.\"}]}<\/script>\n<!-- \/ Yoast SEO plugin. -->","yoast_head_json":{"title":"Tuomaksen ilmestys - Ilmastonmuutos vaatii liikekannallepanon - Kyr\u00f6","robots":{"index":"index","follow":"follow","max-snippet":"max-snippet:-1","max-image-preview":"max-image-preview:large","max-video-preview":"max-video-preview:-1"},"canonical":"https:\/\/suomenkuvalehti.fi\/kyro\/2018\/10\/19\/tuomaksen-ilmestys-ilmastonmuutos-vaatii-liikekannallepanon\/","og_locale":"fi_FI","og_type":"article","og_title":"Tuomaksen ilmestys - Ilmastonmuutos vaatii liikekannallepanon - Kyr\u00f6","og_description":"Ilmastonmuutos on seurausta siit\u00e4, ett\u00e4 ihminen uhrasi fossiiliset polttoainevarannot omaksi edukseen. Nyt uhrivalmiutta kaivataan ihmiselt\u00e4.","og_url":"https:\/\/suomenkuvalehti.fi\/kyro\/2018\/10\/19\/tuomaksen-ilmestys-ilmastonmuutos-vaatii-liikekannallepanon\/","og_site_name":"Kyr\u00f6","article_published_time":"2018-10-19T12:07:23+00:00","og_image":[{"width":600,"height":600,"url":"https:\/\/suomenkuvalehti.fi\/kyro\/wp-content\/uploads\/sites\/44\/2018\/02\/tuomas_kyro_blogi.jpg","type":"image\/jpeg"}],"author":"Tuomas Kyr\u00f6","twitter_card":"summary_large_image","twitter_misc":{"Written by":"Tuomas Kyr\u00f6","Est. reading time":"2 minuuttia"},"schema":{"@context":"https:\/\/schema.org","@graph":[{"@type":"WebPage","@id":"https:\/\/suomenkuvalehti.fi\/kyro\/2018\/10\/19\/tuomaksen-ilmestys-ilmastonmuutos-vaatii-liikekannallepanon\/","url":"https:\/\/suomenkuvalehti.fi\/kyro\/2018\/10\/19\/tuomaksen-ilmestys-ilmastonmuutos-vaatii-liikekannallepanon\/","name":"Tuomaksen ilmestys - Ilmastonmuutos vaatii liikekannallepanon - Kyr\u00f6","isPartOf":{"@id":"https:\/\/suomenkuvalehti.fi\/kyro\/#website"},"datePublished":"2018-10-19T12:07:23+00:00","author":{"@id":"https:\/\/suomenkuvalehti.fi\/kyro\/#\/schema\/person\/efa04f5f0a3ee020459fa36ff96595a3"},"breadcrumb":{"@id":"https:\/\/suomenkuvalehti.fi\/kyro\/2018\/10\/19\/tuomaksen-ilmestys-ilmastonmuutos-vaatii-liikekannallepanon\/#breadcrumb"},"inLanguage":"fi","potentialAction":[{"@type":"ReadAction","target":["https:\/\/suomenkuvalehti.fi\/kyro\/2018\/10\/19\/tuomaksen-ilmestys-ilmastonmuutos-vaatii-liikekannallepanon\/"]}]},{"@type":"BreadcrumbList","@id":"https:\/\/suomenkuvalehti.fi\/kyro\/2018\/10\/19\/tuomaksen-ilmestys-ilmastonmuutos-vaatii-liikekannallepanon\/#breadcrumb","itemListElement":[{"@type":"ListItem","position":1,"name":"Home","item":"https:\/\/suomenkuvalehti.fi\/kyro\/"},{"@type":"ListItem","position":2,"name":"Tuomaksen ilmestys &#8211; Ilmastonmuutos vaatii liikekannallepanon"}]},{"@type":"WebSite","@id":"https:\/\/suomenkuvalehti.fi\/kyro\/#website","url":"https:\/\/suomenkuvalehti.fi\/kyro\/","name":"Kyr\u00f6","description":"Todellisuudesta tarinoin.","potentialAction":[{"@type":"SearchAction","target":{"@type":"EntryPoint","urlTemplate":"https:\/\/suomenkuvalehti.fi\/haku\/?q={search_term_string}"},"query-input":{"@type":"PropertyValueSpecification","valueRequired":true,"valueName":"search_term_string"}}],"inLanguage":"fi"},{"@type":"Person","@id":"https:\/\/suomenkuvalehti.fi\/kyro\/#\/schema\/person\/efa04f5f0a3ee020459fa36ff96595a3","name":"Tuomas Kyr\u00f6","image":{"@type":"ImageObject","inLanguage":"fi","@id":"https:\/\/suomenkuvalehti.fi\/kyro\/#\/schema\/person\/image\/","url":"https:\/\/suomenkuvalehti.fi\/kyro\/wp-content\/uploads\/sites\/44\/2022\/04\/tuomas_kyro_blogi-1-150x150.jpg","contentUrl":"https:\/\/suomenkuvalehti.fi\/kyro\/wp-content\/uploads\/sites\/44\/2022\/04\/tuomas_kyro_blogi-1-150x150.jpg","caption":"Tuomas Kyr\u00f6"},"description":"Kirjoittaja on kirjailija."}]}},"_links":{"self":[{"href":"https:\/\/suomenkuvalehti.fi\/kyro\/wp-json\/wp\/v2\/posts\/97","targetHints":{"allow":["GET"]}}],"collection":[{"href":"https:\/\/suomenkuvalehti.fi\/kyro\/wp-json\/wp\/v2\/posts"}],"about":[{"href":"https:\/\/suomenkuvalehti.fi\/kyro\/wp-json\/wp\/v2\/types\/post"}],"author":[{"embeddable":true,"href":"https:\/\/suomenkuvalehti.fi\/kyro\/wp-json\/wp\/v2\/users\/40696"}],"replies":[{"embeddable":true,"href":"https:\/\/suomenkuvalehti.fi\/kyro\/wp-json\/wp\/v2\/comments?post=97"}],"version-history":[{"count":1,"href":"https:\/\/suomenkuvalehti.fi\/kyro\/wp-json\/wp\/v2\/posts\/97\/revisions"}],"predecessor-version":[{"id":98,"href":"https:\/\/suomenkuvalehti.fi\/kyro\/wp-json\/wp\/v2\/posts\/97\/revisions\/98"}],"wp:attachment":[{"href":"https:\/\/suomenkuvalehti.fi\/kyro\/wp-json\/wp\/v2\/media?parent=97"}],"wp:term":[{"taxonomy":"category","embeddable":true,"href":"https:\/\/suomenkuvalehti.fi\/kyro\/wp-json\/wp\/v2\/categories?post=97"},{"taxonomy":"post_tag","embeddable":true,"href":"https:\/\/suomenkuvalehti.fi\/kyro\/wp-json\/wp\/v2\/tags?post=97"}],"curies":[{"name":"wp","href":"https:\/\/api.w.org\/{rel}","templated":true}]}}