{"id":47,"date":"2018-03-21T11:44:32","date_gmt":"2018-03-21T09:44:32","guid":{"rendered":"https:\/\/suomenkuvalehti.fi\/kyro\/?p=47"},"modified":"2018-03-21T12:53:57","modified_gmt":"2018-03-21T10:53:57","slug":"hyodyllinen-idiootti-vai-hyodyllinen-nero-kuka-maarittaa-taiteilijan-ja-miksi","status":"publish","type":"post","link":"https:\/\/suomenkuvalehti.fi\/kyro\/2018\/03\/21\/hyodyllinen-idiootti-vai-hyodyllinen-nero-kuka-maarittaa-taiteilijan-ja-miksi\/","title":{"rendered":"Hy\u00f6dyllinen idiootti vai hy\u00f6dyllinen nero \u2013 Kuka m\u00e4\u00e4ritt\u00e4\u00e4 taiteilijan ja miksi"},"content":{"rendered":"\n<p><span class=\"capitalized\">Karpaattien<\/span> nero. Nicolae Ceau\u0219escu. Tasapainoinen nero. Donald Trump. Elokuvan nero. Kim Jong Il. Diktaattorit nimitt\u00e4v\u00e4t itsens\u00e4 neroksi, ett\u00e4 kansa tiet\u00e4isi miss\u00e4 sijaitsee valtakunnan johtava ajatushautomo. Titteli\u00e4 pel\u00e4t\u00e4\u00e4n, sille nauretaan ja siit\u00e4 tehd\u00e4\u00e4n nerolle liian vaikeita satiireja.<\/p>\n\n\n\n<p>Kenen intresseiss\u00e4 on kutsua taiteilijoita neroksi? Kustantajalle kelpaa, ett\u00e4 sosiaalisesti kyvyt\u00f6n t\u00f6rsil\u00f6 on kansakunnan kipupisteiden v\u00e4kev\u00e4 n\u00e4kij\u00e4, aikansa nero. L\u00e4heisi\u00e4\u00e4n kuin \u00f6ljymaaliaan l\u00e4iskiv\u00e4 taiteilija tavoittaa teoksissaan olemassaolon herk\u00e4n visvan. Elokuvaohjaajan synk\u00e4t aiheet ja kaiken raakak\u00e4sittely ovat osa pitk\u00e4\u00e4 jatkumoa, jonne vain nerolla on kurkistusreik\u00e4. H\u00f6pist\u00e4\u00e4n pienest\u00e4 erosta nerouden ja hulluuden v\u00e4lill\u00e4, vaikka kummankin tautiluokitus puuttuu.<\/p>\n\n\n\n<p>&nbsp;<\/p>\n\n\n\n<p><span class=\"capitalized\">Kriitikko<\/span> my\u00f6t\u00e4ilee kustantajan tai galleristin mainosteksti\u00e4 ja lis\u00e4\u00e4 loppuun oman syv\u00e4analyysins\u00e4. Kokonaisuus olisi kaivannut tiivist\u00e4mist\u00e4\/hiomista\/rikastamista\/kustannustoimittajaa, mutta j\u00e4lleen kerran tekij\u00e4 osoittaa taituruutensa reik\u00e4isen verkon kutomisessa. Nerokkaasti h\u00e4n ui niin 7-vuotiaan kalastajan kuin 88-vuotiaan harmaakaihikon sieluun.<\/p>\n\n\n\n<p>Eilen pitkiss\u00e4 kalsareissa ja virttyneess\u00e4 t-paidassa ty\u00f6huoneella nysv\u00e4nnyt luova sielu lukee teoksestaan kirjoitetut sanat ja luulee, ett\u00e4 ne kertovat h\u00e4nest\u00e4 koska sen eron kriitikot ja taideinstituutiotkin h\u00e4m\u00e4rt\u00e4v\u00e4t. Harvoin n\u00e4kee kritiikki\u00e4, jossa todetaan ett\u00e4 t\u00e4ydellinen teos, \u00e4\u00e4rimm\u00e4isen keskinkertainen tekij\u00e4. Ty\u00f6huoneeseen meni ep\u00e4varma Erkki, ulos leimahtaa ylimielinen Yrj\u00f6. Neroksi julistettu ujokki luulee nyt omaavansa neron oikeudet.<\/p>\n\n\n\n<p>&nbsp;<\/p>\n\n\n\n<p><span class=\"capitalized\">Neron<\/span> t\u00e4rke\u00e4 velvollisuus on p\u00e4\u00e4stell\u00e4 mielipiteit\u00e4 totuuksina. H\u00e4nell\u00e4 on varma n\u00e4kemys Syyrian sotaan, teatterin kriisiin, soteuudistukseen, naisen asemaan, miehen asemaan, tuloeroihin, j\u00e4tevesilakiin, pakolaiskriisiin ja taiteilijan teht\u00e4v\u00e4\u00e4n muuttuvassa maailmassa.<\/p>\n\n\n\n<p>Eilen neron laiskuus oli laiskuutta. Nyt se on luovaa lepoa, joka vaaditaan jotta nerouden lopputuotteet syntyv\u00e4t. Eilen h\u00e4nen alkoholisminsa oli alkoholismia. Nyt se on pakoa demoneilta, jotka tekev\u00e4t h\u00e4nen taiteestaan erityisen. Nero puhuu muiden yli, ohittaa v\u00e4hempiarvoiseksi luokittelemansa ihmiset, siteeraa omia teoksiaan ja niit\u00e4 ylist\u00e4vi\u00e4 kritiikkej\u00e4. Neron toiminta-alue k\u00e4sitt\u00e4\u00e4 nyt kaikki maakunnat ja olemisen muodot, kun h\u00e4n eilen oli riippuvainen bussiaikataulusta.<\/p>\n\n\n\n<p>Kritiikki ravisuttaa neroa pahasti. Oli kyse kirjasta, n\u00e4yttelyst\u00e4 tai tiskikoneen t\u00e4ytt\u00e4misest\u00e4. Nerolla ei ole yst\u00e4vi\u00e4, nerolla on ylist\u00e4ji\u00e4. Alempiensa harteilta nero voi katsoa kaukaisuuteen ja maalata n\u00e4kym\u00e4n sanoin, vedoin, s\u00e4velmin. Alas nero ei n\u00e4e, vatsa on tiell\u00e4 ja rillit huurussa. Kun nero kohtaa toisen neron, muiden kannattaa poistua ravintolasta tai pukuhuoneesta. Pahinta nerolle on se, ett\u00e4 h\u00e4nen nerouttaan ei ymm\u00e4rret\u00e4.<\/p>\n\n\n\n<p>\u00c4l\u00e4 ymm\u00e4rr\u00e4 neroa.<\/p>\n\n\n","protected":false},"excerpt":{"rendered":"<p>Kuka hy\u00f6tyy siit\u00e4, ett\u00e4 taiteilija julistetaan neroksi? Mist\u00e4 matka alkaa ja mihin p\u00e4\u00e4ttyy?<\/p>\n","protected":false},"author":40696,"featured_media":0,"comment_status":"open","ping_status":"open","sticky":false,"template":"","format":"standard","meta":{"_acf_changed":false,"asauth_required_access_level":0,"asauth_cansharepaid":"true","om_header_attributes":[],"footnotes":"","om_featured_image_focal_point":[],"om_primary_tag":0,"om_contributors":[],"om_co_authors":[],"beyondwords_generate_audio":"","beyondwords_project_id":"","beyondwords_content_id":"","beyondwords_preview_token":"","beyondwords_player_content":"","beyondwords_player_style":"","beyondwords_language_code":"","beyondwords_language_id":"","beyondwords_title_voice_id":"","beyondwords_body_voice_id":"","beyondwords_summary_voice_id":"","beyondwords_error_message":"","beyondwords_disabled":"","beyondwords_delete_content":"","beyondwords_podcast_id":"","beyondwords_hash":"","publish_post_to_speechkit":"","speechkit_hash":"","speechkit_generate_audio":"","speechkit_project_id":"","speechkit_podcast_id":"","speechkit_error_message":"","speechkit_disabled":"","speechkit_access_key":"","speechkit_error":"","speechkit_info":"","speechkit_response":"","speechkit_retries":"","speechkit_status":"","speechkit_updated_at":"","_speechkit_link":"","_speechkit_text":""},"categories":[1],"tags":[38,36,37,39],"class_list":["post-47","post","type-post","status-publish","format-standard","hentry","category-yleinen","tag-kritiikki","tag-nero","tag-nerot","tag-taideinstituutio"],"om_views":null,"acf":{"tuuma_off":false,"tuuma_kysymys":"","tuuma_vastaus":""},"asauth":{"required_access_level":1,"share_token":"","is_paid":false},"yoast_head":"<!-- This site is optimized with the Yoast SEO plugin v26.4 - https:\/\/yoast.com\/wordpress\/plugins\/seo\/ -->\n<title>Hy\u00f6dyllinen idiootti vai hy\u00f6dyllinen nero \u2013 Kuka m\u00e4\u00e4ritt\u00e4\u00e4 taiteilijan ja miksi - Kyr\u00f6<\/title>\n<meta name=\"robots\" content=\"index, follow, max-snippet:-1, max-image-preview:large, max-video-preview:-1\" \/>\n<link rel=\"canonical\" href=\"https:\/\/suomenkuvalehti.fi\/kyro\/2018\/03\/21\/hyodyllinen-idiootti-vai-hyodyllinen-nero-kuka-maarittaa-taiteilijan-ja-miksi\/\" \/>\n<meta property=\"og:locale\" content=\"fi_FI\" \/>\n<meta property=\"og:type\" content=\"article\" \/>\n<meta property=\"og:title\" content=\"Hy\u00f6dyllinen idiootti vai hy\u00f6dyllinen nero \u2013 Kuka m\u00e4\u00e4ritt\u00e4\u00e4 taiteilijan ja miksi - Kyr\u00f6\" \/>\n<meta property=\"og:description\" content=\"Kuka hy\u00f6tyy siit\u00e4, ett\u00e4 taiteilija julistetaan neroksi? Mist\u00e4 matka alkaa ja mihin p\u00e4\u00e4ttyy?\" \/>\n<meta property=\"og:url\" content=\"https:\/\/suomenkuvalehti.fi\/kyro\/2018\/03\/21\/hyodyllinen-idiootti-vai-hyodyllinen-nero-kuka-maarittaa-taiteilijan-ja-miksi\/\" \/>\n<meta property=\"og:site_name\" content=\"Kyr\u00f6\" \/>\n<meta property=\"article:published_time\" content=\"2018-03-21T09:44:32+00:00\" \/>\n<meta property=\"article:modified_time\" content=\"2018-03-21T10:53:57+00:00\" \/>\n<meta property=\"og:image\" content=\"https:\/\/suomenkuvalehti.fi\/kyro\/wp-content\/uploads\/sites\/44\/2018\/02\/tuomas_kyro_blogi.jpg\" \/>\n\t<meta property=\"og:image:width\" content=\"600\" \/>\n\t<meta property=\"og:image:height\" content=\"600\" \/>\n\t<meta property=\"og:image:type\" content=\"image\/jpeg\" \/>\n<meta name=\"author\" content=\"Tuomas Kyr\u00f6\" \/>\n<meta name=\"twitter:card\" content=\"summary_large_image\" \/>\n<meta name=\"twitter:label1\" content=\"Written by\" \/>\n\t<meta name=\"twitter:data1\" content=\"Tuomas Kyr\u00f6\" \/>\n\t<meta name=\"twitter:label2\" content=\"Est. reading time\" \/>\n\t<meta name=\"twitter:data2\" content=\"2 minuuttia\" \/>\n<script type=\"application\/ld+json\" class=\"yoast-schema-graph\">{\"@context\":\"https:\/\/schema.org\",\"@graph\":[{\"@type\":\"WebPage\",\"@id\":\"https:\/\/suomenkuvalehti.fi\/kyro\/2018\/03\/21\/hyodyllinen-idiootti-vai-hyodyllinen-nero-kuka-maarittaa-taiteilijan-ja-miksi\/\",\"url\":\"https:\/\/suomenkuvalehti.fi\/kyro\/2018\/03\/21\/hyodyllinen-idiootti-vai-hyodyllinen-nero-kuka-maarittaa-taiteilijan-ja-miksi\/\",\"name\":\"Hy\u00f6dyllinen idiootti vai hy\u00f6dyllinen nero \u2013 Kuka m\u00e4\u00e4ritt\u00e4\u00e4 taiteilijan ja miksi - Kyr\u00f6\",\"isPartOf\":{\"@id\":\"https:\/\/suomenkuvalehti.fi\/kyro\/#website\"},\"datePublished\":\"2018-03-21T09:44:32+00:00\",\"dateModified\":\"2018-03-21T10:53:57+00:00\",\"author\":{\"@id\":\"https:\/\/suomenkuvalehti.fi\/kyro\/#\/schema\/person\/efa04f5f0a3ee020459fa36ff96595a3\"},\"breadcrumb\":{\"@id\":\"https:\/\/suomenkuvalehti.fi\/kyro\/2018\/03\/21\/hyodyllinen-idiootti-vai-hyodyllinen-nero-kuka-maarittaa-taiteilijan-ja-miksi\/#breadcrumb\"},\"inLanguage\":\"fi\",\"potentialAction\":[{\"@type\":\"ReadAction\",\"target\":[\"https:\/\/suomenkuvalehti.fi\/kyro\/2018\/03\/21\/hyodyllinen-idiootti-vai-hyodyllinen-nero-kuka-maarittaa-taiteilijan-ja-miksi\/\"]}]},{\"@type\":\"BreadcrumbList\",\"@id\":\"https:\/\/suomenkuvalehti.fi\/kyro\/2018\/03\/21\/hyodyllinen-idiootti-vai-hyodyllinen-nero-kuka-maarittaa-taiteilijan-ja-miksi\/#breadcrumb\",\"itemListElement\":[{\"@type\":\"ListItem\",\"position\":1,\"name\":\"Home\",\"item\":\"https:\/\/suomenkuvalehti.fi\/kyro\/\"},{\"@type\":\"ListItem\",\"position\":2,\"name\":\"Hy\u00f6dyllinen idiootti vai hy\u00f6dyllinen nero \u2013 Kuka m\u00e4\u00e4ritt\u00e4\u00e4 taiteilijan ja miksi\"}]},{\"@type\":\"WebSite\",\"@id\":\"https:\/\/suomenkuvalehti.fi\/kyro\/#website\",\"url\":\"https:\/\/suomenkuvalehti.fi\/kyro\/\",\"name\":\"Kyr\u00f6\",\"description\":\"Todellisuudesta tarinoin.\",\"potentialAction\":[{\"@type\":\"SearchAction\",\"target\":{\"@type\":\"EntryPoint\",\"urlTemplate\":\"https:\/\/suomenkuvalehti.fi\/haku\/?q={search_term_string}\"},\"query-input\":{\"@type\":\"PropertyValueSpecification\",\"valueRequired\":true,\"valueName\":\"search_term_string\"}}],\"inLanguage\":\"fi\"},{\"@type\":\"Person\",\"@id\":\"https:\/\/suomenkuvalehti.fi\/kyro\/#\/schema\/person\/efa04f5f0a3ee020459fa36ff96595a3\",\"name\":\"Tuomas Kyr\u00f6\",\"image\":{\"@type\":\"ImageObject\",\"inLanguage\":\"fi\",\"@id\":\"https:\/\/suomenkuvalehti.fi\/kyro\/#\/schema\/person\/image\/\",\"url\":\"https:\/\/suomenkuvalehti.fi\/kyro\/wp-content\/uploads\/sites\/44\/2022\/04\/tuomas_kyro_blogi-1-150x150.jpg\",\"contentUrl\":\"https:\/\/suomenkuvalehti.fi\/kyro\/wp-content\/uploads\/sites\/44\/2022\/04\/tuomas_kyro_blogi-1-150x150.jpg\",\"caption\":\"Tuomas Kyr\u00f6\"},\"description\":\"Kirjoittaja on kirjailija.\"}]}<\/script>\n<!-- \/ Yoast SEO plugin. -->","yoast_head_json":{"title":"Hy\u00f6dyllinen idiootti vai hy\u00f6dyllinen nero \u2013 Kuka m\u00e4\u00e4ritt\u00e4\u00e4 taiteilijan ja miksi - Kyr\u00f6","robots":{"index":"index","follow":"follow","max-snippet":"max-snippet:-1","max-image-preview":"max-image-preview:large","max-video-preview":"max-video-preview:-1"},"canonical":"https:\/\/suomenkuvalehti.fi\/kyro\/2018\/03\/21\/hyodyllinen-idiootti-vai-hyodyllinen-nero-kuka-maarittaa-taiteilijan-ja-miksi\/","og_locale":"fi_FI","og_type":"article","og_title":"Hy\u00f6dyllinen idiootti vai hy\u00f6dyllinen nero \u2013 Kuka m\u00e4\u00e4ritt\u00e4\u00e4 taiteilijan ja miksi - Kyr\u00f6","og_description":"Kuka hy\u00f6tyy siit\u00e4, ett\u00e4 taiteilija julistetaan neroksi? Mist\u00e4 matka alkaa ja mihin p\u00e4\u00e4ttyy?","og_url":"https:\/\/suomenkuvalehti.fi\/kyro\/2018\/03\/21\/hyodyllinen-idiootti-vai-hyodyllinen-nero-kuka-maarittaa-taiteilijan-ja-miksi\/","og_site_name":"Kyr\u00f6","article_published_time":"2018-03-21T09:44:32+00:00","article_modified_time":"2018-03-21T10:53:57+00:00","og_image":[{"width":600,"height":600,"url":"https:\/\/suomenkuvalehti.fi\/kyro\/wp-content\/uploads\/sites\/44\/2018\/02\/tuomas_kyro_blogi.jpg","type":"image\/jpeg"}],"author":"Tuomas Kyr\u00f6","twitter_card":"summary_large_image","twitter_misc":{"Written by":"Tuomas Kyr\u00f6","Est. reading time":"2 minuuttia"},"schema":{"@context":"https:\/\/schema.org","@graph":[{"@type":"WebPage","@id":"https:\/\/suomenkuvalehti.fi\/kyro\/2018\/03\/21\/hyodyllinen-idiootti-vai-hyodyllinen-nero-kuka-maarittaa-taiteilijan-ja-miksi\/","url":"https:\/\/suomenkuvalehti.fi\/kyro\/2018\/03\/21\/hyodyllinen-idiootti-vai-hyodyllinen-nero-kuka-maarittaa-taiteilijan-ja-miksi\/","name":"Hy\u00f6dyllinen idiootti vai hy\u00f6dyllinen nero \u2013 Kuka m\u00e4\u00e4ritt\u00e4\u00e4 taiteilijan ja miksi - Kyr\u00f6","isPartOf":{"@id":"https:\/\/suomenkuvalehti.fi\/kyro\/#website"},"datePublished":"2018-03-21T09:44:32+00:00","dateModified":"2018-03-21T10:53:57+00:00","author":{"@id":"https:\/\/suomenkuvalehti.fi\/kyro\/#\/schema\/person\/efa04f5f0a3ee020459fa36ff96595a3"},"breadcrumb":{"@id":"https:\/\/suomenkuvalehti.fi\/kyro\/2018\/03\/21\/hyodyllinen-idiootti-vai-hyodyllinen-nero-kuka-maarittaa-taiteilijan-ja-miksi\/#breadcrumb"},"inLanguage":"fi","potentialAction":[{"@type":"ReadAction","target":["https:\/\/suomenkuvalehti.fi\/kyro\/2018\/03\/21\/hyodyllinen-idiootti-vai-hyodyllinen-nero-kuka-maarittaa-taiteilijan-ja-miksi\/"]}]},{"@type":"BreadcrumbList","@id":"https:\/\/suomenkuvalehti.fi\/kyro\/2018\/03\/21\/hyodyllinen-idiootti-vai-hyodyllinen-nero-kuka-maarittaa-taiteilijan-ja-miksi\/#breadcrumb","itemListElement":[{"@type":"ListItem","position":1,"name":"Home","item":"https:\/\/suomenkuvalehti.fi\/kyro\/"},{"@type":"ListItem","position":2,"name":"Hy\u00f6dyllinen idiootti vai hy\u00f6dyllinen nero \u2013 Kuka m\u00e4\u00e4ritt\u00e4\u00e4 taiteilijan ja miksi"}]},{"@type":"WebSite","@id":"https:\/\/suomenkuvalehti.fi\/kyro\/#website","url":"https:\/\/suomenkuvalehti.fi\/kyro\/","name":"Kyr\u00f6","description":"Todellisuudesta tarinoin.","potentialAction":[{"@type":"SearchAction","target":{"@type":"EntryPoint","urlTemplate":"https:\/\/suomenkuvalehti.fi\/haku\/?q={search_term_string}"},"query-input":{"@type":"PropertyValueSpecification","valueRequired":true,"valueName":"search_term_string"}}],"inLanguage":"fi"},{"@type":"Person","@id":"https:\/\/suomenkuvalehti.fi\/kyro\/#\/schema\/person\/efa04f5f0a3ee020459fa36ff96595a3","name":"Tuomas Kyr\u00f6","image":{"@type":"ImageObject","inLanguage":"fi","@id":"https:\/\/suomenkuvalehti.fi\/kyro\/#\/schema\/person\/image\/","url":"https:\/\/suomenkuvalehti.fi\/kyro\/wp-content\/uploads\/sites\/44\/2022\/04\/tuomas_kyro_blogi-1-150x150.jpg","contentUrl":"https:\/\/suomenkuvalehti.fi\/kyro\/wp-content\/uploads\/sites\/44\/2022\/04\/tuomas_kyro_blogi-1-150x150.jpg","caption":"Tuomas Kyr\u00f6"},"description":"Kirjoittaja on kirjailija."}]}},"_links":{"self":[{"href":"https:\/\/suomenkuvalehti.fi\/kyro\/wp-json\/wp\/v2\/posts\/47","targetHints":{"allow":["GET"]}}],"collection":[{"href":"https:\/\/suomenkuvalehti.fi\/kyro\/wp-json\/wp\/v2\/posts"}],"about":[{"href":"https:\/\/suomenkuvalehti.fi\/kyro\/wp-json\/wp\/v2\/types\/post"}],"author":[{"embeddable":true,"href":"https:\/\/suomenkuvalehti.fi\/kyro\/wp-json\/wp\/v2\/users\/40696"}],"replies":[{"embeddable":true,"href":"https:\/\/suomenkuvalehti.fi\/kyro\/wp-json\/wp\/v2\/comments?post=47"}],"version-history":[{"count":3,"href":"https:\/\/suomenkuvalehti.fi\/kyro\/wp-json\/wp\/v2\/posts\/47\/revisions"}],"predecessor-version":[{"id":52,"href":"https:\/\/suomenkuvalehti.fi\/kyro\/wp-json\/wp\/v2\/posts\/47\/revisions\/52"}],"wp:attachment":[{"href":"https:\/\/suomenkuvalehti.fi\/kyro\/wp-json\/wp\/v2\/media?parent=47"}],"wp:term":[{"taxonomy":"category","embeddable":true,"href":"https:\/\/suomenkuvalehti.fi\/kyro\/wp-json\/wp\/v2\/categories?post=47"},{"taxonomy":"post_tag","embeddable":true,"href":"https:\/\/suomenkuvalehti.fi\/kyro\/wp-json\/wp\/v2\/tags?post=47"}],"curies":[{"name":"wp","href":"https:\/\/api.w.org\/{rel}","templated":true}]}}