{"id":35,"date":"2018-03-07T20:13:32","date_gmt":"2018-03-07T18:13:32","guid":{"rendered":"https:\/\/suomenkuvalehti.fi\/kyro\/?p=35"},"modified":"2018-03-08T14:01:49","modified_gmt":"2018-03-08T12:01:49","slug":"sauna-kalja-allas-kylmasta-selviamisen-kansalliset-erityispiirteet","status":"publish","type":"post","link":"https:\/\/suomenkuvalehti.fi\/kyro\/2018\/03\/07\/sauna-kalja-allas-kylmasta-selviamisen-kansalliset-erityispiirteet\/","title":{"rendered":"Sauna, kalja, allas \u2013 Suomessa, Skotlannissa ja Islannissa on omat tapansa selvit\u00e4 ankarasta ilmastosta"},"content":{"rendered":"\n<p><span class=\"capitalized\">Viime<\/span> vuoden lopulla ja kuluvan vuoden alussa olen palellut Skotlannin Edinburghissa, Suomen Helsingiss\u00e4 ja Islannin Kopavogurissa. Tie kylm\u00e4st\u00e4 l\u00e4mpim\u00e4\u00e4n vaihtelee.<\/p>\n\n\n\n<p>&nbsp;<\/p>\n\n\n\n<p><span class=\"capitalized\">Skotlanti<\/span>. Kylm\u00e4\u00e4 ja kosteaa sis\u00e4ll\u00e4 ja ulkona. Kiviset kadut ja sein\u00e4t, yksinkertaiset ikkunat, rikkin\u00e4iset l\u00e4mminvesivaraajat. Ensiapuna Karhuherra Paddingtonin kuvastosta tuttu kuumavesipullo. Ei paljon l\u00e4mmit\u00e4.<\/p>\n\n\n\n<p>Tuulisen saaren l\u00e4mm\u00f6njakelukeskus on pubi. Tarvitaan pintavaahtoinen oluttuoppi, ett\u00e4 oma pinta sulaa. En ymm\u00e4rt\u00e4nyt skotlantilaisten puhetta, mutta ymm\u00e4rsin mist\u00e4 vakiukot puhuivat. Kunnallispolitiikasta, rugbysta ja nivelreumasta. Oluen lis\u00e4ksi l\u00e4mp\u00f6\u00e4 tuottaa sis\u00e4elimiin ja raskaisiin hiilihydraatteihin rakentuva ruokavalio.<\/p>\n\n\n\n<p>&nbsp;<\/p>\n\n\n\n<p><span class=\"capitalized\">Islanti<\/span>. S\u00e4\u00e4 vaihtuu minuuteissa. Auringonpaiste, r\u00e4nt\u00e4sade, rakeet. Tuuli l\u00e4p\u00e4isee p\u00e4\u00e4n, kaamos painaa, tulivuoret purkautuvat, j\u00e4\u00e4tik\u00f6t r\u00e4tisev\u00e4t ja pankit kriisiytyv\u00e4t. L\u00e4mp\u00f6\u00e4 saa kunnallisesta uimalasta. Laskeudut nelj\u00e4 kaakeloitua porrasta ja istahdat 37 asteiseen veteen. El\u00e4m\u00e4 tasoittuu heti. Sit\u00e4 l\u00e4hemm\u00e4s kohtua ei t\u00e4ss\u00e4 i\u00e4ss\u00e4 en\u00e4\u00e4 p\u00e4\u00e4se.&nbsp;Poreiden k\u00e4ytt\u00f6 olisi moukkamaista, et\u00e4inen muisto suomalaiskylpyl\u00e4st\u00e4.<\/p>\n\n\n\n<p>Pipo p\u00e4\u00e4ss\u00e4, vain aivot myrsky\u00e4v\u00e4n vesirajan yl\u00e4puolella.&nbsp;En ymm\u00e4rt\u00e4nyt vieress\u00e4ni verkkaisesti keskustelleiden ukkojen sanoja, mutta ymm\u00e4rsin mist\u00e4 he puhuivat. Kunnallispolitiikasta, jalkapallosta, nivelreumasta. En ymm\u00e4rt\u00e4nyt keski-ik\u00e4isten naisten sanoja, mutta tied\u00e4n heid\u00e4n k\u00e4yneen l\u00e4pi uraa, teini-ik\u00e4isten lasten hankaluutta ja parisuhteitaan.<\/p>\n\n\n\n<p>Islannissa ymm\u00e4rret\u00e4\u00e4n, ett\u00e4 my\u00f6s maanviljelij\u00e4, leipuri ja suomalainen kirjailija ovat oikeutettuja vesiliukum\u00e4keen. Siniseen putkeen sy\u00f6ksymist\u00e4 l\u00e4hemm\u00e4s synnytyskanavaa ei t\u00e4ss\u00e4 i\u00e4ss\u00e4 p\u00e4\u00e4se. Vesiliukum\u00e4ki toimii kuin humala ilman krapulaa.<\/p>\n\n\n\n<blockquote class=\"wp-block-quote\"><p>Islannissa ymm\u00e4rret\u00e4\u00e4n, ett\u00e4 my\u00f6s maanviljelij\u00e4, leipuri ja suomalainen kirjailija ovat oikeutettuja vesiliukum\u00e4keen.<\/p><\/blockquote>\n\n\n\n<p><span class=\"capitalized\">Suomi<\/span>. Vuosituhansien synnyimme ja kuolimme saunaan. Sinne unohtuivat pitk\u00e4 mets\u00e4ty\u00f6p\u00e4iv\u00e4 ja kaksitoistap\u00e4isen lapsilauman paimentaminen. Lumihangessa kier\u00e4ht\u00e4minen oli versiomme pulahduksesta turkoosiin V\u00e4limereen. Saunassa on keskusteltu kunnallispolitiikasta, j\u00e4\u00e4kiekosta, teini-ik\u00e4isten lasten hankaluudesta ja uran\u00e4kymist\u00e4.<\/p>\n\n\n\n<p>&nbsp;<\/p>\n\n\n\n<p><span class=\"capitalized\">Ilmastonmuutoksen<\/span> kylment\u00e4m\u00e4lle Euroopalle tarjoan edell\u00e4mainituista rakentuvaa konseptia, jonka aloittaa sauna. Lumihangen kautta vesiliukum\u00e4keen, josta siirtym\u00e4 kuumaan altaaseen. Siell\u00e4 on tarjolla kylm\u00e4n ilman ja kuuman veden rauhoittamia keskusteluja maahanmuuttopolitiikasta, nivelreumasta ja aktiivimallista. Kun kierros on toistettu viidesti, maistuu skotlantilaisen raskas sis\u00e4elimist\u00e4 valmistettu ruoka ja y\u00f6nmusta olut. Aamu on kirkas.<\/p>\n\n\n","protected":false},"excerpt":{"rendered":"<p>Ihminen haluaa kylm\u00e4st\u00e4 l\u00e4mpim\u00e4\u00e4n. Skotlannissa, Islannissa ja Suomessa on kussakin omat selviytymiskeinonsa.<\/p>\n","protected":false},"author":40696,"featured_media":0,"comment_status":"open","ping_status":"open","sticky":false,"template":"","format":"standard","meta":{"_acf_changed":false,"asauth_required_access_level":3,"asauth_cansharepaid":"true","om_header_attributes":[],"footnotes":"","om_featured_image_focal_point":[],"om_primary_tag":0,"om_contributors":[],"om_co_authors":[],"beyondwords_generate_audio":"","beyondwords_project_id":"","beyondwords_content_id":"","beyondwords_preview_token":"","beyondwords_player_content":"","beyondwords_player_style":"","beyondwords_language_code":"","beyondwords_language_id":"","beyondwords_title_voice_id":"","beyondwords_body_voice_id":"","beyondwords_summary_voice_id":"","beyondwords_error_message":"","beyondwords_disabled":"","beyondwords_delete_content":"","beyondwords_podcast_id":"","beyondwords_hash":"","publish_post_to_speechkit":"","speechkit_hash":"","speechkit_generate_audio":"","speechkit_project_id":"","speechkit_podcast_id":"","speechkit_error_message":"","speechkit_disabled":"","speechkit_access_key":"","speechkit_error":"","speechkit_info":"","speechkit_response":"","speechkit_retries":"","speechkit_status":"","speechkit_updated_at":"","_speechkit_link":"","_speechkit_text":""},"categories":[1],"tags":[23,19,27,28,22,24,26,25,20,21,29],"class_list":["post-35","post","type-post","status-publish","format-standard","hentry","category-yleinen","tag-humala","tag-islanti","tag-jaakiekko","tag-jalkapallo","tag-karhuherra-paddington","tag-krapula","tag-rugby","tag-sauna","tag-skotlanti","tag-suomi","tag-vesiliukumaki"],"om_views":null,"acf":{"tuuma_off":false,"tuuma_kysymys":"","tuuma_vastaus":""},"asauth":{"required_access_level":1,"share_token":"","is_paid":false},"yoast_head":"<!-- This site is optimized with the Yoast SEO plugin v26.4 - https:\/\/yoast.com\/wordpress\/plugins\/seo\/ -->\n<title>Sauna, kalja, allas \u2013 Suomessa, Skotlannissa ja Islannissa on omat tapansa selvit\u00e4 ankarasta ilmastosta - Kyr\u00f6<\/title>\n<meta name=\"robots\" content=\"index, follow, max-snippet:-1, max-image-preview:large, max-video-preview:-1\" \/>\n<link rel=\"canonical\" href=\"https:\/\/suomenkuvalehti.fi\/kyro\/2018\/03\/07\/sauna-kalja-allas-kylmasta-selviamisen-kansalliset-erityispiirteet\/\" \/>\n<meta property=\"og:locale\" content=\"fi_FI\" \/>\n<meta property=\"og:type\" content=\"article\" \/>\n<meta property=\"og:title\" content=\"Sauna, kalja, allas \u2013 Suomessa, Skotlannissa ja Islannissa on omat tapansa selvit\u00e4 ankarasta ilmastosta - Kyr\u00f6\" \/>\n<meta property=\"og:description\" content=\"Ihminen haluaa kylm\u00e4st\u00e4 l\u00e4mpim\u00e4\u00e4n. Skotlannissa, Islannissa ja Suomessa on kussakin omat selviytymiskeinonsa.\" \/>\n<meta property=\"og:url\" content=\"https:\/\/suomenkuvalehti.fi\/kyro\/2018\/03\/07\/sauna-kalja-allas-kylmasta-selviamisen-kansalliset-erityispiirteet\/\" \/>\n<meta property=\"og:site_name\" content=\"Kyr\u00f6\" \/>\n<meta property=\"article:published_time\" content=\"2018-03-07T18:13:32+00:00\" \/>\n<meta property=\"article:modified_time\" content=\"2018-03-08T12:01:49+00:00\" \/>\n<meta property=\"og:image\" content=\"https:\/\/suomenkuvalehti.fi\/kyro\/wp-content\/uploads\/sites\/44\/2018\/02\/tuomas_kyro_blogi.jpg\" \/>\n\t<meta property=\"og:image:width\" content=\"600\" \/>\n\t<meta property=\"og:image:height\" content=\"600\" \/>\n\t<meta property=\"og:image:type\" content=\"image\/jpeg\" \/>\n<meta name=\"author\" content=\"Tuomas Kyr\u00f6\" \/>\n<meta name=\"twitter:card\" content=\"summary_large_image\" \/>\n<meta name=\"twitter:label1\" content=\"Written by\" \/>\n\t<meta name=\"twitter:data1\" content=\"Tuomas Kyr\u00f6\" \/>\n\t<meta name=\"twitter:label2\" content=\"Est. reading time\" \/>\n\t<meta name=\"twitter:data2\" content=\"2 minuuttia\" \/>\n<script type=\"application\/ld+json\" class=\"yoast-schema-graph\">{\"@context\":\"https:\/\/schema.org\",\"@graph\":[{\"@type\":\"WebPage\",\"@id\":\"https:\/\/suomenkuvalehti.fi\/kyro\/2018\/03\/07\/sauna-kalja-allas-kylmasta-selviamisen-kansalliset-erityispiirteet\/\",\"url\":\"https:\/\/suomenkuvalehti.fi\/kyro\/2018\/03\/07\/sauna-kalja-allas-kylmasta-selviamisen-kansalliset-erityispiirteet\/\",\"name\":\"Sauna, kalja, allas \u2013 Suomessa, Skotlannissa ja Islannissa on omat tapansa selvit\u00e4 ankarasta ilmastosta - Kyr\u00f6\",\"isPartOf\":{\"@id\":\"https:\/\/suomenkuvalehti.fi\/kyro\/#website\"},\"datePublished\":\"2018-03-07T18:13:32+00:00\",\"dateModified\":\"2018-03-08T12:01:49+00:00\",\"author\":{\"@id\":\"https:\/\/suomenkuvalehti.fi\/kyro\/#\/schema\/person\/efa04f5f0a3ee020459fa36ff96595a3\"},\"breadcrumb\":{\"@id\":\"https:\/\/suomenkuvalehti.fi\/kyro\/2018\/03\/07\/sauna-kalja-allas-kylmasta-selviamisen-kansalliset-erityispiirteet\/#breadcrumb\"},\"inLanguage\":\"fi\",\"potentialAction\":[{\"@type\":\"ReadAction\",\"target\":[\"https:\/\/suomenkuvalehti.fi\/kyro\/2018\/03\/07\/sauna-kalja-allas-kylmasta-selviamisen-kansalliset-erityispiirteet\/\"]}]},{\"@type\":\"BreadcrumbList\",\"@id\":\"https:\/\/suomenkuvalehti.fi\/kyro\/2018\/03\/07\/sauna-kalja-allas-kylmasta-selviamisen-kansalliset-erityispiirteet\/#breadcrumb\",\"itemListElement\":[{\"@type\":\"ListItem\",\"position\":1,\"name\":\"Home\",\"item\":\"https:\/\/suomenkuvalehti.fi\/kyro\/\"},{\"@type\":\"ListItem\",\"position\":2,\"name\":\"Sauna, kalja, allas \u2013 Suomessa, Skotlannissa ja Islannissa on omat tapansa selvit\u00e4 ankarasta ilmastosta\"}]},{\"@type\":\"WebSite\",\"@id\":\"https:\/\/suomenkuvalehti.fi\/kyro\/#website\",\"url\":\"https:\/\/suomenkuvalehti.fi\/kyro\/\",\"name\":\"Kyr\u00f6\",\"description\":\"Todellisuudesta tarinoin.\",\"potentialAction\":[{\"@type\":\"SearchAction\",\"target\":{\"@type\":\"EntryPoint\",\"urlTemplate\":\"https:\/\/suomenkuvalehti.fi\/haku\/?q={search_term_string}\"},\"query-input\":{\"@type\":\"PropertyValueSpecification\",\"valueRequired\":true,\"valueName\":\"search_term_string\"}}],\"inLanguage\":\"fi\"},{\"@type\":\"Person\",\"@id\":\"https:\/\/suomenkuvalehti.fi\/kyro\/#\/schema\/person\/efa04f5f0a3ee020459fa36ff96595a3\",\"name\":\"Tuomas Kyr\u00f6\",\"image\":{\"@type\":\"ImageObject\",\"inLanguage\":\"fi\",\"@id\":\"https:\/\/suomenkuvalehti.fi\/kyro\/#\/schema\/person\/image\/\",\"url\":\"https:\/\/suomenkuvalehti.fi\/kyro\/wp-content\/uploads\/sites\/44\/2022\/04\/tuomas_kyro_blogi-1-150x150.jpg\",\"contentUrl\":\"https:\/\/suomenkuvalehti.fi\/kyro\/wp-content\/uploads\/sites\/44\/2022\/04\/tuomas_kyro_blogi-1-150x150.jpg\",\"caption\":\"Tuomas Kyr\u00f6\"},\"description\":\"Kirjoittaja on kirjailija.\"}]}<\/script>\n<!-- \/ Yoast SEO plugin. -->","yoast_head_json":{"title":"Sauna, kalja, allas \u2013 Suomessa, Skotlannissa ja Islannissa on omat tapansa selvit\u00e4 ankarasta ilmastosta - Kyr\u00f6","robots":{"index":"index","follow":"follow","max-snippet":"max-snippet:-1","max-image-preview":"max-image-preview:large","max-video-preview":"max-video-preview:-1"},"canonical":"https:\/\/suomenkuvalehti.fi\/kyro\/2018\/03\/07\/sauna-kalja-allas-kylmasta-selviamisen-kansalliset-erityispiirteet\/","og_locale":"fi_FI","og_type":"article","og_title":"Sauna, kalja, allas \u2013 Suomessa, Skotlannissa ja Islannissa on omat tapansa selvit\u00e4 ankarasta ilmastosta - Kyr\u00f6","og_description":"Ihminen haluaa kylm\u00e4st\u00e4 l\u00e4mpim\u00e4\u00e4n. Skotlannissa, Islannissa ja Suomessa on kussakin omat selviytymiskeinonsa.","og_url":"https:\/\/suomenkuvalehti.fi\/kyro\/2018\/03\/07\/sauna-kalja-allas-kylmasta-selviamisen-kansalliset-erityispiirteet\/","og_site_name":"Kyr\u00f6","article_published_time":"2018-03-07T18:13:32+00:00","article_modified_time":"2018-03-08T12:01:49+00:00","og_image":[{"width":600,"height":600,"url":"https:\/\/suomenkuvalehti.fi\/kyro\/wp-content\/uploads\/sites\/44\/2018\/02\/tuomas_kyro_blogi.jpg","type":"image\/jpeg"}],"author":"Tuomas Kyr\u00f6","twitter_card":"summary_large_image","twitter_misc":{"Written by":"Tuomas Kyr\u00f6","Est. reading time":"2 minuuttia"},"schema":{"@context":"https:\/\/schema.org","@graph":[{"@type":"WebPage","@id":"https:\/\/suomenkuvalehti.fi\/kyro\/2018\/03\/07\/sauna-kalja-allas-kylmasta-selviamisen-kansalliset-erityispiirteet\/","url":"https:\/\/suomenkuvalehti.fi\/kyro\/2018\/03\/07\/sauna-kalja-allas-kylmasta-selviamisen-kansalliset-erityispiirteet\/","name":"Sauna, kalja, allas \u2013 Suomessa, Skotlannissa ja Islannissa on omat tapansa selvit\u00e4 ankarasta ilmastosta - Kyr\u00f6","isPartOf":{"@id":"https:\/\/suomenkuvalehti.fi\/kyro\/#website"},"datePublished":"2018-03-07T18:13:32+00:00","dateModified":"2018-03-08T12:01:49+00:00","author":{"@id":"https:\/\/suomenkuvalehti.fi\/kyro\/#\/schema\/person\/efa04f5f0a3ee020459fa36ff96595a3"},"breadcrumb":{"@id":"https:\/\/suomenkuvalehti.fi\/kyro\/2018\/03\/07\/sauna-kalja-allas-kylmasta-selviamisen-kansalliset-erityispiirteet\/#breadcrumb"},"inLanguage":"fi","potentialAction":[{"@type":"ReadAction","target":["https:\/\/suomenkuvalehti.fi\/kyro\/2018\/03\/07\/sauna-kalja-allas-kylmasta-selviamisen-kansalliset-erityispiirteet\/"]}]},{"@type":"BreadcrumbList","@id":"https:\/\/suomenkuvalehti.fi\/kyro\/2018\/03\/07\/sauna-kalja-allas-kylmasta-selviamisen-kansalliset-erityispiirteet\/#breadcrumb","itemListElement":[{"@type":"ListItem","position":1,"name":"Home","item":"https:\/\/suomenkuvalehti.fi\/kyro\/"},{"@type":"ListItem","position":2,"name":"Sauna, kalja, allas \u2013 Suomessa, Skotlannissa ja Islannissa on omat tapansa selvit\u00e4 ankarasta ilmastosta"}]},{"@type":"WebSite","@id":"https:\/\/suomenkuvalehti.fi\/kyro\/#website","url":"https:\/\/suomenkuvalehti.fi\/kyro\/","name":"Kyr\u00f6","description":"Todellisuudesta tarinoin.","potentialAction":[{"@type":"SearchAction","target":{"@type":"EntryPoint","urlTemplate":"https:\/\/suomenkuvalehti.fi\/haku\/?q={search_term_string}"},"query-input":{"@type":"PropertyValueSpecification","valueRequired":true,"valueName":"search_term_string"}}],"inLanguage":"fi"},{"@type":"Person","@id":"https:\/\/suomenkuvalehti.fi\/kyro\/#\/schema\/person\/efa04f5f0a3ee020459fa36ff96595a3","name":"Tuomas Kyr\u00f6","image":{"@type":"ImageObject","inLanguage":"fi","@id":"https:\/\/suomenkuvalehti.fi\/kyro\/#\/schema\/person\/image\/","url":"https:\/\/suomenkuvalehti.fi\/kyro\/wp-content\/uploads\/sites\/44\/2022\/04\/tuomas_kyro_blogi-1-150x150.jpg","contentUrl":"https:\/\/suomenkuvalehti.fi\/kyro\/wp-content\/uploads\/sites\/44\/2022\/04\/tuomas_kyro_blogi-1-150x150.jpg","caption":"Tuomas Kyr\u00f6"},"description":"Kirjoittaja on kirjailija."}]}},"_links":{"self":[{"href":"https:\/\/suomenkuvalehti.fi\/kyro\/wp-json\/wp\/v2\/posts\/35","targetHints":{"allow":["GET"]}}],"collection":[{"href":"https:\/\/suomenkuvalehti.fi\/kyro\/wp-json\/wp\/v2\/posts"}],"about":[{"href":"https:\/\/suomenkuvalehti.fi\/kyro\/wp-json\/wp\/v2\/types\/post"}],"author":[{"embeddable":true,"href":"https:\/\/suomenkuvalehti.fi\/kyro\/wp-json\/wp\/v2\/users\/40696"}],"replies":[{"embeddable":true,"href":"https:\/\/suomenkuvalehti.fi\/kyro\/wp-json\/wp\/v2\/comments?post=35"}],"version-history":[{"count":4,"href":"https:\/\/suomenkuvalehti.fi\/kyro\/wp-json\/wp\/v2\/posts\/35\/revisions"}],"predecessor-version":[{"id":41,"href":"https:\/\/suomenkuvalehti.fi\/kyro\/wp-json\/wp\/v2\/posts\/35\/revisions\/41"}],"wp:attachment":[{"href":"https:\/\/suomenkuvalehti.fi\/kyro\/wp-json\/wp\/v2\/media?parent=35"}],"wp:term":[{"taxonomy":"category","embeddable":true,"href":"https:\/\/suomenkuvalehti.fi\/kyro\/wp-json\/wp\/v2\/categories?post=35"},{"taxonomy":"post_tag","embeddable":true,"href":"https:\/\/suomenkuvalehti.fi\/kyro\/wp-json\/wp\/v2\/tags?post=35"}],"curies":[{"name":"wp","href":"https:\/\/api.w.org\/{rel}","templated":true}]}}