{"id":22,"date":"2018-02-19T13:37:15","date_gmt":"2018-02-19T11:37:15","guid":{"rendered":"https:\/\/suomenkuvalehti.fi\/kyro\/?p=22"},"modified":"2018-02-19T13:37:15","modified_gmt":"2018-02-19T11:37:15","slug":"maastohiihto-ja-nina-hagen-mihin-yhtenaiskulttuuri-katosi","status":"publish","type":"post","link":"https:\/\/suomenkuvalehti.fi\/kyro\/2018\/02\/19\/maastohiihto-ja-nina-hagen-mihin-yhtenaiskulttuuri-katosi\/","title":{"rendered":"Maastohiihto ja Nina Hagen \u2013 Mihin yhten\u00e4iskulttuuri katosi"},"content":{"rendered":"\n<p><span class=\"capitalized\">Sarajevon <\/span>olympialaisia katsottiin koulun juhlasalissa. Olimme tehneet siniristiliput ja opetelleet Porilaisten marssin. Vahtimestari ty\u00f6nsi v\u00e4ritelevision salin keskelle.<\/p>\n\n\n\n<p>Sit\u00e4 oli yhten\u00e4iskulttuuri. Vaikka olisi halunnut opiskella kertotaulua tai kuunnella <strong>Nina Hagenia<\/strong>, oli seurattava <strong>Aki Karvosen<\/strong> etenemist\u00e4 Jugoslavian mets\u00e4ss\u00e4. Oli heilutettava lippua ja himoittava ladulle.<\/p>\n\n\n\n<p>Yhten\u00e4iskulttuuri olettaa samojen asioiden kiinnostavan kaikkia. Olympialaiset, uunimakkara, lauluja sis\u00e4lt\u00e4v\u00e4t viihdeohjelmat ja talvilenkkarit. Vaihtoehtojen puuttuessa ainoa vaihtoehto kiinnostaa.<\/p>\n\n\n\n<p>&nbsp;<\/p>\n\n\n\n<p><span class=\"capitalized\"><b>Nelj\u00e4nnesvuosisadassa<\/b> <\/span>yhten\u00e4isest\u00e4 on tullut erin\u00e4ist\u00e4. Jokainen poimii k\u00e4ytt\u00f6\u00f6ns\u00e4 haluamansa. Kirjoitan t\u00e4t\u00e4 metrossa puhelimellani. V\u00e4lill\u00e4 katselen n\u00e4yt\u00f6lt\u00e4 miesten v\u00e4liaikal\u00e4ht\u00f6\u00e4 ja viestin atk-verkossa muiden hiihtointoajien kanssa.<\/p>\n\n\n\n<p>Aiemmin kaikki paitsi prinssit ja jaarlit ovat pid\u00e4telleet halujaan. Oli k\u00e4yt\u00e4v\u00e4 kirkossa, l\u00e4hdett\u00e4v\u00e4 sotimaan, etsiydytt\u00e4v\u00e4 paperiteollisuuden palvelukseen ja tyydytt\u00e4v\u00e4 tarjolla olleeseen puolisoon. Nyt valinnanmahdollisuuksia on loputtomasti.<\/p>\n\n\n\n<p>Yhten\u00e4isyyden m\u00e4\u00e4r\u00e4 on vakio. On vain erin\u00e4isi\u00e4 yhten\u00e4isyyksi\u00e4, joissa voi pysytell\u00e4 joutumatta koskaan juhlasaliin v\u00e4\u00e4r\u00e4\u00e4n aikaan. Niin kuplat puhalletaan. Toisin ajattelijoita ei t\u00f6nit\u00e4 pois eik\u00e4 heit\u00e4 suljeta vankilaan. He p\u00e4\u00e4tyv\u00e4t omiin kupliinsa.<\/p>\n\n\n\n<blockquote class=\"wp-block-quote\"><p>Rehtori valitsi lapsille sen mink\u00e4 oletetti kiinnostavan ja koulivan. Maastohiihdon ja kaalipuolukkasalaatin.<\/p><\/blockquote>\n\n\n\n<p><b><span class=\"capitalized\">Keino\u00e4ly<\/span> <\/b>tuntee kiinnostuksemme ja suosittelee atk-verkossa meille sopivia asioita, esineit\u00e4 ja tarinoita. 1984 peruskoululaitos ja rehtori valitsi lapsille sen mink\u00e4 oletetti kiinnostavan ja koulivan. Maastohiihdon ja kaalipuolukkasalaatin.<\/p>\n\n\n\n<p>Siksi k\u00e4ytt\u00e4j\u00e4rekisterit ovat nykymaailman arvokkain resurssi. Tieto minun ja sinun kulutustottumuksista ja hakusanoista. Mit\u00e4 suurempi erityiskulttuuri, sit\u00e4 enemm\u00e4n \u00e4\u00e4ni\u00e4, tilaajia tai ostajia.<\/p>\n\n\n\n<p>&nbsp;<\/p>\n\n\n\n<p><span class=\"capitalized\">Algoritmit <\/span>eiv\u00e4t viel\u00e4 osaa laskea sit\u00e4 mit\u00e4 ihminen ei tied\u00e4 kaipaavansa.<\/p>\n\n\n\n<p>Olympiaintoni se tunnistaa, mutta ei hiljalleen kasvavaa kiinnostusta Nina Hagenin tuotantoa kohtaan. Se ei syntynyt hakukoneen tai yhteis\u00f6palvelun kautta vaan puolison cd-py\u00f6ryl\u00e4lt\u00e4.<\/p>\n\n\n\n<p>Keino\u00e4ly ei viel\u00e4 tied\u00e4, ett\u00e4 katson parhaimmillaan Kate &amp; Allie -tv-sarjan ensimm\u00e4ist\u00e4 kautta vhs-kasetilta. Sill\u00e4 ei ole aavistustakaan kiinnostuksestani paikallislehtien yleis\u00f6nosastokirjoituksiin. Mutta t\u00e4m\u00e4n kirjoituksen j\u00e4tt\u00e4m\u00e4n j\u00e4ljen j\u00e4lkeen keino\u00e4ly on asiasta enemm\u00e4n kuin tietoinen.<\/p>\n\n\n","protected":false},"excerpt":{"rendered":"<p>Vuonna 1984 olympialaisia katsottiin koulun juhlasalissa. Yhten\u00e4iskultuuri pakotti kaikki v\u00e4ritelevision \u00e4\u00e4reen.<\/p>\n","protected":false},"author":40696,"featured_media":0,"comment_status":"open","ping_status":"open","sticky":false,"template":"","format":"standard","meta":{"_acf_changed":false,"asauth_required_access_level":3,"asauth_cansharepaid":"true","om_header_attributes":[],"footnotes":"","om_featured_image_focal_point":[],"om_primary_tag":0,"om_contributors":[],"om_co_authors":[],"beyondwords_generate_audio":"","beyondwords_project_id":"","beyondwords_content_id":"","beyondwords_preview_token":"","beyondwords_player_content":"","beyondwords_player_style":"","beyondwords_language_code":"","beyondwords_language_id":"","beyondwords_title_voice_id":"","beyondwords_body_voice_id":"","beyondwords_summary_voice_id":"","beyondwords_error_message":"","beyondwords_disabled":"","beyondwords_delete_content":"","beyondwords_podcast_id":"","beyondwords_hash":"","publish_post_to_speechkit":"","speechkit_hash":"","speechkit_generate_audio":"","speechkit_project_id":"","speechkit_podcast_id":"","speechkit_error_message":"","speechkit_disabled":"","speechkit_access_key":"","speechkit_error":"","speechkit_info":"","speechkit_response":"","speechkit_retries":"","speechkit_status":"","speechkit_updated_at":"","_speechkit_link":"","_speechkit_text":""},"categories":[1],"tags":[8,7,4,9,2,3,6,5,10],"class_list":["post-22","post","type-post","status-publish","format-standard","hentry","category-yleinen","tag-aki-karvonen","tag-kaalipuolukkasalaatti","tag-keinoaly","tag-kupla","tag-maastohiihto","tag-nina-hagen","tag-peruskoulu","tag-sarajevon-olympialaiset","tag-yhtenaiskulttuuri"],"om_views":null,"acf":{"tuuma_off":false,"tuuma_kysymys":"","tuuma_vastaus":""},"asauth":{"required_access_level":1,"share_token":"","is_paid":false},"yoast_head":"<!-- This site is optimized with the Yoast SEO plugin v26.4 - https:\/\/yoast.com\/wordpress\/plugins\/seo\/ -->\n<title>Maastohiihto ja Nina Hagen \u2013 Mihin yhten\u00e4iskulttuuri katosi - Kyr\u00f6<\/title>\n<meta name=\"robots\" content=\"index, follow, max-snippet:-1, max-image-preview:large, max-video-preview:-1\" \/>\n<link rel=\"canonical\" href=\"https:\/\/suomenkuvalehti.fi\/kyro\/2018\/02\/19\/maastohiihto-ja-nina-hagen-mihin-yhtenaiskulttuuri-katosi\/\" \/>\n<meta property=\"og:locale\" content=\"fi_FI\" \/>\n<meta property=\"og:type\" content=\"article\" \/>\n<meta property=\"og:title\" content=\"Maastohiihto ja Nina Hagen \u2013 Mihin yhten\u00e4iskulttuuri katosi - Kyr\u00f6\" \/>\n<meta property=\"og:description\" content=\"Vuonna 1984 olympialaisia katsottiin koulun juhlasalissa. Yhten\u00e4iskultuuri pakotti kaikki v\u00e4ritelevision \u00e4\u00e4reen.\" \/>\n<meta property=\"og:url\" content=\"https:\/\/suomenkuvalehti.fi\/kyro\/2018\/02\/19\/maastohiihto-ja-nina-hagen-mihin-yhtenaiskulttuuri-katosi\/\" \/>\n<meta property=\"og:site_name\" content=\"Kyr\u00f6\" \/>\n<meta property=\"article:published_time\" content=\"2018-02-19T11:37:15+00:00\" \/>\n<meta property=\"og:image\" content=\"https:\/\/suomenkuvalehti.fi\/kyro\/wp-content\/uploads\/sites\/44\/2018\/02\/tuomas_kyro_blogi.jpg\" \/>\n\t<meta property=\"og:image:width\" content=\"600\" \/>\n\t<meta property=\"og:image:height\" content=\"600\" \/>\n\t<meta property=\"og:image:type\" content=\"image\/jpeg\" \/>\n<meta name=\"author\" content=\"Tuomas Kyr\u00f6\" \/>\n<meta name=\"twitter:card\" content=\"summary_large_image\" \/>\n<meta name=\"twitter:label1\" content=\"Written by\" \/>\n\t<meta name=\"twitter:data1\" content=\"Tuomas Kyr\u00f6\" \/>\n\t<meta name=\"twitter:label2\" content=\"Est. reading time\" \/>\n\t<meta name=\"twitter:data2\" content=\"2 minuuttia\" \/>\n<script type=\"application\/ld+json\" class=\"yoast-schema-graph\">{\"@context\":\"https:\/\/schema.org\",\"@graph\":[{\"@type\":\"WebPage\",\"@id\":\"https:\/\/suomenkuvalehti.fi\/kyro\/2018\/02\/19\/maastohiihto-ja-nina-hagen-mihin-yhtenaiskulttuuri-katosi\/\",\"url\":\"https:\/\/suomenkuvalehti.fi\/kyro\/2018\/02\/19\/maastohiihto-ja-nina-hagen-mihin-yhtenaiskulttuuri-katosi\/\",\"name\":\"Maastohiihto ja Nina Hagen \u2013 Mihin yhten\u00e4iskulttuuri katosi - Kyr\u00f6\",\"isPartOf\":{\"@id\":\"https:\/\/suomenkuvalehti.fi\/kyro\/#website\"},\"datePublished\":\"2018-02-19T11:37:15+00:00\",\"author\":{\"@id\":\"https:\/\/suomenkuvalehti.fi\/kyro\/#\/schema\/person\/efa04f5f0a3ee020459fa36ff96595a3\"},\"breadcrumb\":{\"@id\":\"https:\/\/suomenkuvalehti.fi\/kyro\/2018\/02\/19\/maastohiihto-ja-nina-hagen-mihin-yhtenaiskulttuuri-katosi\/#breadcrumb\"},\"inLanguage\":\"fi\",\"potentialAction\":[{\"@type\":\"ReadAction\",\"target\":[\"https:\/\/suomenkuvalehti.fi\/kyro\/2018\/02\/19\/maastohiihto-ja-nina-hagen-mihin-yhtenaiskulttuuri-katosi\/\"]}]},{\"@type\":\"BreadcrumbList\",\"@id\":\"https:\/\/suomenkuvalehti.fi\/kyro\/2018\/02\/19\/maastohiihto-ja-nina-hagen-mihin-yhtenaiskulttuuri-katosi\/#breadcrumb\",\"itemListElement\":[{\"@type\":\"ListItem\",\"position\":1,\"name\":\"Home\",\"item\":\"https:\/\/suomenkuvalehti.fi\/kyro\/\"},{\"@type\":\"ListItem\",\"position\":2,\"name\":\"Maastohiihto ja Nina Hagen \u2013 Mihin yhten\u00e4iskulttuuri katosi\"}]},{\"@type\":\"WebSite\",\"@id\":\"https:\/\/suomenkuvalehti.fi\/kyro\/#website\",\"url\":\"https:\/\/suomenkuvalehti.fi\/kyro\/\",\"name\":\"Kyr\u00f6\",\"description\":\"Todellisuudesta tarinoin.\",\"potentialAction\":[{\"@type\":\"SearchAction\",\"target\":{\"@type\":\"EntryPoint\",\"urlTemplate\":\"https:\/\/suomenkuvalehti.fi\/haku\/?q={search_term_string}\"},\"query-input\":{\"@type\":\"PropertyValueSpecification\",\"valueRequired\":true,\"valueName\":\"search_term_string\"}}],\"inLanguage\":\"fi\"},{\"@type\":\"Person\",\"@id\":\"https:\/\/suomenkuvalehti.fi\/kyro\/#\/schema\/person\/efa04f5f0a3ee020459fa36ff96595a3\",\"name\":\"Tuomas Kyr\u00f6\",\"image\":{\"@type\":\"ImageObject\",\"inLanguage\":\"fi\",\"@id\":\"https:\/\/suomenkuvalehti.fi\/kyro\/#\/schema\/person\/image\/\",\"url\":\"https:\/\/suomenkuvalehti.fi\/kyro\/wp-content\/uploads\/sites\/44\/2022\/04\/tuomas_kyro_blogi-1-150x150.jpg\",\"contentUrl\":\"https:\/\/suomenkuvalehti.fi\/kyro\/wp-content\/uploads\/sites\/44\/2022\/04\/tuomas_kyro_blogi-1-150x150.jpg\",\"caption\":\"Tuomas Kyr\u00f6\"},\"description\":\"Kirjoittaja on kirjailija.\"}]}<\/script>\n<!-- \/ Yoast SEO plugin. -->","yoast_head_json":{"title":"Maastohiihto ja Nina Hagen \u2013 Mihin yhten\u00e4iskulttuuri katosi - Kyr\u00f6","robots":{"index":"index","follow":"follow","max-snippet":"max-snippet:-1","max-image-preview":"max-image-preview:large","max-video-preview":"max-video-preview:-1"},"canonical":"https:\/\/suomenkuvalehti.fi\/kyro\/2018\/02\/19\/maastohiihto-ja-nina-hagen-mihin-yhtenaiskulttuuri-katosi\/","og_locale":"fi_FI","og_type":"article","og_title":"Maastohiihto ja Nina Hagen \u2013 Mihin yhten\u00e4iskulttuuri katosi - Kyr\u00f6","og_description":"Vuonna 1984 olympialaisia katsottiin koulun juhlasalissa. Yhten\u00e4iskultuuri pakotti kaikki v\u00e4ritelevision \u00e4\u00e4reen.","og_url":"https:\/\/suomenkuvalehti.fi\/kyro\/2018\/02\/19\/maastohiihto-ja-nina-hagen-mihin-yhtenaiskulttuuri-katosi\/","og_site_name":"Kyr\u00f6","article_published_time":"2018-02-19T11:37:15+00:00","og_image":[{"width":600,"height":600,"url":"https:\/\/suomenkuvalehti.fi\/kyro\/wp-content\/uploads\/sites\/44\/2018\/02\/tuomas_kyro_blogi.jpg","type":"image\/jpeg"}],"author":"Tuomas Kyr\u00f6","twitter_card":"summary_large_image","twitter_misc":{"Written by":"Tuomas Kyr\u00f6","Est. reading time":"2 minuuttia"},"schema":{"@context":"https:\/\/schema.org","@graph":[{"@type":"WebPage","@id":"https:\/\/suomenkuvalehti.fi\/kyro\/2018\/02\/19\/maastohiihto-ja-nina-hagen-mihin-yhtenaiskulttuuri-katosi\/","url":"https:\/\/suomenkuvalehti.fi\/kyro\/2018\/02\/19\/maastohiihto-ja-nina-hagen-mihin-yhtenaiskulttuuri-katosi\/","name":"Maastohiihto ja Nina Hagen \u2013 Mihin yhten\u00e4iskulttuuri katosi - Kyr\u00f6","isPartOf":{"@id":"https:\/\/suomenkuvalehti.fi\/kyro\/#website"},"datePublished":"2018-02-19T11:37:15+00:00","author":{"@id":"https:\/\/suomenkuvalehti.fi\/kyro\/#\/schema\/person\/efa04f5f0a3ee020459fa36ff96595a3"},"breadcrumb":{"@id":"https:\/\/suomenkuvalehti.fi\/kyro\/2018\/02\/19\/maastohiihto-ja-nina-hagen-mihin-yhtenaiskulttuuri-katosi\/#breadcrumb"},"inLanguage":"fi","potentialAction":[{"@type":"ReadAction","target":["https:\/\/suomenkuvalehti.fi\/kyro\/2018\/02\/19\/maastohiihto-ja-nina-hagen-mihin-yhtenaiskulttuuri-katosi\/"]}]},{"@type":"BreadcrumbList","@id":"https:\/\/suomenkuvalehti.fi\/kyro\/2018\/02\/19\/maastohiihto-ja-nina-hagen-mihin-yhtenaiskulttuuri-katosi\/#breadcrumb","itemListElement":[{"@type":"ListItem","position":1,"name":"Home","item":"https:\/\/suomenkuvalehti.fi\/kyro\/"},{"@type":"ListItem","position":2,"name":"Maastohiihto ja Nina Hagen \u2013 Mihin yhten\u00e4iskulttuuri katosi"}]},{"@type":"WebSite","@id":"https:\/\/suomenkuvalehti.fi\/kyro\/#website","url":"https:\/\/suomenkuvalehti.fi\/kyro\/","name":"Kyr\u00f6","description":"Todellisuudesta tarinoin.","potentialAction":[{"@type":"SearchAction","target":{"@type":"EntryPoint","urlTemplate":"https:\/\/suomenkuvalehti.fi\/haku\/?q={search_term_string}"},"query-input":{"@type":"PropertyValueSpecification","valueRequired":true,"valueName":"search_term_string"}}],"inLanguage":"fi"},{"@type":"Person","@id":"https:\/\/suomenkuvalehti.fi\/kyro\/#\/schema\/person\/efa04f5f0a3ee020459fa36ff96595a3","name":"Tuomas Kyr\u00f6","image":{"@type":"ImageObject","inLanguage":"fi","@id":"https:\/\/suomenkuvalehti.fi\/kyro\/#\/schema\/person\/image\/","url":"https:\/\/suomenkuvalehti.fi\/kyro\/wp-content\/uploads\/sites\/44\/2022\/04\/tuomas_kyro_blogi-1-150x150.jpg","contentUrl":"https:\/\/suomenkuvalehti.fi\/kyro\/wp-content\/uploads\/sites\/44\/2022\/04\/tuomas_kyro_blogi-1-150x150.jpg","caption":"Tuomas Kyr\u00f6"},"description":"Kirjoittaja on kirjailija."}]}},"_links":{"self":[{"href":"https:\/\/suomenkuvalehti.fi\/kyro\/wp-json\/wp\/v2\/posts\/22","targetHints":{"allow":["GET"]}}],"collection":[{"href":"https:\/\/suomenkuvalehti.fi\/kyro\/wp-json\/wp\/v2\/posts"}],"about":[{"href":"https:\/\/suomenkuvalehti.fi\/kyro\/wp-json\/wp\/v2\/types\/post"}],"author":[{"embeddable":true,"href":"https:\/\/suomenkuvalehti.fi\/kyro\/wp-json\/wp\/v2\/users\/40696"}],"replies":[{"embeddable":true,"href":"https:\/\/suomenkuvalehti.fi\/kyro\/wp-json\/wp\/v2\/comments?post=22"}],"version-history":[{"count":6,"href":"https:\/\/suomenkuvalehti.fi\/kyro\/wp-json\/wp\/v2\/posts\/22\/revisions"}],"predecessor-version":[{"id":28,"href":"https:\/\/suomenkuvalehti.fi\/kyro\/wp-json\/wp\/v2\/posts\/22\/revisions\/28"}],"wp:attachment":[{"href":"https:\/\/suomenkuvalehti.fi\/kyro\/wp-json\/wp\/v2\/media?parent=22"}],"wp:term":[{"taxonomy":"category","embeddable":true,"href":"https:\/\/suomenkuvalehti.fi\/kyro\/wp-json\/wp\/v2\/categories?post=22"},{"taxonomy":"post_tag","embeddable":true,"href":"https:\/\/suomenkuvalehti.fi\/kyro\/wp-json\/wp\/v2\/tags?post=22"}],"curies":[{"name":"wp","href":"https:\/\/api.w.org\/{rel}","templated":true}]}}