{"id":999,"date":"2009-08-21T08:20:46","date_gmt":"2009-08-21T05:20:46","guid":{"rendered":"https:\/\/suomenkuvalehti.fi\/kuvientakaa\/2009\/08\/21\/james-cameron-esittelee-avatar-elokuvaa-pala-palalta\/"},"modified":"2009-08-21T08:20:46","modified_gmt":"2009-08-21T05:20:46","slug":"james-cameron-esittelee-avatar-elokuvaa-pala-palalta","status":"publish","type":"post","link":"https:\/\/suomenkuvalehti.fi\/kuvien-takaa\/james-cameron-esittelee-avatar-elokuvaa-pala-palalta\/","title":{"rendered":"James Cameron esittelee Avatar-elokuvaa pala palalta"},"content":{"rendered":"\n<p>Uudessa Vanity Fair-lehdess\u00e4 kerrottiin viimeisin arvio<strong> James Cameronin<\/strong><em> Avatar<\/em> -tieteiselokuvan budjetista: 450 miljoonaa dollaria.<\/p>\n\n\n\n\n<p>En tied\u00e4 mist\u00e4 luku oli rep\u00e4isty, sill\u00e4 viel\u00e4 kuukausi sitten <a href=\"http:\/\/www.variety.com\/article\/VR1118006143.html?categoryid=1009&amp;cs=1\">Varietyssakin arvioitiin<\/a> budjetin olevan &#8221;vain&#8221; jossain hieman 200 miljoonan taalan yl\u00e4puolella. Siis samoissa lukemissa kuin Cameronin edellinen pitk\u00e4 fiktio, kaikkien aikojen menestynein elokuva <em>Titanic<\/em>.<\/p>\n\n\n\n<p>Tosin saman lehden bloggaaja Anne Thompson kertoi jo <a href=\"http:\/\/www.variety.com\/article\/VR1117991656.html?categoryid=2508&amp;cs=1\">vuosi sitten<\/a>, ett\u00e4 summa on 300 miljoonan pintaan.<\/p>\n\n\n\n<p>Oli miten oli, kyse on sellaisesta summasta, ett\u00e4 markkinoinninkin t\u00e4ytyy olla poikkeuksellista.<\/p>\n\n\n\n<p><a href=\"http:\/\/akas.imdb.com\/title\/tt0499549\/\">Avatar <\/a>ensiesitt\u00e4ytyi yleis\u00f6lle internetiss\u00e4 teaser-trailerina muutama p\u00e4iv\u00e4 sitten. T\u00e4n\u00e4\u00e4n eri puolilla maailmaa, <a href=\"http:\/\/www.fs-film.fi\/showPage.php?page_id=1004\">my\u00f6s Helsingiss\u00e4<\/a>, esitet\u00e4\u00e4n 15 minuutin p\u00e4tk\u00e4 Avataria. Sen on m\u00e4\u00e4r\u00e4 tehd\u00e4 selv\u00e4ksi, kuinka k\u00e4\u00e4nteentekev\u00e4\u00e4 elokuvan tekniikka ja kolmiulotteinen kuvasto on.<\/p>\n\n\n\n<p>En muista, ett\u00e4 mist\u00e4\u00e4n elokuvasta olisi t\u00e4llaista n\u00e4ytep\u00e4tk\u00e4\u00e4 esitetty tilaisuudessa, jonne tarvitsee oikein lipun (ilmainen, mutta haettava etuk\u00e4teen). Jotkut ovat n\u00e4it\u00e4 lippuja koettaneet nettihuutokaupoissakin myyd\u00e4, mutta ainakaan Suomessa ei kauppa ole k\u00e4ynyt.<\/p>\n\n\n\n<p>Se <a href=\"http:\/\/www.apple.com\/trailers\/fox\/avatar\/\">teaser-traileri<\/a> eri tasoissa liikkuvine objekteineen kertoo oikeastaan vain sen, ett\u00e4 3D-syvyysvaikutelmaan on satsattu. Vaikutelma on kaksiulotteisena ruudulta katsottuna jotenkin tietokonepelim\u00e4inen.<\/p>\n\n\n\n<p>Ensi-iltaa saadaan odottaa jouluun.<\/p>\n\n\n","protected":false},"excerpt":{"rendered":"<p>Uudessa Vanity Fair-lehdess\u00e4 kerrottiin viimeisin arvio James Cameronin Avatar -tieteiselokuvan budjetista: 450 miljoonaa dollaria. En tied\u00e4 mist\u00e4 luku oli rep\u00e4isty, sill\u00e4 viel\u00e4 kuukausi sitten Varietyssakin arvioitiin budjetin olevan &#8221;vain&#8221; jossain hieman 200<br \/>\nmiljo&hellip;<\/p>\n","protected":false},"author":144,"featured_media":0,"comment_status":"open","ping_status":"open","sticky":false,"template":"","format":"standard","meta":{"_acf_changed":false,"asauth_required_access_level":0,"asauth_cansharepaid":"","om_header_attributes":[],"footnotes":"","om_featured_image_focal_point":[],"om_primary_tag":0,"om_contributors":[],"om_co_authors":[],"beyondwords_generate_audio":"","beyondwords_project_id":"","beyondwords_content_id":"","beyondwords_preview_token":"","beyondwords_player_content":"","beyondwords_player_style":"","beyondwords_language_code":"","beyondwords_language_id":"","beyondwords_title_voice_id":"","beyondwords_body_voice_id":"","beyondwords_summary_voice_id":"","beyondwords_error_message":"","beyondwords_disabled":"","beyondwords_delete_content":"","beyondwords_podcast_id":"","beyondwords_hash":"","publish_post_to_speechkit":"","speechkit_hash":"","speechkit_generate_audio":"","speechkit_project_id":"","speechkit_podcast_id":"","speechkit_error_message":"","speechkit_disabled":"","speechkit_access_key":"","speechkit_error":"","speechkit_info":"","speechkit_response":"","speechkit_retries":"","speechkit_status":"","speechkit_updated_at":"","_speechkit_link":"","_speechkit_text":""},"categories":[1],"tags":[633,634,6],"class_list":["post-999","post","type-post","status-publish","format-standard","hentry","category-kuvien-takaa","tag-avatar","tag-james-cameron","tag-tieteiselokuvat"],"om_views":null,"acf":{"tuuma_off":false,"tuuma_kysymys":"","tuuma_vastaus":""},"asauth":{"required_access_level":1,"share_token":"","is_paid":false},"yoast_head":"<!-- This site is optimized with the Yoast SEO plugin v26.4 - https:\/\/yoast.com\/wordpress\/plugins\/seo\/ -->\n<title>James Cameron esittelee Avatar-elokuvaa pala palalta - Kuvien takaa<\/title>\n<meta name=\"robots\" content=\"index, follow, max-snippet:-1, max-image-preview:large, max-video-preview:-1\" \/>\n<link rel=\"canonical\" href=\"https:\/\/suomenkuvalehti.fi\/kuvien-takaa\/james-cameron-esittelee-avatar-elokuvaa-pala-palalta\/\" \/>\n<meta property=\"og:locale\" content=\"fi_FI\" \/>\n<meta property=\"og:type\" content=\"article\" \/>\n<meta property=\"og:title\" content=\"James Cameron esittelee Avatar-elokuvaa pala palalta - Kuvien takaa\" \/>\n<meta property=\"og:description\" content=\"Uudessa Vanity Fair-lehdess\u00e4 kerrottiin viimeisin arvio James Cameronin Avatar -tieteiselokuvan budjetista: 450 miljoonaa dollaria. En tied\u00e4 mist\u00e4 luku oli rep\u00e4isty, sill\u00e4 viel\u00e4 kuukausi sitten Varietyssakin arvioitiin budjetin olevan &#8221;vain&#8221; jossain hieman 200 miljo&hellip;\" \/>\n<meta property=\"og:url\" content=\"https:\/\/suomenkuvalehti.fi\/kuvien-takaa\/james-cameron-esittelee-avatar-elokuvaa-pala-palalta\/\" \/>\n<meta property=\"og:site_name\" content=\"Kuvien takaa\" \/>\n<meta property=\"article:author\" content=\"https:\/\/www.facebook.com\/pages\/Kalle-Kinnunen-Kuvien-takaa\/190326157715410?fref=ts\" \/>\n<meta property=\"article:published_time\" content=\"2009-08-21T05:20:46+00:00\" \/>\n<meta property=\"og:image\" content=\"https:\/\/suomenkuvalehti.fi\/kuvien-takaa\/wp-content\/uploads\/sites\/11\/2022\/04\/kalle_kinnunen_blogi-1-scaled.jpg\" \/>\n\t<meta property=\"og:image:width\" content=\"2560\" \/>\n\t<meta property=\"og:image:height\" content=\"1707\" \/>\n\t<meta property=\"og:image:type\" content=\"image\/jpeg\" \/>\n<meta name=\"author\" content=\"Kalle Kinnunen\" \/>\n<meta name=\"twitter:card\" content=\"summary_large_image\" \/>\n<meta name=\"twitter:creator\" content=\"@https:\/\/twitter.com\/kallekinnunen\" \/>\n<meta name=\"twitter:label1\" content=\"Written by\" \/>\n\t<meta name=\"twitter:data1\" content=\"Kalle Kinnunen\" \/>\n\t<meta name=\"twitter:label2\" content=\"Est. reading time\" \/>\n\t<meta name=\"twitter:data2\" content=\"1 minuutti\" \/>\n<script type=\"application\/ld+json\" class=\"yoast-schema-graph\">{\"@context\":\"https:\/\/schema.org\",\"@graph\":[{\"@type\":\"WebPage\",\"@id\":\"https:\/\/suomenkuvalehti.fi\/kuvien-takaa\/james-cameron-esittelee-avatar-elokuvaa-pala-palalta\/\",\"url\":\"https:\/\/suomenkuvalehti.fi\/kuvien-takaa\/james-cameron-esittelee-avatar-elokuvaa-pala-palalta\/\",\"name\":\"James Cameron esittelee Avatar-elokuvaa pala palalta - Kuvien takaa\",\"isPartOf\":{\"@id\":\"https:\/\/suomenkuvalehti.fi\/kuvien-takaa\/#website\"},\"datePublished\":\"2009-08-21T05:20:46+00:00\",\"author\":{\"@id\":\"https:\/\/suomenkuvalehti.fi\/kuvien-takaa\/#\/schema\/person\/f3f657e4ad409e008f12af27bec60a23\"},\"breadcrumb\":{\"@id\":\"https:\/\/suomenkuvalehti.fi\/kuvien-takaa\/james-cameron-esittelee-avatar-elokuvaa-pala-palalta\/#breadcrumb\"},\"inLanguage\":\"fi\",\"potentialAction\":[{\"@type\":\"ReadAction\",\"target\":[\"https:\/\/suomenkuvalehti.fi\/kuvien-takaa\/james-cameron-esittelee-avatar-elokuvaa-pala-palalta\/\"]}]},{\"@type\":\"BreadcrumbList\",\"@id\":\"https:\/\/suomenkuvalehti.fi\/kuvien-takaa\/james-cameron-esittelee-avatar-elokuvaa-pala-palalta\/#breadcrumb\",\"itemListElement\":[{\"@type\":\"ListItem\",\"position\":1,\"name\":\"Home\",\"item\":\"https:\/\/suomenkuvalehti.fi\/kuvien-takaa\/\"},{\"@type\":\"ListItem\",\"position\":2,\"name\":\"James Cameron esittelee Avatar-elokuvaa pala palalta\"}]},{\"@type\":\"WebSite\",\"@id\":\"https:\/\/suomenkuvalehti.fi\/kuvien-takaa\/#website\",\"url\":\"https:\/\/suomenkuvalehti.fi\/kuvien-takaa\/\",\"name\":\"Kuvien takaa\",\"description\":\"Elokuvakriitikko Kalle Kinnusen elokuvablogi.\",\"potentialAction\":[{\"@type\":\"SearchAction\",\"target\":{\"@type\":\"EntryPoint\",\"urlTemplate\":\"https:\/\/suomenkuvalehti.fi\/haku\/?q={search_term_string}\"},\"query-input\":{\"@type\":\"PropertyValueSpecification\",\"valueRequired\":true,\"valueName\":\"search_term_string\"}}],\"inLanguage\":\"fi\"},{\"@type\":\"Person\",\"@id\":\"https:\/\/suomenkuvalehti.fi\/kuvien-takaa\/#\/schema\/person\/f3f657e4ad409e008f12af27bec60a23\",\"name\":\"Kalle Kinnunen\",\"image\":{\"@type\":\"ImageObject\",\"inLanguage\":\"fi\",\"@id\":\"https:\/\/suomenkuvalehti.fi\/kuvien-takaa\/#\/schema\/person\/image\/\",\"url\":\"https:\/\/suomenkuvalehti.fi\/kuvien-takaa\/wp-content\/uploads\/sites\/11\/2022\/04\/kalle_kinnunen_blogi-1-150x150.jpg\",\"contentUrl\":\"https:\/\/suomenkuvalehti.fi\/kuvien-takaa\/wp-content\/uploads\/sites\/11\/2022\/04\/kalle_kinnunen_blogi-1-150x150.jpg\",\"caption\":\"Kalle Kinnunen\"},\"description\":\"Kalle Kinnunen on vapaa toimittaja ja Suomen Kuvalehden avustaja.\",\"sameAs\":[\"https:\/\/www.facebook.com\/pages\/Kalle-Kinnunen-Kuvien-takaa\/190326157715410?fref=ts\",\"https:\/\/x.com\/https:\/\/twitter.com\/kallekinnunen\"]}]}<\/script>\n<!-- \/ Yoast SEO plugin. -->","yoast_head_json":{"title":"James Cameron esittelee Avatar-elokuvaa pala palalta - Kuvien takaa","robots":{"index":"index","follow":"follow","max-snippet":"max-snippet:-1","max-image-preview":"max-image-preview:large","max-video-preview":"max-video-preview:-1"},"canonical":"https:\/\/suomenkuvalehti.fi\/kuvien-takaa\/james-cameron-esittelee-avatar-elokuvaa-pala-palalta\/","og_locale":"fi_FI","og_type":"article","og_title":"James Cameron esittelee Avatar-elokuvaa pala palalta - Kuvien takaa","og_description":"Uudessa Vanity Fair-lehdess\u00e4 kerrottiin viimeisin arvio James Cameronin Avatar -tieteiselokuvan budjetista: 450 miljoonaa dollaria. En tied\u00e4 mist\u00e4 luku oli rep\u00e4isty, sill\u00e4 viel\u00e4 kuukausi sitten Varietyssakin arvioitiin budjetin olevan &#8221;vain&#8221; jossain hieman 200 miljo&hellip;","og_url":"https:\/\/suomenkuvalehti.fi\/kuvien-takaa\/james-cameron-esittelee-avatar-elokuvaa-pala-palalta\/","og_site_name":"Kuvien takaa","article_author":"https:\/\/www.facebook.com\/pages\/Kalle-Kinnunen-Kuvien-takaa\/190326157715410?fref=ts","article_published_time":"2009-08-21T05:20:46+00:00","og_image":[{"width":2560,"height":1707,"url":"https:\/\/suomenkuvalehti.fi\/kuvien-takaa\/wp-content\/uploads\/sites\/11\/2022\/04\/kalle_kinnunen_blogi-1-scaled.jpg","type":"image\/jpeg"}],"author":"Kalle Kinnunen","twitter_card":"summary_large_image","twitter_creator":"@https:\/\/twitter.com\/kallekinnunen","twitter_misc":{"Written by":"Kalle Kinnunen","Est. reading time":"1 minuutti"},"schema":{"@context":"https:\/\/schema.org","@graph":[{"@type":"WebPage","@id":"https:\/\/suomenkuvalehti.fi\/kuvien-takaa\/james-cameron-esittelee-avatar-elokuvaa-pala-palalta\/","url":"https:\/\/suomenkuvalehti.fi\/kuvien-takaa\/james-cameron-esittelee-avatar-elokuvaa-pala-palalta\/","name":"James Cameron esittelee Avatar-elokuvaa pala palalta - Kuvien takaa","isPartOf":{"@id":"https:\/\/suomenkuvalehti.fi\/kuvien-takaa\/#website"},"datePublished":"2009-08-21T05:20:46+00:00","author":{"@id":"https:\/\/suomenkuvalehti.fi\/kuvien-takaa\/#\/schema\/person\/f3f657e4ad409e008f12af27bec60a23"},"breadcrumb":{"@id":"https:\/\/suomenkuvalehti.fi\/kuvien-takaa\/james-cameron-esittelee-avatar-elokuvaa-pala-palalta\/#breadcrumb"},"inLanguage":"fi","potentialAction":[{"@type":"ReadAction","target":["https:\/\/suomenkuvalehti.fi\/kuvien-takaa\/james-cameron-esittelee-avatar-elokuvaa-pala-palalta\/"]}]},{"@type":"BreadcrumbList","@id":"https:\/\/suomenkuvalehti.fi\/kuvien-takaa\/james-cameron-esittelee-avatar-elokuvaa-pala-palalta\/#breadcrumb","itemListElement":[{"@type":"ListItem","position":1,"name":"Home","item":"https:\/\/suomenkuvalehti.fi\/kuvien-takaa\/"},{"@type":"ListItem","position":2,"name":"James Cameron esittelee Avatar-elokuvaa pala palalta"}]},{"@type":"WebSite","@id":"https:\/\/suomenkuvalehti.fi\/kuvien-takaa\/#website","url":"https:\/\/suomenkuvalehti.fi\/kuvien-takaa\/","name":"Kuvien takaa","description":"Elokuvakriitikko Kalle Kinnusen elokuvablogi.","potentialAction":[{"@type":"SearchAction","target":{"@type":"EntryPoint","urlTemplate":"https:\/\/suomenkuvalehti.fi\/haku\/?q={search_term_string}"},"query-input":{"@type":"PropertyValueSpecification","valueRequired":true,"valueName":"search_term_string"}}],"inLanguage":"fi"},{"@type":"Person","@id":"https:\/\/suomenkuvalehti.fi\/kuvien-takaa\/#\/schema\/person\/f3f657e4ad409e008f12af27bec60a23","name":"Kalle Kinnunen","image":{"@type":"ImageObject","inLanguage":"fi","@id":"https:\/\/suomenkuvalehti.fi\/kuvien-takaa\/#\/schema\/person\/image\/","url":"https:\/\/suomenkuvalehti.fi\/kuvien-takaa\/wp-content\/uploads\/sites\/11\/2022\/04\/kalle_kinnunen_blogi-1-150x150.jpg","contentUrl":"https:\/\/suomenkuvalehti.fi\/kuvien-takaa\/wp-content\/uploads\/sites\/11\/2022\/04\/kalle_kinnunen_blogi-1-150x150.jpg","caption":"Kalle Kinnunen"},"description":"Kalle Kinnunen on vapaa toimittaja ja Suomen Kuvalehden avustaja.","sameAs":["https:\/\/www.facebook.com\/pages\/Kalle-Kinnunen-Kuvien-takaa\/190326157715410?fref=ts","https:\/\/x.com\/https:\/\/twitter.com\/kallekinnunen"]}]}},"_links":{"self":[{"href":"https:\/\/suomenkuvalehti.fi\/kuvien-takaa\/wp-json\/wp\/v2\/posts\/999","targetHints":{"allow":["GET"]}}],"collection":[{"href":"https:\/\/suomenkuvalehti.fi\/kuvien-takaa\/wp-json\/wp\/v2\/posts"}],"about":[{"href":"https:\/\/suomenkuvalehti.fi\/kuvien-takaa\/wp-json\/wp\/v2\/types\/post"}],"author":[{"embeddable":true,"href":"https:\/\/suomenkuvalehti.fi\/kuvien-takaa\/wp-json\/wp\/v2\/users\/144"}],"replies":[{"embeddable":true,"href":"https:\/\/suomenkuvalehti.fi\/kuvien-takaa\/wp-json\/wp\/v2\/comments?post=999"}],"version-history":[{"count":0,"href":"https:\/\/suomenkuvalehti.fi\/kuvien-takaa\/wp-json\/wp\/v2\/posts\/999\/revisions"}],"wp:attachment":[{"href":"https:\/\/suomenkuvalehti.fi\/kuvien-takaa\/wp-json\/wp\/v2\/media?parent=999"}],"wp:term":[{"taxonomy":"category","embeddable":true,"href":"https:\/\/suomenkuvalehti.fi\/kuvien-takaa\/wp-json\/wp\/v2\/categories?post=999"},{"taxonomy":"post_tag","embeddable":true,"href":"https:\/\/suomenkuvalehti.fi\/kuvien-takaa\/wp-json\/wp\/v2\/tags?post=999"}],"curies":[{"name":"wp","href":"https:\/\/api.w.org\/{rel}","templated":true}]}}