{"id":961,"date":"2009-10-24T08:09:01","date_gmt":"2009-10-24T05:09:01","guid":{"rendered":"https:\/\/suomenkuvalehti.fi\/kuvientakaa\/2009\/10\/24\/sylvester-stallone-ja-muskeli-actionin-toinen-tuleminen\/"},"modified":"2009-10-24T08:09:01","modified_gmt":"2009-10-24T05:09:01","slug":"sylvester-stallone-ja-muskeli-actionin-toinen-tuleminen","status":"publish","type":"post","link":"https:\/\/suomenkuvalehti.fi\/kuvien-takaa\/sylvester-stallone-ja-muskeli-actionin-toinen-tuleminen\/","title":{"rendered":"Sylvester Stallone ja muskeli-actionin toinen tuleminen"},"content":{"rendered":"\n<p>Ensi vuoden odotetuimpia elokuvia on <strong>Sylvester Stallonen<\/strong> ohjaama <em>The Expendables<\/em>. Stallonella pyyhkii pitk\u00e4st\u00e4 aikaa hyvin: nelj\u00e4s <em>Rambo<\/em> nosti hiipuneen t\u00e4hden taas huipulle.<\/p>\n\n\n\n\n<p>Viimeisimm\u00e4n Rambon menestysresepti oli \u00e4\u00e4rimm\u00e4isen brutaali, suorastaan mielikuvituksellinen v\u00e4kivalta. Aiemmat Rambot eiv\u00e4t maineestaan huolimatta olleet kovin raakoja, vaikka kolmannessa ammuttiinkin ihmisi\u00e4 aivan solkenaan. (Guinnessin enn\u00e4tysten kirjan mukaan se oli <a href=\"http:\/\/en.wikipedia.org\/wiki\/Rambo_III\">kaikkien aikojen v\u00e4kivaltaisin<\/a> elokuva.)<\/p>\n\n\n\n<p>Nelj\u00e4s Rambo markkinoitiin ovelasti: nettiin vuodettiin hyviss\u00e4 ajoin ennen valmistumista monta minuuttia pitk\u00e4 kooste toimintakohtauksista, joissa konekiv\u00e4\u00e4rill\u00e4 ammuttujen vihollisten ruumiit suorastaan r\u00e4j\u00e4hteliv\u00e4t. Ruumiinosat lensiv\u00e4t, punaiset veripilvet t\u00e4yttiv\u00e4t Burman viidakkoa ja Rambo itse v\u00e4\u00e4nteli naamansa happamasti.<\/p>\n\n\n\n<p>Jokaisella nuorten miesten t\u00e4ytt\u00e4m\u00e4ll\u00e4 internetin sosiaalisen median alustalla &#8211; siis etenkin keskustelusivuilla &#8211; p\u00e4tk\u00e4 her\u00e4tt\u00e4 suunnatonta uteliaisuutta ja huvittuneisuutta.<\/p>\n\n\n\n<p>Brutaalius olikin ainoa tapa, jolla jo ihan vitsilt\u00e4 vaikuttanut Stallone saattoi koskettaa katsojia. Muskelimies on kuusissakymmeniss\u00e4. Ajasta, jolloin h\u00e4n ja <strong>Arnold Schwarzenegger<\/strong> hallitsivat toimintaelokuvien maailmaa oli melkein kaksi vuosikymment\u00e4. Eik\u00e4 Stallone ole koskaan osannut ironiaa, tai tehd\u00e4 kunnolla pilaa imagostaan.<\/p>\n\n\n\n<p>Nyt Syltty tekee seuraavaa elokuvaansa. The Expendablesista ja sen per\u00e4\u00e4n kuvattavasta viidennest\u00e4 Rambosta on lis\u00e4\u00e4 jutussa, jonka kirjoitin reilu kuukausi sitten Venetsian elokuvajuhlilta: <a href=\"https:\/\/suomenkuvalehti.fi\/jutut\/ulkomaat\/sylvester-stallone-the-expendables-on-uskomattoman-fyysinen-ja-rankka\">&#8221;The Expendables on uskomattoman fyysinen ja rankka&#8221;<\/a>.<\/p>\n\n\n\n<p>The Expendablesista on julkaistu <a href=\"http:\/\/www.bscreview.com\/2009\/10\/stallones-the-expendables-promo-trailer\/\">uusi trailerikin<\/a>. Meno n\u00e4ytt\u00e4\u00e4 \u00e4\u00e4rimm\u00e4isen maskuliiniselta &#8211; no mit\u00e4p\u00e4 muutakaan.<\/p>\n\n\n\n<p>Venetsiassa piti muuten n\u00e4ytt\u00e4\u00e4 Rambosta (siis t\u00e4st\u00e4 nelj\u00e4nnest\u00e4) <em>Director&#8217;s Cut<\/em> -versio. Menin katsomaan. Siin\u00e4 ei kuitenkaan ollut mit\u00e4\u00e4n havaittavaa eroa aiemmin n\u00e4htyyn. Stallonen mukaan sekaan olisi leikattu lis\u00e4\u00e4 dialogia.<\/p>\n\n\n\n<p>&#8221;Kuvasimme keskusteluja Rambon ja tyt\u00f6n (<strong>Julie Benz<\/strong>) v\u00e4lill\u00e4, mutta ne j\u00e4iv\u00e4t elokuvasta. Keskusteluissa Rambo kertoo itsest\u00e4\u00e4n ja siit\u00e4, miksi p\u00e4\u00e4tyi viidakkoon. Niiss\u00e4 12 minuutissa on Rambon syd\u00e4n ja sielu&#8221;, Stallone kertoi tilaisuudessa, josta my\u00f6s tuon aiemman jutun kirjoitin.<\/p>\n\n\n\n<p>Y\u00f6n\u00e4yt\u00f6ksen digikopiossa ei n\u00e4it\u00e4 dialogijaksoja ollut, eik\u00e4 se ollut ainakaan 12 minuuttia pidempi kuin perusversio. Mik\u00e4 antikliimaksi festarien viimeiseksi esitykseksi! Director&#8217;s Cutin tulevaisuus on siis auki, mutta jos se joskus julkaistaan, <a href=\"http:\/\/www.slashfilm.com\/wp\/wp-content\/images\/rambo-death-chart.jpg\">Rambo Death Chartiin<\/a> (julkaistiinko tuo alun perin New York Magazinessa?) pit\u00e4nee tehd\u00e4 muutoksia.<\/p>\n\n\n","protected":false},"excerpt":{"rendered":"<p>Ensi vuoden odotetuimpia elokuvia on Sylvester Stallonen ohjaama The Expendables. Stallonella pyyhkii pitk\u00e4st\u00e4 aikaa hyvin: nelj\u00e4s Rambo nosti hiipuneen t\u00e4hden taas huipulle. Viimeisimm\u00e4n Rambon menestysresepti oli \u00e4\u00e4rimm\u00e4isen brutaali, suorastaan<br \/>\nmieliku&hellip;<\/p>\n","protected":false},"author":144,"featured_media":0,"comment_status":"open","ping_status":"open","sticky":false,"template":"","format":"standard","meta":{"_acf_changed":false,"asauth_required_access_level":0,"asauth_cansharepaid":"","om_header_attributes":[],"footnotes":"","om_featured_image_focal_point":[],"om_primary_tag":0,"om_contributors":[],"om_co_authors":[],"beyondwords_generate_audio":"","beyondwords_project_id":"","beyondwords_content_id":"","beyondwords_preview_token":"","beyondwords_player_content":"","beyondwords_player_style":"","beyondwords_language_code":"","beyondwords_language_id":"","beyondwords_title_voice_id":"","beyondwords_body_voice_id":"","beyondwords_summary_voice_id":"","beyondwords_error_message":"","beyondwords_disabled":"","beyondwords_delete_content":"","beyondwords_podcast_id":"","beyondwords_hash":"","publish_post_to_speechkit":"","speechkit_hash":"","speechkit_generate_audio":"","speechkit_project_id":"","speechkit_podcast_id":"","speechkit_error_message":"","speechkit_disabled":"","speechkit_access_key":"","speechkit_error":"","speechkit_info":"","speechkit_response":"","speechkit_retries":"","speechkit_status":"","speechkit_updated_at":"","_speechkit_link":"","_speechkit_text":""},"categories":[1],"tags":[1281,703,1271,701],"class_list":["post-961","post","type-post","status-publish","format-standard","hentry","category-kuvien-takaa","tag-rambo","tag-sylvester-stallone","tag-the-expendables","tag-toimintaelokuvat"],"om_views":null,"acf":{"tuuma_off":false,"tuuma_kysymys":"","tuuma_vastaus":""},"asauth":{"required_access_level":1,"share_token":"","is_paid":false},"yoast_head":"<!-- This site is optimized with the Yoast SEO plugin v26.4 - https:\/\/yoast.com\/wordpress\/plugins\/seo\/ -->\n<title>Sylvester Stallone ja muskeli-actionin toinen tuleminen - Kuvien takaa<\/title>\n<meta name=\"robots\" content=\"index, follow, max-snippet:-1, max-image-preview:large, max-video-preview:-1\" \/>\n<link rel=\"canonical\" href=\"https:\/\/suomenkuvalehti.fi\/kuvien-takaa\/sylvester-stallone-ja-muskeli-actionin-toinen-tuleminen\/\" \/>\n<meta property=\"og:locale\" content=\"fi_FI\" \/>\n<meta property=\"og:type\" content=\"article\" \/>\n<meta property=\"og:title\" content=\"Sylvester Stallone ja muskeli-actionin toinen tuleminen - Kuvien takaa\" \/>\n<meta property=\"og:description\" content=\"Ensi vuoden odotetuimpia elokuvia on Sylvester Stallonen ohjaama The Expendables. Stallonella pyyhkii pitk\u00e4st\u00e4 aikaa hyvin: nelj\u00e4s Rambo nosti hiipuneen t\u00e4hden taas huipulle. Viimeisimm\u00e4n Rambon menestysresepti oli \u00e4\u00e4rimm\u00e4isen brutaali, suorastaan mieliku&hellip;\" \/>\n<meta property=\"og:url\" content=\"https:\/\/suomenkuvalehti.fi\/kuvien-takaa\/sylvester-stallone-ja-muskeli-actionin-toinen-tuleminen\/\" \/>\n<meta property=\"og:site_name\" content=\"Kuvien takaa\" \/>\n<meta property=\"article:author\" content=\"https:\/\/www.facebook.com\/pages\/Kalle-Kinnunen-Kuvien-takaa\/190326157715410?fref=ts\" \/>\n<meta property=\"article:published_time\" content=\"2009-10-24T05:09:01+00:00\" \/>\n<meta property=\"og:image\" content=\"https:\/\/suomenkuvalehti.fi\/kuvien-takaa\/wp-content\/uploads\/sites\/11\/2022\/04\/kalle_kinnunen_blogi-1-scaled.jpg\" \/>\n\t<meta property=\"og:image:width\" content=\"2560\" \/>\n\t<meta property=\"og:image:height\" content=\"1707\" \/>\n\t<meta property=\"og:image:type\" content=\"image\/jpeg\" \/>\n<meta name=\"author\" content=\"Kalle Kinnunen\" \/>\n<meta name=\"twitter:card\" content=\"summary_large_image\" \/>\n<meta name=\"twitter:creator\" content=\"@https:\/\/twitter.com\/kallekinnunen\" \/>\n<meta name=\"twitter:label1\" content=\"Written by\" \/>\n\t<meta name=\"twitter:data1\" content=\"Kalle Kinnunen\" \/>\n\t<meta name=\"twitter:label2\" content=\"Est. reading time\" \/>\n\t<meta name=\"twitter:data2\" content=\"2 minuuttia\" \/>\n<script type=\"application\/ld+json\" class=\"yoast-schema-graph\">{\"@context\":\"https:\/\/schema.org\",\"@graph\":[{\"@type\":\"WebPage\",\"@id\":\"https:\/\/suomenkuvalehti.fi\/kuvien-takaa\/sylvester-stallone-ja-muskeli-actionin-toinen-tuleminen\/\",\"url\":\"https:\/\/suomenkuvalehti.fi\/kuvien-takaa\/sylvester-stallone-ja-muskeli-actionin-toinen-tuleminen\/\",\"name\":\"Sylvester Stallone ja muskeli-actionin toinen tuleminen - Kuvien takaa\",\"isPartOf\":{\"@id\":\"https:\/\/suomenkuvalehti.fi\/kuvien-takaa\/#website\"},\"datePublished\":\"2009-10-24T05:09:01+00:00\",\"author\":{\"@id\":\"https:\/\/suomenkuvalehti.fi\/kuvien-takaa\/#\/schema\/person\/f3f657e4ad409e008f12af27bec60a23\"},\"breadcrumb\":{\"@id\":\"https:\/\/suomenkuvalehti.fi\/kuvien-takaa\/sylvester-stallone-ja-muskeli-actionin-toinen-tuleminen\/#breadcrumb\"},\"inLanguage\":\"fi\",\"potentialAction\":[{\"@type\":\"ReadAction\",\"target\":[\"https:\/\/suomenkuvalehti.fi\/kuvien-takaa\/sylvester-stallone-ja-muskeli-actionin-toinen-tuleminen\/\"]}]},{\"@type\":\"BreadcrumbList\",\"@id\":\"https:\/\/suomenkuvalehti.fi\/kuvien-takaa\/sylvester-stallone-ja-muskeli-actionin-toinen-tuleminen\/#breadcrumb\",\"itemListElement\":[{\"@type\":\"ListItem\",\"position\":1,\"name\":\"Home\",\"item\":\"https:\/\/suomenkuvalehti.fi\/kuvien-takaa\/\"},{\"@type\":\"ListItem\",\"position\":2,\"name\":\"Sylvester Stallone ja muskeli-actionin toinen tuleminen\"}]},{\"@type\":\"WebSite\",\"@id\":\"https:\/\/suomenkuvalehti.fi\/kuvien-takaa\/#website\",\"url\":\"https:\/\/suomenkuvalehti.fi\/kuvien-takaa\/\",\"name\":\"Kuvien takaa\",\"description\":\"Elokuvakriitikko Kalle Kinnusen elokuvablogi.\",\"potentialAction\":[{\"@type\":\"SearchAction\",\"target\":{\"@type\":\"EntryPoint\",\"urlTemplate\":\"https:\/\/suomenkuvalehti.fi\/haku\/?q={search_term_string}\"},\"query-input\":{\"@type\":\"PropertyValueSpecification\",\"valueRequired\":true,\"valueName\":\"search_term_string\"}}],\"inLanguage\":\"fi\"},{\"@type\":\"Person\",\"@id\":\"https:\/\/suomenkuvalehti.fi\/kuvien-takaa\/#\/schema\/person\/f3f657e4ad409e008f12af27bec60a23\",\"name\":\"Kalle Kinnunen\",\"image\":{\"@type\":\"ImageObject\",\"inLanguage\":\"fi\",\"@id\":\"https:\/\/suomenkuvalehti.fi\/kuvien-takaa\/#\/schema\/person\/image\/\",\"url\":\"https:\/\/suomenkuvalehti.fi\/kuvien-takaa\/wp-content\/uploads\/sites\/11\/2022\/04\/kalle_kinnunen_blogi-1-150x150.jpg\",\"contentUrl\":\"https:\/\/suomenkuvalehti.fi\/kuvien-takaa\/wp-content\/uploads\/sites\/11\/2022\/04\/kalle_kinnunen_blogi-1-150x150.jpg\",\"caption\":\"Kalle Kinnunen\"},\"description\":\"Kalle Kinnunen on vapaa toimittaja ja Suomen Kuvalehden avustaja.\",\"sameAs\":[\"https:\/\/www.facebook.com\/pages\/Kalle-Kinnunen-Kuvien-takaa\/190326157715410?fref=ts\",\"https:\/\/x.com\/https:\/\/twitter.com\/kallekinnunen\"]}]}<\/script>\n<!-- \/ Yoast SEO plugin. -->","yoast_head_json":{"title":"Sylvester Stallone ja muskeli-actionin toinen tuleminen - Kuvien takaa","robots":{"index":"index","follow":"follow","max-snippet":"max-snippet:-1","max-image-preview":"max-image-preview:large","max-video-preview":"max-video-preview:-1"},"canonical":"https:\/\/suomenkuvalehti.fi\/kuvien-takaa\/sylvester-stallone-ja-muskeli-actionin-toinen-tuleminen\/","og_locale":"fi_FI","og_type":"article","og_title":"Sylvester Stallone ja muskeli-actionin toinen tuleminen - Kuvien takaa","og_description":"Ensi vuoden odotetuimpia elokuvia on Sylvester Stallonen ohjaama The Expendables. Stallonella pyyhkii pitk\u00e4st\u00e4 aikaa hyvin: nelj\u00e4s Rambo nosti hiipuneen t\u00e4hden taas huipulle. Viimeisimm\u00e4n Rambon menestysresepti oli \u00e4\u00e4rimm\u00e4isen brutaali, suorastaan mieliku&hellip;","og_url":"https:\/\/suomenkuvalehti.fi\/kuvien-takaa\/sylvester-stallone-ja-muskeli-actionin-toinen-tuleminen\/","og_site_name":"Kuvien takaa","article_author":"https:\/\/www.facebook.com\/pages\/Kalle-Kinnunen-Kuvien-takaa\/190326157715410?fref=ts","article_published_time":"2009-10-24T05:09:01+00:00","og_image":[{"width":2560,"height":1707,"url":"https:\/\/suomenkuvalehti.fi\/kuvien-takaa\/wp-content\/uploads\/sites\/11\/2022\/04\/kalle_kinnunen_blogi-1-scaled.jpg","type":"image\/jpeg"}],"author":"Kalle Kinnunen","twitter_card":"summary_large_image","twitter_creator":"@https:\/\/twitter.com\/kallekinnunen","twitter_misc":{"Written by":"Kalle Kinnunen","Est. reading time":"2 minuuttia"},"schema":{"@context":"https:\/\/schema.org","@graph":[{"@type":"WebPage","@id":"https:\/\/suomenkuvalehti.fi\/kuvien-takaa\/sylvester-stallone-ja-muskeli-actionin-toinen-tuleminen\/","url":"https:\/\/suomenkuvalehti.fi\/kuvien-takaa\/sylvester-stallone-ja-muskeli-actionin-toinen-tuleminen\/","name":"Sylvester Stallone ja muskeli-actionin toinen tuleminen - Kuvien takaa","isPartOf":{"@id":"https:\/\/suomenkuvalehti.fi\/kuvien-takaa\/#website"},"datePublished":"2009-10-24T05:09:01+00:00","author":{"@id":"https:\/\/suomenkuvalehti.fi\/kuvien-takaa\/#\/schema\/person\/f3f657e4ad409e008f12af27bec60a23"},"breadcrumb":{"@id":"https:\/\/suomenkuvalehti.fi\/kuvien-takaa\/sylvester-stallone-ja-muskeli-actionin-toinen-tuleminen\/#breadcrumb"},"inLanguage":"fi","potentialAction":[{"@type":"ReadAction","target":["https:\/\/suomenkuvalehti.fi\/kuvien-takaa\/sylvester-stallone-ja-muskeli-actionin-toinen-tuleminen\/"]}]},{"@type":"BreadcrumbList","@id":"https:\/\/suomenkuvalehti.fi\/kuvien-takaa\/sylvester-stallone-ja-muskeli-actionin-toinen-tuleminen\/#breadcrumb","itemListElement":[{"@type":"ListItem","position":1,"name":"Home","item":"https:\/\/suomenkuvalehti.fi\/kuvien-takaa\/"},{"@type":"ListItem","position":2,"name":"Sylvester Stallone ja muskeli-actionin toinen tuleminen"}]},{"@type":"WebSite","@id":"https:\/\/suomenkuvalehti.fi\/kuvien-takaa\/#website","url":"https:\/\/suomenkuvalehti.fi\/kuvien-takaa\/","name":"Kuvien takaa","description":"Elokuvakriitikko Kalle Kinnusen elokuvablogi.","potentialAction":[{"@type":"SearchAction","target":{"@type":"EntryPoint","urlTemplate":"https:\/\/suomenkuvalehti.fi\/haku\/?q={search_term_string}"},"query-input":{"@type":"PropertyValueSpecification","valueRequired":true,"valueName":"search_term_string"}}],"inLanguage":"fi"},{"@type":"Person","@id":"https:\/\/suomenkuvalehti.fi\/kuvien-takaa\/#\/schema\/person\/f3f657e4ad409e008f12af27bec60a23","name":"Kalle Kinnunen","image":{"@type":"ImageObject","inLanguage":"fi","@id":"https:\/\/suomenkuvalehti.fi\/kuvien-takaa\/#\/schema\/person\/image\/","url":"https:\/\/suomenkuvalehti.fi\/kuvien-takaa\/wp-content\/uploads\/sites\/11\/2022\/04\/kalle_kinnunen_blogi-1-150x150.jpg","contentUrl":"https:\/\/suomenkuvalehti.fi\/kuvien-takaa\/wp-content\/uploads\/sites\/11\/2022\/04\/kalle_kinnunen_blogi-1-150x150.jpg","caption":"Kalle Kinnunen"},"description":"Kalle Kinnunen on vapaa toimittaja ja Suomen Kuvalehden avustaja.","sameAs":["https:\/\/www.facebook.com\/pages\/Kalle-Kinnunen-Kuvien-takaa\/190326157715410?fref=ts","https:\/\/x.com\/https:\/\/twitter.com\/kallekinnunen"]}]}},"_links":{"self":[{"href":"https:\/\/suomenkuvalehti.fi\/kuvien-takaa\/wp-json\/wp\/v2\/posts\/961","targetHints":{"allow":["GET"]}}],"collection":[{"href":"https:\/\/suomenkuvalehti.fi\/kuvien-takaa\/wp-json\/wp\/v2\/posts"}],"about":[{"href":"https:\/\/suomenkuvalehti.fi\/kuvien-takaa\/wp-json\/wp\/v2\/types\/post"}],"author":[{"embeddable":true,"href":"https:\/\/suomenkuvalehti.fi\/kuvien-takaa\/wp-json\/wp\/v2\/users\/144"}],"replies":[{"embeddable":true,"href":"https:\/\/suomenkuvalehti.fi\/kuvien-takaa\/wp-json\/wp\/v2\/comments?post=961"}],"version-history":[{"count":0,"href":"https:\/\/suomenkuvalehti.fi\/kuvien-takaa\/wp-json\/wp\/v2\/posts\/961\/revisions"}],"wp:attachment":[{"href":"https:\/\/suomenkuvalehti.fi\/kuvien-takaa\/wp-json\/wp\/v2\/media?parent=961"}],"wp:term":[{"taxonomy":"category","embeddable":true,"href":"https:\/\/suomenkuvalehti.fi\/kuvien-takaa\/wp-json\/wp\/v2\/categories?post=961"},{"taxonomy":"post_tag","embeddable":true,"href":"https:\/\/suomenkuvalehti.fi\/kuvien-takaa\/wp-json\/wp\/v2\/tags?post=961"}],"curies":[{"name":"wp","href":"https:\/\/api.w.org\/{rel}","templated":true}]}}