{"id":947,"date":"2009-11-13T06:01:00","date_gmt":"2009-11-13T04:01:00","guid":{"rendered":"https:\/\/suomenkuvalehti.fi\/kuvientakaa\/2009\/11\/13\/onko-poliittinen-elokuvafestivaali-aina-radikaali\/"},"modified":"2013-11-29T15:25:58","modified_gmt":"2013-11-29T13:25:58","slug":"onko-poliittinen-elokuvafestivaali-aina-radikaali","status":"publish","type":"post","link":"https:\/\/suomenkuvalehti.fi\/kuvien-takaa\/onko-poliittinen-elokuvafestivaali-aina-radikaali\/","title":{"rendered":"Onko poliittinen elokuvafestivaali aina radikaali?"},"content":{"rendered":"\n<p>Helsingiss\u00e4 on k\u00e4ynniss\u00e4 elokuvatapahtuma nimelt\u00e4\u00e4n Lens Politica, &#8221;yhteiskunnallisen elokuvan ja taiteen festivaali&#8221;.<\/p>\n\n\n\n\n<p><a href=\"http:\/\/www.lenspolitica.net\/\">Tapahtuman kotisivuilla<\/a> kerrotaan, ett\u00e4 &#8221;festivaaleilla pureudutaan j\u00e4lleen maailmanpolitiikan kipeimpiin kohtiin.&#8221;<\/p>\n\n\n\n<p>Toisin sanoen ohjelmisto koostuu teoksista, joita voisi luonnehtia sangen vasemmistolaisiksi.<\/p>\n\n\n\n<p><a href=\"http:\/\/www.lenspolitica.net\/index.php?option=com_content&amp;view=article&amp;id=110%3Aamerican-radical--the-trials-of-norman-finkelstein&amp;catid=3%3Aelokuvat&amp;Itemid=26&amp;lang=fi\"><em>American Radical<\/em><\/a> on muotokuva <strong>Norman Finkelsteinista<\/strong>, amerikanjuutalaisesta toisinajattelijasta, joka kritisoi rajusti Israelia. Sinne h\u00e4nell\u00e4 on <a href=\"http:\/\/en.wikipedia.org\/wiki\/Norman_Finkelstein\">porttikieltokin<\/a>. Kiistelty\u00e4 kirjailijaa on pidetty <a href=\"http:\/\/www.anti-rev.org\/textes\/Bartov00a\/index.html\">fanaatikkona<\/a>. (En ole viel\u00e4 n\u00e4hnyt elokuvaa.)<\/p>\n\n\n\n<p>Samaa teemaa &#8211; antisemitismin kummituksen k\u00e4ytt\u00f6\u00e4 propagandakeinona Israelissa &#8211; k\u00e4sittelee my\u00f6s laadukas <a href=\"http:\/\/www.lenspolitica.net\/index.php?option=com_content&amp;view=article&amp;id=115%3Adefamation&amp;catid=3%3Aelokuvat&amp;Itemid=26%E2%8C%A9=fi\"><em>Defamation<\/em><\/a>, joka on n\u00e4hty jo Ylell\u00e4 Dokumenttiprojektissa nimell\u00e4 <em>Salainen sota<\/em>. (Miksei Lens Politica k\u00e4yt\u00e4 rinnakkaisena dokumentin suomenkielist\u00e4 nime\u00e4, kun sellainen kerran on?)<\/p>\n\n\n\n<p><a href=\"http:\/\/www.lenspolitica.net\/index.php?option=com_content&amp;view=article&amp;id=111%3Athe-shock-doctrine&amp;catid=3%3Aelokuvat&amp;Itemid=26&amp;lang=fi\"><em>The Shock Doctrine<\/em><\/a> on <strong>Michael Winterbottomin<\/strong> ja <strong>Matt Whitecrossin<\/strong> dokumenttielokuva, joka kuvittaa <strong>Naomi Kleinin<\/strong><em> Tuhokapitalismin nousu<\/em> -kirjaa. Berliinin festareilla n\u00e4kem\u00e4ni dokkari on paljon Kleinin kirjaa \u00e4rh\u00e4k\u00e4mpi julistus.<\/p>\n\n\n\n<p>Liikkeell\u00e4 on juoruja, joiden mukaan Klein olisi halunnut nimens\u00e4 pois elokuvasta. N\u00e4in ei kuitenkaan ole, <a href=\"http:\/\/www.naomiklein.org\/articles\/2009\/08\/clarification-shock-doctrine-documentary\">Klein oikaisee kotisivullaan<\/a>. Lens Politican j\u00e4rjest\u00e4j\u00e4tkin <a href=\"http:\/\/www.lenspolitica.net\/index.php?option=com_content&amp;view=article&amp;id=111%3Athe-shock-doctrine&amp;catid=3%3Aelokuvat&amp;Itemid=26&amp;lang=fi\">ovat menneet vipuun<\/a> &#8211; tai uskovat, ett\u00e4 v\u00e4ite Kleininkin suututtaneesta superradikaalista asenteesta vet\u00e4\u00e4 hyvin katsojia?<\/p>\n\n\n\n<p>Nicaraguan banaaniviljelmien ep\u00e4kohtia esittelev\u00e4 <a href=\"http:\/\/www.lenspolitica.net\/index.php?option=com_content&amp;view=article&amp;id=113%3Abananas&amp;catid=3%3Aelokuvat&amp;Itemid=26%E2%8C%A9=fi\">Bananas-dokumentti<\/a> puolestaan on saanut Dolen nostamaan oikeusjutun ohjaajaa vastaan. Dokkari on kiinnostava ja haluan itsekin viel\u00e4&nbsp;n\u00e4hd\u00e4 sen, mutta taidan odottaa, ett\u00e4 se esitet\u00e4\u00e4n Dokumenttiprojektissa Ylell\u00e4 joskus ensi vuonna.<\/p>\n\n\n\n<p>Muiden dokkarien aiheina ovat muun muassa Italian <a href=\"http:\/\/www.lenspolitica.net\/index.php?option=com_content&amp;view=article&amp;id=119%3Ared-sunrise&amp;catid=3%3Aelokuvat&amp;Itemid=26%E2%8C%A9=fi\">Punaiset prikaatit<\/a> ja <a href=\"http:\/\/www.lenspolitica.net\/index.php?option=com_content&amp;view=article&amp;id=119%3Ared-sunrise&amp;catid=3%3Aelokuvat&amp;Itemid=26%E2%8C%A9=fi\">baskiterroristit<\/a>. Siis raflaavin extreme-politiikka.<\/p>\n\n\n\n<p>Jottei homman nimi j\u00e4\u00e4 kenellek\u00e4\u00e4n ep\u00e4selv\u00e4ksi, <em><a href=\"http:\/\/www.lenspolitica.net\/index.php?option=com_content&amp;view=article&amp;id=114%3Aapologies-of-an-economic-hit-man&amp;catid=3%3Aelokuvat&amp;Itemid=26&amp;lang=fi\">Apology of a Hit Man<\/a><\/em> -dokumentin kuvaillaan festivaalin omassa tekstiss\u00e4 kiteytt\u00e4v\u00e4n <em>&#8221;viisi vuosikymment\u00e4 Yhdysvaltojen historiaa: maan kasvun taloudelliseksi maailmanvaltiaaksi ja kuinkas muutenkaan kuin pienempien ja heikompien kustannuksella. &#8212; Yksi maapallon miljoonista nylkyreist\u00e4 on p\u00e4\u00e4tt\u00e4nyt parantaa tapansa ja lupaa k\u00e4ytt\u00e4\u00e4 loppuel\u00e4m\u00e4ns\u00e4 puhumalla totuuksia siit\u00e4, mit\u00e4 kaikkea yhdysvaltalaisen talousmahdin kasvattamisen eteen on tehty ja miten paljon verta vuodatettu.&#8221;<\/em><\/p>\n\n\n\n<p>Suuryrityksi\u00e4 kritisoivasta mediakujeilusta raportoiva <a href=\"https:\/\/suomenkuvalehti.fi\/kuvientakaa\/2009\/02\/11\/yes-men-pelastaa-maailmaa-ja-aiheuttaa-pahennusta\/\"><em>The Yes Men Fix the World<\/em><\/a>, joka tulee yhdell\u00e4 kopiolla Helsingiss\u00e4 my\u00f6s normaaliin leffateatterilevitykseen t\u00e4n\u00e4\u00e4n, tuntuu lukeutuvan Lens Politican kattauksen tasapainoisimpaan k\u00e4rkeen. Siin\u00e4kin pannaan toki isoa bisnest\u00e4 halvalla, mutta sent\u00e4\u00e4n hauskasti ja oivaltavasti.<\/p>\n\n\n\n<p>Kaikki tapahtuman elokuvat ovat dokumentteja. Kirjoitin t\u00e4n\u00e4\u00e4n ilmestyneeseen Suomen Kuvalehteen jutun siit\u00e4, kuinka (etenkin suosituimmista) dokumenttielokuvista on tullut pamfletteja.<\/p>\n\n\n\n<p>Nylkyreit\u00e4, punaisia prikaateja, lautasellisia Nicaraguan verta. Lens Politica her\u00e4tt\u00e4\u00e4 kysymyksen, onko <em>poliittisen elokuvan tapahtuman<\/em> pakko olla aina rehvakkaan iradikaalia punalippupaasaamista?<\/p>\n\n\n","protected":false},"excerpt":{"rendered":"<p>Helsingiss\u00e4 on k\u00e4ynniss\u00e4 elokuvatapahtuma nimelt\u00e4\u00e4n Lens Politica, &#8221;yhteiskunnallisen elokuvan ja taiteen festivaali&#8221;. Tapahtuman kotisivuilla kerrotaan, ett\u00e4 &#8221;festivaaleilla pureudutaan j\u00e4lleen maailmanpolitiikan kipeimpiin kohtiin.&#8221; Toisin sanoen<br \/>\nohjelm&hellip;<\/p>\n","protected":false},"author":144,"featured_media":0,"comment_status":"open","ping_status":"open","sticky":false,"template":"","format":"standard","meta":{"_acf_changed":false,"asauth_required_access_level":0,"asauth_cansharepaid":"","om_header_attributes":[],"footnotes":"","om_featured_image_focal_point":[],"om_primary_tag":0,"om_contributors":[],"om_co_authors":[],"beyondwords_generate_audio":"","beyondwords_project_id":"","beyondwords_content_id":"","beyondwords_preview_token":"","beyondwords_player_content":"","beyondwords_player_style":"","beyondwords_language_code":"","beyondwords_language_id":"","beyondwords_title_voice_id":"","beyondwords_body_voice_id":"","beyondwords_summary_voice_id":"","beyondwords_error_message":"","beyondwords_disabled":"","beyondwords_delete_content":"","beyondwords_podcast_id":"","beyondwords_hash":"","publish_post_to_speechkit":"","speechkit_hash":"","speechkit_generate_audio":"","speechkit_project_id":"","speechkit_podcast_id":"","speechkit_error_message":"","speechkit_disabled":"","speechkit_access_key":"","speechkit_error":"","speechkit_info":"","speechkit_response":"","speechkit_retries":"","speechkit_status":"","speechkit_updated_at":"","_speechkit_link":"","_speechkit_text":""},"categories":[1],"tags":[1512,1511,1509,1508,1510],"class_list":["post-947","post","type-post","status-publish","format-standard","hentry","category-kuvien-takaa","tag-aktivismi","tag-dokumenttielokuva","tag-lens-politica","tag-poliittinen-elokuva","tag-vasemmistolaisuus"],"om_views":null,"acf":{"tuuma_off":false,"tuuma_kysymys":"","tuuma_vastaus":""},"asauth":{"required_access_level":1,"share_token":"","is_paid":false},"yoast_head":"<!-- This site is optimized with the Yoast SEO plugin v26.4 - https:\/\/yoast.com\/wordpress\/plugins\/seo\/ -->\n<title>Onko poliittinen elokuvafestivaali aina radikaali? - Kuvien takaa<\/title>\n<meta name=\"robots\" content=\"index, follow, max-snippet:-1, max-image-preview:large, max-video-preview:-1\" \/>\n<link rel=\"canonical\" href=\"https:\/\/suomenkuvalehti.fi\/kuvien-takaa\/onko-poliittinen-elokuvafestivaali-aina-radikaali\/\" \/>\n<meta property=\"og:locale\" content=\"fi_FI\" \/>\n<meta property=\"og:type\" content=\"article\" \/>\n<meta property=\"og:title\" content=\"Onko poliittinen elokuvafestivaali aina radikaali? - Kuvien takaa\" \/>\n<meta property=\"og:description\" content=\"Helsingiss\u00e4 on k\u00e4ynniss\u00e4 elokuvatapahtuma nimelt\u00e4\u00e4n Lens Politica, &#8221;yhteiskunnallisen elokuvan ja taiteen festivaali&#8221;. Tapahtuman kotisivuilla kerrotaan, ett\u00e4 &#8221;festivaaleilla pureudutaan j\u00e4lleen maailmanpolitiikan kipeimpiin kohtiin.&#8221; Toisin sanoen ohjelm&hellip;\" \/>\n<meta property=\"og:url\" content=\"https:\/\/suomenkuvalehti.fi\/kuvien-takaa\/onko-poliittinen-elokuvafestivaali-aina-radikaali\/\" \/>\n<meta property=\"og:site_name\" content=\"Kuvien takaa\" \/>\n<meta property=\"article:author\" content=\"https:\/\/www.facebook.com\/pages\/Kalle-Kinnunen-Kuvien-takaa\/190326157715410?fref=ts\" \/>\n<meta property=\"article:published_time\" content=\"2009-11-13T04:01:00+00:00\" \/>\n<meta property=\"article:modified_time\" content=\"2013-11-29T13:25:58+00:00\" \/>\n<meta property=\"og:image\" content=\"https:\/\/suomenkuvalehti.fi\/kuvien-takaa\/wp-content\/uploads\/sites\/11\/2022\/04\/kalle_kinnunen_blogi-1-scaled.jpg\" \/>\n\t<meta property=\"og:image:width\" content=\"2560\" \/>\n\t<meta property=\"og:image:height\" content=\"1707\" \/>\n\t<meta property=\"og:image:type\" content=\"image\/jpeg\" \/>\n<meta name=\"author\" content=\"Kalle Kinnunen\" \/>\n<meta name=\"twitter:card\" content=\"summary_large_image\" \/>\n<meta name=\"twitter:creator\" content=\"@https:\/\/twitter.com\/kallekinnunen\" \/>\n<meta name=\"twitter:label1\" content=\"Written by\" \/>\n\t<meta name=\"twitter:data1\" content=\"Kalle Kinnunen\" \/>\n\t<meta name=\"twitter:label2\" content=\"Est. reading time\" \/>\n\t<meta name=\"twitter:data2\" content=\"2 minuuttia\" \/>\n<script type=\"application\/ld+json\" class=\"yoast-schema-graph\">{\"@context\":\"https:\/\/schema.org\",\"@graph\":[{\"@type\":\"WebPage\",\"@id\":\"https:\/\/suomenkuvalehti.fi\/kuvien-takaa\/onko-poliittinen-elokuvafestivaali-aina-radikaali\/\",\"url\":\"https:\/\/suomenkuvalehti.fi\/kuvien-takaa\/onko-poliittinen-elokuvafestivaali-aina-radikaali\/\",\"name\":\"Onko poliittinen elokuvafestivaali aina radikaali? - Kuvien takaa\",\"isPartOf\":{\"@id\":\"https:\/\/suomenkuvalehti.fi\/kuvien-takaa\/#website\"},\"datePublished\":\"2009-11-13T04:01:00+00:00\",\"dateModified\":\"2013-11-29T13:25:58+00:00\",\"author\":{\"@id\":\"https:\/\/suomenkuvalehti.fi\/kuvien-takaa\/#\/schema\/person\/f3f657e4ad409e008f12af27bec60a23\"},\"breadcrumb\":{\"@id\":\"https:\/\/suomenkuvalehti.fi\/kuvien-takaa\/onko-poliittinen-elokuvafestivaali-aina-radikaali\/#breadcrumb\"},\"inLanguage\":\"fi\",\"potentialAction\":[{\"@type\":\"ReadAction\",\"target\":[\"https:\/\/suomenkuvalehti.fi\/kuvien-takaa\/onko-poliittinen-elokuvafestivaali-aina-radikaali\/\"]}]},{\"@type\":\"BreadcrumbList\",\"@id\":\"https:\/\/suomenkuvalehti.fi\/kuvien-takaa\/onko-poliittinen-elokuvafestivaali-aina-radikaali\/#breadcrumb\",\"itemListElement\":[{\"@type\":\"ListItem\",\"position\":1,\"name\":\"Home\",\"item\":\"https:\/\/suomenkuvalehti.fi\/kuvien-takaa\/\"},{\"@type\":\"ListItem\",\"position\":2,\"name\":\"Onko poliittinen elokuvafestivaali aina radikaali?\"}]},{\"@type\":\"WebSite\",\"@id\":\"https:\/\/suomenkuvalehti.fi\/kuvien-takaa\/#website\",\"url\":\"https:\/\/suomenkuvalehti.fi\/kuvien-takaa\/\",\"name\":\"Kuvien takaa\",\"description\":\"Elokuvakriitikko Kalle Kinnusen elokuvablogi.\",\"potentialAction\":[{\"@type\":\"SearchAction\",\"target\":{\"@type\":\"EntryPoint\",\"urlTemplate\":\"https:\/\/suomenkuvalehti.fi\/haku\/?q={search_term_string}\"},\"query-input\":{\"@type\":\"PropertyValueSpecification\",\"valueRequired\":true,\"valueName\":\"search_term_string\"}}],\"inLanguage\":\"fi\"},{\"@type\":\"Person\",\"@id\":\"https:\/\/suomenkuvalehti.fi\/kuvien-takaa\/#\/schema\/person\/f3f657e4ad409e008f12af27bec60a23\",\"name\":\"Kalle Kinnunen\",\"image\":{\"@type\":\"ImageObject\",\"inLanguage\":\"fi\",\"@id\":\"https:\/\/suomenkuvalehti.fi\/kuvien-takaa\/#\/schema\/person\/image\/\",\"url\":\"https:\/\/suomenkuvalehti.fi\/kuvien-takaa\/wp-content\/uploads\/sites\/11\/2022\/04\/kalle_kinnunen_blogi-1-150x150.jpg\",\"contentUrl\":\"https:\/\/suomenkuvalehti.fi\/kuvien-takaa\/wp-content\/uploads\/sites\/11\/2022\/04\/kalle_kinnunen_blogi-1-150x150.jpg\",\"caption\":\"Kalle Kinnunen\"},\"description\":\"Kalle Kinnunen on vapaa toimittaja ja Suomen Kuvalehden avustaja.\",\"sameAs\":[\"https:\/\/www.facebook.com\/pages\/Kalle-Kinnunen-Kuvien-takaa\/190326157715410?fref=ts\",\"https:\/\/x.com\/https:\/\/twitter.com\/kallekinnunen\"]}]}<\/script>\n<!-- \/ Yoast SEO plugin. -->","yoast_head_json":{"title":"Onko poliittinen elokuvafestivaali aina radikaali? - Kuvien takaa","robots":{"index":"index","follow":"follow","max-snippet":"max-snippet:-1","max-image-preview":"max-image-preview:large","max-video-preview":"max-video-preview:-1"},"canonical":"https:\/\/suomenkuvalehti.fi\/kuvien-takaa\/onko-poliittinen-elokuvafestivaali-aina-radikaali\/","og_locale":"fi_FI","og_type":"article","og_title":"Onko poliittinen elokuvafestivaali aina radikaali? - Kuvien takaa","og_description":"Helsingiss\u00e4 on k\u00e4ynniss\u00e4 elokuvatapahtuma nimelt\u00e4\u00e4n Lens Politica, &#8221;yhteiskunnallisen elokuvan ja taiteen festivaali&#8221;. Tapahtuman kotisivuilla kerrotaan, ett\u00e4 &#8221;festivaaleilla pureudutaan j\u00e4lleen maailmanpolitiikan kipeimpiin kohtiin.&#8221; Toisin sanoen ohjelm&hellip;","og_url":"https:\/\/suomenkuvalehti.fi\/kuvien-takaa\/onko-poliittinen-elokuvafestivaali-aina-radikaali\/","og_site_name":"Kuvien takaa","article_author":"https:\/\/www.facebook.com\/pages\/Kalle-Kinnunen-Kuvien-takaa\/190326157715410?fref=ts","article_published_time":"2009-11-13T04:01:00+00:00","article_modified_time":"2013-11-29T13:25:58+00:00","og_image":[{"width":2560,"height":1707,"url":"https:\/\/suomenkuvalehti.fi\/kuvien-takaa\/wp-content\/uploads\/sites\/11\/2022\/04\/kalle_kinnunen_blogi-1-scaled.jpg","type":"image\/jpeg"}],"author":"Kalle Kinnunen","twitter_card":"summary_large_image","twitter_creator":"@https:\/\/twitter.com\/kallekinnunen","twitter_misc":{"Written by":"Kalle Kinnunen","Est. reading time":"2 minuuttia"},"schema":{"@context":"https:\/\/schema.org","@graph":[{"@type":"WebPage","@id":"https:\/\/suomenkuvalehti.fi\/kuvien-takaa\/onko-poliittinen-elokuvafestivaali-aina-radikaali\/","url":"https:\/\/suomenkuvalehti.fi\/kuvien-takaa\/onko-poliittinen-elokuvafestivaali-aina-radikaali\/","name":"Onko poliittinen elokuvafestivaali aina radikaali? - Kuvien takaa","isPartOf":{"@id":"https:\/\/suomenkuvalehti.fi\/kuvien-takaa\/#website"},"datePublished":"2009-11-13T04:01:00+00:00","dateModified":"2013-11-29T13:25:58+00:00","author":{"@id":"https:\/\/suomenkuvalehti.fi\/kuvien-takaa\/#\/schema\/person\/f3f657e4ad409e008f12af27bec60a23"},"breadcrumb":{"@id":"https:\/\/suomenkuvalehti.fi\/kuvien-takaa\/onko-poliittinen-elokuvafestivaali-aina-radikaali\/#breadcrumb"},"inLanguage":"fi","potentialAction":[{"@type":"ReadAction","target":["https:\/\/suomenkuvalehti.fi\/kuvien-takaa\/onko-poliittinen-elokuvafestivaali-aina-radikaali\/"]}]},{"@type":"BreadcrumbList","@id":"https:\/\/suomenkuvalehti.fi\/kuvien-takaa\/onko-poliittinen-elokuvafestivaali-aina-radikaali\/#breadcrumb","itemListElement":[{"@type":"ListItem","position":1,"name":"Home","item":"https:\/\/suomenkuvalehti.fi\/kuvien-takaa\/"},{"@type":"ListItem","position":2,"name":"Onko poliittinen elokuvafestivaali aina radikaali?"}]},{"@type":"WebSite","@id":"https:\/\/suomenkuvalehti.fi\/kuvien-takaa\/#website","url":"https:\/\/suomenkuvalehti.fi\/kuvien-takaa\/","name":"Kuvien takaa","description":"Elokuvakriitikko Kalle Kinnusen elokuvablogi.","potentialAction":[{"@type":"SearchAction","target":{"@type":"EntryPoint","urlTemplate":"https:\/\/suomenkuvalehti.fi\/haku\/?q={search_term_string}"},"query-input":{"@type":"PropertyValueSpecification","valueRequired":true,"valueName":"search_term_string"}}],"inLanguage":"fi"},{"@type":"Person","@id":"https:\/\/suomenkuvalehti.fi\/kuvien-takaa\/#\/schema\/person\/f3f657e4ad409e008f12af27bec60a23","name":"Kalle Kinnunen","image":{"@type":"ImageObject","inLanguage":"fi","@id":"https:\/\/suomenkuvalehti.fi\/kuvien-takaa\/#\/schema\/person\/image\/","url":"https:\/\/suomenkuvalehti.fi\/kuvien-takaa\/wp-content\/uploads\/sites\/11\/2022\/04\/kalle_kinnunen_blogi-1-150x150.jpg","contentUrl":"https:\/\/suomenkuvalehti.fi\/kuvien-takaa\/wp-content\/uploads\/sites\/11\/2022\/04\/kalle_kinnunen_blogi-1-150x150.jpg","caption":"Kalle Kinnunen"},"description":"Kalle Kinnunen on vapaa toimittaja ja Suomen Kuvalehden avustaja.","sameAs":["https:\/\/www.facebook.com\/pages\/Kalle-Kinnunen-Kuvien-takaa\/190326157715410?fref=ts","https:\/\/x.com\/https:\/\/twitter.com\/kallekinnunen"]}]}},"_links":{"self":[{"href":"https:\/\/suomenkuvalehti.fi\/kuvien-takaa\/wp-json\/wp\/v2\/posts\/947","targetHints":{"allow":["GET"]}}],"collection":[{"href":"https:\/\/suomenkuvalehti.fi\/kuvien-takaa\/wp-json\/wp\/v2\/posts"}],"about":[{"href":"https:\/\/suomenkuvalehti.fi\/kuvien-takaa\/wp-json\/wp\/v2\/types\/post"}],"author":[{"embeddable":true,"href":"https:\/\/suomenkuvalehti.fi\/kuvien-takaa\/wp-json\/wp\/v2\/users\/144"}],"replies":[{"embeddable":true,"href":"https:\/\/suomenkuvalehti.fi\/kuvien-takaa\/wp-json\/wp\/v2\/comments?post=947"}],"version-history":[{"count":1,"href":"https:\/\/suomenkuvalehti.fi\/kuvien-takaa\/wp-json\/wp\/v2\/posts\/947\/revisions"}],"predecessor-version":[{"id":1509,"href":"https:\/\/suomenkuvalehti.fi\/kuvien-takaa\/wp-json\/wp\/v2\/posts\/947\/revisions\/1509"}],"wp:attachment":[{"href":"https:\/\/suomenkuvalehti.fi\/kuvien-takaa\/wp-json\/wp\/v2\/media?parent=947"}],"wp:term":[{"taxonomy":"category","embeddable":true,"href":"https:\/\/suomenkuvalehti.fi\/kuvien-takaa\/wp-json\/wp\/v2\/categories?post=947"},{"taxonomy":"post_tag","embeddable":true,"href":"https:\/\/suomenkuvalehti.fi\/kuvien-takaa\/wp-json\/wp\/v2\/tags?post=947"}],"curies":[{"name":"wp","href":"https:\/\/api.w.org\/{rel}","templated":true}]}}