{"id":927,"date":"2009-12-14T11:01:00","date_gmt":"2009-12-14T09:01:00","guid":{"rendered":"https:\/\/suomenkuvalehti.fi\/kuvientakaa\/2009\/12\/14\/terrence-malick-kaunis-the-new-world-ja-odotettu-the-tree-of-life\/"},"modified":"2009-12-14T11:01:00","modified_gmt":"2009-12-14T09:01:00","slug":"terrence-malick-kaunis-the-new-world-ja-odotettu-the-tree-of-life","status":"publish","type":"post","link":"https:\/\/suomenkuvalehti.fi\/kuvien-takaa\/terrence-malick-kaunis-the-new-world-ja-odotettu-the-tree-of-life\/","title":{"rendered":"Terrence Malick, kaunis The New World ja odotettu The Tree of Life"},"content":{"rendered":"\n<p><strong>Terrence Malickin <\/strong>uusi elokuva <em>The Tree of Life<\/em> on valmistumassa l\u00e4hiaikoina. Edellisest\u00e4, <em>The New Worldista<\/em>, on nelj\u00e4 vuotta.<\/p>\n\n\n\n\n<p>Malick on tunnettu verkkaisesta ty\u00f6tahdistaan &#8211; toisen ja kolmannen elokuvan, <em>Onnellisten ajan<\/em> (<em>Days of Heaven<\/em>) ja <em>Veteen piirretyn viivan<\/em> (<em>The Thin Red Line<\/em>) v\u00e4lill\u00e4 meni 20 vuotta.<\/p>\n\n\n\n<p>Los Angelesissa majaileva brittil\u00e4inen kriitikko ja kolumnisti <strong>John Patterson <\/strong><a href=\"http:\/\/www.guardian.co.uk\/film\/2009\/dec\/10\/the-new-world-terrence-malick\">kirjoittaa The Guardianissa<\/a> rakkaudestaan <a href=\"http:\/\/akas.imdb.com\/title\/tt0402399\/\">The New Worldiin<\/a>.<\/p>\n\n\n\n<p><em>&#8221;It&#8217;s been said that The New World doesn&#8217;t have fans: it has disciples and partisans and fanatics. I&#8217;m one of them, and my fanaticism burns undimmed 30 or more viewings later. The New World is a bottomless movie, almost unspeakably beautiful and formally harmonious. The movie came and went within a month, and its critical reception was characterised for the most part by bafflement, condescension, lazy ridicule and outright hostility.&#8221;<\/em><\/p>\n\n\n\n<p>Suomalaiset saavat kuitenkin olla ylpeit\u00e4: elokuvan maahantuontiyhti\u00f6n pomo kertoi joskus, ett\u00e4 The New World menestyi maassamme suhteellisesti paremmin kuin miss\u00e4\u00e4n muualla.<\/p>\n\n\n\n<p>On kuitenkin j\u00e4nnitt\u00e4v\u00e4\u00e4, ett\u00e4 The New Worldista aivan h\u00e4keltynyt ja huumaantunut Patterson ei piittaa Veteen piirretyst\u00e4 viivasta, jonka esimerkiksi <strong>Helena Yl\u00e4nen<\/strong> nosti <a href=\"http:\/\/www.hs.fi\/kirjat\/artikkeli\/Homma+hoidossa+-+Helena+Yl%C3%A4sen+parhaatElokuvakriitikon+artikkelitkest%C3%A4v%C3%A4t+ik%C3%A4%C3%A4ntymist%C3%A4Kehuosastossa+rehvastelevat+machot+komediat+eiv%C3%A4t+oikeinsytyt%C3%A4\/HS20060218SI1KU020t5\">kirjassaan <\/a>kriitikkovuosiensa ykk\u00f6selokuvaksi.<\/p>\n\n\n\n<p><em>&#8221;Having been underwhelmed by The Thin Red Line (upon which critics had &#8211; to me inexplicably &#8211; drunkenly expended their full arsenal of accolades, having waited 20 agonising years to do so), I found myself soon borne aloft on a symphonic magic carpet ride of the senses and emotions, anchored by a perfomance so instinctive and note-perfect by a teenage non-pro called <strong>Q&#8217;orianka Kilcher <\/strong>that I almost hope she never acts again. Afterwards I had to be alone for an hour to savour and prolong the almost physical intensity of the feelings that deluged me. It was the only time in my life when I have literally wept tears of exultation.&#8221;<\/em><\/p>\n\n\n\n<p>The New World on eritt\u00e4in hieno elokuva, vuosikymmenen parhaita.<\/p>\n\n\n\n<p>Malickin yst\u00e4ville on hyvi\u00e4 ja huonoja uutisia. Hyv\u00e4\u00e4: <a href=\"http:\/\/akas.imdb.com\/title\/tt0478304\/\">The Tree of Life<\/a>, jossa n\u00e4yttelev\u00e4t muiden muassa <strong>Brad Pitt<\/strong> ja <strong>Sean Penn<\/strong>, on valmistumassa.<\/p>\n\n\n\n<p>Huonompi uutinen on se, ettei kukaan tied\u00e4 milloin. Vuoden 2008 kev\u00e4\u00e4ll\u00e4 kuvatun elokuvan piti tulla ensi-iltaan t\u00e4n\u00e4 syksyn\u00e4, mutta ensi-ilta on siirretty m\u00e4\u00e4rittelem\u00e4tt\u00f6m\u00e4sti jonnekin ensi vuoden puolelle.<\/p>\n\n\n\n<p>Toivottavasti syy on positiviinen, vaikkapa se, ett\u00e4 The Tree of Life on p\u00e4\u00e4sem\u00e4ss\u00e4 kilpailemaan Cannesiin.<\/p>\n\n\n\n<p>Mist\u00e4 elokuva oikein kertoo? Se on tietenkin viel\u00e4 salaisuus (vaikka IMDb:ss\u00e4 on ymp\u00e4ripy\u00f6re\u00e4 juonikuvaus).<\/p>\n\n\n\n<p>Tietenkin saattaa olla, ett\u00e4 Malick tavoittaa sen ydint\u00e4 leikkausp\u00f6yd\u00e4n \u00e4\u00e4ress\u00e4 viel\u00e4 kuukausia. Niinh\u00e4n Veteen piirretty viivakin syntyi &#8211; ja siit\u00e4 leikattiin j\u00e4lkituotannossa pois niin p\u00e4\u00e4roolin esitt\u00e4j\u00e4n\u00e4 kuvauksiin l\u00e4htenyt <strong>Billy Bob Thornton<\/strong>, <strong>Martin Sheen<\/strong>, <strong>Gary Oldman<\/strong> ja <strong>Viggo Mortensen<\/strong> kuin <strong>Mickey Rourkekin<\/strong>. Sellaista kohtaloa tuskin k\u00e4y Pittille tai Pennille.. vaan mist\u00e4 sen tiet\u00e4\u00e4.<\/p>\n\n\n","protected":false},"excerpt":{"rendered":"<p>Terrence Malickin uusi elokuva The Tree of Life on valmistumassa l\u00e4hiaikoina. Edellisest\u00e4, The New Worldista, on nelj\u00e4 vuotta. Malick on tunnettu verkkaisesta ty\u00f6tahdistaan &#8211; toisen ja kolmannen elokuvan, Onnellisten ajan (Days of Heaven) ja Veteen<br \/>\npii&hellip;<\/p>\n","protected":false},"author":144,"featured_media":0,"comment_status":"open","ping_status":"open","sticky":false,"template":"","format":"standard","meta":{"_acf_changed":false,"asauth_required_access_level":0,"asauth_cansharepaid":"","om_header_attributes":[],"footnotes":"","om_featured_image_focal_point":[],"om_primary_tag":0,"om_contributors":[],"om_co_authors":[],"beyondwords_generate_audio":"","beyondwords_project_id":"","beyondwords_content_id":"","beyondwords_preview_token":"","beyondwords_player_content":"","beyondwords_player_style":"","beyondwords_language_code":"","beyondwords_language_id":"","beyondwords_title_voice_id":"","beyondwords_body_voice_id":"","beyondwords_summary_voice_id":"","beyondwords_error_message":"","beyondwords_disabled":"","beyondwords_delete_content":"","beyondwords_podcast_id":"","beyondwords_hash":"","publish_post_to_speechkit":"","speechkit_hash":"","speechkit_generate_audio":"","speechkit_project_id":"","speechkit_podcast_id":"","speechkit_error_message":"","speechkit_disabled":"","speechkit_access_key":"","speechkit_error":"","speechkit_info":"","speechkit_response":"","speechkit_retries":"","speechkit_status":"","speechkit_updated_at":"","_speechkit_link":"","_speechkit_text":""},"categories":[1],"tags":[156,554,1486,788],"class_list":["post-927","post","type-post","status-publish","format-standard","hentry","category-kuvien-takaa","tag-brad-pitt","tag-terrence-malick","tag-the-new-world","tag-the-tree-of-life"],"om_views":null,"acf":{"tuuma_off":false,"tuuma_kysymys":"","tuuma_vastaus":""},"asauth":{"required_access_level":1,"share_token":"","is_paid":false},"yoast_head":"<!-- This site is optimized with the Yoast SEO plugin v26.4 - https:\/\/yoast.com\/wordpress\/plugins\/seo\/ -->\n<title>Terrence Malick, kaunis The New World ja odotettu The Tree of Life - Kuvien takaa<\/title>\n<meta name=\"robots\" content=\"index, follow, max-snippet:-1, max-image-preview:large, max-video-preview:-1\" \/>\n<link rel=\"canonical\" href=\"https:\/\/suomenkuvalehti.fi\/kuvien-takaa\/terrence-malick-kaunis-the-new-world-ja-odotettu-the-tree-of-life\/\" \/>\n<meta property=\"og:locale\" content=\"fi_FI\" \/>\n<meta property=\"og:type\" content=\"article\" \/>\n<meta property=\"og:title\" content=\"Terrence Malick, kaunis The New World ja odotettu The Tree of Life - Kuvien takaa\" \/>\n<meta property=\"og:description\" content=\"Terrence Malickin uusi elokuva The Tree of Life on valmistumassa l\u00e4hiaikoina. Edellisest\u00e4, The New Worldista, on nelj\u00e4 vuotta. Malick on tunnettu verkkaisesta ty\u00f6tahdistaan &#8211; toisen ja kolmannen elokuvan, Onnellisten ajan (Days of Heaven) ja Veteen pii&hellip;\" \/>\n<meta property=\"og:url\" content=\"https:\/\/suomenkuvalehti.fi\/kuvien-takaa\/terrence-malick-kaunis-the-new-world-ja-odotettu-the-tree-of-life\/\" \/>\n<meta property=\"og:site_name\" content=\"Kuvien takaa\" \/>\n<meta property=\"article:author\" content=\"https:\/\/www.facebook.com\/pages\/Kalle-Kinnunen-Kuvien-takaa\/190326157715410?fref=ts\" \/>\n<meta property=\"article:published_time\" content=\"2009-12-14T09:01:00+00:00\" \/>\n<meta property=\"og:image\" content=\"https:\/\/suomenkuvalehti.fi\/kuvien-takaa\/wp-content\/uploads\/sites\/11\/2022\/04\/kalle_kinnunen_blogi-1-scaled.jpg\" \/>\n\t<meta property=\"og:image:width\" content=\"2560\" \/>\n\t<meta property=\"og:image:height\" content=\"1707\" \/>\n\t<meta property=\"og:image:type\" content=\"image\/jpeg\" \/>\n<meta name=\"author\" content=\"Kalle Kinnunen\" \/>\n<meta name=\"twitter:card\" content=\"summary_large_image\" \/>\n<meta name=\"twitter:creator\" content=\"@https:\/\/twitter.com\/kallekinnunen\" \/>\n<meta name=\"twitter:label1\" content=\"Written by\" \/>\n\t<meta name=\"twitter:data1\" content=\"Kalle Kinnunen\" \/>\n\t<meta name=\"twitter:label2\" content=\"Est. reading time\" \/>\n\t<meta name=\"twitter:data2\" content=\"2 minuuttia\" \/>\n<script type=\"application\/ld+json\" class=\"yoast-schema-graph\">{\"@context\":\"https:\/\/schema.org\",\"@graph\":[{\"@type\":\"WebPage\",\"@id\":\"https:\/\/suomenkuvalehti.fi\/kuvien-takaa\/terrence-malick-kaunis-the-new-world-ja-odotettu-the-tree-of-life\/\",\"url\":\"https:\/\/suomenkuvalehti.fi\/kuvien-takaa\/terrence-malick-kaunis-the-new-world-ja-odotettu-the-tree-of-life\/\",\"name\":\"Terrence Malick, kaunis The New World ja odotettu The Tree of Life - Kuvien takaa\",\"isPartOf\":{\"@id\":\"https:\/\/suomenkuvalehti.fi\/kuvien-takaa\/#website\"},\"datePublished\":\"2009-12-14T09:01:00+00:00\",\"author\":{\"@id\":\"https:\/\/suomenkuvalehti.fi\/kuvien-takaa\/#\/schema\/person\/f3f657e4ad409e008f12af27bec60a23\"},\"breadcrumb\":{\"@id\":\"https:\/\/suomenkuvalehti.fi\/kuvien-takaa\/terrence-malick-kaunis-the-new-world-ja-odotettu-the-tree-of-life\/#breadcrumb\"},\"inLanguage\":\"fi\",\"potentialAction\":[{\"@type\":\"ReadAction\",\"target\":[\"https:\/\/suomenkuvalehti.fi\/kuvien-takaa\/terrence-malick-kaunis-the-new-world-ja-odotettu-the-tree-of-life\/\"]}]},{\"@type\":\"BreadcrumbList\",\"@id\":\"https:\/\/suomenkuvalehti.fi\/kuvien-takaa\/terrence-malick-kaunis-the-new-world-ja-odotettu-the-tree-of-life\/#breadcrumb\",\"itemListElement\":[{\"@type\":\"ListItem\",\"position\":1,\"name\":\"Home\",\"item\":\"https:\/\/suomenkuvalehti.fi\/kuvien-takaa\/\"},{\"@type\":\"ListItem\",\"position\":2,\"name\":\"Terrence Malick, kaunis The New World ja odotettu The Tree of Life\"}]},{\"@type\":\"WebSite\",\"@id\":\"https:\/\/suomenkuvalehti.fi\/kuvien-takaa\/#website\",\"url\":\"https:\/\/suomenkuvalehti.fi\/kuvien-takaa\/\",\"name\":\"Kuvien takaa\",\"description\":\"Elokuvakriitikko Kalle Kinnusen elokuvablogi.\",\"potentialAction\":[{\"@type\":\"SearchAction\",\"target\":{\"@type\":\"EntryPoint\",\"urlTemplate\":\"https:\/\/suomenkuvalehti.fi\/haku\/?q={search_term_string}\"},\"query-input\":{\"@type\":\"PropertyValueSpecification\",\"valueRequired\":true,\"valueName\":\"search_term_string\"}}],\"inLanguage\":\"fi\"},{\"@type\":\"Person\",\"@id\":\"https:\/\/suomenkuvalehti.fi\/kuvien-takaa\/#\/schema\/person\/f3f657e4ad409e008f12af27bec60a23\",\"name\":\"Kalle Kinnunen\",\"image\":{\"@type\":\"ImageObject\",\"inLanguage\":\"fi\",\"@id\":\"https:\/\/suomenkuvalehti.fi\/kuvien-takaa\/#\/schema\/person\/image\/\",\"url\":\"https:\/\/suomenkuvalehti.fi\/kuvien-takaa\/wp-content\/uploads\/sites\/11\/2022\/04\/kalle_kinnunen_blogi-1-150x150.jpg\",\"contentUrl\":\"https:\/\/suomenkuvalehti.fi\/kuvien-takaa\/wp-content\/uploads\/sites\/11\/2022\/04\/kalle_kinnunen_blogi-1-150x150.jpg\",\"caption\":\"Kalle Kinnunen\"},\"description\":\"Kalle Kinnunen on vapaa toimittaja ja Suomen Kuvalehden avustaja.\",\"sameAs\":[\"https:\/\/www.facebook.com\/pages\/Kalle-Kinnunen-Kuvien-takaa\/190326157715410?fref=ts\",\"https:\/\/x.com\/https:\/\/twitter.com\/kallekinnunen\"]}]}<\/script>\n<!-- \/ Yoast SEO plugin. -->","yoast_head_json":{"title":"Terrence Malick, kaunis The New World ja odotettu The Tree of Life - Kuvien takaa","robots":{"index":"index","follow":"follow","max-snippet":"max-snippet:-1","max-image-preview":"max-image-preview:large","max-video-preview":"max-video-preview:-1"},"canonical":"https:\/\/suomenkuvalehti.fi\/kuvien-takaa\/terrence-malick-kaunis-the-new-world-ja-odotettu-the-tree-of-life\/","og_locale":"fi_FI","og_type":"article","og_title":"Terrence Malick, kaunis The New World ja odotettu The Tree of Life - Kuvien takaa","og_description":"Terrence Malickin uusi elokuva The Tree of Life on valmistumassa l\u00e4hiaikoina. Edellisest\u00e4, The New Worldista, on nelj\u00e4 vuotta. Malick on tunnettu verkkaisesta ty\u00f6tahdistaan &#8211; toisen ja kolmannen elokuvan, Onnellisten ajan (Days of Heaven) ja Veteen pii&hellip;","og_url":"https:\/\/suomenkuvalehti.fi\/kuvien-takaa\/terrence-malick-kaunis-the-new-world-ja-odotettu-the-tree-of-life\/","og_site_name":"Kuvien takaa","article_author":"https:\/\/www.facebook.com\/pages\/Kalle-Kinnunen-Kuvien-takaa\/190326157715410?fref=ts","article_published_time":"2009-12-14T09:01:00+00:00","og_image":[{"width":2560,"height":1707,"url":"https:\/\/suomenkuvalehti.fi\/kuvien-takaa\/wp-content\/uploads\/sites\/11\/2022\/04\/kalle_kinnunen_blogi-1-scaled.jpg","type":"image\/jpeg"}],"author":"Kalle Kinnunen","twitter_card":"summary_large_image","twitter_creator":"@https:\/\/twitter.com\/kallekinnunen","twitter_misc":{"Written by":"Kalle Kinnunen","Est. reading time":"2 minuuttia"},"schema":{"@context":"https:\/\/schema.org","@graph":[{"@type":"WebPage","@id":"https:\/\/suomenkuvalehti.fi\/kuvien-takaa\/terrence-malick-kaunis-the-new-world-ja-odotettu-the-tree-of-life\/","url":"https:\/\/suomenkuvalehti.fi\/kuvien-takaa\/terrence-malick-kaunis-the-new-world-ja-odotettu-the-tree-of-life\/","name":"Terrence Malick, kaunis The New World ja odotettu The Tree of Life - Kuvien takaa","isPartOf":{"@id":"https:\/\/suomenkuvalehti.fi\/kuvien-takaa\/#website"},"datePublished":"2009-12-14T09:01:00+00:00","author":{"@id":"https:\/\/suomenkuvalehti.fi\/kuvien-takaa\/#\/schema\/person\/f3f657e4ad409e008f12af27bec60a23"},"breadcrumb":{"@id":"https:\/\/suomenkuvalehti.fi\/kuvien-takaa\/terrence-malick-kaunis-the-new-world-ja-odotettu-the-tree-of-life\/#breadcrumb"},"inLanguage":"fi","potentialAction":[{"@type":"ReadAction","target":["https:\/\/suomenkuvalehti.fi\/kuvien-takaa\/terrence-malick-kaunis-the-new-world-ja-odotettu-the-tree-of-life\/"]}]},{"@type":"BreadcrumbList","@id":"https:\/\/suomenkuvalehti.fi\/kuvien-takaa\/terrence-malick-kaunis-the-new-world-ja-odotettu-the-tree-of-life\/#breadcrumb","itemListElement":[{"@type":"ListItem","position":1,"name":"Home","item":"https:\/\/suomenkuvalehti.fi\/kuvien-takaa\/"},{"@type":"ListItem","position":2,"name":"Terrence Malick, kaunis The New World ja odotettu The Tree of Life"}]},{"@type":"WebSite","@id":"https:\/\/suomenkuvalehti.fi\/kuvien-takaa\/#website","url":"https:\/\/suomenkuvalehti.fi\/kuvien-takaa\/","name":"Kuvien takaa","description":"Elokuvakriitikko Kalle Kinnusen elokuvablogi.","potentialAction":[{"@type":"SearchAction","target":{"@type":"EntryPoint","urlTemplate":"https:\/\/suomenkuvalehti.fi\/haku\/?q={search_term_string}"},"query-input":{"@type":"PropertyValueSpecification","valueRequired":true,"valueName":"search_term_string"}}],"inLanguage":"fi"},{"@type":"Person","@id":"https:\/\/suomenkuvalehti.fi\/kuvien-takaa\/#\/schema\/person\/f3f657e4ad409e008f12af27bec60a23","name":"Kalle Kinnunen","image":{"@type":"ImageObject","inLanguage":"fi","@id":"https:\/\/suomenkuvalehti.fi\/kuvien-takaa\/#\/schema\/person\/image\/","url":"https:\/\/suomenkuvalehti.fi\/kuvien-takaa\/wp-content\/uploads\/sites\/11\/2022\/04\/kalle_kinnunen_blogi-1-150x150.jpg","contentUrl":"https:\/\/suomenkuvalehti.fi\/kuvien-takaa\/wp-content\/uploads\/sites\/11\/2022\/04\/kalle_kinnunen_blogi-1-150x150.jpg","caption":"Kalle Kinnunen"},"description":"Kalle Kinnunen on vapaa toimittaja ja Suomen Kuvalehden avustaja.","sameAs":["https:\/\/www.facebook.com\/pages\/Kalle-Kinnunen-Kuvien-takaa\/190326157715410?fref=ts","https:\/\/x.com\/https:\/\/twitter.com\/kallekinnunen"]}]}},"_links":{"self":[{"href":"https:\/\/suomenkuvalehti.fi\/kuvien-takaa\/wp-json\/wp\/v2\/posts\/927","targetHints":{"allow":["GET"]}}],"collection":[{"href":"https:\/\/suomenkuvalehti.fi\/kuvien-takaa\/wp-json\/wp\/v2\/posts"}],"about":[{"href":"https:\/\/suomenkuvalehti.fi\/kuvien-takaa\/wp-json\/wp\/v2\/types\/post"}],"author":[{"embeddable":true,"href":"https:\/\/suomenkuvalehti.fi\/kuvien-takaa\/wp-json\/wp\/v2\/users\/144"}],"replies":[{"embeddable":true,"href":"https:\/\/suomenkuvalehti.fi\/kuvien-takaa\/wp-json\/wp\/v2\/comments?post=927"}],"version-history":[{"count":0,"href":"https:\/\/suomenkuvalehti.fi\/kuvien-takaa\/wp-json\/wp\/v2\/posts\/927\/revisions"}],"wp:attachment":[{"href":"https:\/\/suomenkuvalehti.fi\/kuvien-takaa\/wp-json\/wp\/v2\/media?parent=927"}],"wp:term":[{"taxonomy":"category","embeddable":true,"href":"https:\/\/suomenkuvalehti.fi\/kuvien-takaa\/wp-json\/wp\/v2\/categories?post=927"},{"taxonomy":"post_tag","embeddable":true,"href":"https:\/\/suomenkuvalehti.fi\/kuvien-takaa\/wp-json\/wp\/v2\/tags?post=927"}],"curies":[{"name":"wp","href":"https:\/\/api.w.org\/{rel}","templated":true}]}}