{"id":91,"date":"2013-04-02T15:59:00","date_gmt":"2013-04-02T12:59:00","guid":{"rendered":"https:\/\/suomenkuvalehti.fi\/kuvientakaa\/2013\/04\/02\/surrealistinen-ja-palvottu-holy-motors-omaan-napaan-tuijottelua-ranskalaisittain\/"},"modified":"2013-11-30T16:24:21","modified_gmt":"2013-11-30T14:24:21","slug":"surrealistinen-ja-palvottu-holy-motors-omaan-napaan-tuijottelua-ranskalaisittain","status":"publish","type":"post","link":"https:\/\/suomenkuvalehti.fi\/kuvien-takaa\/surrealistinen-ja-palvottu-holy-motors-omaan-napaan-tuijottelua-ranskalaisittain\/","title":{"rendered":"Surrealistinen ja palvottu Holy Motors: omaan napaan tuijottelua ranskalaisittain"},"content":{"rendered":"\n<p>Elokuva-arkiston kuukauden elokuvana esitet\u00e4\u00e4n <em>Holy Motors<\/em>. On hienoa, ett\u00e4 se n\u00e4hd\u00e4\u00e4n taas Suomessa. Edelliset ja t\u00e4h\u00e4n menness\u00e4 ainoat esitykset olivat Rakkautta &amp; Anarkiaa -festivaalilla. Varsinaista teatterilevityst\u00e4 ei t\u00e4lle <strong>Leos Caraxin<\/strong> (<em>Pont-Neufin rakastavaiset<\/em>) viimeisimm\u00e4lle, monet cinefiilit hurmanneelle ohjaukselle ole tiedossa. Henkil\u00f6kohtaisesti voin arvostaa auteur Caraxin elokuvaa, mutta en saanut siit\u00e4 oikein mit\u00e4\u00e4n irti.<\/p>\n\n\n\n\n<p>Holy Motors sai maailmanensi-iltansa viime vuonna Cannesissa, ja se on saanut joissain piireiss\u00e4 hurmoksellisen vastaanoton. Kun n\u00e4in sen Cannesissa ensin\u00e4yt\u00f6sten j\u00e4lkeen, olin kaikkien kehujen j\u00e4lkeen melkoisen pettynyt.<\/p>\n\n\n\n<p>Persoonallinen Holy Motors ehdottomasti on. Se on assosiaatioiden elokuvaa. Alussa Carax n\u00e4yttelee itse\u00e4\u00e4n ja avaa sormestaan tulevalla avaimella oven toiseen ulottuvuuteen, tarinoiden universumiin. Limusiinill\u00e4 paikasta (tarinasta) toiseen matkustava n\u00e4yttelij\u00e4 <strong>Denis Lavant<\/strong> ottaa siell\u00e4 yh\u00e4 uusia rooleja (tappaja, bisnesmies, vanha nainen ym.) ja kohtaa kaikkea digiteknologiasta melodraamaan.<\/p>\n\n\n\n<p>Holy Motorsin nimi viittaa tarinan kerrontaan itseens\u00e4, kertomuksien moottoreihin. Ihminen haluaa kertomuksia, niiden keinot ovat &#8221;pyhi\u00e4&#8221; meille. T\u00e4llaisilla metatasoilla siis menn\u00e4\u00e4n, elokuvan\/fiktion\/tarinan maailmasta toiseen.<\/p>\n\n\n\n<p>Vinjetit viittaavat tavanomaisiin elokuvan lajeihin, valtavirtaan, jota Carax oletettavasti halveksuu. Ainakin h\u00e4nen ainoa selke\u00e4 viestins\u00e4 on t\u00e4m\u00e4: <em>konventiot ovat kauhean kauhean tylsi\u00e4, ymm\u00e4rr\u00e4ttek\u00f6 ett\u00e4 tarinat ovat aina itsetietoisia<\/em>. Se on kahden tunnin ajan toistettuna kyyninen sanoma. Taustalla maistuu Caraxin katkeruus omista kaatuneista elokuvahankkeista ja kai jonkin sortin pettymys koko maailmaan.<\/p>\n\n\n\n<p>Toki kuvasto on usein rumankaunista tai hyvin kaunista.<\/p>\n\n\n\n<p>Lavant on aivan suurenmoinen, yliluonnollisen hyv\u00e4, jos n\u00e4yttelij\u00e4nty\u00f6t\u00e4 arvioidaan. H\u00e4n todella muuttaa muotoaan. Mukana ovat lyhyesti Hollywood-t\u00e4hti <strong>Eva Mendes<\/strong> ja laulaja <strong>Kylie Minogue<\/strong>. Lavant ottaa my\u00f6s Caraxille aiemmin lyhytelokuvassa esitt\u00e4m\u00e4ns\u00e4 \u00e4\u00e4ri-irvokkaan monsieur Merden (&#8221;herra Paska&#8221;) rujon olemuksen ja viilett\u00e4\u00e4 muotikuvauksista varastettu neito Mendes kainalossaan ja (teko)penis ojossa pitkin Pariisia.<\/p>\n\n\n\n<p>Huono juttu: liian usein vaikutelma on <em>heh-heh<\/em>.<\/p>\n\n\n\n<p>Carax j\u00e4tt\u00e4\u00e4 kaiken niin avoimeksi, ett\u00e4 Holy Motorsia on mahdoton pit\u00e4\u00e4 rohkeana elokuvana muuten kuin siit\u00e4 n\u00e4k\u00f6kulmasta, ett\u00e4 se ylip\u00e4\u00e4ns\u00e4 on tehty (eli taloudellisena riskin\u00e4). Viittaukset elokuvahistoriaan ja Caraxin omaan historiaan tuntuvat v\u00e4lill\u00e4 oivaltavilta, usein v\u00e4hemm\u00e4n mielekk\u00e4ilt\u00e4. Vinjetist\u00e4 toiseen nytk\u00e4hdet\u00e4\u00e4n. Moottori yskii.<\/p>\n\n\n\n<p>Holy Motorsissa on paljon kiehtovaa, ja t\u00e4llainen persoonallisuus on periaatteessa pirist\u00e4v\u00e4\u00e4, mutta kokonaisuutena elokuva on kaksi tuntia eritt\u00e4in solipsistista cinefiliaa. Suomeksi perinnetietoisen elokuvantekij\u00e4n omaan napaan tuijottelua (katkeruudella maustettuna).<\/p>\n\n\n\n<p>Kyynisyyteen ei <strong>Luis Bunuel<\/strong> sortunut. Nykykatsojalle tutuin surrealismin kanssa flirttailija <strong>David Lynch<\/strong> ei ole raskas kertoja, nyt Carax nimeomaan on.<\/p>\n\n\n\n<p>Ehk\u00e4 jaksan katsoa elokuvan viel\u00e4 uudelleen. Mutta en jaksa kuunnella yhdenk\u00e4\u00e4n leffahullun selityksi\u00e4 siit\u00e4, kuinka hieno trippi Holy Motors on, ellen kuule my\u00f6s tulkintaa siit\u00e4. Tulkintoja varmasti on yht\u00e4 paljon kuin katsojiakin. Pelk\u00e4\u00e4n, ett\u00e4 jokainen niist\u00e4 on yht\u00e4 oikea. Toivon, ett\u00e4 Caraxilla oli joku muukin pointti kuin se, ett\u00e4 ymm\u00e4rrett\u00e4v\u00e4 tarina on tyls\u00e4 ja h\u00e4n itse on hyvin fiksu.<\/p>\n\n\n\n<p><em>Holy Motors Helsingin Orion-elokuvateatterissa ti 2.4., su 14.4., ti 16.4. ja pe 26.4. Esitysajat <a href=\"http:\/\/www.kava.fi\/esitykset\/orionin-kevat-2013\/kuukauden-elokuva\/holy-motors\">Kavan sivuilla<\/a>.<br><\/em><\/p>\n\n\n\n<p><em>Kirjoitin Orionin Kuukauden elokuva-elokuvasta <a href=\"https:\/\/suomenkuvalehti.fi\/blogit\/kuvien-takaa\/just-the-wind-ei-armoa-unkarissa\">Just the Wind marraskuussa<\/a>.<\/em><\/p>\n\n\n\n<p><em><\/em><\/p>\n\n\n\n<p><em><em><em><em>Seuraa kirjoittajaa Twitteriss\u00e4: <a href=\"https:\/\/twitter.com\/kallekinnunen\"><strong>@kallekinnunen<\/strong><\/a><\/em><\/em><\/em><\/em><\/p>\n\n\n","protected":false},"excerpt":{"rendered":"<p>Elokuva-arkiston kuukauden elokuvana esitet\u00e4\u00e4n Holy Motors. On hienoa, ett\u00e4 se n\u00e4hd\u00e4\u00e4n taas Suomessa. Edelliset ja t\u00e4h\u00e4n menness\u00e4 ainoat esitykset olivat Rakkautta &amp; Anarkiaa -festivaalilla. Varsinaista teatterilevityst\u00e4 ei t\u00e4lle Leos<br \/>\nCaraxin (P&hellip;<\/p>\n","protected":false},"author":144,"featured_media":0,"comment_status":"open","ping_status":"open","sticky":false,"template":"","format":"standard","meta":{"_acf_changed":false,"asauth_required_access_level":0,"asauth_cansharepaid":"","om_header_attributes":[],"footnotes":"","om_featured_image_focal_point":[],"om_primary_tag":0,"om_contributors":[],"om_co_authors":[],"beyondwords_generate_audio":"","beyondwords_project_id":"","beyondwords_content_id":"","beyondwords_preview_token":"","beyondwords_player_content":"","beyondwords_player_style":"","beyondwords_language_code":"","beyondwords_language_id":"","beyondwords_title_voice_id":"","beyondwords_body_voice_id":"","beyondwords_summary_voice_id":"","beyondwords_error_message":"","beyondwords_disabled":"","beyondwords_delete_content":"","beyondwords_podcast_id":"","beyondwords_hash":"","publish_post_to_speechkit":"","speechkit_hash":"","speechkit_generate_audio":"","speechkit_project_id":"","speechkit_podcast_id":"","speechkit_error_message":"","speechkit_disabled":"","speechkit_access_key":"","speechkit_error":"","speechkit_info":"","speechkit_response":"","speechkit_retries":"","speechkit_status":"","speechkit_updated_at":"","_speechkit_link":"","_speechkit_text":""},"categories":[1],"tags":[266,267,268,269],"class_list":["post-91","post","type-post","status-publish","format-standard","hentry","category-kuvien-takaa","tag-holy-motors","tag-leos-carax","tag-ranskalainen-elokuva","tag-surrealismi"],"om_views":null,"acf":{"tuuma_off":false,"tuuma_kysymys":"","tuuma_vastaus":""},"asauth":{"required_access_level":1,"share_token":"","is_paid":false},"yoast_head":"<!-- This site is optimized with the Yoast SEO plugin v26.4 - https:\/\/yoast.com\/wordpress\/plugins\/seo\/ -->\n<title>Surrealistinen ja palvottu Holy Motors: omaan napaan tuijottelua ranskalaisittain - Kuvien takaa<\/title>\n<meta name=\"robots\" content=\"index, follow, max-snippet:-1, max-image-preview:large, max-video-preview:-1\" \/>\n<link rel=\"canonical\" href=\"https:\/\/suomenkuvalehti.fi\/kuvien-takaa\/surrealistinen-ja-palvottu-holy-motors-omaan-napaan-tuijottelua-ranskalaisittain\/\" \/>\n<meta property=\"og:locale\" content=\"fi_FI\" \/>\n<meta property=\"og:type\" content=\"article\" \/>\n<meta property=\"og:title\" content=\"Surrealistinen ja palvottu Holy Motors: omaan napaan tuijottelua ranskalaisittain - Kuvien takaa\" \/>\n<meta property=\"og:description\" content=\"Elokuva-arkiston kuukauden elokuvana esitet\u00e4\u00e4n Holy Motors. On hienoa, ett\u00e4 se n\u00e4hd\u00e4\u00e4n taas Suomessa. Edelliset ja t\u00e4h\u00e4n menness\u00e4 ainoat esitykset olivat Rakkautta &amp; Anarkiaa -festivaalilla. Varsinaista teatterilevityst\u00e4 ei t\u00e4lle Leos Caraxin (P&hellip;\" \/>\n<meta property=\"og:url\" content=\"https:\/\/suomenkuvalehti.fi\/kuvien-takaa\/surrealistinen-ja-palvottu-holy-motors-omaan-napaan-tuijottelua-ranskalaisittain\/\" \/>\n<meta property=\"og:site_name\" content=\"Kuvien takaa\" \/>\n<meta property=\"article:author\" content=\"https:\/\/www.facebook.com\/pages\/Kalle-Kinnunen-Kuvien-takaa\/190326157715410?fref=ts\" \/>\n<meta property=\"article:published_time\" content=\"2013-04-02T12:59:00+00:00\" \/>\n<meta property=\"article:modified_time\" content=\"2013-11-30T14:24:21+00:00\" \/>\n<meta property=\"og:image\" content=\"https:\/\/suomenkuvalehti.fi\/kuvien-takaa\/wp-content\/uploads\/sites\/11\/2022\/04\/kalle_kinnunen_blogi-1-scaled.jpg\" \/>\n\t<meta property=\"og:image:width\" content=\"2560\" \/>\n\t<meta property=\"og:image:height\" content=\"1707\" \/>\n\t<meta property=\"og:image:type\" content=\"image\/jpeg\" \/>\n<meta name=\"author\" content=\"Kalle Kinnunen\" \/>\n<meta name=\"twitter:card\" content=\"summary_large_image\" \/>\n<meta name=\"twitter:creator\" content=\"@https:\/\/twitter.com\/kallekinnunen\" \/>\n<meta name=\"twitter:label1\" content=\"Written by\" \/>\n\t<meta name=\"twitter:data1\" content=\"Kalle Kinnunen\" \/>\n\t<meta name=\"twitter:label2\" content=\"Est. reading time\" \/>\n\t<meta name=\"twitter:data2\" content=\"2 minuuttia\" \/>\n<script type=\"application\/ld+json\" class=\"yoast-schema-graph\">{\"@context\":\"https:\/\/schema.org\",\"@graph\":[{\"@type\":\"WebPage\",\"@id\":\"https:\/\/suomenkuvalehti.fi\/kuvien-takaa\/surrealistinen-ja-palvottu-holy-motors-omaan-napaan-tuijottelua-ranskalaisittain\/\",\"url\":\"https:\/\/suomenkuvalehti.fi\/kuvien-takaa\/surrealistinen-ja-palvottu-holy-motors-omaan-napaan-tuijottelua-ranskalaisittain\/\",\"name\":\"Surrealistinen ja palvottu Holy Motors: omaan napaan tuijottelua ranskalaisittain - Kuvien takaa\",\"isPartOf\":{\"@id\":\"https:\/\/suomenkuvalehti.fi\/kuvien-takaa\/#website\"},\"datePublished\":\"2013-04-02T12:59:00+00:00\",\"dateModified\":\"2013-11-30T14:24:21+00:00\",\"author\":{\"@id\":\"https:\/\/suomenkuvalehti.fi\/kuvien-takaa\/#\/schema\/person\/f3f657e4ad409e008f12af27bec60a23\"},\"breadcrumb\":{\"@id\":\"https:\/\/suomenkuvalehti.fi\/kuvien-takaa\/surrealistinen-ja-palvottu-holy-motors-omaan-napaan-tuijottelua-ranskalaisittain\/#breadcrumb\"},\"inLanguage\":\"fi\",\"potentialAction\":[{\"@type\":\"ReadAction\",\"target\":[\"https:\/\/suomenkuvalehti.fi\/kuvien-takaa\/surrealistinen-ja-palvottu-holy-motors-omaan-napaan-tuijottelua-ranskalaisittain\/\"]}]},{\"@type\":\"BreadcrumbList\",\"@id\":\"https:\/\/suomenkuvalehti.fi\/kuvien-takaa\/surrealistinen-ja-palvottu-holy-motors-omaan-napaan-tuijottelua-ranskalaisittain\/#breadcrumb\",\"itemListElement\":[{\"@type\":\"ListItem\",\"position\":1,\"name\":\"Home\",\"item\":\"https:\/\/suomenkuvalehti.fi\/kuvien-takaa\/\"},{\"@type\":\"ListItem\",\"position\":2,\"name\":\"Surrealistinen ja palvottu Holy Motors: omaan napaan tuijottelua ranskalaisittain\"}]},{\"@type\":\"WebSite\",\"@id\":\"https:\/\/suomenkuvalehti.fi\/kuvien-takaa\/#website\",\"url\":\"https:\/\/suomenkuvalehti.fi\/kuvien-takaa\/\",\"name\":\"Kuvien takaa\",\"description\":\"Elokuvakriitikko Kalle Kinnusen elokuvablogi.\",\"potentialAction\":[{\"@type\":\"SearchAction\",\"target\":{\"@type\":\"EntryPoint\",\"urlTemplate\":\"https:\/\/suomenkuvalehti.fi\/haku\/?q={search_term_string}\"},\"query-input\":{\"@type\":\"PropertyValueSpecification\",\"valueRequired\":true,\"valueName\":\"search_term_string\"}}],\"inLanguage\":\"fi\"},{\"@type\":\"Person\",\"@id\":\"https:\/\/suomenkuvalehti.fi\/kuvien-takaa\/#\/schema\/person\/f3f657e4ad409e008f12af27bec60a23\",\"name\":\"Kalle Kinnunen\",\"image\":{\"@type\":\"ImageObject\",\"inLanguage\":\"fi\",\"@id\":\"https:\/\/suomenkuvalehti.fi\/kuvien-takaa\/#\/schema\/person\/image\/\",\"url\":\"https:\/\/suomenkuvalehti.fi\/kuvien-takaa\/wp-content\/uploads\/sites\/11\/2022\/04\/kalle_kinnunen_blogi-1-150x150.jpg\",\"contentUrl\":\"https:\/\/suomenkuvalehti.fi\/kuvien-takaa\/wp-content\/uploads\/sites\/11\/2022\/04\/kalle_kinnunen_blogi-1-150x150.jpg\",\"caption\":\"Kalle Kinnunen\"},\"description\":\"Kalle Kinnunen on vapaa toimittaja ja Suomen Kuvalehden avustaja.\",\"sameAs\":[\"https:\/\/www.facebook.com\/pages\/Kalle-Kinnunen-Kuvien-takaa\/190326157715410?fref=ts\",\"https:\/\/x.com\/https:\/\/twitter.com\/kallekinnunen\"]}]}<\/script>\n<!-- \/ Yoast SEO plugin. -->","yoast_head_json":{"title":"Surrealistinen ja palvottu Holy Motors: omaan napaan tuijottelua ranskalaisittain - Kuvien takaa","robots":{"index":"index","follow":"follow","max-snippet":"max-snippet:-1","max-image-preview":"max-image-preview:large","max-video-preview":"max-video-preview:-1"},"canonical":"https:\/\/suomenkuvalehti.fi\/kuvien-takaa\/surrealistinen-ja-palvottu-holy-motors-omaan-napaan-tuijottelua-ranskalaisittain\/","og_locale":"fi_FI","og_type":"article","og_title":"Surrealistinen ja palvottu Holy Motors: omaan napaan tuijottelua ranskalaisittain - Kuvien takaa","og_description":"Elokuva-arkiston kuukauden elokuvana esitet\u00e4\u00e4n Holy Motors. On hienoa, ett\u00e4 se n\u00e4hd\u00e4\u00e4n taas Suomessa. Edelliset ja t\u00e4h\u00e4n menness\u00e4 ainoat esitykset olivat Rakkautta &amp; Anarkiaa -festivaalilla. Varsinaista teatterilevityst\u00e4 ei t\u00e4lle Leos Caraxin (P&hellip;","og_url":"https:\/\/suomenkuvalehti.fi\/kuvien-takaa\/surrealistinen-ja-palvottu-holy-motors-omaan-napaan-tuijottelua-ranskalaisittain\/","og_site_name":"Kuvien takaa","article_author":"https:\/\/www.facebook.com\/pages\/Kalle-Kinnunen-Kuvien-takaa\/190326157715410?fref=ts","article_published_time":"2013-04-02T12:59:00+00:00","article_modified_time":"2013-11-30T14:24:21+00:00","og_image":[{"width":2560,"height":1707,"url":"https:\/\/suomenkuvalehti.fi\/kuvien-takaa\/wp-content\/uploads\/sites\/11\/2022\/04\/kalle_kinnunen_blogi-1-scaled.jpg","type":"image\/jpeg"}],"author":"Kalle Kinnunen","twitter_card":"summary_large_image","twitter_creator":"@https:\/\/twitter.com\/kallekinnunen","twitter_misc":{"Written by":"Kalle Kinnunen","Est. reading time":"2 minuuttia"},"schema":{"@context":"https:\/\/schema.org","@graph":[{"@type":"WebPage","@id":"https:\/\/suomenkuvalehti.fi\/kuvien-takaa\/surrealistinen-ja-palvottu-holy-motors-omaan-napaan-tuijottelua-ranskalaisittain\/","url":"https:\/\/suomenkuvalehti.fi\/kuvien-takaa\/surrealistinen-ja-palvottu-holy-motors-omaan-napaan-tuijottelua-ranskalaisittain\/","name":"Surrealistinen ja palvottu Holy Motors: omaan napaan tuijottelua ranskalaisittain - Kuvien takaa","isPartOf":{"@id":"https:\/\/suomenkuvalehti.fi\/kuvien-takaa\/#website"},"datePublished":"2013-04-02T12:59:00+00:00","dateModified":"2013-11-30T14:24:21+00:00","author":{"@id":"https:\/\/suomenkuvalehti.fi\/kuvien-takaa\/#\/schema\/person\/f3f657e4ad409e008f12af27bec60a23"},"breadcrumb":{"@id":"https:\/\/suomenkuvalehti.fi\/kuvien-takaa\/surrealistinen-ja-palvottu-holy-motors-omaan-napaan-tuijottelua-ranskalaisittain\/#breadcrumb"},"inLanguage":"fi","potentialAction":[{"@type":"ReadAction","target":["https:\/\/suomenkuvalehti.fi\/kuvien-takaa\/surrealistinen-ja-palvottu-holy-motors-omaan-napaan-tuijottelua-ranskalaisittain\/"]}]},{"@type":"BreadcrumbList","@id":"https:\/\/suomenkuvalehti.fi\/kuvien-takaa\/surrealistinen-ja-palvottu-holy-motors-omaan-napaan-tuijottelua-ranskalaisittain\/#breadcrumb","itemListElement":[{"@type":"ListItem","position":1,"name":"Home","item":"https:\/\/suomenkuvalehti.fi\/kuvien-takaa\/"},{"@type":"ListItem","position":2,"name":"Surrealistinen ja palvottu Holy Motors: omaan napaan tuijottelua ranskalaisittain"}]},{"@type":"WebSite","@id":"https:\/\/suomenkuvalehti.fi\/kuvien-takaa\/#website","url":"https:\/\/suomenkuvalehti.fi\/kuvien-takaa\/","name":"Kuvien takaa","description":"Elokuvakriitikko Kalle Kinnusen elokuvablogi.","potentialAction":[{"@type":"SearchAction","target":{"@type":"EntryPoint","urlTemplate":"https:\/\/suomenkuvalehti.fi\/haku\/?q={search_term_string}"},"query-input":{"@type":"PropertyValueSpecification","valueRequired":true,"valueName":"search_term_string"}}],"inLanguage":"fi"},{"@type":"Person","@id":"https:\/\/suomenkuvalehti.fi\/kuvien-takaa\/#\/schema\/person\/f3f657e4ad409e008f12af27bec60a23","name":"Kalle Kinnunen","image":{"@type":"ImageObject","inLanguage":"fi","@id":"https:\/\/suomenkuvalehti.fi\/kuvien-takaa\/#\/schema\/person\/image\/","url":"https:\/\/suomenkuvalehti.fi\/kuvien-takaa\/wp-content\/uploads\/sites\/11\/2022\/04\/kalle_kinnunen_blogi-1-150x150.jpg","contentUrl":"https:\/\/suomenkuvalehti.fi\/kuvien-takaa\/wp-content\/uploads\/sites\/11\/2022\/04\/kalle_kinnunen_blogi-1-150x150.jpg","caption":"Kalle Kinnunen"},"description":"Kalle Kinnunen on vapaa toimittaja ja Suomen Kuvalehden avustaja.","sameAs":["https:\/\/www.facebook.com\/pages\/Kalle-Kinnunen-Kuvien-takaa\/190326157715410?fref=ts","https:\/\/x.com\/https:\/\/twitter.com\/kallekinnunen"]}]}},"_links":{"self":[{"href":"https:\/\/suomenkuvalehti.fi\/kuvien-takaa\/wp-json\/wp\/v2\/posts\/91","targetHints":{"allow":["GET"]}}],"collection":[{"href":"https:\/\/suomenkuvalehti.fi\/kuvien-takaa\/wp-json\/wp\/v2\/posts"}],"about":[{"href":"https:\/\/suomenkuvalehti.fi\/kuvien-takaa\/wp-json\/wp\/v2\/types\/post"}],"author":[{"embeddable":true,"href":"https:\/\/suomenkuvalehti.fi\/kuvien-takaa\/wp-json\/wp\/v2\/users\/144"}],"replies":[{"embeddable":true,"href":"https:\/\/suomenkuvalehti.fi\/kuvien-takaa\/wp-json\/wp\/v2\/comments?post=91"}],"version-history":[{"count":2,"href":"https:\/\/suomenkuvalehti.fi\/kuvien-takaa\/wp-json\/wp\/v2\/posts\/91\/revisions"}],"predecessor-version":[{"id":305,"href":"https:\/\/suomenkuvalehti.fi\/kuvien-takaa\/wp-json\/wp\/v2\/posts\/91\/revisions\/305"}],"wp:attachment":[{"href":"https:\/\/suomenkuvalehti.fi\/kuvien-takaa\/wp-json\/wp\/v2\/media?parent=91"}],"wp:term":[{"taxonomy":"category","embeddable":true,"href":"https:\/\/suomenkuvalehti.fi\/kuvien-takaa\/wp-json\/wp\/v2\/categories?post=91"},{"taxonomy":"post_tag","embeddable":true,"href":"https:\/\/suomenkuvalehti.fi\/kuvien-takaa\/wp-json\/wp\/v2\/tags?post=91"}],"curies":[{"name":"wp","href":"https:\/\/api.w.org\/{rel}","templated":true}]}}