{"id":891,"date":"2010-02-25T09:01:06","date_gmt":"2010-02-25T07:01:06","guid":{"rendered":"https:\/\/suomenkuvalehti.fi\/kuvientakaa\/2010\/02\/25\/vie-heroique-serge-gainsbourg-sai-arvoisensa-elokuvan\/"},"modified":"2013-11-29T15:25:42","modified_gmt":"2013-11-29T13:25:42","slug":"vie-heroique-serge-gainsbourg-sai-arvoisensa-elokuvan","status":"publish","type":"post","link":"https:\/\/suomenkuvalehti.fi\/kuvien-takaa\/vie-heroique-serge-gainsbourg-sai-arvoisensa-elokuvan\/","title":{"rendered":"Vie h\u00e9ro\u00efque: Serge Gainsbourg sai arvoisensa elokuvan"},"content":{"rendered":"\n<p>Yksi eniten odottamistani elokuvista oli pitk\u00e4\u00e4n <em>Serge Gainsbourg &#8211; vie heroique<\/em>. Muusikkoel\u00e4m\u00e4kerta tuli tammikuun lopussa ensi-iltaan Ranskassa, ja on menestynyt odotetusti, siis loistavasti.<\/p>\n\n\n\n\n<p><a href=\"http:\/\/fi.wikipedia.org\/wiki\/Serge_Gainsbourg\">Gainsbourg<\/a> on Ranskassa er\u00e4\u00e4nlainen kansallissankari, runoilija ja muusikko, jonka tuotannosta meill\u00e4 tunnetaan oikeastaan vain <strong>Jane Birkinin<\/strong> kanssa esitetty ylti\u00f6eroottinen duetto <em>Je t&#8217;aime (moi non plus)<\/em>.<\/p>\n\n\n\n<p>Jotain Gainsbourgin merkityksest\u00e4 kertoo se, ett\u00e4 <em>Vie heroique<\/em> l\u00e4hti kotimaassaan levitykseen reilulla 500 kopiolla ja kilpaili katsojak\u00e4rkisijoista <em>Avatarin<\/em> kanssa.<\/p>\n\n\n\n<p>N\u00e4in <a href=\"http:\/\/akas.imdb.com\/title\/tt1329457\/\">elokuvan<\/a> (jonka englanninkielinen levitysnimi oli ainakin tuon kopion alkutekstien mukaan <em>Serge Gainsbourg &#8211; Je t&#8217;aime moi non plus<\/em>) tammikuun lopulla Pariisissa. Nautin. Ja siit\u00e4 piti my\u00f6s n\u00e4yt\u00f6ksess\u00e4 ollut suomalaiskollegani, joka ei Gainsbourgista aiemmin juuri mit\u00e4\u00e4n tiennyt, joten ei se ole pelkk\u00e4\u00e4 fanikamaa.<\/p>\n\n\n\n<p><a href=\"https:\/\/suomenkuvalehti.fi\/kuvientakaa\/2009\/07\/22\/serge-gainsbourg-elokuva-ja-taiteilijaelamakerrat\/\">Kuten toivoin<\/a>, sarjakuvataiteilijana tunnettu ja ohjaajana debytoiva <strong>Joann Sfar<\/strong> ei sievistele.<\/p>\n\n\n\n<p>Elokuva loppuu 1980-luvun puoliv\u00e4liin, jolloin alkoholisoitunut ja jo toivottomaan tilaan vajonnut Gainsbourg n\u00e4ytt\u00e4\u00e4 varsin rupsahtaneelta. Tosiel\u00e4m\u00e4ss\u00e4h\u00e4n h\u00e4n kuoli viinaan 1992.<\/p>\n\n\n\n<p>Tarina on t\u00e4ynn\u00e4 taiteilijan el\u00e4m\u00e4n tositapahtumia, joista on kasvanut legendoja. <a href=\"https:\/\/www.youtube.com\/watch?v=F9ztun0XHKw\"><strong>Whitney Houston<\/strong>-skandaalia<\/a> siin\u00e4 ei ole, mutta niin <em>Marseljeesin<\/em> reggae-version aiheuttama kohu kuin koomiset kohtaamiset poliisien kanssa ja Je t&#8217;aimen syntyhistoria on dramatisoitu j\u00e4nnitt\u00e4v\u00e4sti tai hauskasti.<\/p>\n\n\n\n<p>Serge-asiantuntijat voivat hyv\u00e4ksyen ny\u00f6kytell\u00e4 pienemmillekin yksityiskohdille, kuten <a href=\"http:\/\/www.serge-gainsbourg-legende.com\/5bis_verneuil.html\">Rue de Verneuilin asunnon<\/a> sisustusratkaisuille.<\/p>\n\n\n\n<p>Seksi\u00e4 on paljon, mutta silti v\u00e4hemm\u00e4n kuin mihin olisi ollut mahdollisuudet. <strong>Laetitia Casta<\/strong> esitt\u00e4\u00e4 \u00e4llistytt\u00e4v\u00e4n aidonn\u00e4k\u00f6ist\u00e4 <strong>Brigitte Bardotia<\/strong> ja brittin\u00e4yttelij\u00e4 <strong>Lucy Gordon<\/strong> on hyv\u00e4 Birkin. (T\u00e4h\u00e4n littyy surullinen tarina: hyv\u00e4ss\u00e4 nousujohteessa urallaan ollut <a href=\"http:\/\/www.dailymail.co.uk\/tvshowbiz\/article-1185450\/Spider-Man-actress-Lucy-Gordon-left-suicide-notes-hanging-Paris-flat.html\">Gordon teki itsemurhan<\/a> ennen elokuvan ensi-iltaa.)<\/p>\n\n\n\n<p>Mainitsin tuossa monta ulkoista aitousfiilis-yksityiskohtaa, mutta t\u00e4rkeint\u00e4 onnistumisen kannalta oli Sfarin oma n\u00e4kemys.<\/p>\n\n\n\n<p>Elokuva on kaukana mink\u00e4\u00e4n sortin realismista ja hyv\u00e4 niin.<\/p>\n\n\n\n<p>Gainsbourgin kiusaajana h\u00e4nt\u00e4 seuraa el\u00e4m\u00e4n l\u00e4pi mielikuvitusolento, vampyyrimainen koukkunokka &#8211; h\u00e4nen oma rumuutensa, joka on saanut (ainakin elokuvakameralle) fyysisen olomuodon. Hahmo ei ole &#8221;totta&#8221;, eik\u00e4 p\u00e4\u00e4henkil\u00f6k\u00e4\u00e4n keskustele h\u00e4nen kanssaan niin, ett\u00e4 pit\u00e4isi olentoa konkreettisena. Vainoajaa esitt\u00e4\u00e4 <strong>Doug Jones<\/strong> jonkinlaisen vanhanaikaisen vahanaamion ja tietokone-efektien yhdistelm\u00e4n takana.<\/p>\n\n\n\n<p>Syntyy monitasoinen kuva vinksahtaneen itsetunnon riivaamasta miehest\u00e4, jolle menestys tuo l\u00e4hinn\u00e4 mahdollisuuden \u00e4rsytt\u00e4\u00e4 yh\u00e4 laajempia piirej\u00e4 (ja hurmata kaunottaria).<\/p>\n\n\n\n<p>Monet Gainsbourgista pit\u00e4v\u00e4t tuttuni ovat jo tivanneet, tullaanko Vie heroique n\u00e4kem\u00e4\u00e4n levityksess\u00e4 Suomessa?<\/p>\n\n\n\n<p>Toivoa on &#8211; elokuvan Suomen oikeudet omistava FS Film on antanut sille alustavan ensi-iltap\u00e4iv\u00e4n syksyll\u00e4. Voiko se todella pit\u00e4\u00e4 paikkansa?<\/p>\n\n\n\n<p>Toki meill\u00e4 n\u00e4htiin toinen ranskalainen muusikkoel\u00e4m\u00e4kerta, <strong>Edith Piafista<\/strong> kertova <em>La vie en rose<\/em>. Se oli t\u00f6nkk\u00f6 ja uuvuttava vollottajamuotokuva, mutta ulkoisesti kai sit\u00e4 mit\u00e4 ihmiset halusivat &#8211; menestys vei <strong>Marion Cotillardin<\/strong> Oscar-voittajaksi asti, eik\u00e4 siin\u00e4 ole mit\u00e4\u00e4n kritisoitavaa. Cotillard teki ihan p\u00e4tev\u00e4\u00e4 ty\u00f6t\u00e4. Jos vertaamiseen l\u00e4hdet\u00e4\u00e4n, niin Gainsbourgia esitt\u00e4v\u00e4 tuntematon <a href=\"https:\/\/www.youtube.com\/watch?v=Uh4zCdBHwkw\"><strong>Eric Elmosnino<\/strong><\/a> on mielest\u00e4ni aivan yht\u00e4 vakuuttava.<\/p>\n\n\n\n<p>Piaf on laajalti tuttu nimi, jonka tulkitsemana kuuluisa <em>Je ne regrette rien<\/em> oli meill\u00e4kin jonkun mink\u00e4lie patonkimainoksen taustabiisi telkkarissa jo parikymment\u00e4 vuotta sitten. Mutta Gainsbourgillakin on laaja ihailijapiiri, jonka omistuneisuutta ei kannata v\u00e4heksy\u00e4.<\/p>\n\n\n\n<p>Sfarin elokuva on n\u00e4ist\u00e4 kahdesta se huomattavasti palkitsevampi ja miksei my\u00f6s viihdytt\u00e4v\u00e4mpi, samoin kuin Gainsbourgin alati uusia suuntia kokeilut musiikki on omalaatuista, itsevarmaa ja yh\u00e4 nerokkaan modernia verrattuna julkisessa traagisuudessaan kliseeksi latistuneeksi Piafiin. Toivottavasti Vie heroique saadaan Suomessa tosiaankin elokuvateattereihin. Itse haluaisin n\u00e4hd\u00e4 sen uudelleen heti.<\/p>\n\n\n","protected":false},"excerpt":{"rendered":"<p>Yksi eniten odottamistani elokuvista oli pitk\u00e4\u00e4n Serge Gainsbourg &#8211; vie heroique. Muusikkoel\u00e4m\u00e4kerta tuli tammikuun lopussa ensi-iltaan Ranskassa, ja on menestynyt odotetusti, siis loistavasti. Gainsbourg on Ranskassa er\u00e4\u00e4nlainen kansallissankari, runoilija ja<br \/>\nmuusi&hellip;<\/p>\n","protected":false},"author":144,"featured_media":0,"comment_status":"open","ping_status":"open","sticky":false,"template":"","format":"standard","meta":{"_acf_changed":false,"asauth_required_access_level":0,"asauth_cansharepaid":"","om_header_attributes":[],"footnotes":"","om_featured_image_focal_point":[],"om_primary_tag":0,"om_contributors":[],"om_co_authors":[],"beyondwords_generate_audio":"","beyondwords_project_id":"","beyondwords_content_id":"","beyondwords_preview_token":"","beyondwords_player_content":"","beyondwords_player_style":"","beyondwords_language_code":"","beyondwords_language_id":"","beyondwords_title_voice_id":"","beyondwords_body_voice_id":"","beyondwords_summary_voice_id":"","beyondwords_error_message":"","beyondwords_disabled":"","beyondwords_delete_content":"","beyondwords_podcast_id":"","beyondwords_hash":"","publish_post_to_speechkit":"","speechkit_hash":"","speechkit_generate_audio":"","speechkit_project_id":"","speechkit_podcast_id":"","speechkit_error_message":"","speechkit_disabled":"","speechkit_access_key":"","speechkit_error":"","speechkit_info":"","speechkit_response":"","speechkit_retries":"","speechkit_status":"","speechkit_updated_at":"","_speechkit_link":"","_speechkit_text":""},"categories":[1],"tags":[142,1300,1428,1298,1299],"class_list":["post-891","post","type-post","status-publish","format-standard","hentry","category-kuvien-takaa","tag-elamakertaelokuvat","tag-jane-birkin","tag-joann-sfar","tag-serge-gainsbourg","tag-serge-gainsbourg-vie-heroique"],"om_views":null,"acf":{"tuuma_off":false,"tuuma_kysymys":"","tuuma_vastaus":""},"asauth":{"required_access_level":1,"share_token":"","is_paid":false},"yoast_head":"<!-- This site is optimized with the Yoast SEO plugin v26.4 - https:\/\/yoast.com\/wordpress\/plugins\/seo\/ -->\n<title>Vie h\u00e9ro\u00efque: Serge Gainsbourg sai arvoisensa elokuvan - Kuvien takaa<\/title>\n<meta name=\"robots\" content=\"index, follow, max-snippet:-1, max-image-preview:large, max-video-preview:-1\" \/>\n<link rel=\"canonical\" href=\"https:\/\/suomenkuvalehti.fi\/kuvien-takaa\/vie-heroique-serge-gainsbourg-sai-arvoisensa-elokuvan\/\" \/>\n<meta property=\"og:locale\" content=\"fi_FI\" \/>\n<meta property=\"og:type\" content=\"article\" \/>\n<meta property=\"og:title\" content=\"Vie h\u00e9ro\u00efque: Serge Gainsbourg sai arvoisensa elokuvan - Kuvien takaa\" \/>\n<meta property=\"og:description\" content=\"Yksi eniten odottamistani elokuvista oli pitk\u00e4\u00e4n Serge Gainsbourg &#8211; vie heroique. Muusikkoel\u00e4m\u00e4kerta tuli tammikuun lopussa ensi-iltaan Ranskassa, ja on menestynyt odotetusti, siis loistavasti. Gainsbourg on Ranskassa er\u00e4\u00e4nlainen kansallissankari, runoilija ja muusi&hellip;\" \/>\n<meta property=\"og:url\" content=\"https:\/\/suomenkuvalehti.fi\/kuvien-takaa\/vie-heroique-serge-gainsbourg-sai-arvoisensa-elokuvan\/\" \/>\n<meta property=\"og:site_name\" content=\"Kuvien takaa\" \/>\n<meta property=\"article:author\" content=\"https:\/\/www.facebook.com\/pages\/Kalle-Kinnunen-Kuvien-takaa\/190326157715410?fref=ts\" \/>\n<meta property=\"article:published_time\" content=\"2010-02-25T07:01:06+00:00\" \/>\n<meta property=\"article:modified_time\" content=\"2013-11-29T13:25:42+00:00\" \/>\n<meta property=\"og:image\" content=\"https:\/\/suomenkuvalehti.fi\/kuvien-takaa\/wp-content\/uploads\/sites\/11\/2022\/04\/kalle_kinnunen_blogi-1-scaled.jpg\" \/>\n\t<meta property=\"og:image:width\" content=\"2560\" \/>\n\t<meta property=\"og:image:height\" content=\"1707\" \/>\n\t<meta property=\"og:image:type\" content=\"image\/jpeg\" \/>\n<meta name=\"author\" content=\"Kalle Kinnunen\" \/>\n<meta name=\"twitter:card\" content=\"summary_large_image\" \/>\n<meta name=\"twitter:creator\" content=\"@https:\/\/twitter.com\/kallekinnunen\" \/>\n<meta name=\"twitter:label1\" content=\"Written by\" \/>\n\t<meta name=\"twitter:data1\" content=\"Kalle Kinnunen\" \/>\n\t<meta name=\"twitter:label2\" content=\"Est. reading time\" \/>\n\t<meta name=\"twitter:data2\" content=\"3 minuuttia\" \/>\n<script type=\"application\/ld+json\" class=\"yoast-schema-graph\">{\"@context\":\"https:\/\/schema.org\",\"@graph\":[{\"@type\":\"WebPage\",\"@id\":\"https:\/\/suomenkuvalehti.fi\/kuvien-takaa\/vie-heroique-serge-gainsbourg-sai-arvoisensa-elokuvan\/\",\"url\":\"https:\/\/suomenkuvalehti.fi\/kuvien-takaa\/vie-heroique-serge-gainsbourg-sai-arvoisensa-elokuvan\/\",\"name\":\"Vie h\u00e9ro\u00efque: Serge Gainsbourg sai arvoisensa elokuvan - Kuvien takaa\",\"isPartOf\":{\"@id\":\"https:\/\/suomenkuvalehti.fi\/kuvien-takaa\/#website\"},\"datePublished\":\"2010-02-25T07:01:06+00:00\",\"dateModified\":\"2013-11-29T13:25:42+00:00\",\"author\":{\"@id\":\"https:\/\/suomenkuvalehti.fi\/kuvien-takaa\/#\/schema\/person\/f3f657e4ad409e008f12af27bec60a23\"},\"breadcrumb\":{\"@id\":\"https:\/\/suomenkuvalehti.fi\/kuvien-takaa\/vie-heroique-serge-gainsbourg-sai-arvoisensa-elokuvan\/#breadcrumb\"},\"inLanguage\":\"fi\",\"potentialAction\":[{\"@type\":\"ReadAction\",\"target\":[\"https:\/\/suomenkuvalehti.fi\/kuvien-takaa\/vie-heroique-serge-gainsbourg-sai-arvoisensa-elokuvan\/\"]}]},{\"@type\":\"BreadcrumbList\",\"@id\":\"https:\/\/suomenkuvalehti.fi\/kuvien-takaa\/vie-heroique-serge-gainsbourg-sai-arvoisensa-elokuvan\/#breadcrumb\",\"itemListElement\":[{\"@type\":\"ListItem\",\"position\":1,\"name\":\"Home\",\"item\":\"https:\/\/suomenkuvalehti.fi\/kuvien-takaa\/\"},{\"@type\":\"ListItem\",\"position\":2,\"name\":\"Vie h\u00e9ro\u00efque: Serge Gainsbourg sai arvoisensa elokuvan\"}]},{\"@type\":\"WebSite\",\"@id\":\"https:\/\/suomenkuvalehti.fi\/kuvien-takaa\/#website\",\"url\":\"https:\/\/suomenkuvalehti.fi\/kuvien-takaa\/\",\"name\":\"Kuvien takaa\",\"description\":\"Elokuvakriitikko Kalle Kinnusen elokuvablogi.\",\"potentialAction\":[{\"@type\":\"SearchAction\",\"target\":{\"@type\":\"EntryPoint\",\"urlTemplate\":\"https:\/\/suomenkuvalehti.fi\/haku\/?q={search_term_string}\"},\"query-input\":{\"@type\":\"PropertyValueSpecification\",\"valueRequired\":true,\"valueName\":\"search_term_string\"}}],\"inLanguage\":\"fi\"},{\"@type\":\"Person\",\"@id\":\"https:\/\/suomenkuvalehti.fi\/kuvien-takaa\/#\/schema\/person\/f3f657e4ad409e008f12af27bec60a23\",\"name\":\"Kalle Kinnunen\",\"image\":{\"@type\":\"ImageObject\",\"inLanguage\":\"fi\",\"@id\":\"https:\/\/suomenkuvalehti.fi\/kuvien-takaa\/#\/schema\/person\/image\/\",\"url\":\"https:\/\/suomenkuvalehti.fi\/kuvien-takaa\/wp-content\/uploads\/sites\/11\/2022\/04\/kalle_kinnunen_blogi-1-150x150.jpg\",\"contentUrl\":\"https:\/\/suomenkuvalehti.fi\/kuvien-takaa\/wp-content\/uploads\/sites\/11\/2022\/04\/kalle_kinnunen_blogi-1-150x150.jpg\",\"caption\":\"Kalle Kinnunen\"},\"description\":\"Kalle Kinnunen on vapaa toimittaja ja Suomen Kuvalehden avustaja.\",\"sameAs\":[\"https:\/\/www.facebook.com\/pages\/Kalle-Kinnunen-Kuvien-takaa\/190326157715410?fref=ts\",\"https:\/\/x.com\/https:\/\/twitter.com\/kallekinnunen\"]}]}<\/script>\n<!-- \/ Yoast SEO plugin. -->","yoast_head_json":{"title":"Vie h\u00e9ro\u00efque: Serge Gainsbourg sai arvoisensa elokuvan - Kuvien takaa","robots":{"index":"index","follow":"follow","max-snippet":"max-snippet:-1","max-image-preview":"max-image-preview:large","max-video-preview":"max-video-preview:-1"},"canonical":"https:\/\/suomenkuvalehti.fi\/kuvien-takaa\/vie-heroique-serge-gainsbourg-sai-arvoisensa-elokuvan\/","og_locale":"fi_FI","og_type":"article","og_title":"Vie h\u00e9ro\u00efque: Serge Gainsbourg sai arvoisensa elokuvan - Kuvien takaa","og_description":"Yksi eniten odottamistani elokuvista oli pitk\u00e4\u00e4n Serge Gainsbourg &#8211; vie heroique. Muusikkoel\u00e4m\u00e4kerta tuli tammikuun lopussa ensi-iltaan Ranskassa, ja on menestynyt odotetusti, siis loistavasti. Gainsbourg on Ranskassa er\u00e4\u00e4nlainen kansallissankari, runoilija ja muusi&hellip;","og_url":"https:\/\/suomenkuvalehti.fi\/kuvien-takaa\/vie-heroique-serge-gainsbourg-sai-arvoisensa-elokuvan\/","og_site_name":"Kuvien takaa","article_author":"https:\/\/www.facebook.com\/pages\/Kalle-Kinnunen-Kuvien-takaa\/190326157715410?fref=ts","article_published_time":"2010-02-25T07:01:06+00:00","article_modified_time":"2013-11-29T13:25:42+00:00","og_image":[{"width":2560,"height":1707,"url":"https:\/\/suomenkuvalehti.fi\/kuvien-takaa\/wp-content\/uploads\/sites\/11\/2022\/04\/kalle_kinnunen_blogi-1-scaled.jpg","type":"image\/jpeg"}],"author":"Kalle Kinnunen","twitter_card":"summary_large_image","twitter_creator":"@https:\/\/twitter.com\/kallekinnunen","twitter_misc":{"Written by":"Kalle Kinnunen","Est. reading time":"3 minuuttia"},"schema":{"@context":"https:\/\/schema.org","@graph":[{"@type":"WebPage","@id":"https:\/\/suomenkuvalehti.fi\/kuvien-takaa\/vie-heroique-serge-gainsbourg-sai-arvoisensa-elokuvan\/","url":"https:\/\/suomenkuvalehti.fi\/kuvien-takaa\/vie-heroique-serge-gainsbourg-sai-arvoisensa-elokuvan\/","name":"Vie h\u00e9ro\u00efque: Serge Gainsbourg sai arvoisensa elokuvan - Kuvien takaa","isPartOf":{"@id":"https:\/\/suomenkuvalehti.fi\/kuvien-takaa\/#website"},"datePublished":"2010-02-25T07:01:06+00:00","dateModified":"2013-11-29T13:25:42+00:00","author":{"@id":"https:\/\/suomenkuvalehti.fi\/kuvien-takaa\/#\/schema\/person\/f3f657e4ad409e008f12af27bec60a23"},"breadcrumb":{"@id":"https:\/\/suomenkuvalehti.fi\/kuvien-takaa\/vie-heroique-serge-gainsbourg-sai-arvoisensa-elokuvan\/#breadcrumb"},"inLanguage":"fi","potentialAction":[{"@type":"ReadAction","target":["https:\/\/suomenkuvalehti.fi\/kuvien-takaa\/vie-heroique-serge-gainsbourg-sai-arvoisensa-elokuvan\/"]}]},{"@type":"BreadcrumbList","@id":"https:\/\/suomenkuvalehti.fi\/kuvien-takaa\/vie-heroique-serge-gainsbourg-sai-arvoisensa-elokuvan\/#breadcrumb","itemListElement":[{"@type":"ListItem","position":1,"name":"Home","item":"https:\/\/suomenkuvalehti.fi\/kuvien-takaa\/"},{"@type":"ListItem","position":2,"name":"Vie h\u00e9ro\u00efque: Serge Gainsbourg sai arvoisensa elokuvan"}]},{"@type":"WebSite","@id":"https:\/\/suomenkuvalehti.fi\/kuvien-takaa\/#website","url":"https:\/\/suomenkuvalehti.fi\/kuvien-takaa\/","name":"Kuvien takaa","description":"Elokuvakriitikko Kalle Kinnusen elokuvablogi.","potentialAction":[{"@type":"SearchAction","target":{"@type":"EntryPoint","urlTemplate":"https:\/\/suomenkuvalehti.fi\/haku\/?q={search_term_string}"},"query-input":{"@type":"PropertyValueSpecification","valueRequired":true,"valueName":"search_term_string"}}],"inLanguage":"fi"},{"@type":"Person","@id":"https:\/\/suomenkuvalehti.fi\/kuvien-takaa\/#\/schema\/person\/f3f657e4ad409e008f12af27bec60a23","name":"Kalle Kinnunen","image":{"@type":"ImageObject","inLanguage":"fi","@id":"https:\/\/suomenkuvalehti.fi\/kuvien-takaa\/#\/schema\/person\/image\/","url":"https:\/\/suomenkuvalehti.fi\/kuvien-takaa\/wp-content\/uploads\/sites\/11\/2022\/04\/kalle_kinnunen_blogi-1-150x150.jpg","contentUrl":"https:\/\/suomenkuvalehti.fi\/kuvien-takaa\/wp-content\/uploads\/sites\/11\/2022\/04\/kalle_kinnunen_blogi-1-150x150.jpg","caption":"Kalle Kinnunen"},"description":"Kalle Kinnunen on vapaa toimittaja ja Suomen Kuvalehden avustaja.","sameAs":["https:\/\/www.facebook.com\/pages\/Kalle-Kinnunen-Kuvien-takaa\/190326157715410?fref=ts","https:\/\/x.com\/https:\/\/twitter.com\/kallekinnunen"]}]}},"_links":{"self":[{"href":"https:\/\/suomenkuvalehti.fi\/kuvien-takaa\/wp-json\/wp\/v2\/posts\/891","targetHints":{"allow":["GET"]}}],"collection":[{"href":"https:\/\/suomenkuvalehti.fi\/kuvien-takaa\/wp-json\/wp\/v2\/posts"}],"about":[{"href":"https:\/\/suomenkuvalehti.fi\/kuvien-takaa\/wp-json\/wp\/v2\/types\/post"}],"author":[{"embeddable":true,"href":"https:\/\/suomenkuvalehti.fi\/kuvien-takaa\/wp-json\/wp\/v2\/users\/144"}],"replies":[{"embeddable":true,"href":"https:\/\/suomenkuvalehti.fi\/kuvien-takaa\/wp-json\/wp\/v2\/comments?post=891"}],"version-history":[{"count":1,"href":"https:\/\/suomenkuvalehti.fi\/kuvien-takaa\/wp-json\/wp\/v2\/posts\/891\/revisions"}],"predecessor-version":[{"id":1477,"href":"https:\/\/suomenkuvalehti.fi\/kuvien-takaa\/wp-json\/wp\/v2\/posts\/891\/revisions\/1477"}],"wp:attachment":[{"href":"https:\/\/suomenkuvalehti.fi\/kuvien-takaa\/wp-json\/wp\/v2\/media?parent=891"}],"wp:term":[{"taxonomy":"category","embeddable":true,"href":"https:\/\/suomenkuvalehti.fi\/kuvien-takaa\/wp-json\/wp\/v2\/categories?post=891"},{"taxonomy":"post_tag","embeddable":true,"href":"https:\/\/suomenkuvalehti.fi\/kuvien-takaa\/wp-json\/wp\/v2\/tags?post=891"}],"curies":[{"name":"wp","href":"https:\/\/api.w.org\/{rel}","templated":true}]}}