{"id":890,"date":"2010-03-01T11:23:00","date_gmt":"2010-03-01T09:23:00","guid":{"rendered":"https:\/\/suomenkuvalehti.fi\/kuvientakaa\/2010\/03\/01\/tim-burtonin-liisa-harhailee-vinksahtaneessa-3d-ihmemaassa\/"},"modified":"2013-11-29T15:25:41","modified_gmt":"2013-11-29T13:25:41","slug":"tim-burtonin-liisa-harhailee-vinksahtaneessa-3d-ihmemaassa","status":"publish","type":"post","link":"https:\/\/suomenkuvalehti.fi\/kuvien-takaa\/tim-burtonin-liisa-harhailee-vinksahtaneessa-3d-ihmemaassa\/","title":{"rendered":"Tim Burtonin Liisa harhailee vinksahtaneessa 3D-ihmemaassa"},"content":{"rendered":"\n<p><strong>Tim Burtonin<\/strong> uuden elokuvan kolmiulotteisuus on tehty j\u00e4lkik\u00e4teen: n\u00e4yttelij\u00e4t kuvattiin tavanomaisella 2D-tekniikalla. Yll\u00e4tt\u00e4en se ei haittaa lainkaan.<\/p>\n\n\n\n\n<p>Kuulin <em>Liisa ihmemaassa<\/em> -elokuvan filmausprosessin yksityiskohdista vasta juuri ennen n\u00e4yt\u00f6st\u00e4. Kuulosti ep\u00e4ilytt\u00e4v\u00e4lt\u00e4, ett\u00e4 syvyysvaikutelma oli lis\u00e4tty vasta j\u00e4lkituotantovaiheessa.<\/p>\n\n\n\n<p>Elokuva alkoi, ja n\u00e4ytti silt\u00e4, ett\u00e4 homma oli juuri niin t\u00f6ker\u00f6 kuin olin ajatellut: alussa, &#8221;tosimaailmaan&#8221; sijoittuvassa johdannossa ei ole 3D-efekti\u00e4 juuri lainkaan. Oliko kolmiulotteisuudesta tullut jo sellainen <a href=\"https:\/\/suomenkuvalehti.fi\/kuvientakaa\/2010\/01\/25\/miksi-avatar-on-myrkkya-elokuvan-tulevaisuudelle\/\">ved\u00e4tys<\/a>, ett\u00e4 katsojille jaetaan lasit elokuvaan, jota voisi katsoa yht\u00e4 hyvin ilman niit\u00e4?<\/p>\n\n\n\n<p>Sitten Liisa (<strong>Mia Wasikowska<\/strong>) putosi kaninkolosta ihmemaahan, ja elokuva muuttui fantastiseksi, sanan molemmissa tarkoituksissa.<\/p>\n\n\n\n<p>N\u00e4kemist\u00e4ni puolestatusinasta uuden 3D-tekniikan pitk\u00e4st\u00e4 elokuvasta (<em>Matka maan keskipisteeseen, U2 3D, Up &#8211; kohti korkeuksia<\/em>, viimeisin <em>Ice Age, The Hole, Yona Yona Penguin, Avatar<\/em>.. olen nyt ihan varma unohtaneeni ainakin jonkun kauhuk\u00f6kk\u00f6ilyn) Liisa ihmemaassa on teknologian kannalta ihan parhaasta p\u00e4\u00e4st\u00e4.<\/p>\n\n\n\n<p>Ellei paras.<\/p>\n\n\n\n<p>Siis 3D on kiinnostavampaa kuin<a href=\"https:\/\/suomenkuvalehti.fi\/kuvientakaa\/2009\/12\/11\/james-cameronin-avatar-iso-natti-ja-vahan-tylsa\/\"> Avatarissa<\/a>, jonka ulottuvuuksia sent\u00e4\u00e4n hiottiin vuosikaudet.<\/p>\n\n\n\n<p>Miksi?<\/p>\n\n\n\n<p>3D:n tarjoamat mahdollisuudet istuvat t\u00e4ydellisesti Burtonin Liisa-visioon. Ihmemaassa mittasuhteet ovat v\u00e4\u00e4ristyneet ja ulottuvuudet heitt\u00e4v\u00e4t h\u00e4r\u00e4npylly\u00e4. Vaikka 3D tuntuu yh\u00e4 ennen kaikkea silm\u00e4nk\u00e4\u00e4nt\u00f6tempulta, se tuki Burtonin surrealistista satukuvastoa mainiosti.<\/p>\n\n\n\n<p>Vaikutelman onnistumista tukee toki my\u00f6s se, ett\u00e4 muutenkin suurin osa kuvasta on luotu j\u00e4lkituotannossa.<\/p>\n\n\n\n<p>Jahka ihmemaahan p\u00e4\u00e4st\u00e4\u00e4n (siihen menee kymmenen minuuttia alusta), on elokuva toteutettu niin, ett\u00e4 vain keskeiset n\u00e4yttelij\u00e4t ovat ihmishahmoja. Oikeastaan <em>kaikki muu<\/em> on kolmiulotteista (tietokone)animaatiota ja mielikuvituksellisen v\u00e4rik\u00e4st\u00e4 digilavastetta.<\/p>\n\n\n\n<p>Animaation kanssahan 3D on aiemminkin parhaiten toiminut.<\/p>\n\n\n\n<p>Silti Burton ja <strong>James Cameron <\/strong>ovat ajautuneet sananvaihtoon siit\u00e4, miten 3D:t\u00e4 pit\u00e4isi tehd\u00e4: <a href=\"http:\/\/www.firstshowing.net\/2008\/12\/02\/james-cameron-talks-content-driven-3d-and-avatar-trailer-details\/\">Cameronin mielest\u00e4 on v\u00e4\u00e4rin<\/a>, jos ei k\u00e4yt\u00e4 n\u00e4yttelij\u00f6iden kuvaamiseen motion capture-tekniikkaa kuten h\u00e4n Avatarissa, ja Burton on puolustautunut sanomalla, ett\u00e4 Liisa oli alusta asti suunniteltu 3D:ksi ja ehdottanut Cameronia arvioimaan lopputuloksen, ei menetelm\u00e4\u00e4.<\/p>\n\n\n\n<p>Ent\u00e4 itse elokuva? Valitettavasti puhti hiipuu toisella puoliskolla, joten en nostaisi sit\u00e4 l\u00e4hellek\u00e4\u00e4n Burtonin tuotannon k\u00e4rke\u00e4. Se oli kuitenkin parempi kuin Disney-Liisalta odotin, ja muutamissa jaksoissa (kuten <a href=\"http:\/\/www.aamulehti.fi\/uutiset\/viihde\/johnny-depp-kadehtii-vaiski-vemmelsaarta\/171657\"><strong>Johnny Deppin<\/strong><\/a> n\u00e4yttelem\u00e4n varsin hullun Hatuntekij\u00e4n teekutsuilla) oli jopa transgressiivinen viba. <em>Ovatko nuo jyrsij\u00e4t aivan kamoissa?<\/em> Mikki Hiirell\u00e4 tulisi n\u00e4iss\u00e4 porukoissa l\u00f6ys\u00e4t p\u00f6ksyyn.<\/p>\n\n\n\n<p>Lehdist\u00f6tilaisuudessa Lontoossa oli muuten hauska hetki, kun parikymppinen Wasikowska kertoi tuntevansa my\u00f6s <a href=\"https:\/\/www.youtube.com\/watch?v=C5wHMgTPF-s\"><strong>Jan Svankmajerin<\/strong> tulkinnan<\/a> aiheesta &#8211; ja Burton ei.<\/p>\n\n\n\n<p><em>Liisa ihmemaassa ensi-illassa 12.3.<\/em><\/p>\n\n\n","protected":false},"excerpt":{"rendered":"<p>Tim Burtonin uuden elokuvan kolmiulotteisuus on tehty j\u00e4lkik\u00e4teen: n\u00e4yttelij\u00e4t kuvattiin tavanomaisella 2D-tekniikalla. Yll\u00e4tt\u00e4en se ei haittaa lainkaan. Kuulin Liisa ihmemaassa -elokuvan filmausprosessin yksityiskohdista vasta juuri ennen n\u00e4yt\u00f6st\u00e4. Kuulosti<br \/>\nep\u00e4ilytt&hellip;<\/p>\n","protected":false},"author":144,"featured_media":0,"comment_status":"open","ping_status":"open","sticky":false,"template":"","format":"standard","meta":{"_acf_changed":false,"asauth_required_access_level":0,"asauth_cansharepaid":"","om_header_attributes":[],"footnotes":"","om_featured_image_focal_point":[],"om_primary_tag":0,"om_contributors":[],"om_co_authors":[],"beyondwords_generate_audio":"","beyondwords_project_id":"","beyondwords_content_id":"","beyondwords_preview_token":"","beyondwords_player_content":"","beyondwords_player_style":"","beyondwords_language_code":"","beyondwords_language_id":"","beyondwords_title_voice_id":"","beyondwords_body_voice_id":"","beyondwords_summary_voice_id":"","beyondwords_error_message":"","beyondwords_disabled":"","beyondwords_delete_content":"","beyondwords_podcast_id":"","beyondwords_hash":"","publish_post_to_speechkit":"","speechkit_hash":"","speechkit_generate_audio":"","speechkit_project_id":"","speechkit_podcast_id":"","speechkit_error_message":"","speechkit_disabled":"","speechkit_access_key":"","speechkit_error":"","speechkit_info":"","speechkit_response":"","speechkit_retries":"","speechkit_status":"","speechkit_updated_at":"","_speechkit_link":"","_speechkit_text":""},"categories":[1],"tags":[25,432,634,1427,1426,496],"class_list":["post-890","post","type-post","status-publish","format-standard","hentry","category-kuvien-takaa","tag-3d","tag-disney","tag-james-cameron","tag-liisa-ihmemaassa","tag-mia-wasikowska","tag-tim-burton"],"om_views":null,"acf":{"tuuma_off":false,"tuuma_kysymys":"","tuuma_vastaus":""},"asauth":{"required_access_level":1,"share_token":"","is_paid":false},"yoast_head":"<!-- This site is optimized with the Yoast SEO plugin v26.4 - https:\/\/yoast.com\/wordpress\/plugins\/seo\/ -->\n<title>Tim Burtonin Liisa harhailee vinksahtaneessa 3D-ihmemaassa - Kuvien takaa<\/title>\n<meta name=\"robots\" content=\"index, follow, max-snippet:-1, max-image-preview:large, max-video-preview:-1\" \/>\n<link rel=\"canonical\" href=\"https:\/\/suomenkuvalehti.fi\/kuvien-takaa\/tim-burtonin-liisa-harhailee-vinksahtaneessa-3d-ihmemaassa\/\" \/>\n<meta property=\"og:locale\" content=\"fi_FI\" \/>\n<meta property=\"og:type\" content=\"article\" \/>\n<meta property=\"og:title\" content=\"Tim Burtonin Liisa harhailee vinksahtaneessa 3D-ihmemaassa - Kuvien takaa\" \/>\n<meta property=\"og:description\" content=\"Tim Burtonin uuden elokuvan kolmiulotteisuus on tehty j\u00e4lkik\u00e4teen: n\u00e4yttelij\u00e4t kuvattiin tavanomaisella 2D-tekniikalla. Yll\u00e4tt\u00e4en se ei haittaa lainkaan. Kuulin Liisa ihmemaassa -elokuvan filmausprosessin yksityiskohdista vasta juuri ennen n\u00e4yt\u00f6st\u00e4. Kuulosti ep\u00e4ilytt&hellip;\" \/>\n<meta property=\"og:url\" content=\"https:\/\/suomenkuvalehti.fi\/kuvien-takaa\/tim-burtonin-liisa-harhailee-vinksahtaneessa-3d-ihmemaassa\/\" \/>\n<meta property=\"og:site_name\" content=\"Kuvien takaa\" \/>\n<meta property=\"article:author\" content=\"https:\/\/www.facebook.com\/pages\/Kalle-Kinnunen-Kuvien-takaa\/190326157715410?fref=ts\" \/>\n<meta property=\"article:published_time\" content=\"2010-03-01T09:23:00+00:00\" \/>\n<meta property=\"article:modified_time\" content=\"2013-11-29T13:25:41+00:00\" \/>\n<meta property=\"og:image\" content=\"https:\/\/suomenkuvalehti.fi\/kuvien-takaa\/wp-content\/uploads\/sites\/11\/2022\/04\/kalle_kinnunen_blogi-1-scaled.jpg\" \/>\n\t<meta property=\"og:image:width\" content=\"2560\" \/>\n\t<meta property=\"og:image:height\" content=\"1707\" \/>\n\t<meta property=\"og:image:type\" content=\"image\/jpeg\" \/>\n<meta name=\"author\" content=\"Kalle Kinnunen\" \/>\n<meta name=\"twitter:card\" content=\"summary_large_image\" \/>\n<meta name=\"twitter:creator\" content=\"@https:\/\/twitter.com\/kallekinnunen\" \/>\n<meta name=\"twitter:label1\" content=\"Written by\" \/>\n\t<meta name=\"twitter:data1\" content=\"Kalle Kinnunen\" \/>\n\t<meta name=\"twitter:label2\" content=\"Est. reading time\" \/>\n\t<meta name=\"twitter:data2\" content=\"2 minuuttia\" \/>\n<script type=\"application\/ld+json\" class=\"yoast-schema-graph\">{\"@context\":\"https:\/\/schema.org\",\"@graph\":[{\"@type\":\"WebPage\",\"@id\":\"https:\/\/suomenkuvalehti.fi\/kuvien-takaa\/tim-burtonin-liisa-harhailee-vinksahtaneessa-3d-ihmemaassa\/\",\"url\":\"https:\/\/suomenkuvalehti.fi\/kuvien-takaa\/tim-burtonin-liisa-harhailee-vinksahtaneessa-3d-ihmemaassa\/\",\"name\":\"Tim Burtonin Liisa harhailee vinksahtaneessa 3D-ihmemaassa - Kuvien takaa\",\"isPartOf\":{\"@id\":\"https:\/\/suomenkuvalehti.fi\/kuvien-takaa\/#website\"},\"datePublished\":\"2010-03-01T09:23:00+00:00\",\"dateModified\":\"2013-11-29T13:25:41+00:00\",\"author\":{\"@id\":\"https:\/\/suomenkuvalehti.fi\/kuvien-takaa\/#\/schema\/person\/f3f657e4ad409e008f12af27bec60a23\"},\"breadcrumb\":{\"@id\":\"https:\/\/suomenkuvalehti.fi\/kuvien-takaa\/tim-burtonin-liisa-harhailee-vinksahtaneessa-3d-ihmemaassa\/#breadcrumb\"},\"inLanguage\":\"fi\",\"potentialAction\":[{\"@type\":\"ReadAction\",\"target\":[\"https:\/\/suomenkuvalehti.fi\/kuvien-takaa\/tim-burtonin-liisa-harhailee-vinksahtaneessa-3d-ihmemaassa\/\"]}]},{\"@type\":\"BreadcrumbList\",\"@id\":\"https:\/\/suomenkuvalehti.fi\/kuvien-takaa\/tim-burtonin-liisa-harhailee-vinksahtaneessa-3d-ihmemaassa\/#breadcrumb\",\"itemListElement\":[{\"@type\":\"ListItem\",\"position\":1,\"name\":\"Home\",\"item\":\"https:\/\/suomenkuvalehti.fi\/kuvien-takaa\/\"},{\"@type\":\"ListItem\",\"position\":2,\"name\":\"Tim Burtonin Liisa harhailee vinksahtaneessa 3D-ihmemaassa\"}]},{\"@type\":\"WebSite\",\"@id\":\"https:\/\/suomenkuvalehti.fi\/kuvien-takaa\/#website\",\"url\":\"https:\/\/suomenkuvalehti.fi\/kuvien-takaa\/\",\"name\":\"Kuvien takaa\",\"description\":\"Elokuvakriitikko Kalle Kinnusen elokuvablogi.\",\"potentialAction\":[{\"@type\":\"SearchAction\",\"target\":{\"@type\":\"EntryPoint\",\"urlTemplate\":\"https:\/\/suomenkuvalehti.fi\/haku\/?q={search_term_string}\"},\"query-input\":{\"@type\":\"PropertyValueSpecification\",\"valueRequired\":true,\"valueName\":\"search_term_string\"}}],\"inLanguage\":\"fi\"},{\"@type\":\"Person\",\"@id\":\"https:\/\/suomenkuvalehti.fi\/kuvien-takaa\/#\/schema\/person\/f3f657e4ad409e008f12af27bec60a23\",\"name\":\"Kalle Kinnunen\",\"image\":{\"@type\":\"ImageObject\",\"inLanguage\":\"fi\",\"@id\":\"https:\/\/suomenkuvalehti.fi\/kuvien-takaa\/#\/schema\/person\/image\/\",\"url\":\"https:\/\/suomenkuvalehti.fi\/kuvien-takaa\/wp-content\/uploads\/sites\/11\/2022\/04\/kalle_kinnunen_blogi-1-150x150.jpg\",\"contentUrl\":\"https:\/\/suomenkuvalehti.fi\/kuvien-takaa\/wp-content\/uploads\/sites\/11\/2022\/04\/kalle_kinnunen_blogi-1-150x150.jpg\",\"caption\":\"Kalle Kinnunen\"},\"description\":\"Kalle Kinnunen on vapaa toimittaja ja Suomen Kuvalehden avustaja.\",\"sameAs\":[\"https:\/\/www.facebook.com\/pages\/Kalle-Kinnunen-Kuvien-takaa\/190326157715410?fref=ts\",\"https:\/\/x.com\/https:\/\/twitter.com\/kallekinnunen\"]}]}<\/script>\n<!-- \/ Yoast SEO plugin. -->","yoast_head_json":{"title":"Tim Burtonin Liisa harhailee vinksahtaneessa 3D-ihmemaassa - Kuvien takaa","robots":{"index":"index","follow":"follow","max-snippet":"max-snippet:-1","max-image-preview":"max-image-preview:large","max-video-preview":"max-video-preview:-1"},"canonical":"https:\/\/suomenkuvalehti.fi\/kuvien-takaa\/tim-burtonin-liisa-harhailee-vinksahtaneessa-3d-ihmemaassa\/","og_locale":"fi_FI","og_type":"article","og_title":"Tim Burtonin Liisa harhailee vinksahtaneessa 3D-ihmemaassa - Kuvien takaa","og_description":"Tim Burtonin uuden elokuvan kolmiulotteisuus on tehty j\u00e4lkik\u00e4teen: n\u00e4yttelij\u00e4t kuvattiin tavanomaisella 2D-tekniikalla. Yll\u00e4tt\u00e4en se ei haittaa lainkaan. Kuulin Liisa ihmemaassa -elokuvan filmausprosessin yksityiskohdista vasta juuri ennen n\u00e4yt\u00f6st\u00e4. Kuulosti ep\u00e4ilytt&hellip;","og_url":"https:\/\/suomenkuvalehti.fi\/kuvien-takaa\/tim-burtonin-liisa-harhailee-vinksahtaneessa-3d-ihmemaassa\/","og_site_name":"Kuvien takaa","article_author":"https:\/\/www.facebook.com\/pages\/Kalle-Kinnunen-Kuvien-takaa\/190326157715410?fref=ts","article_published_time":"2010-03-01T09:23:00+00:00","article_modified_time":"2013-11-29T13:25:41+00:00","og_image":[{"width":2560,"height":1707,"url":"https:\/\/suomenkuvalehti.fi\/kuvien-takaa\/wp-content\/uploads\/sites\/11\/2022\/04\/kalle_kinnunen_blogi-1-scaled.jpg","type":"image\/jpeg"}],"author":"Kalle Kinnunen","twitter_card":"summary_large_image","twitter_creator":"@https:\/\/twitter.com\/kallekinnunen","twitter_misc":{"Written by":"Kalle Kinnunen","Est. reading time":"2 minuuttia"},"schema":{"@context":"https:\/\/schema.org","@graph":[{"@type":"WebPage","@id":"https:\/\/suomenkuvalehti.fi\/kuvien-takaa\/tim-burtonin-liisa-harhailee-vinksahtaneessa-3d-ihmemaassa\/","url":"https:\/\/suomenkuvalehti.fi\/kuvien-takaa\/tim-burtonin-liisa-harhailee-vinksahtaneessa-3d-ihmemaassa\/","name":"Tim Burtonin Liisa harhailee vinksahtaneessa 3D-ihmemaassa - Kuvien takaa","isPartOf":{"@id":"https:\/\/suomenkuvalehti.fi\/kuvien-takaa\/#website"},"datePublished":"2010-03-01T09:23:00+00:00","dateModified":"2013-11-29T13:25:41+00:00","author":{"@id":"https:\/\/suomenkuvalehti.fi\/kuvien-takaa\/#\/schema\/person\/f3f657e4ad409e008f12af27bec60a23"},"breadcrumb":{"@id":"https:\/\/suomenkuvalehti.fi\/kuvien-takaa\/tim-burtonin-liisa-harhailee-vinksahtaneessa-3d-ihmemaassa\/#breadcrumb"},"inLanguage":"fi","potentialAction":[{"@type":"ReadAction","target":["https:\/\/suomenkuvalehti.fi\/kuvien-takaa\/tim-burtonin-liisa-harhailee-vinksahtaneessa-3d-ihmemaassa\/"]}]},{"@type":"BreadcrumbList","@id":"https:\/\/suomenkuvalehti.fi\/kuvien-takaa\/tim-burtonin-liisa-harhailee-vinksahtaneessa-3d-ihmemaassa\/#breadcrumb","itemListElement":[{"@type":"ListItem","position":1,"name":"Home","item":"https:\/\/suomenkuvalehti.fi\/kuvien-takaa\/"},{"@type":"ListItem","position":2,"name":"Tim Burtonin Liisa harhailee vinksahtaneessa 3D-ihmemaassa"}]},{"@type":"WebSite","@id":"https:\/\/suomenkuvalehti.fi\/kuvien-takaa\/#website","url":"https:\/\/suomenkuvalehti.fi\/kuvien-takaa\/","name":"Kuvien takaa","description":"Elokuvakriitikko Kalle Kinnusen elokuvablogi.","potentialAction":[{"@type":"SearchAction","target":{"@type":"EntryPoint","urlTemplate":"https:\/\/suomenkuvalehti.fi\/haku\/?q={search_term_string}"},"query-input":{"@type":"PropertyValueSpecification","valueRequired":true,"valueName":"search_term_string"}}],"inLanguage":"fi"},{"@type":"Person","@id":"https:\/\/suomenkuvalehti.fi\/kuvien-takaa\/#\/schema\/person\/f3f657e4ad409e008f12af27bec60a23","name":"Kalle Kinnunen","image":{"@type":"ImageObject","inLanguage":"fi","@id":"https:\/\/suomenkuvalehti.fi\/kuvien-takaa\/#\/schema\/person\/image\/","url":"https:\/\/suomenkuvalehti.fi\/kuvien-takaa\/wp-content\/uploads\/sites\/11\/2022\/04\/kalle_kinnunen_blogi-1-150x150.jpg","contentUrl":"https:\/\/suomenkuvalehti.fi\/kuvien-takaa\/wp-content\/uploads\/sites\/11\/2022\/04\/kalle_kinnunen_blogi-1-150x150.jpg","caption":"Kalle Kinnunen"},"description":"Kalle Kinnunen on vapaa toimittaja ja Suomen Kuvalehden avustaja.","sameAs":["https:\/\/www.facebook.com\/pages\/Kalle-Kinnunen-Kuvien-takaa\/190326157715410?fref=ts","https:\/\/x.com\/https:\/\/twitter.com\/kallekinnunen"]}]}},"_links":{"self":[{"href":"https:\/\/suomenkuvalehti.fi\/kuvien-takaa\/wp-json\/wp\/v2\/posts\/890","targetHints":{"allow":["GET"]}}],"collection":[{"href":"https:\/\/suomenkuvalehti.fi\/kuvien-takaa\/wp-json\/wp\/v2\/posts"}],"about":[{"href":"https:\/\/suomenkuvalehti.fi\/kuvien-takaa\/wp-json\/wp\/v2\/types\/post"}],"author":[{"embeddable":true,"href":"https:\/\/suomenkuvalehti.fi\/kuvien-takaa\/wp-json\/wp\/v2\/users\/144"}],"replies":[{"embeddable":true,"href":"https:\/\/suomenkuvalehti.fi\/kuvien-takaa\/wp-json\/wp\/v2\/comments?post=890"}],"version-history":[{"count":1,"href":"https:\/\/suomenkuvalehti.fi\/kuvien-takaa\/wp-json\/wp\/v2\/posts\/890\/revisions"}],"predecessor-version":[{"id":1476,"href":"https:\/\/suomenkuvalehti.fi\/kuvien-takaa\/wp-json\/wp\/v2\/posts\/890\/revisions\/1476"}],"wp:attachment":[{"href":"https:\/\/suomenkuvalehti.fi\/kuvien-takaa\/wp-json\/wp\/v2\/media?parent=890"}],"wp:term":[{"taxonomy":"category","embeddable":true,"href":"https:\/\/suomenkuvalehti.fi\/kuvien-takaa\/wp-json\/wp\/v2\/categories?post=890"},{"taxonomy":"post_tag","embeddable":true,"href":"https:\/\/suomenkuvalehti.fi\/kuvien-takaa\/wp-json\/wp\/v2\/tags?post=890"}],"curies":[{"name":"wp","href":"https:\/\/api.w.org\/{rel}","templated":true}]}}