{"id":857,"date":"2010-05-06T07:33:00","date_gmt":"2010-05-06T04:33:00","guid":{"rendered":"https:\/\/suomenkuvalehti.fi\/kuvientakaa\/2010\/05\/06\/usan-ykkoskriitikko-vihaan-3d-ilmiota-elokuvissa\/"},"modified":"2013-11-29T15:25:35","modified_gmt":"2013-11-29T13:25:35","slug":"usan-ykkoskriitikko-vihaan-3d-ilmiota-elokuvissa","status":"publish","type":"post","link":"https:\/\/suomenkuvalehti.fi\/kuvien-takaa\/usan-ykkoskriitikko-vihaan-3d-ilmiota-elokuvissa\/","title":{"rendered":"USA:n ykk\u00f6skriitikko: vihaan 3D-ilmi\u00f6t\u00e4 elokuvissa"},"content":{"rendered":"\n<p>Yhdysvaltojen tunnetuin elokuvakriitikko <strong>Roger Ebert<\/strong> haukkuu Newsweekiss\u00e4 koko 3D-elokuvailmi\u00f6n.<\/p>\n\n\n\n\n<p><a href=\"http:\/\/fi.wikipedia.org\/wiki\/Roger_Ebert\">Ebertin<\/a> pointti on yksinkertainen: 3D on silm\u00e4nlumetta, se ei tuo mit\u00e4\u00e4n uutta, eik\u00e4 sit\u00e4 tarvita, koska katsoja on ennenkin n\u00e4hnyt el\u00e4viss\u00e4 kuvissa syvyysvaikutelman.<\/p>\n\n\n\n<p>Jutun nimi on tiukka: <a href=\"http:\/\/www.newsweek.com\/id\/237110\">Miksi vihaan 3D-elokuvia (ja sinunkin pit\u00e4isi)<\/a>.<\/p>\n\n\n\n<p>Ankaraa on sis\u00e4lt\u00f6kin. Ebertin mukaan 3D-elokuvia tehd\u00e4\u00e4n, koska niist\u00e4 voidaan rahastaa enemm\u00e4n.<\/p>\n\n\n\n<p><em>&#8221;It adds nothing essential to the moviegoing experience. For some, it is an annoying distraction. For others, it creates nausea and headaches. It is driven largely to sell expensive projection equipment and add a $5 to $7.50 surcharge on already expensive movie tickets.&#8221;<\/em><\/p>\n\n\n\n<p>Eik\u00e4 3D tuo aikuisten ihmisten elokuviin mit\u00e4\u00e4n uutta sis\u00e4ll\u00f6llist\u00e4.<\/p>\n\n\n\n<p><em>&#8221;I cannot imagine a serious drama, such as Up In the Air or The Hurt Locker, in 3-D. Neither can directors. Having shot Dial M for Murder in 3-D, Alfred Hitchcock was so displeased by the result that he released it in 2-D at its New York opening. The medium seems suited for children&#8217;s films, animation, and films such as James Cameron&#8217;s Avatar, which are largely made on computers.&#8221;<\/em><\/p>\n\n\n\n<p>Mutta my\u00f6s Ebertin ihailemat <strong>Martin Scorsese<\/strong> ja <strong>Werner Herzog<\/strong> ovat tekem\u00e4ss\u00e4 3D-elokuviaan (<a href=\"http:\/\/www.viihdeimperiumi.fi\/martin-scorsese-3d-elokuvan-ohjaajaksi-1422\/\">Scorsese lastenelokuvaa<\/a>, Herzog <a href=\"http:\/\/www.guardian.co.uk\/film\/filmblog\/2010\/apr\/13\/werner-herzog-cave-art-documentary-3d\">dokkaria luolamaalauksista<\/a>). Summa summarum, kyse on viel\u00e4 suuremmasta suuntauksesta:<\/p>\n\n\n\n<p><em>&#8221;I&#8217;m not opposed to 3-D as an option. I&#8217;m opposed to it as a way of life for Hollywood, where it seems to be skewing major studio output away from the kinds of films we think of as Oscar-worthy. Scorsese and Herzog make films for grown-ups. Hollywood is racing headlong toward the kiddie market. Disney recently announced it will make no more traditional films at all, focusing entirely on animation, franchises, and superheroes. I have the sense that younger Hollywood is losing the instinctive feeling for story and quality that generations of executives possessed. It&#8217;s all about the marketing.&#8221;<\/em><\/p>\n\n\n\n<p>Ebert on aivan oikeassa. Kuten <a href=\"https:\/\/suomenkuvalehti.fi\/kuvientakaa\/2010\/01\/25\/miksi-avatar-on-myrkkya-elokuvan-tulevaisuudelle\/\">aiemmin bloggasin<\/a>, 3D on (ainakin toistaiseksi) pelkk\u00e4\u00e4 pintaa, enemm\u00e4n uhka kuin mahdollisuus.<\/p>\n\n\n","protected":false},"excerpt":{"rendered":"<p>Yhdysvaltojen tunnetuin elokuvakriitikko Roger Ebert haukkuu Newsweekiss\u00e4 koko 3D-elokuvailmi\u00f6n. Ebertin pointti on yksinkertainen: 3D on silm\u00e4nlumetta, se ei tuo mit\u00e4\u00e4n uutta, eik\u00e4 sit\u00e4 tarvita, koska katsoja on ennenkin n\u00e4hnyt el\u00e4viss\u00e4 kuvissa syvyysvaikutelman. Jutun<br \/>\nnimi on t&hellip;<\/p>\n","protected":false},"author":144,"featured_media":0,"comment_status":"open","ping_status":"open","sticky":false,"template":"","format":"standard","meta":{"_acf_changed":false,"asauth_required_access_level":0,"asauth_cansharepaid":"","om_header_attributes":[],"footnotes":"","om_featured_image_focal_point":[],"om_primary_tag":0,"om_contributors":[],"om_co_authors":[],"beyondwords_generate_audio":"","beyondwords_project_id":"","beyondwords_content_id":"","beyondwords_preview_token":"","beyondwords_player_content":"","beyondwords_player_style":"","beyondwords_language_code":"","beyondwords_language_id":"","beyondwords_title_voice_id":"","beyondwords_body_voice_id":"","beyondwords_summary_voice_id":"","beyondwords_error_message":"","beyondwords_disabled":"","beyondwords_delete_content":"","beyondwords_podcast_id":"","beyondwords_hash":"","publish_post_to_speechkit":"","speechkit_hash":"","speechkit_generate_audio":"","speechkit_project_id":"","speechkit_podcast_id":"","speechkit_error_message":"","speechkit_disabled":"","speechkit_access_key":"","speechkit_error":"","speechkit_info":"","speechkit_response":"","speechkit_retries":"","speechkit_status":"","speechkit_updated_at":"","_speechkit_link":"","_speechkit_text":""},"categories":[1],"tags":[25,110,732,1082,765],"class_list":["post-857","post","type-post","status-publish","format-standard","hentry","category-kuvien-takaa","tag-3d","tag-elokuvateollisuus","tag-martin-scorsese","tag-roger-ebert","tag-werner-herzog"],"om_views":null,"acf":{"tuuma_off":false,"tuuma_kysymys":"","tuuma_vastaus":""},"asauth":{"required_access_level":1,"share_token":"","is_paid":false},"yoast_head":"<!-- This site is optimized with the Yoast SEO plugin v26.4 - https:\/\/yoast.com\/wordpress\/plugins\/seo\/ -->\n<title>USA:n ykk\u00f6skriitikko: vihaan 3D-ilmi\u00f6t\u00e4 elokuvissa - Kuvien takaa<\/title>\n<meta name=\"robots\" content=\"index, follow, max-snippet:-1, max-image-preview:large, max-video-preview:-1\" \/>\n<link rel=\"canonical\" href=\"https:\/\/suomenkuvalehti.fi\/kuvien-takaa\/usan-ykkoskriitikko-vihaan-3d-ilmiota-elokuvissa\/\" \/>\n<meta property=\"og:locale\" content=\"fi_FI\" \/>\n<meta property=\"og:type\" content=\"article\" \/>\n<meta property=\"og:title\" content=\"USA:n ykk\u00f6skriitikko: vihaan 3D-ilmi\u00f6t\u00e4 elokuvissa - Kuvien takaa\" \/>\n<meta property=\"og:description\" content=\"Yhdysvaltojen tunnetuin elokuvakriitikko Roger Ebert haukkuu Newsweekiss\u00e4 koko 3D-elokuvailmi\u00f6n. Ebertin pointti on yksinkertainen: 3D on silm\u00e4nlumetta, se ei tuo mit\u00e4\u00e4n uutta, eik\u00e4 sit\u00e4 tarvita, koska katsoja on ennenkin n\u00e4hnyt el\u00e4viss\u00e4 kuvissa syvyysvaikutelman. Jutun nimi on t&hellip;\" \/>\n<meta property=\"og:url\" content=\"https:\/\/suomenkuvalehti.fi\/kuvien-takaa\/usan-ykkoskriitikko-vihaan-3d-ilmiota-elokuvissa\/\" \/>\n<meta property=\"og:site_name\" content=\"Kuvien takaa\" \/>\n<meta property=\"article:author\" content=\"https:\/\/www.facebook.com\/pages\/Kalle-Kinnunen-Kuvien-takaa\/190326157715410?fref=ts\" \/>\n<meta property=\"article:published_time\" content=\"2010-05-06T04:33:00+00:00\" \/>\n<meta property=\"article:modified_time\" content=\"2013-11-29T13:25:35+00:00\" \/>\n<meta property=\"og:image\" content=\"https:\/\/suomenkuvalehti.fi\/kuvien-takaa\/wp-content\/uploads\/sites\/11\/2022\/04\/kalle_kinnunen_blogi-1-scaled.jpg\" \/>\n\t<meta property=\"og:image:width\" content=\"2560\" \/>\n\t<meta property=\"og:image:height\" content=\"1707\" \/>\n\t<meta property=\"og:image:type\" content=\"image\/jpeg\" \/>\n<meta name=\"author\" content=\"Kalle Kinnunen\" \/>\n<meta name=\"twitter:card\" content=\"summary_large_image\" \/>\n<meta name=\"twitter:creator\" content=\"@https:\/\/twitter.com\/kallekinnunen\" \/>\n<meta name=\"twitter:label1\" content=\"Written by\" \/>\n\t<meta name=\"twitter:data1\" content=\"Kalle Kinnunen\" \/>\n\t<meta name=\"twitter:label2\" content=\"Est. reading time\" \/>\n\t<meta name=\"twitter:data2\" content=\"2 minuuttia\" \/>\n<script type=\"application\/ld+json\" class=\"yoast-schema-graph\">{\"@context\":\"https:\/\/schema.org\",\"@graph\":[{\"@type\":\"WebPage\",\"@id\":\"https:\/\/suomenkuvalehti.fi\/kuvien-takaa\/usan-ykkoskriitikko-vihaan-3d-ilmiota-elokuvissa\/\",\"url\":\"https:\/\/suomenkuvalehti.fi\/kuvien-takaa\/usan-ykkoskriitikko-vihaan-3d-ilmiota-elokuvissa\/\",\"name\":\"USA:n ykk\u00f6skriitikko: vihaan 3D-ilmi\u00f6t\u00e4 elokuvissa - Kuvien takaa\",\"isPartOf\":{\"@id\":\"https:\/\/suomenkuvalehti.fi\/kuvien-takaa\/#website\"},\"datePublished\":\"2010-05-06T04:33:00+00:00\",\"dateModified\":\"2013-11-29T13:25:35+00:00\",\"author\":{\"@id\":\"https:\/\/suomenkuvalehti.fi\/kuvien-takaa\/#\/schema\/person\/f3f657e4ad409e008f12af27bec60a23\"},\"breadcrumb\":{\"@id\":\"https:\/\/suomenkuvalehti.fi\/kuvien-takaa\/usan-ykkoskriitikko-vihaan-3d-ilmiota-elokuvissa\/#breadcrumb\"},\"inLanguage\":\"fi\",\"potentialAction\":[{\"@type\":\"ReadAction\",\"target\":[\"https:\/\/suomenkuvalehti.fi\/kuvien-takaa\/usan-ykkoskriitikko-vihaan-3d-ilmiota-elokuvissa\/\"]}]},{\"@type\":\"BreadcrumbList\",\"@id\":\"https:\/\/suomenkuvalehti.fi\/kuvien-takaa\/usan-ykkoskriitikko-vihaan-3d-ilmiota-elokuvissa\/#breadcrumb\",\"itemListElement\":[{\"@type\":\"ListItem\",\"position\":1,\"name\":\"Home\",\"item\":\"https:\/\/suomenkuvalehti.fi\/kuvien-takaa\/\"},{\"@type\":\"ListItem\",\"position\":2,\"name\":\"USA:n ykk\u00f6skriitikko: vihaan 3D-ilmi\u00f6t\u00e4 elokuvissa\"}]},{\"@type\":\"WebSite\",\"@id\":\"https:\/\/suomenkuvalehti.fi\/kuvien-takaa\/#website\",\"url\":\"https:\/\/suomenkuvalehti.fi\/kuvien-takaa\/\",\"name\":\"Kuvien takaa\",\"description\":\"Elokuvakriitikko Kalle Kinnusen elokuvablogi.\",\"potentialAction\":[{\"@type\":\"SearchAction\",\"target\":{\"@type\":\"EntryPoint\",\"urlTemplate\":\"https:\/\/suomenkuvalehti.fi\/haku\/?q={search_term_string}\"},\"query-input\":{\"@type\":\"PropertyValueSpecification\",\"valueRequired\":true,\"valueName\":\"search_term_string\"}}],\"inLanguage\":\"fi\"},{\"@type\":\"Person\",\"@id\":\"https:\/\/suomenkuvalehti.fi\/kuvien-takaa\/#\/schema\/person\/f3f657e4ad409e008f12af27bec60a23\",\"name\":\"Kalle Kinnunen\",\"image\":{\"@type\":\"ImageObject\",\"inLanguage\":\"fi\",\"@id\":\"https:\/\/suomenkuvalehti.fi\/kuvien-takaa\/#\/schema\/person\/image\/\",\"url\":\"https:\/\/suomenkuvalehti.fi\/kuvien-takaa\/wp-content\/uploads\/sites\/11\/2022\/04\/kalle_kinnunen_blogi-1-150x150.jpg\",\"contentUrl\":\"https:\/\/suomenkuvalehti.fi\/kuvien-takaa\/wp-content\/uploads\/sites\/11\/2022\/04\/kalle_kinnunen_blogi-1-150x150.jpg\",\"caption\":\"Kalle Kinnunen\"},\"description\":\"Kalle Kinnunen on vapaa toimittaja ja Suomen Kuvalehden avustaja.\",\"sameAs\":[\"https:\/\/www.facebook.com\/pages\/Kalle-Kinnunen-Kuvien-takaa\/190326157715410?fref=ts\",\"https:\/\/x.com\/https:\/\/twitter.com\/kallekinnunen\"]}]}<\/script>\n<!-- \/ Yoast SEO plugin. -->","yoast_head_json":{"title":"USA:n ykk\u00f6skriitikko: vihaan 3D-ilmi\u00f6t\u00e4 elokuvissa - Kuvien takaa","robots":{"index":"index","follow":"follow","max-snippet":"max-snippet:-1","max-image-preview":"max-image-preview:large","max-video-preview":"max-video-preview:-1"},"canonical":"https:\/\/suomenkuvalehti.fi\/kuvien-takaa\/usan-ykkoskriitikko-vihaan-3d-ilmiota-elokuvissa\/","og_locale":"fi_FI","og_type":"article","og_title":"USA:n ykk\u00f6skriitikko: vihaan 3D-ilmi\u00f6t\u00e4 elokuvissa - Kuvien takaa","og_description":"Yhdysvaltojen tunnetuin elokuvakriitikko Roger Ebert haukkuu Newsweekiss\u00e4 koko 3D-elokuvailmi\u00f6n. Ebertin pointti on yksinkertainen: 3D on silm\u00e4nlumetta, se ei tuo mit\u00e4\u00e4n uutta, eik\u00e4 sit\u00e4 tarvita, koska katsoja on ennenkin n\u00e4hnyt el\u00e4viss\u00e4 kuvissa syvyysvaikutelman. Jutun nimi on t&hellip;","og_url":"https:\/\/suomenkuvalehti.fi\/kuvien-takaa\/usan-ykkoskriitikko-vihaan-3d-ilmiota-elokuvissa\/","og_site_name":"Kuvien takaa","article_author":"https:\/\/www.facebook.com\/pages\/Kalle-Kinnunen-Kuvien-takaa\/190326157715410?fref=ts","article_published_time":"2010-05-06T04:33:00+00:00","article_modified_time":"2013-11-29T13:25:35+00:00","og_image":[{"width":2560,"height":1707,"url":"https:\/\/suomenkuvalehti.fi\/kuvien-takaa\/wp-content\/uploads\/sites\/11\/2022\/04\/kalle_kinnunen_blogi-1-scaled.jpg","type":"image\/jpeg"}],"author":"Kalle Kinnunen","twitter_card":"summary_large_image","twitter_creator":"@https:\/\/twitter.com\/kallekinnunen","twitter_misc":{"Written by":"Kalle Kinnunen","Est. reading time":"2 minuuttia"},"schema":{"@context":"https:\/\/schema.org","@graph":[{"@type":"WebPage","@id":"https:\/\/suomenkuvalehti.fi\/kuvien-takaa\/usan-ykkoskriitikko-vihaan-3d-ilmiota-elokuvissa\/","url":"https:\/\/suomenkuvalehti.fi\/kuvien-takaa\/usan-ykkoskriitikko-vihaan-3d-ilmiota-elokuvissa\/","name":"USA:n ykk\u00f6skriitikko: vihaan 3D-ilmi\u00f6t\u00e4 elokuvissa - Kuvien takaa","isPartOf":{"@id":"https:\/\/suomenkuvalehti.fi\/kuvien-takaa\/#website"},"datePublished":"2010-05-06T04:33:00+00:00","dateModified":"2013-11-29T13:25:35+00:00","author":{"@id":"https:\/\/suomenkuvalehti.fi\/kuvien-takaa\/#\/schema\/person\/f3f657e4ad409e008f12af27bec60a23"},"breadcrumb":{"@id":"https:\/\/suomenkuvalehti.fi\/kuvien-takaa\/usan-ykkoskriitikko-vihaan-3d-ilmiota-elokuvissa\/#breadcrumb"},"inLanguage":"fi","potentialAction":[{"@type":"ReadAction","target":["https:\/\/suomenkuvalehti.fi\/kuvien-takaa\/usan-ykkoskriitikko-vihaan-3d-ilmiota-elokuvissa\/"]}]},{"@type":"BreadcrumbList","@id":"https:\/\/suomenkuvalehti.fi\/kuvien-takaa\/usan-ykkoskriitikko-vihaan-3d-ilmiota-elokuvissa\/#breadcrumb","itemListElement":[{"@type":"ListItem","position":1,"name":"Home","item":"https:\/\/suomenkuvalehti.fi\/kuvien-takaa\/"},{"@type":"ListItem","position":2,"name":"USA:n ykk\u00f6skriitikko: vihaan 3D-ilmi\u00f6t\u00e4 elokuvissa"}]},{"@type":"WebSite","@id":"https:\/\/suomenkuvalehti.fi\/kuvien-takaa\/#website","url":"https:\/\/suomenkuvalehti.fi\/kuvien-takaa\/","name":"Kuvien takaa","description":"Elokuvakriitikko Kalle Kinnusen elokuvablogi.","potentialAction":[{"@type":"SearchAction","target":{"@type":"EntryPoint","urlTemplate":"https:\/\/suomenkuvalehti.fi\/haku\/?q={search_term_string}"},"query-input":{"@type":"PropertyValueSpecification","valueRequired":true,"valueName":"search_term_string"}}],"inLanguage":"fi"},{"@type":"Person","@id":"https:\/\/suomenkuvalehti.fi\/kuvien-takaa\/#\/schema\/person\/f3f657e4ad409e008f12af27bec60a23","name":"Kalle Kinnunen","image":{"@type":"ImageObject","inLanguage":"fi","@id":"https:\/\/suomenkuvalehti.fi\/kuvien-takaa\/#\/schema\/person\/image\/","url":"https:\/\/suomenkuvalehti.fi\/kuvien-takaa\/wp-content\/uploads\/sites\/11\/2022\/04\/kalle_kinnunen_blogi-1-150x150.jpg","contentUrl":"https:\/\/suomenkuvalehti.fi\/kuvien-takaa\/wp-content\/uploads\/sites\/11\/2022\/04\/kalle_kinnunen_blogi-1-150x150.jpg","caption":"Kalle Kinnunen"},"description":"Kalle Kinnunen on vapaa toimittaja ja Suomen Kuvalehden avustaja.","sameAs":["https:\/\/www.facebook.com\/pages\/Kalle-Kinnunen-Kuvien-takaa\/190326157715410?fref=ts","https:\/\/x.com\/https:\/\/twitter.com\/kallekinnunen"]}]}},"_links":{"self":[{"href":"https:\/\/suomenkuvalehti.fi\/kuvien-takaa\/wp-json\/wp\/v2\/posts\/857","targetHints":{"allow":["GET"]}}],"collection":[{"href":"https:\/\/suomenkuvalehti.fi\/kuvien-takaa\/wp-json\/wp\/v2\/posts"}],"about":[{"href":"https:\/\/suomenkuvalehti.fi\/kuvien-takaa\/wp-json\/wp\/v2\/types\/post"}],"author":[{"embeddable":true,"href":"https:\/\/suomenkuvalehti.fi\/kuvien-takaa\/wp-json\/wp\/v2\/users\/144"}],"replies":[{"embeddable":true,"href":"https:\/\/suomenkuvalehti.fi\/kuvien-takaa\/wp-json\/wp\/v2\/comments?post=857"}],"version-history":[{"count":1,"href":"https:\/\/suomenkuvalehti.fi\/kuvien-takaa\/wp-json\/wp\/v2\/posts\/857\/revisions"}],"predecessor-version":[{"id":1457,"href":"https:\/\/suomenkuvalehti.fi\/kuvien-takaa\/wp-json\/wp\/v2\/posts\/857\/revisions\/1457"}],"wp:attachment":[{"href":"https:\/\/suomenkuvalehti.fi\/kuvien-takaa\/wp-json\/wp\/v2\/media?parent=857"}],"wp:term":[{"taxonomy":"category","embeddable":true,"href":"https:\/\/suomenkuvalehti.fi\/kuvien-takaa\/wp-json\/wp\/v2\/categories?post=857"},{"taxonomy":"post_tag","embeddable":true,"href":"https:\/\/suomenkuvalehti.fi\/kuvien-takaa\/wp-json\/wp\/v2\/tags?post=857"}],"curies":[{"name":"wp","href":"https:\/\/api.w.org\/{rel}","templated":true}]}}