{"id":855,"date":"2010-05-09T09:36:00","date_gmt":"2010-05-09T06:36:00","guid":{"rendered":"https:\/\/suomenkuvalehti.fi\/kuvientakaa\/2010\/05\/09\/aijaelokuvien-taistelu-the-expendables-vastaan-machete\/"},"modified":"2010-05-09T09:36:00","modified_gmt":"2010-05-09T06:36:00","slug":"aijaelokuvien-taistelu-the-expendables-vastaan-machete","status":"publish","type":"post","link":"https:\/\/suomenkuvalehti.fi\/kuvien-takaa\/aijaelokuvien-taistelu-the-expendables-vastaan-machete\/","title":{"rendered":"\u00c4ij\u00e4elokuvien taistelu: The Expendables vastaan Machete"},"content":{"rendered":"\n<p>T\u00e4n\u00e4 vuonna elokuvateattereissa machoillaan niin, ett\u00e4 heikompia hirvitt\u00e4\u00e4. <strong>Sylvester Stallonen<\/strong> naurettavan rajulta vaikuttavaa <em>The Expendablesia<\/em> seuraa ainakin trailerin perusteella avoimen parodinen <em>Machete<\/em>.<\/p>\n\n\n\n\n<p>Macheten syntyhistoria on erikoinen. Pitk\u00e4 elokuva perustuu <strong>Robert Rodriguezin<\/strong> vitsin\u00e4 tekem\u00e4\u00e4n <a href=\"https:\/\/www.youtube.com\/watch?v=MquhUGGdkdM\">feikkitraileriin<\/a>, joka n\u00e4htiin Rodriguezin ja <strong>Quentin Tarantinon<\/strong> ohjaamassa <a href=\"http:\/\/en.wikipedia.org\/wiki\/Grindhouse_%28film%29\"><em>Grindhouse<\/em>&#8211;<\/a>kokonaisuudessa <em>Death Proofin<\/em> ja <em>Planet Terrorin<\/em> v\u00e4liss\u00e4, sek\u00e4 Euroopassa Planet Terrorin alkukuvana.<\/p>\n\n\n\n<p>Kuvitteellisen, muka 1970-luvulla levitetyn &#8221;meksikolainen kostaa&#8221; -elokuvan traileri oli Rodriguezin ja monien muiden mielest\u00e4 niin hauska, ett\u00e4 itse leffakin piti tehd\u00e4. Rodriguez on sanonut, ett\u00e4 h\u00e4n oli tehnyt Macheten k\u00e4ss\u00e4rin alunperin jo 1993, mutta tuskinpa se nyt t\u00e4t\u00e4 lopullista leffaa kauheasti muistuttaa.<\/p>\n\n\n\n<p>Ja nyt kuvatun elokuvan ensimm\u00e4isen trailerin &#8211; joka on tehty vain nettilevityst\u00e4 varten &#8211; perusteella Machete saattaisi olla jopa Rodriguezin paras elokuva. Pidin tavallaan <em>Sin Cityst\u00e4<\/em> paljonkin, mutta on siin\u00e4 my\u00f6s sellaista sliipattua nihilismi\u00e4 joka ty\u00f6nt\u00e4\u00e4 luotaan. <em>Planet Terror<\/em> oli hauska, mutta kovin ep\u00e4tasainen, samoin kuin <em>Desperado<\/em> aikoinaan.<\/p>\n\n\n\n<p>T\u00e4ss\u00e4 t\u00e4m\u00e4 <a href=\"http:\/\/www.aintitcool.com\/node\/44943\">Macheten uusi traileri Ain&#8217;t It Cool Newsin<\/a> sivuilla, skrollaa v\u00e4h\u00e4n alas.<\/p>\n\n\n\n<p><strong>Robert DeNiro<\/strong>! <strong>Steven Seagal<\/strong>! <strong><em>Lindsay Lohan<\/em><\/strong>? Ja <strong>Danny Trejo<\/strong> vihdoin p\u00e4\u00e4roolissa!<\/p>\n\n\n\n<p>Mit\u00e4 partasuu-urosten viihteeseen tulee, minusta t\u00e4m\u00e4 vaikuttaa houkuttelevammalta kuin The Expendables. Machete saa USA:n ensi-iltansa syksyll\u00e4 ja Suomi seuraa joskus per\u00e4ss\u00e4, The Expendables puolestaan tulee meill\u00e4kin valkokankaille 13.8.<\/p>\n\n\n\n<p><em>Lis\u00e4\u00e4 The Expendablesista<\/em>: <a href=\"https:\/\/suomenkuvalehti.fi\/jutut\/ulkomaat\/sylvester-stallone-the-expendables-on-uskomattoman-fyysinen-ja-rankka\"><strong>Sylvester Stallone: The Expendables on uskomattoman fyysinen ja rankka<\/strong><\/a><\/p>\n\n\n","protected":false},"excerpt":{"rendered":"<p>T\u00e4n\u00e4 vuonna elokuvateattereissa machoillaan niin, ett\u00e4 heikompia hirvitt\u00e4\u00e4. Sylvester Stallonen naurettavan rajulta vaikuttavaa The Expendablesia seuraa ainakin trailerin perusteella avoimen parodinen Machete. Macheten syntyhistoria on erikoinen. Pitk\u00e4 elokuva perustuu<br \/>\nRober&hellip;<\/p>\n","protected":false},"author":144,"featured_media":0,"comment_status":"open","ping_status":"open","sticky":false,"template":"","format":"standard","meta":{"_acf_changed":false,"asauth_required_access_level":0,"asauth_cansharepaid":"","om_header_attributes":[],"footnotes":"","om_featured_image_focal_point":[],"om_primary_tag":0,"om_contributors":[],"om_co_authors":[],"beyondwords_generate_audio":"","beyondwords_project_id":"","beyondwords_content_id":"","beyondwords_preview_token":"","beyondwords_player_content":"","beyondwords_player_style":"","beyondwords_language_code":"","beyondwords_language_id":"","beyondwords_title_voice_id":"","beyondwords_body_voice_id":"","beyondwords_summary_voice_id":"","beyondwords_error_message":"","beyondwords_disabled":"","beyondwords_delete_content":"","beyondwords_podcast_id":"","beyondwords_hash":"","publish_post_to_speechkit":"","speechkit_hash":"","speechkit_generate_audio":"","speechkit_project_id":"","speechkit_podcast_id":"","speechkit_error_message":"","speechkit_disabled":"","speechkit_access_key":"","speechkit_error":"","speechkit_info":"","speechkit_response":"","speechkit_retries":"","speechkit_status":"","speechkit_updated_at":"","_speechkit_link":"","_speechkit_text":""},"categories":[1],"tags":[1269,1268,1270,703,1271],"class_list":["post-855","post","type-post","status-publish","format-standard","hentry","category-kuvien-takaa","tag-danny-trejo","tag-machete","tag-robert-rodriguez","tag-sylvester-stallone","tag-the-expendables"],"om_views":null,"acf":{"tuuma_off":false,"tuuma_kysymys":"","tuuma_vastaus":""},"asauth":{"required_access_level":1,"share_token":"","is_paid":false},"yoast_head":"<!-- This site is optimized with the Yoast SEO plugin v26.4 - https:\/\/yoast.com\/wordpress\/plugins\/seo\/ -->\n<title>\u00c4ij\u00e4elokuvien taistelu: The Expendables vastaan Machete - Kuvien takaa<\/title>\n<meta name=\"robots\" content=\"index, follow, max-snippet:-1, max-image-preview:large, max-video-preview:-1\" \/>\n<link rel=\"canonical\" href=\"https:\/\/suomenkuvalehti.fi\/kuvien-takaa\/aijaelokuvien-taistelu-the-expendables-vastaan-machete\/\" \/>\n<meta property=\"og:locale\" content=\"fi_FI\" \/>\n<meta property=\"og:type\" content=\"article\" \/>\n<meta property=\"og:title\" content=\"\u00c4ij\u00e4elokuvien taistelu: The Expendables vastaan Machete - Kuvien takaa\" \/>\n<meta property=\"og:description\" content=\"T\u00e4n\u00e4 vuonna elokuvateattereissa machoillaan niin, ett\u00e4 heikompia hirvitt\u00e4\u00e4. Sylvester Stallonen naurettavan rajulta vaikuttavaa The Expendablesia seuraa ainakin trailerin perusteella avoimen parodinen Machete. Macheten syntyhistoria on erikoinen. Pitk\u00e4 elokuva perustuu Rober&hellip;\" \/>\n<meta property=\"og:url\" content=\"https:\/\/suomenkuvalehti.fi\/kuvien-takaa\/aijaelokuvien-taistelu-the-expendables-vastaan-machete\/\" \/>\n<meta property=\"og:site_name\" content=\"Kuvien takaa\" \/>\n<meta property=\"article:author\" content=\"https:\/\/www.facebook.com\/pages\/Kalle-Kinnunen-Kuvien-takaa\/190326157715410?fref=ts\" \/>\n<meta property=\"article:published_time\" content=\"2010-05-09T06:36:00+00:00\" \/>\n<meta property=\"og:image\" content=\"https:\/\/suomenkuvalehti.fi\/kuvien-takaa\/wp-content\/uploads\/sites\/11\/2022\/04\/kalle_kinnunen_blogi-1-scaled.jpg\" \/>\n\t<meta property=\"og:image:width\" content=\"2560\" \/>\n\t<meta property=\"og:image:height\" content=\"1707\" \/>\n\t<meta property=\"og:image:type\" content=\"image\/jpeg\" \/>\n<meta name=\"author\" content=\"Kalle Kinnunen\" \/>\n<meta name=\"twitter:card\" content=\"summary_large_image\" \/>\n<meta name=\"twitter:creator\" content=\"@https:\/\/twitter.com\/kallekinnunen\" \/>\n<meta name=\"twitter:label1\" content=\"Written by\" \/>\n\t<meta name=\"twitter:data1\" content=\"Kalle Kinnunen\" \/>\n\t<meta name=\"twitter:label2\" content=\"Est. reading time\" \/>\n\t<meta name=\"twitter:data2\" content=\"1 minuutti\" \/>\n<script type=\"application\/ld+json\" class=\"yoast-schema-graph\">{\"@context\":\"https:\/\/schema.org\",\"@graph\":[{\"@type\":\"WebPage\",\"@id\":\"https:\/\/suomenkuvalehti.fi\/kuvien-takaa\/aijaelokuvien-taistelu-the-expendables-vastaan-machete\/\",\"url\":\"https:\/\/suomenkuvalehti.fi\/kuvien-takaa\/aijaelokuvien-taistelu-the-expendables-vastaan-machete\/\",\"name\":\"\u00c4ij\u00e4elokuvien taistelu: The Expendables vastaan Machete - Kuvien takaa\",\"isPartOf\":{\"@id\":\"https:\/\/suomenkuvalehti.fi\/kuvien-takaa\/#website\"},\"datePublished\":\"2010-05-09T06:36:00+00:00\",\"author\":{\"@id\":\"https:\/\/suomenkuvalehti.fi\/kuvien-takaa\/#\/schema\/person\/f3f657e4ad409e008f12af27bec60a23\"},\"breadcrumb\":{\"@id\":\"https:\/\/suomenkuvalehti.fi\/kuvien-takaa\/aijaelokuvien-taistelu-the-expendables-vastaan-machete\/#breadcrumb\"},\"inLanguage\":\"fi\",\"potentialAction\":[{\"@type\":\"ReadAction\",\"target\":[\"https:\/\/suomenkuvalehti.fi\/kuvien-takaa\/aijaelokuvien-taistelu-the-expendables-vastaan-machete\/\"]}]},{\"@type\":\"BreadcrumbList\",\"@id\":\"https:\/\/suomenkuvalehti.fi\/kuvien-takaa\/aijaelokuvien-taistelu-the-expendables-vastaan-machete\/#breadcrumb\",\"itemListElement\":[{\"@type\":\"ListItem\",\"position\":1,\"name\":\"Home\",\"item\":\"https:\/\/suomenkuvalehti.fi\/kuvien-takaa\/\"},{\"@type\":\"ListItem\",\"position\":2,\"name\":\"\u00c4ij\u00e4elokuvien taistelu: The Expendables vastaan Machete\"}]},{\"@type\":\"WebSite\",\"@id\":\"https:\/\/suomenkuvalehti.fi\/kuvien-takaa\/#website\",\"url\":\"https:\/\/suomenkuvalehti.fi\/kuvien-takaa\/\",\"name\":\"Kuvien takaa\",\"description\":\"Elokuvakriitikko Kalle Kinnusen elokuvablogi.\",\"potentialAction\":[{\"@type\":\"SearchAction\",\"target\":{\"@type\":\"EntryPoint\",\"urlTemplate\":\"https:\/\/suomenkuvalehti.fi\/haku\/?q={search_term_string}\"},\"query-input\":{\"@type\":\"PropertyValueSpecification\",\"valueRequired\":true,\"valueName\":\"search_term_string\"}}],\"inLanguage\":\"fi\"},{\"@type\":\"Person\",\"@id\":\"https:\/\/suomenkuvalehti.fi\/kuvien-takaa\/#\/schema\/person\/f3f657e4ad409e008f12af27bec60a23\",\"name\":\"Kalle Kinnunen\",\"image\":{\"@type\":\"ImageObject\",\"inLanguage\":\"fi\",\"@id\":\"https:\/\/suomenkuvalehti.fi\/kuvien-takaa\/#\/schema\/person\/image\/\",\"url\":\"https:\/\/suomenkuvalehti.fi\/kuvien-takaa\/wp-content\/uploads\/sites\/11\/2022\/04\/kalle_kinnunen_blogi-1-150x150.jpg\",\"contentUrl\":\"https:\/\/suomenkuvalehti.fi\/kuvien-takaa\/wp-content\/uploads\/sites\/11\/2022\/04\/kalle_kinnunen_blogi-1-150x150.jpg\",\"caption\":\"Kalle Kinnunen\"},\"description\":\"Kalle Kinnunen on vapaa toimittaja ja Suomen Kuvalehden avustaja.\",\"sameAs\":[\"https:\/\/www.facebook.com\/pages\/Kalle-Kinnunen-Kuvien-takaa\/190326157715410?fref=ts\",\"https:\/\/x.com\/https:\/\/twitter.com\/kallekinnunen\"]}]}<\/script>\n<!-- \/ Yoast SEO plugin. -->","yoast_head_json":{"title":"\u00c4ij\u00e4elokuvien taistelu: The Expendables vastaan Machete - Kuvien takaa","robots":{"index":"index","follow":"follow","max-snippet":"max-snippet:-1","max-image-preview":"max-image-preview:large","max-video-preview":"max-video-preview:-1"},"canonical":"https:\/\/suomenkuvalehti.fi\/kuvien-takaa\/aijaelokuvien-taistelu-the-expendables-vastaan-machete\/","og_locale":"fi_FI","og_type":"article","og_title":"\u00c4ij\u00e4elokuvien taistelu: The Expendables vastaan Machete - Kuvien takaa","og_description":"T\u00e4n\u00e4 vuonna elokuvateattereissa machoillaan niin, ett\u00e4 heikompia hirvitt\u00e4\u00e4. Sylvester Stallonen naurettavan rajulta vaikuttavaa The Expendablesia seuraa ainakin trailerin perusteella avoimen parodinen Machete. Macheten syntyhistoria on erikoinen. Pitk\u00e4 elokuva perustuu Rober&hellip;","og_url":"https:\/\/suomenkuvalehti.fi\/kuvien-takaa\/aijaelokuvien-taistelu-the-expendables-vastaan-machete\/","og_site_name":"Kuvien takaa","article_author":"https:\/\/www.facebook.com\/pages\/Kalle-Kinnunen-Kuvien-takaa\/190326157715410?fref=ts","article_published_time":"2010-05-09T06:36:00+00:00","og_image":[{"width":2560,"height":1707,"url":"https:\/\/suomenkuvalehti.fi\/kuvien-takaa\/wp-content\/uploads\/sites\/11\/2022\/04\/kalle_kinnunen_blogi-1-scaled.jpg","type":"image\/jpeg"}],"author":"Kalle Kinnunen","twitter_card":"summary_large_image","twitter_creator":"@https:\/\/twitter.com\/kallekinnunen","twitter_misc":{"Written by":"Kalle Kinnunen","Est. reading time":"1 minuutti"},"schema":{"@context":"https:\/\/schema.org","@graph":[{"@type":"WebPage","@id":"https:\/\/suomenkuvalehti.fi\/kuvien-takaa\/aijaelokuvien-taistelu-the-expendables-vastaan-machete\/","url":"https:\/\/suomenkuvalehti.fi\/kuvien-takaa\/aijaelokuvien-taistelu-the-expendables-vastaan-machete\/","name":"\u00c4ij\u00e4elokuvien taistelu: The Expendables vastaan Machete - Kuvien takaa","isPartOf":{"@id":"https:\/\/suomenkuvalehti.fi\/kuvien-takaa\/#website"},"datePublished":"2010-05-09T06:36:00+00:00","author":{"@id":"https:\/\/suomenkuvalehti.fi\/kuvien-takaa\/#\/schema\/person\/f3f657e4ad409e008f12af27bec60a23"},"breadcrumb":{"@id":"https:\/\/suomenkuvalehti.fi\/kuvien-takaa\/aijaelokuvien-taistelu-the-expendables-vastaan-machete\/#breadcrumb"},"inLanguage":"fi","potentialAction":[{"@type":"ReadAction","target":["https:\/\/suomenkuvalehti.fi\/kuvien-takaa\/aijaelokuvien-taistelu-the-expendables-vastaan-machete\/"]}]},{"@type":"BreadcrumbList","@id":"https:\/\/suomenkuvalehti.fi\/kuvien-takaa\/aijaelokuvien-taistelu-the-expendables-vastaan-machete\/#breadcrumb","itemListElement":[{"@type":"ListItem","position":1,"name":"Home","item":"https:\/\/suomenkuvalehti.fi\/kuvien-takaa\/"},{"@type":"ListItem","position":2,"name":"\u00c4ij\u00e4elokuvien taistelu: The Expendables vastaan Machete"}]},{"@type":"WebSite","@id":"https:\/\/suomenkuvalehti.fi\/kuvien-takaa\/#website","url":"https:\/\/suomenkuvalehti.fi\/kuvien-takaa\/","name":"Kuvien takaa","description":"Elokuvakriitikko Kalle Kinnusen elokuvablogi.","potentialAction":[{"@type":"SearchAction","target":{"@type":"EntryPoint","urlTemplate":"https:\/\/suomenkuvalehti.fi\/haku\/?q={search_term_string}"},"query-input":{"@type":"PropertyValueSpecification","valueRequired":true,"valueName":"search_term_string"}}],"inLanguage":"fi"},{"@type":"Person","@id":"https:\/\/suomenkuvalehti.fi\/kuvien-takaa\/#\/schema\/person\/f3f657e4ad409e008f12af27bec60a23","name":"Kalle Kinnunen","image":{"@type":"ImageObject","inLanguage":"fi","@id":"https:\/\/suomenkuvalehti.fi\/kuvien-takaa\/#\/schema\/person\/image\/","url":"https:\/\/suomenkuvalehti.fi\/kuvien-takaa\/wp-content\/uploads\/sites\/11\/2022\/04\/kalle_kinnunen_blogi-1-150x150.jpg","contentUrl":"https:\/\/suomenkuvalehti.fi\/kuvien-takaa\/wp-content\/uploads\/sites\/11\/2022\/04\/kalle_kinnunen_blogi-1-150x150.jpg","caption":"Kalle Kinnunen"},"description":"Kalle Kinnunen on vapaa toimittaja ja Suomen Kuvalehden avustaja.","sameAs":["https:\/\/www.facebook.com\/pages\/Kalle-Kinnunen-Kuvien-takaa\/190326157715410?fref=ts","https:\/\/x.com\/https:\/\/twitter.com\/kallekinnunen"]}]}},"_links":{"self":[{"href":"https:\/\/suomenkuvalehti.fi\/kuvien-takaa\/wp-json\/wp\/v2\/posts\/855","targetHints":{"allow":["GET"]}}],"collection":[{"href":"https:\/\/suomenkuvalehti.fi\/kuvien-takaa\/wp-json\/wp\/v2\/posts"}],"about":[{"href":"https:\/\/suomenkuvalehti.fi\/kuvien-takaa\/wp-json\/wp\/v2\/types\/post"}],"author":[{"embeddable":true,"href":"https:\/\/suomenkuvalehti.fi\/kuvien-takaa\/wp-json\/wp\/v2\/users\/144"}],"replies":[{"embeddable":true,"href":"https:\/\/suomenkuvalehti.fi\/kuvien-takaa\/wp-json\/wp\/v2\/comments?post=855"}],"version-history":[{"count":0,"href":"https:\/\/suomenkuvalehti.fi\/kuvien-takaa\/wp-json\/wp\/v2\/posts\/855\/revisions"}],"wp:attachment":[{"href":"https:\/\/suomenkuvalehti.fi\/kuvien-takaa\/wp-json\/wp\/v2\/media?parent=855"}],"wp:term":[{"taxonomy":"category","embeddable":true,"href":"https:\/\/suomenkuvalehti.fi\/kuvien-takaa\/wp-json\/wp\/v2\/categories?post=855"},{"taxonomy":"post_tag","embeddable":true,"href":"https:\/\/suomenkuvalehti.fi\/kuvien-takaa\/wp-json\/wp\/v2\/tags?post=855"}],"curies":[{"name":"wp","href":"https:\/\/api.w.org\/{rel}","templated":true}]}}