{"id":85,"date":"2013-04-10T07:44:00","date_gmt":"2013-04-10T04:44:00","guid":{"rendered":"https:\/\/suomenkuvalehti.fi\/kuvientakaa\/2013\/04\/10\/paiva-jona-yle-raivo-meni-yli\/"},"modified":"2013-11-30T16:24:20","modified_gmt":"2013-11-30T14:24:20","slug":"paiva-jona-yle-raivo-meni-yli","status":"publish","type":"post","link":"https:\/\/suomenkuvalehti.fi\/kuvien-takaa\/paiva-jona-yle-raivo-meni-yli\/","title":{"rendered":"P\u00e4iv\u00e4, jona Yle-raivo meni yli"},"content":{"rendered":"\n<p>Lehdist\u00f6ll\u00e4 on vaikeat ajat. Printtimedian lukija- ja mainosm\u00e4\u00e4r\u00e4t huojuvat. Joidenkin lehtien levikki on romahtanut ja esimerkiksi entinen nuorison ykk\u00f6slehti Suosikki lopetettiin kannattamattomana. Samaan aikaan verkko ei ota tuottaakseen. T\u00e4m\u00e4n tilanteen keskell\u00e4 Yle-vero oli melko kova ratkaisu. Helsingin Sanomien Yle-viha on saanut jo hurjat mittasuhteet.<\/p>\n\n\n\n\n<p>T\u00e4n\u00e4\u00e4n Hesari otti Ylen vastaisessa raivossaan aseekseen <a href=\"http:\/\/www.hs.fi\/kotimaa\/Yle-vero+ei+armahda+ket%C3%A4%C3%A4n\/a1365481704300?jako=9eb633c1146f5bc1513a2c688c1605e9\">sokean cp-vammaisen<\/a>. Josta on lehdess\u00e4 vain kuva. H\u00e4n ei itse edes kommentoi asiaa.<\/p>\n\n\n\n<p>Sairaalla, liikuntakyvytt\u00f6m\u00e4ll\u00e4, mahdollisimman surkean n\u00e4k\u00f6iseksi valokuvatulla 53-vuotiaalla <strong>Anne Mannilalla<\/strong> ja h\u00e4nen hellytt\u00e4vill\u00e4 pehmoel\u00e4imill\u00e4\u00e4n on hyv\u00e4 ly\u00f6d\u00e4 toista mediaa. Jottei ihan huutamiseksi mene, aivan jutun loppupuolella mainitaan lyhyesti, ett\u00e4 monien pienituloisempien Ylen suurkuluttajien eli vanhusten maksutaakka on itse asiassa laskenut tv-lupamaksun vaihduttua Yle-veroon.<\/p>\n\n\n\n<p>Vaikuttikohan mauttomaan juttuun se, ett\u00e4 Hesarin ja Ylen kanssa suoraan kilpailevan Nelosen <a href=\"http:\/\/www.hs.fi\/kulttuuri\/Helsingin+Sanomien+ja+Nelosen+uutisten+toimitukset+yhteen\/a1305548535924\">toimitukset on yhdistetty<\/a>?<\/p>\n\n\n\n<p>Kyll\u00e4: minusta Yle-vero vaikuttaa liian korkealta. Uskon silti, ett\u00e4 vapaa demokratia kaipaa my\u00f6s julkista eli ei-kaupallista mediatoimijaa.<\/p>\n\n\n\n<p>Miksei puhuta sis\u00e4ll\u00f6st\u00e4?<\/p>\n\n\n\n<p>Miksei mietit\u00e4 vakavasti Ylen ratkaisua tuottaa <a href=\"http:\/\/www.iltalehti.fi\/viihde\/2013040616867546_vi.shtml\">kalliita viihdeohjelmia<\/a>, joista harva p\u00e4rj\u00e4\u00e4 kaupallisten kanavien vastaavien tuotteiden kanssa? Miksi superkalliin <a href=\"http:\/\/www.iltalehti.fi\/viihde\/2010101312507435_vi.shtml\">Uusi p\u00e4iv\u00e4 -flopin<\/a> annetaan jatkua? Onko j\u00e4rkev\u00e4\u00e4 <a href=\"http:\/\/yle.fi\/uutiset\/yle_televisioi_ruotsin_prinsessahaat\/6571201\">televisioida Ruotsin prinsessah\u00e4\u00e4t<\/a> suorana l\u00e4hetyksen\u00e4? Miksei puututa j\u00e4rkytt\u00e4v\u00e4\u00e4n p\u00e4\u00e4t\u00f6kseen raapaista ulkomaiset laatudokumentit <a href=\"http:\/\/plaza.fi\/tv-maailma\/juuri-nyt\/dokumenttien-laiha-kohtalo\">&#8221;lillukanvarsina&#8221; rapakkoon<\/a>?<\/p>\n\n\n\n<p>N\u00e4ist\u00e4 ei k\u00e4yd\u00e4 keskustelua muuten kuin iltap\u00e4iv\u00e4lehtien huuto-otsikoilla. Tai kirjoitetaan yhdest\u00e4 ohjelmatyypist\u00e4 yksi juttu, joka unohtuu. V\u00e4it\u00e4n, ett\u00e4 Ylen teht\u00e4v\u00e4\u00e4 ei ole pohdittu tarpeeksi.<\/p>\n\n\n\n<p>Ai niin &#8211; se olisi ilmeisesti jo kulttuurikritiikki\u00e4, sit\u00e4, jonka <a href=\"http:\/\/www.hs.fi\/kulttuuri\/Tapaus+Tuuri+kuvastaa+lehtikritiikin+kaventumista\/a1365393071319\">m\u00e4\u00e4r\u00e4\u00e4 sanomalehdiss\u00e4 karsitaan<\/a>. Hesarinkin tv- ja radiosivuilta kirjaimellisesti katosi tilaa tabloid-uudistuksen my\u00f6t\u00e4, vaikka suomalaiset yh\u00e4 viett\u00e4v\u00e4t televisio-ohjelmien \u00e4\u00e4ress\u00e4 viidenneksen valveillaoloajastaan.<\/p>\n\n\n\n<p>On sanomalaisia noussut my\u00f6s puolustamaan Pasilan ja Tohlopin perkelett\u00e4. Esimerkiksi <strong>Ville Bl\u00e5feld <\/strong>totesi Twitteriss\u00e4, ett\u00e4 talossa on my\u00f6s Ylen yst\u00e4vi\u00e4.<\/p>\n\n\n\n<p>Asiasta on k\u00e4yty Twitteriss\u00e4 muutenkin kiivasta keskustelua.<\/p>\n\n\n\n<p><em>&#8221;Vaikka asiaan liittyy minullakin ristiriitaisia tunteita, yksityisen mediakent\u00e4n Yle-neuroosi alkaa hipoa huvittavan rajoja&#8221;<\/em>, kirjoitti <strong>Jari Sarasvuo<\/strong>.<\/p>\n\n\n\n\n<p><em>&#8221;Odotan HS:n otsikoita Arvonlis\u00e4vero ei armahda ket\u00e4\u00e4n! Tulovero ei armahda ket\u00e4\u00e4n! Olisikohan tasapuolisuus se verotuksen ideakin?&#8221;<\/em>, kommentoi toimittaja ja konsultti <strong>Lauri Korolainen<\/strong>.<\/p>\n\n\n\n<p>Ehk\u00e4 yll\u00e4tt\u00e4enkin Hesarin <strong>Saska Saarikoski<\/strong> kommentoi jutusta noussutta kohua Twitteriss\u00e4 malttia toivoen.<\/p>\n\n\n\n<p><em>&#8221;Poliitikkojen kaksoisp\u00e4\u00e4t\u00f6s, Yle-vero ja lehtien alv, teki Ylest\u00e4 mediakriisin syntipukin. Turha kina. Yle\u00e4 tarvitaan, lehti\u00e4 my\u00f6s.&#8221;<\/em><\/p>\n\n\n\n<p><em>Seuraa kirjoittajaa Twitteriss\u00e4: <a href=\"https:\/\/twitter.com\/kallekinnunen\"><strong>@kallekinnunen<\/strong><\/a><\/em><\/p>\n\n\n","protected":false},"excerpt":{"rendered":"<p>Lehdist\u00f6ll\u00e4 on vaikeat ajat. Printtimedian lukija- ja mainosm\u00e4\u00e4r\u00e4t huojuvat. Joidenkin lehtien levikki on romahtanut ja esimerkiksi entinen nuorison ykk\u00f6slehti Suosikki lopetettiin kannattamattomana. Samaan aikaan verkko ei ota tuottaakseen. T\u00e4m\u00e4n tilanteen keskell\u00e4 Yle-vero oli melko kova<br \/>\nratkaisu&hellip;<\/p>\n","protected":false},"author":144,"featured_media":0,"comment_status":"open","ping_status":"open","sticky":false,"template":"","format":"standard","meta":{"_acf_changed":false,"asauth_required_access_level":0,"asauth_cansharepaid":"","om_header_attributes":[],"footnotes":"","om_featured_image_focal_point":[],"om_primary_tag":0,"om_contributors":[],"om_co_authors":[],"beyondwords_generate_audio":"","beyondwords_project_id":"","beyondwords_content_id":"","beyondwords_preview_token":"","beyondwords_player_content":"","beyondwords_player_style":"","beyondwords_language_code":"","beyondwords_language_id":"","beyondwords_title_voice_id":"","beyondwords_body_voice_id":"","beyondwords_summary_voice_id":"","beyondwords_error_message":"","beyondwords_disabled":"","beyondwords_delete_content":"","beyondwords_podcast_id":"","beyondwords_hash":"","publish_post_to_speechkit":"","speechkit_hash":"","speechkit_generate_audio":"","speechkit_project_id":"","speechkit_podcast_id":"","speechkit_error_message":"","speechkit_disabled":"","speechkit_access_key":"","speechkit_error":"","speechkit_info":"","speechkit_response":"","speechkit_retries":"","speechkit_status":"","speechkit_updated_at":"","_speechkit_link":"","_speechkit_text":""},"categories":[1],"tags":[252,253,254,250,249,251],"class_list":["post-85","post","type-post","status-publish","format-standard","hentry","category-kuvien-takaa","tag-helsingin-sanomat","tag-ohjelmatarjonta","tag-twitter","tag-verot","tag-yle","tag-yle-vero"],"om_views":null,"acf":{"tuuma_off":false,"tuuma_kysymys":"","tuuma_vastaus":""},"asauth":{"required_access_level":1,"share_token":"","is_paid":false},"yoast_head":"<!-- This site is optimized with the Yoast SEO plugin v26.4 - https:\/\/yoast.com\/wordpress\/plugins\/seo\/ -->\n<title>P\u00e4iv\u00e4, jona Yle-raivo meni yli - Kuvien takaa<\/title>\n<meta name=\"robots\" content=\"index, follow, max-snippet:-1, max-image-preview:large, max-video-preview:-1\" \/>\n<link rel=\"canonical\" href=\"https:\/\/suomenkuvalehti.fi\/kuvien-takaa\/paiva-jona-yle-raivo-meni-yli\/\" \/>\n<meta property=\"og:locale\" content=\"fi_FI\" \/>\n<meta property=\"og:type\" content=\"article\" \/>\n<meta property=\"og:title\" content=\"P\u00e4iv\u00e4, jona Yle-raivo meni yli - Kuvien takaa\" \/>\n<meta property=\"og:description\" content=\"Lehdist\u00f6ll\u00e4 on vaikeat ajat. Printtimedian lukija- ja mainosm\u00e4\u00e4r\u00e4t huojuvat. Joidenkin lehtien levikki on romahtanut ja esimerkiksi entinen nuorison ykk\u00f6slehti Suosikki lopetettiin kannattamattomana. Samaan aikaan verkko ei ota tuottaakseen. T\u00e4m\u00e4n tilanteen keskell\u00e4 Yle-vero oli melko kova ratkaisu&hellip;\" \/>\n<meta property=\"og:url\" content=\"https:\/\/suomenkuvalehti.fi\/kuvien-takaa\/paiva-jona-yle-raivo-meni-yli\/\" \/>\n<meta property=\"og:site_name\" content=\"Kuvien takaa\" \/>\n<meta property=\"article:author\" content=\"https:\/\/www.facebook.com\/pages\/Kalle-Kinnunen-Kuvien-takaa\/190326157715410?fref=ts\" \/>\n<meta property=\"article:published_time\" content=\"2013-04-10T04:44:00+00:00\" \/>\n<meta property=\"article:modified_time\" content=\"2013-11-30T14:24:20+00:00\" \/>\n<meta property=\"og:image\" content=\"https:\/\/suomenkuvalehti.fi\/kuvien-takaa\/wp-content\/uploads\/sites\/11\/2022\/04\/kalle_kinnunen_blogi-1-scaled.jpg\" \/>\n\t<meta property=\"og:image:width\" content=\"2560\" \/>\n\t<meta property=\"og:image:height\" content=\"1707\" \/>\n\t<meta property=\"og:image:type\" content=\"image\/jpeg\" \/>\n<meta name=\"author\" content=\"Kalle Kinnunen\" \/>\n<meta name=\"twitter:card\" content=\"summary_large_image\" \/>\n<meta name=\"twitter:creator\" content=\"@https:\/\/twitter.com\/kallekinnunen\" \/>\n<meta name=\"twitter:label1\" content=\"Written by\" \/>\n\t<meta name=\"twitter:data1\" content=\"Kalle Kinnunen\" \/>\n\t<meta name=\"twitter:label2\" content=\"Est. reading time\" \/>\n\t<meta name=\"twitter:data2\" content=\"2 minuuttia\" \/>\n<script type=\"application\/ld+json\" class=\"yoast-schema-graph\">{\"@context\":\"https:\/\/schema.org\",\"@graph\":[{\"@type\":\"WebPage\",\"@id\":\"https:\/\/suomenkuvalehti.fi\/kuvien-takaa\/paiva-jona-yle-raivo-meni-yli\/\",\"url\":\"https:\/\/suomenkuvalehti.fi\/kuvien-takaa\/paiva-jona-yle-raivo-meni-yli\/\",\"name\":\"P\u00e4iv\u00e4, jona Yle-raivo meni yli - Kuvien takaa\",\"isPartOf\":{\"@id\":\"https:\/\/suomenkuvalehti.fi\/kuvien-takaa\/#website\"},\"datePublished\":\"2013-04-10T04:44:00+00:00\",\"dateModified\":\"2013-11-30T14:24:20+00:00\",\"author\":{\"@id\":\"https:\/\/suomenkuvalehti.fi\/kuvien-takaa\/#\/schema\/person\/f3f657e4ad409e008f12af27bec60a23\"},\"breadcrumb\":{\"@id\":\"https:\/\/suomenkuvalehti.fi\/kuvien-takaa\/paiva-jona-yle-raivo-meni-yli\/#breadcrumb\"},\"inLanguage\":\"fi\",\"potentialAction\":[{\"@type\":\"ReadAction\",\"target\":[\"https:\/\/suomenkuvalehti.fi\/kuvien-takaa\/paiva-jona-yle-raivo-meni-yli\/\"]}]},{\"@type\":\"BreadcrumbList\",\"@id\":\"https:\/\/suomenkuvalehti.fi\/kuvien-takaa\/paiva-jona-yle-raivo-meni-yli\/#breadcrumb\",\"itemListElement\":[{\"@type\":\"ListItem\",\"position\":1,\"name\":\"Home\",\"item\":\"https:\/\/suomenkuvalehti.fi\/kuvien-takaa\/\"},{\"@type\":\"ListItem\",\"position\":2,\"name\":\"P\u00e4iv\u00e4, jona Yle-raivo meni yli\"}]},{\"@type\":\"WebSite\",\"@id\":\"https:\/\/suomenkuvalehti.fi\/kuvien-takaa\/#website\",\"url\":\"https:\/\/suomenkuvalehti.fi\/kuvien-takaa\/\",\"name\":\"Kuvien takaa\",\"description\":\"Elokuvakriitikko Kalle Kinnusen elokuvablogi.\",\"potentialAction\":[{\"@type\":\"SearchAction\",\"target\":{\"@type\":\"EntryPoint\",\"urlTemplate\":\"https:\/\/suomenkuvalehti.fi\/haku\/?q={search_term_string}\"},\"query-input\":{\"@type\":\"PropertyValueSpecification\",\"valueRequired\":true,\"valueName\":\"search_term_string\"}}],\"inLanguage\":\"fi\"},{\"@type\":\"Person\",\"@id\":\"https:\/\/suomenkuvalehti.fi\/kuvien-takaa\/#\/schema\/person\/f3f657e4ad409e008f12af27bec60a23\",\"name\":\"Kalle Kinnunen\",\"image\":{\"@type\":\"ImageObject\",\"inLanguage\":\"fi\",\"@id\":\"https:\/\/suomenkuvalehti.fi\/kuvien-takaa\/#\/schema\/person\/image\/\",\"url\":\"https:\/\/suomenkuvalehti.fi\/kuvien-takaa\/wp-content\/uploads\/sites\/11\/2022\/04\/kalle_kinnunen_blogi-1-150x150.jpg\",\"contentUrl\":\"https:\/\/suomenkuvalehti.fi\/kuvien-takaa\/wp-content\/uploads\/sites\/11\/2022\/04\/kalle_kinnunen_blogi-1-150x150.jpg\",\"caption\":\"Kalle Kinnunen\"},\"description\":\"Kalle Kinnunen on vapaa toimittaja ja Suomen Kuvalehden avustaja.\",\"sameAs\":[\"https:\/\/www.facebook.com\/pages\/Kalle-Kinnunen-Kuvien-takaa\/190326157715410?fref=ts\",\"https:\/\/x.com\/https:\/\/twitter.com\/kallekinnunen\"]}]}<\/script>\n<!-- \/ Yoast SEO plugin. -->","yoast_head_json":{"title":"P\u00e4iv\u00e4, jona Yle-raivo meni yli - Kuvien takaa","robots":{"index":"index","follow":"follow","max-snippet":"max-snippet:-1","max-image-preview":"max-image-preview:large","max-video-preview":"max-video-preview:-1"},"canonical":"https:\/\/suomenkuvalehti.fi\/kuvien-takaa\/paiva-jona-yle-raivo-meni-yli\/","og_locale":"fi_FI","og_type":"article","og_title":"P\u00e4iv\u00e4, jona Yle-raivo meni yli - Kuvien takaa","og_description":"Lehdist\u00f6ll\u00e4 on vaikeat ajat. Printtimedian lukija- ja mainosm\u00e4\u00e4r\u00e4t huojuvat. Joidenkin lehtien levikki on romahtanut ja esimerkiksi entinen nuorison ykk\u00f6slehti Suosikki lopetettiin kannattamattomana. Samaan aikaan verkko ei ota tuottaakseen. T\u00e4m\u00e4n tilanteen keskell\u00e4 Yle-vero oli melko kova ratkaisu&hellip;","og_url":"https:\/\/suomenkuvalehti.fi\/kuvien-takaa\/paiva-jona-yle-raivo-meni-yli\/","og_site_name":"Kuvien takaa","article_author":"https:\/\/www.facebook.com\/pages\/Kalle-Kinnunen-Kuvien-takaa\/190326157715410?fref=ts","article_published_time":"2013-04-10T04:44:00+00:00","article_modified_time":"2013-11-30T14:24:20+00:00","og_image":[{"width":2560,"height":1707,"url":"https:\/\/suomenkuvalehti.fi\/kuvien-takaa\/wp-content\/uploads\/sites\/11\/2022\/04\/kalle_kinnunen_blogi-1-scaled.jpg","type":"image\/jpeg"}],"author":"Kalle Kinnunen","twitter_card":"summary_large_image","twitter_creator":"@https:\/\/twitter.com\/kallekinnunen","twitter_misc":{"Written by":"Kalle Kinnunen","Est. reading time":"2 minuuttia"},"schema":{"@context":"https:\/\/schema.org","@graph":[{"@type":"WebPage","@id":"https:\/\/suomenkuvalehti.fi\/kuvien-takaa\/paiva-jona-yle-raivo-meni-yli\/","url":"https:\/\/suomenkuvalehti.fi\/kuvien-takaa\/paiva-jona-yle-raivo-meni-yli\/","name":"P\u00e4iv\u00e4, jona Yle-raivo meni yli - Kuvien takaa","isPartOf":{"@id":"https:\/\/suomenkuvalehti.fi\/kuvien-takaa\/#website"},"datePublished":"2013-04-10T04:44:00+00:00","dateModified":"2013-11-30T14:24:20+00:00","author":{"@id":"https:\/\/suomenkuvalehti.fi\/kuvien-takaa\/#\/schema\/person\/f3f657e4ad409e008f12af27bec60a23"},"breadcrumb":{"@id":"https:\/\/suomenkuvalehti.fi\/kuvien-takaa\/paiva-jona-yle-raivo-meni-yli\/#breadcrumb"},"inLanguage":"fi","potentialAction":[{"@type":"ReadAction","target":["https:\/\/suomenkuvalehti.fi\/kuvien-takaa\/paiva-jona-yle-raivo-meni-yli\/"]}]},{"@type":"BreadcrumbList","@id":"https:\/\/suomenkuvalehti.fi\/kuvien-takaa\/paiva-jona-yle-raivo-meni-yli\/#breadcrumb","itemListElement":[{"@type":"ListItem","position":1,"name":"Home","item":"https:\/\/suomenkuvalehti.fi\/kuvien-takaa\/"},{"@type":"ListItem","position":2,"name":"P\u00e4iv\u00e4, jona Yle-raivo meni yli"}]},{"@type":"WebSite","@id":"https:\/\/suomenkuvalehti.fi\/kuvien-takaa\/#website","url":"https:\/\/suomenkuvalehti.fi\/kuvien-takaa\/","name":"Kuvien takaa","description":"Elokuvakriitikko Kalle Kinnusen elokuvablogi.","potentialAction":[{"@type":"SearchAction","target":{"@type":"EntryPoint","urlTemplate":"https:\/\/suomenkuvalehti.fi\/haku\/?q={search_term_string}"},"query-input":{"@type":"PropertyValueSpecification","valueRequired":true,"valueName":"search_term_string"}}],"inLanguage":"fi"},{"@type":"Person","@id":"https:\/\/suomenkuvalehti.fi\/kuvien-takaa\/#\/schema\/person\/f3f657e4ad409e008f12af27bec60a23","name":"Kalle Kinnunen","image":{"@type":"ImageObject","inLanguage":"fi","@id":"https:\/\/suomenkuvalehti.fi\/kuvien-takaa\/#\/schema\/person\/image\/","url":"https:\/\/suomenkuvalehti.fi\/kuvien-takaa\/wp-content\/uploads\/sites\/11\/2022\/04\/kalle_kinnunen_blogi-1-150x150.jpg","contentUrl":"https:\/\/suomenkuvalehti.fi\/kuvien-takaa\/wp-content\/uploads\/sites\/11\/2022\/04\/kalle_kinnunen_blogi-1-150x150.jpg","caption":"Kalle Kinnunen"},"description":"Kalle Kinnunen on vapaa toimittaja ja Suomen Kuvalehden avustaja.","sameAs":["https:\/\/www.facebook.com\/pages\/Kalle-Kinnunen-Kuvien-takaa\/190326157715410?fref=ts","https:\/\/x.com\/https:\/\/twitter.com\/kallekinnunen"]}]}},"_links":{"self":[{"href":"https:\/\/suomenkuvalehti.fi\/kuvien-takaa\/wp-json\/wp\/v2\/posts\/85","targetHints":{"allow":["GET"]}}],"collection":[{"href":"https:\/\/suomenkuvalehti.fi\/kuvien-takaa\/wp-json\/wp\/v2\/posts"}],"about":[{"href":"https:\/\/suomenkuvalehti.fi\/kuvien-takaa\/wp-json\/wp\/v2\/types\/post"}],"author":[{"embeddable":true,"href":"https:\/\/suomenkuvalehti.fi\/kuvien-takaa\/wp-json\/wp\/v2\/users\/144"}],"replies":[{"embeddable":true,"href":"https:\/\/suomenkuvalehti.fi\/kuvien-takaa\/wp-json\/wp\/v2\/comments?post=85"}],"version-history":[{"count":2,"href":"https:\/\/suomenkuvalehti.fi\/kuvien-takaa\/wp-json\/wp\/v2\/posts\/85\/revisions"}],"predecessor-version":[{"id":299,"href":"https:\/\/suomenkuvalehti.fi\/kuvien-takaa\/wp-json\/wp\/v2\/posts\/85\/revisions\/299"}],"wp:attachment":[{"href":"https:\/\/suomenkuvalehti.fi\/kuvien-takaa\/wp-json\/wp\/v2\/media?parent=85"}],"wp:term":[{"taxonomy":"category","embeddable":true,"href":"https:\/\/suomenkuvalehti.fi\/kuvien-takaa\/wp-json\/wp\/v2\/categories?post=85"},{"taxonomy":"post_tag","embeddable":true,"href":"https:\/\/suomenkuvalehti.fi\/kuvien-takaa\/wp-json\/wp\/v2\/tags?post=85"}],"curies":[{"name":"wp","href":"https:\/\/api.w.org\/{rel}","templated":true}]}}