{"id":838,"date":"2010-05-22T07:20:03","date_gmt":"2010-05-22T04:20:03","guid":{"rendered":"https:\/\/suomenkuvalehti.fi\/kuvientakaa\/2010\/05\/22\/cannes-2010-tulossa-marilyn-tuplana-bokassa-elokuva-the-crow-remake-ja-uusi-trier-tottakai\/"},"modified":"2013-11-29T15:25:31","modified_gmt":"2013-11-29T13:25:31","slug":"cannes-2010-tulossa-marilyn-tuplana-bokassa-elokuva-the-crow-remake-ja-uusi-trier-tottakai","status":"publish","type":"post","link":"https:\/\/suomenkuvalehti.fi\/kuvien-takaa\/cannes-2010-tulossa-marilyn-tuplana-bokassa-elokuva-the-crow-remake-ja-uusi-trier-tottakai\/","title":{"rendered":"Cannes 2010: tulossa Marilyn tuplana, Bokassa-elokuva, The Crow-remake ja uusi Trier tottakai"},"content":{"rendered":"\n<p>T\u00e4ss\u00e4 viel\u00e4 lis\u00e4katsausta Cannesissa esiteltyihin tai kaupattuihin elokuvahankkeisiin.<\/p>\n\n\n\n\n<p><em>Jesse Jamesin salamurha<\/em> -ohjaaja <strong>Andrew Dominikin<\/strong> seuraava elokuva <em>Blonde<\/em> kertoo <strong>Marilyn Monroesta<\/strong>, jota n\u00e4yttelee <strong>Naomi Watts<\/strong>. K\u00e4sikirjoitus on kuulemma eritt\u00e4in raju ja t\u00f6rke\u00e4n hyv\u00e4. Se perustuu <strong>Joyce Carol Oatesin<\/strong> kirjaan <a href=\"http:\/\/www.hs.fi\/kirjat\/artikkeli\/Marilyn+-+tapaus+naisenkuva\/HS20011223SI1KU01l00\"><em>Blondi<\/em><\/a>.<\/p>\n\n\n\n<p>Blonde meni kertaheitolla eniten odottamieni elokuvien joukkoon.<\/p>\n\n\n\n<p>Marilynist\u00e4 on tekeill\u00e4 my\u00f6s kilpaileva elokuva. <em>My Week With Marilyniss\u00e4<\/em> seksipommia n\u00e4yttelee <strong>Michelle Williams<\/strong>. Aika outo valinta.<\/p>\n\n\n\n<p><strong>Romain Gavras<\/strong> kaavailee pitk\u00e4\u00e4 elokuvaa, jonka nimi on alustavasti <em>Redheads<\/em>. Tuhdin <a href=\"https:\/\/suomenkuvalehti.fi\/kuvientakaa\/2010\/04\/29\/musiikkivideoista-osa-1-mian-tyrmaava-born-free\/\"><em>Born Free<\/em> -videon <\/a>n\u00e4hneet voivat aavistaa, ett\u00e4 kyseess\u00e4 on jonkinlainen laajennettu esitys samasta aiheesta. <a href=\"http:\/\/en.wikipedia.org\/wiki\/Vincent_Cassel\"><strong>Vincent Cassel<\/strong><\/a> on mainittu p\u00e4\u00e4osanesitt\u00e4j\u00e4ksi.<\/p>\n\n\n\n<p>Suurten festivaalien voittajaelokuvat eiv\u00e4t yleens\u00e4 ole sen tyyppisi\u00e4 tuotantoja, ett\u00e4 niille teht\u00e4isiin jatko-osia, mutta <strong>Jose Padilha<\/strong> on jo kuvannut <em>Tropa de Elite 2:n<\/em> (englanniksi <em>Elite Squad 2<\/em>, tietty). Ensi-ilta on Brasiliassa syksyll\u00e4, joten ehk\u00e4 poliisij\u00e4nn\u00e4ri n\u00e4hd\u00e4\u00e4n helmikuussa Berliinin elokuvajuhlilla, josta ykk\u00f6sosa nappasi p\u00e4\u00e4palkinnon helmikuussa 2008.<\/p>\n\n\n\n<p><a href=\"https:\/\/suomenkuvalehti.fi\/kuvientakaa\/2010\/05\/15\/cannes-2010-viisi-ja-puoli-tuntia-terroristi-carlosin-seurassa\/\"><em>Carlosin<\/em><\/a> (oli hyv\u00e4!) tuottaja <strong>Daniel Leconte<\/strong> (muistetaan my\u00f6s mainiosta <em>It&#8217;s Hard to Be Loved By Jerks<\/em> -dokkarista) puuhaa jo toista samantyyppist\u00e4 elokuvaa. <strong>Bokassa<\/strong> -el\u00e4m\u00e4kerran ohjaisi <strong>Barbet Schroeder<\/strong>, ja siit\u00e4 teht\u00e4isiin sek\u00e4 minisarja ett\u00e4 elokuva. Kuulostaa lupaavalta yhdistelm\u00e4lt\u00e4 &#8211; Schroederin dokumentti <em>Idi Amin Dada<\/em> oli tajuton diktaattorimuotokuva ja oikeastaan yksi kaikkien aikojen parhaista elokuvista.<\/p>\n\n\n\n<p>Arvostettu tuottaja <strong>Ed Pressman<\/strong> on innostunut tekem\u00e4\u00e4n elokuvistaan jatko-osia ja remakeja. <strong>Werner Herzog<\/strong> visioi <em>Pahan poliisin <\/em>taannoin uusiksi ja <strong>Oliver Stone<\/strong> palasi <em>Wall Streetille<\/em>. Seuraavaksi vuorossa on uusi <em>The Crow<\/em>. Jos joku nyt uskaltaa n\u00e4ytell\u00e4 p\u00e4\u00e4roolin.<\/p>\n\n\n\n<p>Nelj\u00e4s <a href=\"http:\/\/en.wikipedia.org\/wiki\/Jos%C3%A9_Luis_Torrente\"><em>Torrente<\/em> -elokuva<\/a> tehd\u00e4\u00e4n kolmiulotteisena. T\u00e4ss\u00e4 on ensimm\u00e4inen 3D-projekti, josta on heti hyv\u00e4 fiilis!<\/p>\n\n\n\n<p>T\u00e4t\u00e4 on viel\u00e4 vaikeampi k\u00e4sitt\u00e4\u00e4, mutta: vuonna 2000 valmistuneesta <em>Battle Royalesta<\/em> tehd\u00e4\u00e4n 3D-konversio. Se tulee Japanissa elokuvateattereihin marraskuussa.<\/p>\n\n\n\n<p>\u00d6ljynporaaminen kiinnostaa elokuvantekij\u00f6it\u00e4: <strong>Hans-Petter Moland<\/strong> ohjaa Norjan \u00f6ljymahdin alkuvuosia ilmeisesti mikrotasolla kartoittavan <em>The Elephantin<\/em> ja <strong>Jean-Jacques Annaud<\/strong> kuvaa jo \u00f6ljymogulitarinaa <em>Black Thirst<\/em>.<\/p>\n\n\n\n<p>Ensi vuoden Cannesiin voitaneen jo varmistaa yksi elokuva. <strong>Lars von Trierin<\/strong> katastrofielokuvaksi kuvaillun <em>Melancholian<\/em> p\u00e4\u00e4osissa tullaan n\u00e4kem\u00e4\u00e4n ainakin <strong>Kirsten Dunst<\/strong>, <strong>Charlotte Gainsbourg<\/strong>, <strong>John Hurt<\/strong>, <strong>Stellan Skarsg\u00e5rd<\/strong> ja <strong>Kiefer Sutherland<\/strong>. &#8221;Suuri esine ulkoavaruudesta l\u00e4hestyy Maa-planeettaa&#8221;, kuvaili tuottaja <strong>Peter Aalbaek Jensen<\/strong> Melancholian juonta The Hollywood Reporter-lehdess\u00e4.<\/p>\n\n\n","protected":false},"excerpt":{"rendered":"<p>T\u00e4ss\u00e4 viel\u00e4 lis\u00e4katsausta Cannesissa esiteltyihin tai kaupattuihin elokuvahankkeisiin. Jesse Jamesin salamurha -ohjaaja Andrew Dominikin seuraava elokuva Blonde kertoo Marilyn Monroesta, jota n\u00e4yttelee Naomi Watts. K\u00e4sikirjoitus on<br \/>\nkuule&hellip;<\/p>\n","protected":false},"author":144,"featured_media":0,"comment_status":"open","ping_status":"open","sticky":false,"template":"","format":"standard","meta":{"_acf_changed":false,"asauth_required_access_level":0,"asauth_cansharepaid":"","om_header_attributes":[],"footnotes":"","om_featured_image_focal_point":[],"om_primary_tag":0,"om_contributors":[],"om_co_authors":[],"beyondwords_generate_audio":"","beyondwords_project_id":"","beyondwords_content_id":"","beyondwords_preview_token":"","beyondwords_player_content":"","beyondwords_player_style":"","beyondwords_language_code":"","beyondwords_language_id":"","beyondwords_title_voice_id":"","beyondwords_body_voice_id":"","beyondwords_summary_voice_id":"","beyondwords_error_message":"","beyondwords_disabled":"","beyondwords_delete_content":"","beyondwords_podcast_id":"","beyondwords_hash":"","publish_post_to_speechkit":"","speechkit_hash":"","speechkit_generate_audio":"","speechkit_project_id":"","speechkit_podcast_id":"","speechkit_error_message":"","speechkit_disabled":"","speechkit_access_key":"","speechkit_error":"","speechkit_info":"","speechkit_response":"","speechkit_retries":"","speechkit_status":"","speechkit_updated_at":"","_speechkit_link":"","_speechkit_text":""},"categories":[1],"tags":[1372,195,1081,205,1371,1041],"class_list":["post-838","post","type-post","status-publish","format-standard","hentry","category-kuvien-takaa","tag-barbet-schroeder","tag-cannesin-elokuvajuhlat","tag-jose-padilha","tag-lars-von-trier","tag-marilyn-monroe","tag-vincent-cassel"],"om_views":null,"acf":{"tuuma_off":false,"tuuma_kysymys":"","tuuma_vastaus":""},"asauth":{"required_access_level":1,"share_token":"","is_paid":false},"yoast_head":"<!-- This site is optimized with the Yoast SEO plugin v26.4 - https:\/\/yoast.com\/wordpress\/plugins\/seo\/ -->\n<title>Cannes 2010: tulossa Marilyn tuplana, Bokassa-elokuva, The Crow-remake ja uusi Trier tottakai - Kuvien takaa<\/title>\n<meta name=\"robots\" content=\"index, follow, max-snippet:-1, max-image-preview:large, max-video-preview:-1\" \/>\n<link rel=\"canonical\" href=\"https:\/\/suomenkuvalehti.fi\/kuvien-takaa\/cannes-2010-tulossa-marilyn-tuplana-bokassa-elokuva-the-crow-remake-ja-uusi-trier-tottakai\/\" \/>\n<meta property=\"og:locale\" content=\"fi_FI\" \/>\n<meta property=\"og:type\" content=\"article\" \/>\n<meta property=\"og:title\" content=\"Cannes 2010: tulossa Marilyn tuplana, Bokassa-elokuva, The Crow-remake ja uusi Trier tottakai - Kuvien takaa\" \/>\n<meta property=\"og:description\" content=\"T\u00e4ss\u00e4 viel\u00e4 lis\u00e4katsausta Cannesissa esiteltyihin tai kaupattuihin elokuvahankkeisiin. Jesse Jamesin salamurha -ohjaaja Andrew Dominikin seuraava elokuva Blonde kertoo Marilyn Monroesta, jota n\u00e4yttelee Naomi Watts. K\u00e4sikirjoitus on kuule&hellip;\" \/>\n<meta property=\"og:url\" content=\"https:\/\/suomenkuvalehti.fi\/kuvien-takaa\/cannes-2010-tulossa-marilyn-tuplana-bokassa-elokuva-the-crow-remake-ja-uusi-trier-tottakai\/\" \/>\n<meta property=\"og:site_name\" content=\"Kuvien takaa\" \/>\n<meta property=\"article:author\" content=\"https:\/\/www.facebook.com\/pages\/Kalle-Kinnunen-Kuvien-takaa\/190326157715410?fref=ts\" \/>\n<meta property=\"article:published_time\" content=\"2010-05-22T04:20:03+00:00\" \/>\n<meta property=\"article:modified_time\" content=\"2013-11-29T13:25:31+00:00\" \/>\n<meta property=\"og:image\" content=\"https:\/\/suomenkuvalehti.fi\/kuvien-takaa\/wp-content\/uploads\/sites\/11\/2022\/04\/kalle_kinnunen_blogi-1-scaled.jpg\" \/>\n\t<meta property=\"og:image:width\" content=\"2560\" \/>\n\t<meta property=\"og:image:height\" content=\"1707\" \/>\n\t<meta property=\"og:image:type\" content=\"image\/jpeg\" \/>\n<meta name=\"author\" content=\"Kalle Kinnunen\" \/>\n<meta name=\"twitter:card\" content=\"summary_large_image\" \/>\n<meta name=\"twitter:creator\" content=\"@https:\/\/twitter.com\/kallekinnunen\" \/>\n<meta name=\"twitter:label1\" content=\"Written by\" \/>\n\t<meta name=\"twitter:data1\" content=\"Kalle Kinnunen\" \/>\n\t<meta name=\"twitter:label2\" content=\"Est. reading time\" \/>\n\t<meta name=\"twitter:data2\" content=\"2 minuuttia\" \/>\n<script type=\"application\/ld+json\" class=\"yoast-schema-graph\">{\"@context\":\"https:\/\/schema.org\",\"@graph\":[{\"@type\":\"WebPage\",\"@id\":\"https:\/\/suomenkuvalehti.fi\/kuvien-takaa\/cannes-2010-tulossa-marilyn-tuplana-bokassa-elokuva-the-crow-remake-ja-uusi-trier-tottakai\/\",\"url\":\"https:\/\/suomenkuvalehti.fi\/kuvien-takaa\/cannes-2010-tulossa-marilyn-tuplana-bokassa-elokuva-the-crow-remake-ja-uusi-trier-tottakai\/\",\"name\":\"Cannes 2010: tulossa Marilyn tuplana, Bokassa-elokuva, The Crow-remake ja uusi Trier tottakai - Kuvien takaa\",\"isPartOf\":{\"@id\":\"https:\/\/suomenkuvalehti.fi\/kuvien-takaa\/#website\"},\"datePublished\":\"2010-05-22T04:20:03+00:00\",\"dateModified\":\"2013-11-29T13:25:31+00:00\",\"author\":{\"@id\":\"https:\/\/suomenkuvalehti.fi\/kuvien-takaa\/#\/schema\/person\/f3f657e4ad409e008f12af27bec60a23\"},\"breadcrumb\":{\"@id\":\"https:\/\/suomenkuvalehti.fi\/kuvien-takaa\/cannes-2010-tulossa-marilyn-tuplana-bokassa-elokuva-the-crow-remake-ja-uusi-trier-tottakai\/#breadcrumb\"},\"inLanguage\":\"fi\",\"potentialAction\":[{\"@type\":\"ReadAction\",\"target\":[\"https:\/\/suomenkuvalehti.fi\/kuvien-takaa\/cannes-2010-tulossa-marilyn-tuplana-bokassa-elokuva-the-crow-remake-ja-uusi-trier-tottakai\/\"]}]},{\"@type\":\"BreadcrumbList\",\"@id\":\"https:\/\/suomenkuvalehti.fi\/kuvien-takaa\/cannes-2010-tulossa-marilyn-tuplana-bokassa-elokuva-the-crow-remake-ja-uusi-trier-tottakai\/#breadcrumb\",\"itemListElement\":[{\"@type\":\"ListItem\",\"position\":1,\"name\":\"Home\",\"item\":\"https:\/\/suomenkuvalehti.fi\/kuvien-takaa\/\"},{\"@type\":\"ListItem\",\"position\":2,\"name\":\"Cannes 2010: tulossa Marilyn tuplana, Bokassa-elokuva, The Crow-remake ja uusi Trier tottakai\"}]},{\"@type\":\"WebSite\",\"@id\":\"https:\/\/suomenkuvalehti.fi\/kuvien-takaa\/#website\",\"url\":\"https:\/\/suomenkuvalehti.fi\/kuvien-takaa\/\",\"name\":\"Kuvien takaa\",\"description\":\"Elokuvakriitikko Kalle Kinnusen elokuvablogi.\",\"potentialAction\":[{\"@type\":\"SearchAction\",\"target\":{\"@type\":\"EntryPoint\",\"urlTemplate\":\"https:\/\/suomenkuvalehti.fi\/haku\/?q={search_term_string}\"},\"query-input\":{\"@type\":\"PropertyValueSpecification\",\"valueRequired\":true,\"valueName\":\"search_term_string\"}}],\"inLanguage\":\"fi\"},{\"@type\":\"Person\",\"@id\":\"https:\/\/suomenkuvalehti.fi\/kuvien-takaa\/#\/schema\/person\/f3f657e4ad409e008f12af27bec60a23\",\"name\":\"Kalle Kinnunen\",\"image\":{\"@type\":\"ImageObject\",\"inLanguage\":\"fi\",\"@id\":\"https:\/\/suomenkuvalehti.fi\/kuvien-takaa\/#\/schema\/person\/image\/\",\"url\":\"https:\/\/suomenkuvalehti.fi\/kuvien-takaa\/wp-content\/uploads\/sites\/11\/2022\/04\/kalle_kinnunen_blogi-1-150x150.jpg\",\"contentUrl\":\"https:\/\/suomenkuvalehti.fi\/kuvien-takaa\/wp-content\/uploads\/sites\/11\/2022\/04\/kalle_kinnunen_blogi-1-150x150.jpg\",\"caption\":\"Kalle Kinnunen\"},\"description\":\"Kalle Kinnunen on vapaa toimittaja ja Suomen Kuvalehden avustaja.\",\"sameAs\":[\"https:\/\/www.facebook.com\/pages\/Kalle-Kinnunen-Kuvien-takaa\/190326157715410?fref=ts\",\"https:\/\/x.com\/https:\/\/twitter.com\/kallekinnunen\"]}]}<\/script>\n<!-- \/ Yoast SEO plugin. -->","yoast_head_json":{"title":"Cannes 2010: tulossa Marilyn tuplana, Bokassa-elokuva, The Crow-remake ja uusi Trier tottakai - Kuvien takaa","robots":{"index":"index","follow":"follow","max-snippet":"max-snippet:-1","max-image-preview":"max-image-preview:large","max-video-preview":"max-video-preview:-1"},"canonical":"https:\/\/suomenkuvalehti.fi\/kuvien-takaa\/cannes-2010-tulossa-marilyn-tuplana-bokassa-elokuva-the-crow-remake-ja-uusi-trier-tottakai\/","og_locale":"fi_FI","og_type":"article","og_title":"Cannes 2010: tulossa Marilyn tuplana, Bokassa-elokuva, The Crow-remake ja uusi Trier tottakai - Kuvien takaa","og_description":"T\u00e4ss\u00e4 viel\u00e4 lis\u00e4katsausta Cannesissa esiteltyihin tai kaupattuihin elokuvahankkeisiin. Jesse Jamesin salamurha -ohjaaja Andrew Dominikin seuraava elokuva Blonde kertoo Marilyn Monroesta, jota n\u00e4yttelee Naomi Watts. K\u00e4sikirjoitus on kuule&hellip;","og_url":"https:\/\/suomenkuvalehti.fi\/kuvien-takaa\/cannes-2010-tulossa-marilyn-tuplana-bokassa-elokuva-the-crow-remake-ja-uusi-trier-tottakai\/","og_site_name":"Kuvien takaa","article_author":"https:\/\/www.facebook.com\/pages\/Kalle-Kinnunen-Kuvien-takaa\/190326157715410?fref=ts","article_published_time":"2010-05-22T04:20:03+00:00","article_modified_time":"2013-11-29T13:25:31+00:00","og_image":[{"width":2560,"height":1707,"url":"https:\/\/suomenkuvalehti.fi\/kuvien-takaa\/wp-content\/uploads\/sites\/11\/2022\/04\/kalle_kinnunen_blogi-1-scaled.jpg","type":"image\/jpeg"}],"author":"Kalle Kinnunen","twitter_card":"summary_large_image","twitter_creator":"@https:\/\/twitter.com\/kallekinnunen","twitter_misc":{"Written by":"Kalle Kinnunen","Est. reading time":"2 minuuttia"},"schema":{"@context":"https:\/\/schema.org","@graph":[{"@type":"WebPage","@id":"https:\/\/suomenkuvalehti.fi\/kuvien-takaa\/cannes-2010-tulossa-marilyn-tuplana-bokassa-elokuva-the-crow-remake-ja-uusi-trier-tottakai\/","url":"https:\/\/suomenkuvalehti.fi\/kuvien-takaa\/cannes-2010-tulossa-marilyn-tuplana-bokassa-elokuva-the-crow-remake-ja-uusi-trier-tottakai\/","name":"Cannes 2010: tulossa Marilyn tuplana, Bokassa-elokuva, The Crow-remake ja uusi Trier tottakai - Kuvien takaa","isPartOf":{"@id":"https:\/\/suomenkuvalehti.fi\/kuvien-takaa\/#website"},"datePublished":"2010-05-22T04:20:03+00:00","dateModified":"2013-11-29T13:25:31+00:00","author":{"@id":"https:\/\/suomenkuvalehti.fi\/kuvien-takaa\/#\/schema\/person\/f3f657e4ad409e008f12af27bec60a23"},"breadcrumb":{"@id":"https:\/\/suomenkuvalehti.fi\/kuvien-takaa\/cannes-2010-tulossa-marilyn-tuplana-bokassa-elokuva-the-crow-remake-ja-uusi-trier-tottakai\/#breadcrumb"},"inLanguage":"fi","potentialAction":[{"@type":"ReadAction","target":["https:\/\/suomenkuvalehti.fi\/kuvien-takaa\/cannes-2010-tulossa-marilyn-tuplana-bokassa-elokuva-the-crow-remake-ja-uusi-trier-tottakai\/"]}]},{"@type":"BreadcrumbList","@id":"https:\/\/suomenkuvalehti.fi\/kuvien-takaa\/cannes-2010-tulossa-marilyn-tuplana-bokassa-elokuva-the-crow-remake-ja-uusi-trier-tottakai\/#breadcrumb","itemListElement":[{"@type":"ListItem","position":1,"name":"Home","item":"https:\/\/suomenkuvalehti.fi\/kuvien-takaa\/"},{"@type":"ListItem","position":2,"name":"Cannes 2010: tulossa Marilyn tuplana, Bokassa-elokuva, The Crow-remake ja uusi Trier tottakai"}]},{"@type":"WebSite","@id":"https:\/\/suomenkuvalehti.fi\/kuvien-takaa\/#website","url":"https:\/\/suomenkuvalehti.fi\/kuvien-takaa\/","name":"Kuvien takaa","description":"Elokuvakriitikko Kalle Kinnusen elokuvablogi.","potentialAction":[{"@type":"SearchAction","target":{"@type":"EntryPoint","urlTemplate":"https:\/\/suomenkuvalehti.fi\/haku\/?q={search_term_string}"},"query-input":{"@type":"PropertyValueSpecification","valueRequired":true,"valueName":"search_term_string"}}],"inLanguage":"fi"},{"@type":"Person","@id":"https:\/\/suomenkuvalehti.fi\/kuvien-takaa\/#\/schema\/person\/f3f657e4ad409e008f12af27bec60a23","name":"Kalle Kinnunen","image":{"@type":"ImageObject","inLanguage":"fi","@id":"https:\/\/suomenkuvalehti.fi\/kuvien-takaa\/#\/schema\/person\/image\/","url":"https:\/\/suomenkuvalehti.fi\/kuvien-takaa\/wp-content\/uploads\/sites\/11\/2022\/04\/kalle_kinnunen_blogi-1-150x150.jpg","contentUrl":"https:\/\/suomenkuvalehti.fi\/kuvien-takaa\/wp-content\/uploads\/sites\/11\/2022\/04\/kalle_kinnunen_blogi-1-150x150.jpg","caption":"Kalle Kinnunen"},"description":"Kalle Kinnunen on vapaa toimittaja ja Suomen Kuvalehden avustaja.","sameAs":["https:\/\/www.facebook.com\/pages\/Kalle-Kinnunen-Kuvien-takaa\/190326157715410?fref=ts","https:\/\/x.com\/https:\/\/twitter.com\/kallekinnunen"]}]}},"_links":{"self":[{"href":"https:\/\/suomenkuvalehti.fi\/kuvien-takaa\/wp-json\/wp\/v2\/posts\/838","targetHints":{"allow":["GET"]}}],"collection":[{"href":"https:\/\/suomenkuvalehti.fi\/kuvien-takaa\/wp-json\/wp\/v2\/posts"}],"about":[{"href":"https:\/\/suomenkuvalehti.fi\/kuvien-takaa\/wp-json\/wp\/v2\/types\/post"}],"author":[{"embeddable":true,"href":"https:\/\/suomenkuvalehti.fi\/kuvien-takaa\/wp-json\/wp\/v2\/users\/144"}],"replies":[{"embeddable":true,"href":"https:\/\/suomenkuvalehti.fi\/kuvien-takaa\/wp-json\/wp\/v2\/comments?post=838"}],"version-history":[{"count":1,"href":"https:\/\/suomenkuvalehti.fi\/kuvien-takaa\/wp-json\/wp\/v2\/posts\/838\/revisions"}],"predecessor-version":[{"id":1450,"href":"https:\/\/suomenkuvalehti.fi\/kuvien-takaa\/wp-json\/wp\/v2\/posts\/838\/revisions\/1450"}],"wp:attachment":[{"href":"https:\/\/suomenkuvalehti.fi\/kuvien-takaa\/wp-json\/wp\/v2\/media?parent=838"}],"wp:term":[{"taxonomy":"category","embeddable":true,"href":"https:\/\/suomenkuvalehti.fi\/kuvien-takaa\/wp-json\/wp\/v2\/categories?post=838"},{"taxonomy":"post_tag","embeddable":true,"href":"https:\/\/suomenkuvalehti.fi\/kuvien-takaa\/wp-json\/wp\/v2\/tags?post=838"}],"curies":[{"name":"wp","href":"https:\/\/api.w.org\/{rel}","templated":true}]}}