{"id":826,"date":"2010-06-11T06:33:01","date_gmt":"2010-06-11T03:33:01","guid":{"rendered":"https:\/\/suomenkuvalehti.fi\/kuvientakaa\/2010\/06\/11\/ayn-rand-elokuva-atlas-shrugged-tuotantoon-kesakuussa-mutta-miksi\/"},"modified":"2010-06-11T06:33:01","modified_gmt":"2010-06-11T03:33:01","slug":"ayn-rand-elokuva-atlas-shrugged-tuotantoon-kesakuussa-mutta-miksi","status":"publish","type":"post","link":"https:\/\/suomenkuvalehti.fi\/kuvien-takaa\/ayn-rand-elokuva-atlas-shrugged-tuotantoon-kesakuussa-mutta-miksi\/","title":{"rendered":"Ayn Rand-elokuva Atlas Shrugged tuotantoon kes\u00e4kuussa &#8211; mutta miksi?"},"content":{"rendered":"\n<p>Libertaarien suosikiksi sanotun <strong>Ayn Randin<\/strong> kirjojen filmaaminen on ollut monella mieless\u00e4, mutta elokuvia ei ole n\u00e4hty sitten vuoden 1947 <em>Fountainheadin<\/em>. Nyt <em>Atlas Shruggedia<\/em> ryhdyt\u00e4\u00e4n kuvaamaan. Romaanista tulee nelj\u00e4 elokuvaa &#8211; ainakin niin v\u00e4itet\u00e4\u00e4n.<\/p>\n\n\n\n\n<p>Ayn Rand ei ole Suomessa kovin tunnettu. H\u00e4n voisi olla jo siksi, ett\u00e4 Rand &#8211; oik. Alisa Rosenbaum &#8211; valitsi kirjailijanimens\u00e4 <strong>Aino Kallaksen<\/strong> mukaan, ihailtuaan <em>Sudenmorsianta<\/em>. Mutta itse Randin romaaneista ei ole suomennettu ensimm\u00e4ist\u00e4k\u00e4\u00e4n.<\/p>\n\n\n\n<p>Randin merkkiteokset ovat Fountainhead ja <a href=\"http:\/\/fi.wikipedia.org\/wiki\/Atlas_Shrugged\">Atlas Shrugged<\/a>, molemmat kuvauksia poikkeusyksil\u00f6n voimasta ja yhteiskunnan tasap\u00e4ist\u00e4v\u00e4st\u00e4 painolastista.<\/p>\n\n\n\n<p>Kirjailija on kiistelty &#8211; kannattiko h\u00e4n silkkaa itsekkyytt\u00e4 ja vahvemman voimaa? kyll\u00e4 ja kyll\u00e4 &#8211; ja Yhdysvalloissa vaikutukseltaan h\u00e4mm\u00e4stytt\u00e4v\u00e4n merkitt\u00e4v\u00e4. Kongressin kirjaston ja suuren kirjakerhon \u00e4\u00e4nestyksess\u00e4 vuonna 1991 Atlas Shrugged valittiin <a href=\"http:\/\/en.wikipedia.org\/wiki\/Atlas_Shrugged#Praise.2C_influence_and_renewed_popularity\"><em>Raamatun<\/em> j\u00e4lkeen toiseksi vaikutusvaltaisimmaksi <\/a>kirjaksi.<\/p>\n\n\n\n<p><strong>Cary Cooper<\/strong> n\u00e4ytteli <a href=\"http:\/\/akas.imdb.com\/title\/tt0041386\/\">Fountainhead-filmatisoinnin <em>Pilvenpiirt\u00e4j\u00e4n<\/em><\/a> p\u00e4\u00e4osan 1949. My\u00f6hemmin <strong>Oliver Stone<\/strong> on yritt\u00e4nyt tehd\u00e4 romaanista modernia elokuvaa.<\/p>\n\n\n\n<p>Nyt Rand-elokuvia on tulossa. Atlas Shruggedista &#8211; joka on <em>Tarua Sormusten herrasta<\/em> pidempi &#8211; tehd\u00e4\u00e4n ehk\u00e4 per\u00e4ti tetralogia.<\/p>\n\n\n\n<p>Kuvaukset alkavat nyt kes\u00e4kuussa, <a href=\"http:\/\/www.deadline.com\/2010\/05\/atlas-shrugged-rights-holder-sets-june-production-start-whether-or-not-stars-align\/\">Deadline Hollywood<\/a> kertoi.<\/p>\n\n\n\n<p>Mutta malttia &#8211; uutinen my\u00f6s vihjaa, ett\u00e4 tuottaja <strong>John Agliaro<\/strong> joutuu tekem\u00e4\u00e4n jonkin sortin elokuvan, koska muuten h\u00e4n menett\u00e4isi elokuvaoikeudet. H\u00e4t\u00e4 on k\u00e4sill\u00e4, sill\u00e4 oikeudet ovat tuota pikaa raukeamassa &#8211; eik\u00e4 l\u00e4hip\u00e4ivin\u00e4 alkavaan tuotantoon ole edes kiinnitetty isoa t\u00e4hte\u00e4, vaikka <strong>Charlize Theronin<\/strong> on kerrottu olleen kiinnostunut p\u00e4\u00e4roolista.<\/p>\n\n\n\n<p>Saattaa siis jopa olla, ett\u00e4 elokuva tehd\u00e4\u00e4n ilman, ett\u00e4 sit\u00e4 aiotaan koskaan levitt\u00e4\u00e4.<\/p>\n\n\n\n<p>N\u00e4in k\u00e4vi vuonna 1992, kun saksalainen Constantin Film -yhti\u00f6 oli menett\u00e4m\u00e4ss\u00e4 oikeudet Marvelin <em>Fantastic Four <\/em>-sarjakuvahahmoihin. <a href=\"http:\/\/en.wikipedia.org\/wiki\/The_Fantastic_Four_%28film%29\">Leffa teet\u00e4tettiin superhalvalla<\/a><strong>Roger Cormanin<\/strong> pajalla &#8211; ja haudattiin kuten oli suunniteltu. Reilut kymmenen vuotta my\u00f6hemmin Constantin Film osatuotti satoja miljoonia euroja tuottaneet Fantastic Four -Hollywood-elokuvat.<\/p>\n\n\n","protected":false},"excerpt":{"rendered":"<p>Libertaarien suosikiksi sanotun Ayn Randin kirjojen filmaaminen on ollut monella mieless\u00e4, mutta elokuvia ei ole n\u00e4hty sitten vuoden 1947 Fountainheadin. Nyt Atlas Shruggedia ryhdyt\u00e4\u00e4n kuvaamaan. Romaanista tulee nelj\u00e4 elokuvaa &#8211; ainakin niin<br \/>\nv\u00e4it&hellip;<\/p>\n","protected":false},"author":144,"featured_media":0,"comment_status":"open","ping_status":"open","sticky":false,"template":"","format":"standard","meta":{"_acf_changed":false,"asauth_required_access_level":0,"asauth_cansharepaid":"","om_header_attributes":[],"footnotes":"","om_featured_image_focal_point":[],"om_primary_tag":0,"om_contributors":[],"om_co_authors":[],"beyondwords_generate_audio":"","beyondwords_project_id":"","beyondwords_content_id":"","beyondwords_preview_token":"","beyondwords_player_content":"","beyondwords_player_style":"","beyondwords_language_code":"","beyondwords_language_id":"","beyondwords_title_voice_id":"","beyondwords_body_voice_id":"","beyondwords_summary_voice_id":"","beyondwords_error_message":"","beyondwords_disabled":"","beyondwords_delete_content":"","beyondwords_podcast_id":"","beyondwords_hash":"","publish_post_to_speechkit":"","speechkit_hash":"","speechkit_generate_audio":"","speechkit_project_id":"","speechkit_podcast_id":"","speechkit_error_message":"","speechkit_disabled":"","speechkit_access_key":"","speechkit_error":"","speechkit_info":"","speechkit_response":"","speechkit_retries":"","speechkit_status":"","speechkit_updated_at":"","_speechkit_link":"","_speechkit_text":""},"categories":[1],"tags":[1354,1353,1355],"class_list":["post-826","post","type-post","status-publish","format-standard","hentry","category-kuvien-takaa","tag-atlas-shrugged","tag-ayn-rand","tag-fountainhead"],"om_views":null,"acf":{"tuuma_off":false,"tuuma_kysymys":"","tuuma_vastaus":""},"asauth":{"required_access_level":1,"share_token":"","is_paid":false},"yoast_head":"<!-- This site is optimized with the Yoast SEO plugin v26.4 - https:\/\/yoast.com\/wordpress\/plugins\/seo\/ -->\n<title>Ayn Rand-elokuva Atlas Shrugged tuotantoon kes\u00e4kuussa - mutta miksi? - Kuvien takaa<\/title>\n<meta name=\"robots\" content=\"index, follow, max-snippet:-1, max-image-preview:large, max-video-preview:-1\" \/>\n<link rel=\"canonical\" href=\"https:\/\/suomenkuvalehti.fi\/kuvien-takaa\/ayn-rand-elokuva-atlas-shrugged-tuotantoon-kesakuussa-mutta-miksi\/\" \/>\n<meta property=\"og:locale\" content=\"fi_FI\" \/>\n<meta property=\"og:type\" content=\"article\" \/>\n<meta property=\"og:title\" content=\"Ayn Rand-elokuva Atlas Shrugged tuotantoon kes\u00e4kuussa - mutta miksi? - Kuvien takaa\" \/>\n<meta property=\"og:description\" content=\"Libertaarien suosikiksi sanotun Ayn Randin kirjojen filmaaminen on ollut monella mieless\u00e4, mutta elokuvia ei ole n\u00e4hty sitten vuoden 1947 Fountainheadin. Nyt Atlas Shruggedia ryhdyt\u00e4\u00e4n kuvaamaan. Romaanista tulee nelj\u00e4 elokuvaa &#8211; ainakin niin v\u00e4it&hellip;\" \/>\n<meta property=\"og:url\" content=\"https:\/\/suomenkuvalehti.fi\/kuvien-takaa\/ayn-rand-elokuva-atlas-shrugged-tuotantoon-kesakuussa-mutta-miksi\/\" \/>\n<meta property=\"og:site_name\" content=\"Kuvien takaa\" \/>\n<meta property=\"article:author\" content=\"https:\/\/www.facebook.com\/pages\/Kalle-Kinnunen-Kuvien-takaa\/190326157715410?fref=ts\" \/>\n<meta property=\"article:published_time\" content=\"2010-06-11T03:33:01+00:00\" \/>\n<meta property=\"og:image\" content=\"https:\/\/suomenkuvalehti.fi\/kuvien-takaa\/wp-content\/uploads\/sites\/11\/2022\/04\/kalle_kinnunen_blogi-1-scaled.jpg\" \/>\n\t<meta property=\"og:image:width\" content=\"2560\" \/>\n\t<meta property=\"og:image:height\" content=\"1707\" \/>\n\t<meta property=\"og:image:type\" content=\"image\/jpeg\" \/>\n<meta name=\"author\" content=\"Kalle Kinnunen\" \/>\n<meta name=\"twitter:card\" content=\"summary_large_image\" \/>\n<meta name=\"twitter:creator\" content=\"@https:\/\/twitter.com\/kallekinnunen\" \/>\n<meta name=\"twitter:label1\" content=\"Written by\" \/>\n\t<meta name=\"twitter:data1\" content=\"Kalle Kinnunen\" \/>\n\t<meta name=\"twitter:label2\" content=\"Est. reading time\" \/>\n\t<meta name=\"twitter:data2\" content=\"2 minuuttia\" \/>\n<script type=\"application\/ld+json\" class=\"yoast-schema-graph\">{\"@context\":\"https:\/\/schema.org\",\"@graph\":[{\"@type\":\"WebPage\",\"@id\":\"https:\/\/suomenkuvalehti.fi\/kuvien-takaa\/ayn-rand-elokuva-atlas-shrugged-tuotantoon-kesakuussa-mutta-miksi\/\",\"url\":\"https:\/\/suomenkuvalehti.fi\/kuvien-takaa\/ayn-rand-elokuva-atlas-shrugged-tuotantoon-kesakuussa-mutta-miksi\/\",\"name\":\"Ayn Rand-elokuva Atlas Shrugged tuotantoon kes\u00e4kuussa - mutta miksi? - Kuvien takaa\",\"isPartOf\":{\"@id\":\"https:\/\/suomenkuvalehti.fi\/kuvien-takaa\/#website\"},\"datePublished\":\"2010-06-11T03:33:01+00:00\",\"author\":{\"@id\":\"https:\/\/suomenkuvalehti.fi\/kuvien-takaa\/#\/schema\/person\/f3f657e4ad409e008f12af27bec60a23\"},\"breadcrumb\":{\"@id\":\"https:\/\/suomenkuvalehti.fi\/kuvien-takaa\/ayn-rand-elokuva-atlas-shrugged-tuotantoon-kesakuussa-mutta-miksi\/#breadcrumb\"},\"inLanguage\":\"fi\",\"potentialAction\":[{\"@type\":\"ReadAction\",\"target\":[\"https:\/\/suomenkuvalehti.fi\/kuvien-takaa\/ayn-rand-elokuva-atlas-shrugged-tuotantoon-kesakuussa-mutta-miksi\/\"]}]},{\"@type\":\"BreadcrumbList\",\"@id\":\"https:\/\/suomenkuvalehti.fi\/kuvien-takaa\/ayn-rand-elokuva-atlas-shrugged-tuotantoon-kesakuussa-mutta-miksi\/#breadcrumb\",\"itemListElement\":[{\"@type\":\"ListItem\",\"position\":1,\"name\":\"Home\",\"item\":\"https:\/\/suomenkuvalehti.fi\/kuvien-takaa\/\"},{\"@type\":\"ListItem\",\"position\":2,\"name\":\"Ayn Rand-elokuva Atlas Shrugged tuotantoon kes\u00e4kuussa &#8211; mutta miksi?\"}]},{\"@type\":\"WebSite\",\"@id\":\"https:\/\/suomenkuvalehti.fi\/kuvien-takaa\/#website\",\"url\":\"https:\/\/suomenkuvalehti.fi\/kuvien-takaa\/\",\"name\":\"Kuvien takaa\",\"description\":\"Elokuvakriitikko Kalle Kinnusen elokuvablogi.\",\"potentialAction\":[{\"@type\":\"SearchAction\",\"target\":{\"@type\":\"EntryPoint\",\"urlTemplate\":\"https:\/\/suomenkuvalehti.fi\/haku\/?q={search_term_string}\"},\"query-input\":{\"@type\":\"PropertyValueSpecification\",\"valueRequired\":true,\"valueName\":\"search_term_string\"}}],\"inLanguage\":\"fi\"},{\"@type\":\"Person\",\"@id\":\"https:\/\/suomenkuvalehti.fi\/kuvien-takaa\/#\/schema\/person\/f3f657e4ad409e008f12af27bec60a23\",\"name\":\"Kalle Kinnunen\",\"image\":{\"@type\":\"ImageObject\",\"inLanguage\":\"fi\",\"@id\":\"https:\/\/suomenkuvalehti.fi\/kuvien-takaa\/#\/schema\/person\/image\/\",\"url\":\"https:\/\/suomenkuvalehti.fi\/kuvien-takaa\/wp-content\/uploads\/sites\/11\/2022\/04\/kalle_kinnunen_blogi-1-150x150.jpg\",\"contentUrl\":\"https:\/\/suomenkuvalehti.fi\/kuvien-takaa\/wp-content\/uploads\/sites\/11\/2022\/04\/kalle_kinnunen_blogi-1-150x150.jpg\",\"caption\":\"Kalle Kinnunen\"},\"description\":\"Kalle Kinnunen on vapaa toimittaja ja Suomen Kuvalehden avustaja.\",\"sameAs\":[\"https:\/\/www.facebook.com\/pages\/Kalle-Kinnunen-Kuvien-takaa\/190326157715410?fref=ts\",\"https:\/\/x.com\/https:\/\/twitter.com\/kallekinnunen\"]}]}<\/script>\n<!-- \/ Yoast SEO plugin. -->","yoast_head_json":{"title":"Ayn Rand-elokuva Atlas Shrugged tuotantoon kes\u00e4kuussa - mutta miksi? - Kuvien takaa","robots":{"index":"index","follow":"follow","max-snippet":"max-snippet:-1","max-image-preview":"max-image-preview:large","max-video-preview":"max-video-preview:-1"},"canonical":"https:\/\/suomenkuvalehti.fi\/kuvien-takaa\/ayn-rand-elokuva-atlas-shrugged-tuotantoon-kesakuussa-mutta-miksi\/","og_locale":"fi_FI","og_type":"article","og_title":"Ayn Rand-elokuva Atlas Shrugged tuotantoon kes\u00e4kuussa - mutta miksi? - Kuvien takaa","og_description":"Libertaarien suosikiksi sanotun Ayn Randin kirjojen filmaaminen on ollut monella mieless\u00e4, mutta elokuvia ei ole n\u00e4hty sitten vuoden 1947 Fountainheadin. Nyt Atlas Shruggedia ryhdyt\u00e4\u00e4n kuvaamaan. Romaanista tulee nelj\u00e4 elokuvaa &#8211; ainakin niin v\u00e4it&hellip;","og_url":"https:\/\/suomenkuvalehti.fi\/kuvien-takaa\/ayn-rand-elokuva-atlas-shrugged-tuotantoon-kesakuussa-mutta-miksi\/","og_site_name":"Kuvien takaa","article_author":"https:\/\/www.facebook.com\/pages\/Kalle-Kinnunen-Kuvien-takaa\/190326157715410?fref=ts","article_published_time":"2010-06-11T03:33:01+00:00","og_image":[{"width":2560,"height":1707,"url":"https:\/\/suomenkuvalehti.fi\/kuvien-takaa\/wp-content\/uploads\/sites\/11\/2022\/04\/kalle_kinnunen_blogi-1-scaled.jpg","type":"image\/jpeg"}],"author":"Kalle Kinnunen","twitter_card":"summary_large_image","twitter_creator":"@https:\/\/twitter.com\/kallekinnunen","twitter_misc":{"Written by":"Kalle Kinnunen","Est. reading time":"2 minuuttia"},"schema":{"@context":"https:\/\/schema.org","@graph":[{"@type":"WebPage","@id":"https:\/\/suomenkuvalehti.fi\/kuvien-takaa\/ayn-rand-elokuva-atlas-shrugged-tuotantoon-kesakuussa-mutta-miksi\/","url":"https:\/\/suomenkuvalehti.fi\/kuvien-takaa\/ayn-rand-elokuva-atlas-shrugged-tuotantoon-kesakuussa-mutta-miksi\/","name":"Ayn Rand-elokuva Atlas Shrugged tuotantoon kes\u00e4kuussa - mutta miksi? - Kuvien takaa","isPartOf":{"@id":"https:\/\/suomenkuvalehti.fi\/kuvien-takaa\/#website"},"datePublished":"2010-06-11T03:33:01+00:00","author":{"@id":"https:\/\/suomenkuvalehti.fi\/kuvien-takaa\/#\/schema\/person\/f3f657e4ad409e008f12af27bec60a23"},"breadcrumb":{"@id":"https:\/\/suomenkuvalehti.fi\/kuvien-takaa\/ayn-rand-elokuva-atlas-shrugged-tuotantoon-kesakuussa-mutta-miksi\/#breadcrumb"},"inLanguage":"fi","potentialAction":[{"@type":"ReadAction","target":["https:\/\/suomenkuvalehti.fi\/kuvien-takaa\/ayn-rand-elokuva-atlas-shrugged-tuotantoon-kesakuussa-mutta-miksi\/"]}]},{"@type":"BreadcrumbList","@id":"https:\/\/suomenkuvalehti.fi\/kuvien-takaa\/ayn-rand-elokuva-atlas-shrugged-tuotantoon-kesakuussa-mutta-miksi\/#breadcrumb","itemListElement":[{"@type":"ListItem","position":1,"name":"Home","item":"https:\/\/suomenkuvalehti.fi\/kuvien-takaa\/"},{"@type":"ListItem","position":2,"name":"Ayn Rand-elokuva Atlas Shrugged tuotantoon kes\u00e4kuussa &#8211; mutta miksi?"}]},{"@type":"WebSite","@id":"https:\/\/suomenkuvalehti.fi\/kuvien-takaa\/#website","url":"https:\/\/suomenkuvalehti.fi\/kuvien-takaa\/","name":"Kuvien takaa","description":"Elokuvakriitikko Kalle Kinnusen elokuvablogi.","potentialAction":[{"@type":"SearchAction","target":{"@type":"EntryPoint","urlTemplate":"https:\/\/suomenkuvalehti.fi\/haku\/?q={search_term_string}"},"query-input":{"@type":"PropertyValueSpecification","valueRequired":true,"valueName":"search_term_string"}}],"inLanguage":"fi"},{"@type":"Person","@id":"https:\/\/suomenkuvalehti.fi\/kuvien-takaa\/#\/schema\/person\/f3f657e4ad409e008f12af27bec60a23","name":"Kalle Kinnunen","image":{"@type":"ImageObject","inLanguage":"fi","@id":"https:\/\/suomenkuvalehti.fi\/kuvien-takaa\/#\/schema\/person\/image\/","url":"https:\/\/suomenkuvalehti.fi\/kuvien-takaa\/wp-content\/uploads\/sites\/11\/2022\/04\/kalle_kinnunen_blogi-1-150x150.jpg","contentUrl":"https:\/\/suomenkuvalehti.fi\/kuvien-takaa\/wp-content\/uploads\/sites\/11\/2022\/04\/kalle_kinnunen_blogi-1-150x150.jpg","caption":"Kalle Kinnunen"},"description":"Kalle Kinnunen on vapaa toimittaja ja Suomen Kuvalehden avustaja.","sameAs":["https:\/\/www.facebook.com\/pages\/Kalle-Kinnunen-Kuvien-takaa\/190326157715410?fref=ts","https:\/\/x.com\/https:\/\/twitter.com\/kallekinnunen"]}]}},"_links":{"self":[{"href":"https:\/\/suomenkuvalehti.fi\/kuvien-takaa\/wp-json\/wp\/v2\/posts\/826","targetHints":{"allow":["GET"]}}],"collection":[{"href":"https:\/\/suomenkuvalehti.fi\/kuvien-takaa\/wp-json\/wp\/v2\/posts"}],"about":[{"href":"https:\/\/suomenkuvalehti.fi\/kuvien-takaa\/wp-json\/wp\/v2\/types\/post"}],"author":[{"embeddable":true,"href":"https:\/\/suomenkuvalehti.fi\/kuvien-takaa\/wp-json\/wp\/v2\/users\/144"}],"replies":[{"embeddable":true,"href":"https:\/\/suomenkuvalehti.fi\/kuvien-takaa\/wp-json\/wp\/v2\/comments?post=826"}],"version-history":[{"count":0,"href":"https:\/\/suomenkuvalehti.fi\/kuvien-takaa\/wp-json\/wp\/v2\/posts\/826\/revisions"}],"wp:attachment":[{"href":"https:\/\/suomenkuvalehti.fi\/kuvien-takaa\/wp-json\/wp\/v2\/media?parent=826"}],"wp:term":[{"taxonomy":"category","embeddable":true,"href":"https:\/\/suomenkuvalehti.fi\/kuvien-takaa\/wp-json\/wp\/v2\/categories?post=826"},{"taxonomy":"post_tag","embeddable":true,"href":"https:\/\/suomenkuvalehti.fi\/kuvien-takaa\/wp-json\/wp\/v2\/tags?post=826"}],"curies":[{"name":"wp","href":"https:\/\/api.w.org\/{rel}","templated":true}]}}