{"id":821,"date":"2010-06-14T06:01:00","date_gmt":"2010-06-14T03:01:00","guid":{"rendered":"https:\/\/suomenkuvalehti.fi\/kuvientakaa\/2010\/06\/14\/elokuvien-ikarajoista-ja-paahanpotkimisesta\/"},"modified":"2013-11-29T15:25:27","modified_gmt":"2013-11-29T13:25:27","slug":"elokuvien-ikarajoista-ja-paahanpotkimisesta","status":"publish","type":"post","link":"https:\/\/suomenkuvalehti.fi\/kuvien-takaa\/elokuvien-ikarajoista-ja-paahanpotkimisesta\/","title":{"rendered":"Elokuvien ik\u00e4rajoista ja p\u00e4\u00e4h\u00e4npotkimisesta"},"content":{"rendered":"\n<p>Kirjoitin viime viikolla elokuvien ennakkotarkastuksen tulevaisuudesta. Ik\u00e4rajojen antaminen siirtynee elokuvien (ja pelien) maahantuojien omalle vastuulle, pois viranomaisilta.<\/p>\n\n\n\n\n<p><a href=\"https:\/\/suomenkuvalehti.fi\/kuvientakaa\/2010\/06\/09\/valtion-elokuvatarkastamoa-ajetaan-alas-kuka-paattaa-ikarajoista-tulevaisuudessa\/\">Blogimerkinn\u00e4st\u00e4ni<\/a> her\u00e4si keskustelua, jossa mainittiin, ett\u00e4 ei ik\u00e4rajoja sent\u00e4\u00e4n ihan fiilispohjalta tulevaisuudessakaan annettaisi.<\/p>\n\n\n\n<p>K\u00e4ytt\u00e4m\u00e4ni ilmaisu &#8221;fiilispohja&#8221; oli totta kai pieni k\u00e4rjistys, mutta hyvin tapauskohtaista ja ristiriitaista on ik\u00e4rajojen antaminen aina ollut.<\/p>\n\n\n\n<p>Tuore esimerkki: muutama viikko sitten Valtion elokuvatarkastamon (VET) pomo <strong>Matti Paloheimo<\/strong><a href=\"http:\/\/www.hs.fi\/nyt\/artikkeli\/N%C3%A4m%C3%A4+kiellettiin+suomalaisilta\/1135256971039\">kertoi Nyt-liitteess\u00e4<\/a>, ett\u00e4 p\u00e4\u00e4h\u00e4n potkimisen n\u00e4ytt\u00e4misest\u00e4 seuraa aina v\u00e4hint\u00e4\u00e4n K-15-ik\u00e4raja.<\/p>\n\n\n\n<p>Viime viikolla VET:ss\u00e4 tarkastettiin uusi <a href=\"https:\/\/www.youtube.com\/watch?v=XY8amUImEu0\"><em>Karate Kid<\/em><\/a>.<\/p>\n\n\n\n<p><em>&#8221;80-luvun elokuvasarjan malliin tehdyss\u00e4 kungfu-elokuvassa useita v\u00e4kivaltakohtauksia, joissa tehostein korostettua ly\u00f6nti-ja potkuv\u00e4kivaltaa. My\u00f6s j\u00e4rjestetyiss\u00e4 kungfu-otteluissa p\u00e4\u00e4h\u00e4npotkuja ja lis\u00e4ksi tahallista vahingoittamista&#8221;<\/em>, kuvaillaan VET:n tarkastusp\u00e4\u00e4t\u00f6ksess\u00e4.<\/p>\n\n\n\n<p>Ik\u00e4rajaksi <a href=\"http:\/\/195.197.150.133\/elokuvahaku\/EH1210.aspx?ID=438618&amp;lcid=1035\">annettiin K-13<\/a>.<\/p>\n\n\n","protected":false},"excerpt":{"rendered":"<p>Kirjoitin viime viikolla elokuvien ennakkotarkastuksen tulevaisuudesta. Ik\u00e4rajojen antaminen siirtynee elokuvien (ja pelien) maahantuojien omalle vastuulle, pois viranomaisilta. Blogimerkinn\u00e4st\u00e4ni her\u00e4si keskustelua, jossa mainittiin, ett\u00e4 ei ik\u00e4rajoja sent\u00e4\u00e4n ihan<br \/>\nfiilisp&hellip;<\/p>\n","protected":false},"author":144,"featured_media":0,"comment_status":"open","ping_status":"open","sticky":false,"template":"","format":"standard","meta":{"_acf_changed":false,"asauth_required_access_level":0,"asauth_cansharepaid":"","om_header_attributes":[],"footnotes":"","om_featured_image_focal_point":[],"om_primary_tag":0,"om_contributors":[],"om_co_authors":[],"beyondwords_generate_audio":"","beyondwords_project_id":"","beyondwords_content_id":"","beyondwords_preview_token":"","beyondwords_player_content":"","beyondwords_player_style":"","beyondwords_language_code":"","beyondwords_language_id":"","beyondwords_title_voice_id":"","beyondwords_body_voice_id":"","beyondwords_summary_voice_id":"","beyondwords_error_message":"","beyondwords_disabled":"","beyondwords_delete_content":"","beyondwords_podcast_id":"","beyondwords_hash":"","publish_post_to_speechkit":"","speechkit_hash":"","speechkit_generate_audio":"","speechkit_project_id":"","speechkit_podcast_id":"","speechkit_error_message":"","speechkit_disabled":"","speechkit_access_key":"","speechkit_error":"","speechkit_info":"","speechkit_response":"","speechkit_retries":"","speechkit_status":"","speechkit_updated_at":"","_speechkit_link":"","_speechkit_text":""},"categories":[1],"tags":[14,1343,926],"class_list":["post-821","post","type-post","status-publish","format-standard","hentry","category-kuvien-takaa","tag-ikarajat","tag-karate-kid","tag-valtion-elokuvatarkastamo"],"om_views":null,"acf":{"tuuma_off":false,"tuuma_kysymys":"","tuuma_vastaus":""},"asauth":{"required_access_level":1,"share_token":"","is_paid":false},"yoast_head":"<!-- This site is optimized with the Yoast SEO plugin v26.4 - https:\/\/yoast.com\/wordpress\/plugins\/seo\/ -->\n<title>Elokuvien ik\u00e4rajoista ja p\u00e4\u00e4h\u00e4npotkimisesta - Kuvien takaa<\/title>\n<meta name=\"robots\" content=\"index, follow, max-snippet:-1, max-image-preview:large, max-video-preview:-1\" \/>\n<link rel=\"canonical\" href=\"https:\/\/suomenkuvalehti.fi\/kuvien-takaa\/elokuvien-ikarajoista-ja-paahanpotkimisesta\/\" \/>\n<meta property=\"og:locale\" content=\"fi_FI\" \/>\n<meta property=\"og:type\" content=\"article\" \/>\n<meta property=\"og:title\" content=\"Elokuvien ik\u00e4rajoista ja p\u00e4\u00e4h\u00e4npotkimisesta - Kuvien takaa\" \/>\n<meta property=\"og:description\" content=\"Kirjoitin viime viikolla elokuvien ennakkotarkastuksen tulevaisuudesta. Ik\u00e4rajojen antaminen siirtynee elokuvien (ja pelien) maahantuojien omalle vastuulle, pois viranomaisilta. Blogimerkinn\u00e4st\u00e4ni her\u00e4si keskustelua, jossa mainittiin, ett\u00e4 ei ik\u00e4rajoja sent\u00e4\u00e4n ihan fiilisp&hellip;\" \/>\n<meta property=\"og:url\" content=\"https:\/\/suomenkuvalehti.fi\/kuvien-takaa\/elokuvien-ikarajoista-ja-paahanpotkimisesta\/\" \/>\n<meta property=\"og:site_name\" content=\"Kuvien takaa\" \/>\n<meta property=\"article:author\" content=\"https:\/\/www.facebook.com\/pages\/Kalle-Kinnunen-Kuvien-takaa\/190326157715410?fref=ts\" \/>\n<meta property=\"article:published_time\" content=\"2010-06-14T03:01:00+00:00\" \/>\n<meta property=\"article:modified_time\" content=\"2013-11-29T13:25:27+00:00\" \/>\n<meta property=\"og:image\" content=\"https:\/\/suomenkuvalehti.fi\/kuvien-takaa\/wp-content\/uploads\/sites\/11\/2022\/04\/kalle_kinnunen_blogi-1-scaled.jpg\" \/>\n\t<meta property=\"og:image:width\" content=\"2560\" \/>\n\t<meta property=\"og:image:height\" content=\"1707\" \/>\n\t<meta property=\"og:image:type\" content=\"image\/jpeg\" \/>\n<meta name=\"author\" content=\"Kalle Kinnunen\" \/>\n<meta name=\"twitter:card\" content=\"summary_large_image\" \/>\n<meta name=\"twitter:creator\" content=\"@https:\/\/twitter.com\/kallekinnunen\" \/>\n<meta name=\"twitter:label1\" content=\"Written by\" \/>\n\t<meta name=\"twitter:data1\" content=\"Kalle Kinnunen\" \/>\n\t<meta name=\"twitter:label2\" content=\"Est. reading time\" \/>\n\t<meta name=\"twitter:data2\" content=\"1 minuutti\" \/>\n<script type=\"application\/ld+json\" class=\"yoast-schema-graph\">{\"@context\":\"https:\/\/schema.org\",\"@graph\":[{\"@type\":\"WebPage\",\"@id\":\"https:\/\/suomenkuvalehti.fi\/kuvien-takaa\/elokuvien-ikarajoista-ja-paahanpotkimisesta\/\",\"url\":\"https:\/\/suomenkuvalehti.fi\/kuvien-takaa\/elokuvien-ikarajoista-ja-paahanpotkimisesta\/\",\"name\":\"Elokuvien ik\u00e4rajoista ja p\u00e4\u00e4h\u00e4npotkimisesta - Kuvien takaa\",\"isPartOf\":{\"@id\":\"https:\/\/suomenkuvalehti.fi\/kuvien-takaa\/#website\"},\"datePublished\":\"2010-06-14T03:01:00+00:00\",\"dateModified\":\"2013-11-29T13:25:27+00:00\",\"author\":{\"@id\":\"https:\/\/suomenkuvalehti.fi\/kuvien-takaa\/#\/schema\/person\/f3f657e4ad409e008f12af27bec60a23\"},\"breadcrumb\":{\"@id\":\"https:\/\/suomenkuvalehti.fi\/kuvien-takaa\/elokuvien-ikarajoista-ja-paahanpotkimisesta\/#breadcrumb\"},\"inLanguage\":\"fi\",\"potentialAction\":[{\"@type\":\"ReadAction\",\"target\":[\"https:\/\/suomenkuvalehti.fi\/kuvien-takaa\/elokuvien-ikarajoista-ja-paahanpotkimisesta\/\"]}]},{\"@type\":\"BreadcrumbList\",\"@id\":\"https:\/\/suomenkuvalehti.fi\/kuvien-takaa\/elokuvien-ikarajoista-ja-paahanpotkimisesta\/#breadcrumb\",\"itemListElement\":[{\"@type\":\"ListItem\",\"position\":1,\"name\":\"Home\",\"item\":\"https:\/\/suomenkuvalehti.fi\/kuvien-takaa\/\"},{\"@type\":\"ListItem\",\"position\":2,\"name\":\"Elokuvien ik\u00e4rajoista ja p\u00e4\u00e4h\u00e4npotkimisesta\"}]},{\"@type\":\"WebSite\",\"@id\":\"https:\/\/suomenkuvalehti.fi\/kuvien-takaa\/#website\",\"url\":\"https:\/\/suomenkuvalehti.fi\/kuvien-takaa\/\",\"name\":\"Kuvien takaa\",\"description\":\"Elokuvakriitikko Kalle Kinnusen elokuvablogi.\",\"potentialAction\":[{\"@type\":\"SearchAction\",\"target\":{\"@type\":\"EntryPoint\",\"urlTemplate\":\"https:\/\/suomenkuvalehti.fi\/haku\/?q={search_term_string}\"},\"query-input\":{\"@type\":\"PropertyValueSpecification\",\"valueRequired\":true,\"valueName\":\"search_term_string\"}}],\"inLanguage\":\"fi\"},{\"@type\":\"Person\",\"@id\":\"https:\/\/suomenkuvalehti.fi\/kuvien-takaa\/#\/schema\/person\/f3f657e4ad409e008f12af27bec60a23\",\"name\":\"Kalle Kinnunen\",\"image\":{\"@type\":\"ImageObject\",\"inLanguage\":\"fi\",\"@id\":\"https:\/\/suomenkuvalehti.fi\/kuvien-takaa\/#\/schema\/person\/image\/\",\"url\":\"https:\/\/suomenkuvalehti.fi\/kuvien-takaa\/wp-content\/uploads\/sites\/11\/2022\/04\/kalle_kinnunen_blogi-1-150x150.jpg\",\"contentUrl\":\"https:\/\/suomenkuvalehti.fi\/kuvien-takaa\/wp-content\/uploads\/sites\/11\/2022\/04\/kalle_kinnunen_blogi-1-150x150.jpg\",\"caption\":\"Kalle Kinnunen\"},\"description\":\"Kalle Kinnunen on vapaa toimittaja ja Suomen Kuvalehden avustaja.\",\"sameAs\":[\"https:\/\/www.facebook.com\/pages\/Kalle-Kinnunen-Kuvien-takaa\/190326157715410?fref=ts\",\"https:\/\/x.com\/https:\/\/twitter.com\/kallekinnunen\"]}]}<\/script>\n<!-- \/ Yoast SEO plugin. -->","yoast_head_json":{"title":"Elokuvien ik\u00e4rajoista ja p\u00e4\u00e4h\u00e4npotkimisesta - Kuvien takaa","robots":{"index":"index","follow":"follow","max-snippet":"max-snippet:-1","max-image-preview":"max-image-preview:large","max-video-preview":"max-video-preview:-1"},"canonical":"https:\/\/suomenkuvalehti.fi\/kuvien-takaa\/elokuvien-ikarajoista-ja-paahanpotkimisesta\/","og_locale":"fi_FI","og_type":"article","og_title":"Elokuvien ik\u00e4rajoista ja p\u00e4\u00e4h\u00e4npotkimisesta - Kuvien takaa","og_description":"Kirjoitin viime viikolla elokuvien ennakkotarkastuksen tulevaisuudesta. Ik\u00e4rajojen antaminen siirtynee elokuvien (ja pelien) maahantuojien omalle vastuulle, pois viranomaisilta. Blogimerkinn\u00e4st\u00e4ni her\u00e4si keskustelua, jossa mainittiin, ett\u00e4 ei ik\u00e4rajoja sent\u00e4\u00e4n ihan fiilisp&hellip;","og_url":"https:\/\/suomenkuvalehti.fi\/kuvien-takaa\/elokuvien-ikarajoista-ja-paahanpotkimisesta\/","og_site_name":"Kuvien takaa","article_author":"https:\/\/www.facebook.com\/pages\/Kalle-Kinnunen-Kuvien-takaa\/190326157715410?fref=ts","article_published_time":"2010-06-14T03:01:00+00:00","article_modified_time":"2013-11-29T13:25:27+00:00","og_image":[{"width":2560,"height":1707,"url":"https:\/\/suomenkuvalehti.fi\/kuvien-takaa\/wp-content\/uploads\/sites\/11\/2022\/04\/kalle_kinnunen_blogi-1-scaled.jpg","type":"image\/jpeg"}],"author":"Kalle Kinnunen","twitter_card":"summary_large_image","twitter_creator":"@https:\/\/twitter.com\/kallekinnunen","twitter_misc":{"Written by":"Kalle Kinnunen","Est. reading time":"1 minuutti"},"schema":{"@context":"https:\/\/schema.org","@graph":[{"@type":"WebPage","@id":"https:\/\/suomenkuvalehti.fi\/kuvien-takaa\/elokuvien-ikarajoista-ja-paahanpotkimisesta\/","url":"https:\/\/suomenkuvalehti.fi\/kuvien-takaa\/elokuvien-ikarajoista-ja-paahanpotkimisesta\/","name":"Elokuvien ik\u00e4rajoista ja p\u00e4\u00e4h\u00e4npotkimisesta - Kuvien takaa","isPartOf":{"@id":"https:\/\/suomenkuvalehti.fi\/kuvien-takaa\/#website"},"datePublished":"2010-06-14T03:01:00+00:00","dateModified":"2013-11-29T13:25:27+00:00","author":{"@id":"https:\/\/suomenkuvalehti.fi\/kuvien-takaa\/#\/schema\/person\/f3f657e4ad409e008f12af27bec60a23"},"breadcrumb":{"@id":"https:\/\/suomenkuvalehti.fi\/kuvien-takaa\/elokuvien-ikarajoista-ja-paahanpotkimisesta\/#breadcrumb"},"inLanguage":"fi","potentialAction":[{"@type":"ReadAction","target":["https:\/\/suomenkuvalehti.fi\/kuvien-takaa\/elokuvien-ikarajoista-ja-paahanpotkimisesta\/"]}]},{"@type":"BreadcrumbList","@id":"https:\/\/suomenkuvalehti.fi\/kuvien-takaa\/elokuvien-ikarajoista-ja-paahanpotkimisesta\/#breadcrumb","itemListElement":[{"@type":"ListItem","position":1,"name":"Home","item":"https:\/\/suomenkuvalehti.fi\/kuvien-takaa\/"},{"@type":"ListItem","position":2,"name":"Elokuvien ik\u00e4rajoista ja p\u00e4\u00e4h\u00e4npotkimisesta"}]},{"@type":"WebSite","@id":"https:\/\/suomenkuvalehti.fi\/kuvien-takaa\/#website","url":"https:\/\/suomenkuvalehti.fi\/kuvien-takaa\/","name":"Kuvien takaa","description":"Elokuvakriitikko Kalle Kinnusen elokuvablogi.","potentialAction":[{"@type":"SearchAction","target":{"@type":"EntryPoint","urlTemplate":"https:\/\/suomenkuvalehti.fi\/haku\/?q={search_term_string}"},"query-input":{"@type":"PropertyValueSpecification","valueRequired":true,"valueName":"search_term_string"}}],"inLanguage":"fi"},{"@type":"Person","@id":"https:\/\/suomenkuvalehti.fi\/kuvien-takaa\/#\/schema\/person\/f3f657e4ad409e008f12af27bec60a23","name":"Kalle Kinnunen","image":{"@type":"ImageObject","inLanguage":"fi","@id":"https:\/\/suomenkuvalehti.fi\/kuvien-takaa\/#\/schema\/person\/image\/","url":"https:\/\/suomenkuvalehti.fi\/kuvien-takaa\/wp-content\/uploads\/sites\/11\/2022\/04\/kalle_kinnunen_blogi-1-150x150.jpg","contentUrl":"https:\/\/suomenkuvalehti.fi\/kuvien-takaa\/wp-content\/uploads\/sites\/11\/2022\/04\/kalle_kinnunen_blogi-1-150x150.jpg","caption":"Kalle Kinnunen"},"description":"Kalle Kinnunen on vapaa toimittaja ja Suomen Kuvalehden avustaja.","sameAs":["https:\/\/www.facebook.com\/pages\/Kalle-Kinnunen-Kuvien-takaa\/190326157715410?fref=ts","https:\/\/x.com\/https:\/\/twitter.com\/kallekinnunen"]}]}},"_links":{"self":[{"href":"https:\/\/suomenkuvalehti.fi\/kuvien-takaa\/wp-json\/wp\/v2\/posts\/821","targetHints":{"allow":["GET"]}}],"collection":[{"href":"https:\/\/suomenkuvalehti.fi\/kuvien-takaa\/wp-json\/wp\/v2\/posts"}],"about":[{"href":"https:\/\/suomenkuvalehti.fi\/kuvien-takaa\/wp-json\/wp\/v2\/types\/post"}],"author":[{"embeddable":true,"href":"https:\/\/suomenkuvalehti.fi\/kuvien-takaa\/wp-json\/wp\/v2\/users\/144"}],"replies":[{"embeddable":true,"href":"https:\/\/suomenkuvalehti.fi\/kuvien-takaa\/wp-json\/wp\/v2\/comments?post=821"}],"version-history":[{"count":1,"href":"https:\/\/suomenkuvalehti.fi\/kuvien-takaa\/wp-json\/wp\/v2\/posts\/821\/revisions"}],"predecessor-version":[{"id":1442,"href":"https:\/\/suomenkuvalehti.fi\/kuvien-takaa\/wp-json\/wp\/v2\/posts\/821\/revisions\/1442"}],"wp:attachment":[{"href":"https:\/\/suomenkuvalehti.fi\/kuvien-takaa\/wp-json\/wp\/v2\/media?parent=821"}],"wp:term":[{"taxonomy":"category","embeddable":true,"href":"https:\/\/suomenkuvalehti.fi\/kuvien-takaa\/wp-json\/wp\/v2\/categories?post=821"},{"taxonomy":"post_tag","embeddable":true,"href":"https:\/\/suomenkuvalehti.fi\/kuvien-takaa\/wp-json\/wp\/v2\/tags?post=821"}],"curies":[{"name":"wp","href":"https:\/\/api.w.org\/{rel}","templated":true}]}}