{"id":817,"date":"2010-06-17T14:39:01","date_gmt":"2010-06-17T11:39:01","guid":{"rendered":"https:\/\/suomenkuvalehti.fi\/kuvientakaa\/2010\/06\/17\/kate-winsletia-kosittu-saksalaiseen-natascha-kampusch-elokuvaan\/"},"modified":"2010-06-17T14:39:01","modified_gmt":"2010-06-17T11:39:01","slug":"kate-winsletia-kosittu-saksalaiseen-natascha-kampusch-elokuvaan","status":"publish","type":"post","link":"https:\/\/suomenkuvalehti.fi\/kuvien-takaa\/kate-winsletia-kosittu-saksalaiseen-natascha-kampusch-elokuvaan\/","title":{"rendered":"Kate Winsleti\u00e4 kosittu saksalaiseen Natascha Kampusch-elokuvaan"},"content":{"rendered":"\n<p>Muun muassa <em>Perikadon<\/em> ja <em>Baader Meinhof Komplexin<\/em> tuottaja <strong>Bernd Eichinger<\/strong> tekee elokuvaa <strong>Natascha Kampuschin<\/strong> tapauksesta. P\u00e4\u00e4osaan h\u00e4n on lehtitietojen mukaan kysellyt <strong>Kate Winsleti\u00e4<\/strong>.<\/p>\n\n\n\n\n<p>Kummiset\u00e4m\u00e4inen <a href=\"http:\/\/akas.imdb.com\/name\/nm0251536\/\">Eichinger<\/a> on euroissa laskettuna Saksan ykk\u00f6stuottaja, vanhan koulukunnan r\u00e4v\u00e4kk\u00e4 moguli, joka tarttuu usein isoihin ja sensaatiotyyppisiin aiheisiin.<\/p>\n\n\n\n<p><a href=\"http:\/\/www.newyorker.com\/reporting\/2010\/06\/07\/100607fa_fact_khatchadourian\">Kampuschista<\/a> on jo tehty ainakin yksi <a href=\"http:\/\/www.makuuni.fi\/fi\/index.php?http:\/\/www.makuuni.fi\/fi\/makuuni.php?page=Esittely&amp;id=4560\">halpiselokuva<\/a>.<\/p>\n\n\n\n<p>Eichinger-tuotanto olisi kuitenkin taatusti j\u00e4ttim\u00e4inen. Aina Eichingerin projektit eiv\u00e4t tosin mene ihan nappiin &#8211; h\u00e4nen viimeisin leffansa oli t\u00e4yskalkkunaksi kuvailtu saksalaisr\u00e4pp\u00e4ri <a href=\"http:\/\/akas.imdb.com\/title\/tt1343704\/\">Bushidon<\/a> el\u00e4m\u00e4kertapl\u00e4j\u00e4ys (se on IMDb:ss\u00e4 kaikkien aikojen <a href=\"http:\/\/akas.imdb.com\/chart\/bottom?tt1343704\">100 huonoimmaksi \u00e4\u00e4nestetyn<\/a> elokuvan listalla).<\/p>\n\n\n\n<p><a href=\"http:\/\/www.guardian.co.uk\/film\/2010\/jun\/17\/kate-winslet-natascha-kampusch\">The Guardianin jutussa<\/a> l\u00e4hinn\u00e4 ihmetell\u00e4\u00e4n, ett\u00e4 Winsleth\u00e4n olisi Kampuschiksi ihan liian vanha.<\/p>\n\n\n\n<p>Mutta Winsletill\u00e4 tai ilman &#8211; koko elokuvahanke kuulostaa sangen mauttomalta, jos minulta kysyt\u00e4\u00e4n.<\/p>\n\n\n","protected":false},"excerpt":{"rendered":"<p>Muun muassa Perikadon ja Baader Meinhof Komplexin tuottaja Bernd Eichinger tekee elokuvaa Natascha Kampuschin tapauksesta. P\u00e4\u00e4osaan h\u00e4n on lehtitietojen mukaan kysellyt Kate Winsleti\u00e4. Kummiset\u00e4m\u00e4inen Eichinger on euroissa laskettuna Saksan ykk\u00f6stuottaja,<br \/>\nvanhan&hellip;<\/p>\n","protected":false},"author":144,"featured_media":0,"comment_status":"open","ping_status":"open","sticky":false,"template":"","format":"standard","meta":{"_acf_changed":false,"asauth_required_access_level":0,"asauth_cansharepaid":"","om_header_attributes":[],"footnotes":"","om_featured_image_focal_point":[],"om_primary_tag":0,"om_contributors":[],"om_co_authors":[],"beyondwords_generate_audio":"","beyondwords_project_id":"","beyondwords_content_id":"","beyondwords_preview_token":"","beyondwords_player_content":"","beyondwords_player_style":"","beyondwords_language_code":"","beyondwords_language_id":"","beyondwords_title_voice_id":"","beyondwords_body_voice_id":"","beyondwords_summary_voice_id":"","beyondwords_error_message":"","beyondwords_disabled":"","beyondwords_delete_content":"","beyondwords_podcast_id":"","beyondwords_hash":"","publish_post_to_speechkit":"","speechkit_hash":"","speechkit_generate_audio":"","speechkit_project_id":"","speechkit_podcast_id":"","speechkit_error_message":"","speechkit_disabled":"","speechkit_access_key":"","speechkit_error":"","speechkit_info":"","speechkit_response":"","speechkit_retries":"","speechkit_status":"","speechkit_updated_at":"","_speechkit_link":"","_speechkit_text":""},"categories":[1],"tags":[1338,1340,148,1339,1341],"class_list":["post-817","post","type-post","status-publish","format-standard","hentry","category-kuvien-takaa","tag-bernd-eichinger","tag-kate-winslet","tag-natascha-kampusch","tag-perikato","tag-saksalainen-elokuva"],"om_views":null,"acf":{"tuuma_off":false,"tuuma_kysymys":"","tuuma_vastaus":""},"asauth":{"required_access_level":1,"share_token":"","is_paid":false},"yoast_head":"<!-- This site is optimized with the Yoast SEO plugin v26.4 - https:\/\/yoast.com\/wordpress\/plugins\/seo\/ -->\n<title>Kate Winsleti\u00e4 kosittu saksalaiseen Natascha Kampusch-elokuvaan - Kuvien takaa<\/title>\n<meta name=\"robots\" content=\"index, follow, max-snippet:-1, max-image-preview:large, max-video-preview:-1\" \/>\n<link rel=\"canonical\" href=\"https:\/\/suomenkuvalehti.fi\/kuvien-takaa\/kate-winsletia-kosittu-saksalaiseen-natascha-kampusch-elokuvaan\/\" \/>\n<meta property=\"og:locale\" content=\"fi_FI\" \/>\n<meta property=\"og:type\" content=\"article\" \/>\n<meta property=\"og:title\" content=\"Kate Winsleti\u00e4 kosittu saksalaiseen Natascha Kampusch-elokuvaan - Kuvien takaa\" \/>\n<meta property=\"og:description\" content=\"Muun muassa Perikadon ja Baader Meinhof Komplexin tuottaja Bernd Eichinger tekee elokuvaa Natascha Kampuschin tapauksesta. P\u00e4\u00e4osaan h\u00e4n on lehtitietojen mukaan kysellyt Kate Winsleti\u00e4. Kummiset\u00e4m\u00e4inen Eichinger on euroissa laskettuna Saksan ykk\u00f6stuottaja, vanhan&hellip;\" \/>\n<meta property=\"og:url\" content=\"https:\/\/suomenkuvalehti.fi\/kuvien-takaa\/kate-winsletia-kosittu-saksalaiseen-natascha-kampusch-elokuvaan\/\" \/>\n<meta property=\"og:site_name\" content=\"Kuvien takaa\" \/>\n<meta property=\"article:author\" content=\"https:\/\/www.facebook.com\/pages\/Kalle-Kinnunen-Kuvien-takaa\/190326157715410?fref=ts\" \/>\n<meta property=\"article:published_time\" content=\"2010-06-17T11:39:01+00:00\" \/>\n<meta property=\"og:image\" content=\"https:\/\/suomenkuvalehti.fi\/kuvien-takaa\/wp-content\/uploads\/sites\/11\/2022\/04\/kalle_kinnunen_blogi-1-scaled.jpg\" \/>\n\t<meta property=\"og:image:width\" content=\"2560\" \/>\n\t<meta property=\"og:image:height\" content=\"1707\" \/>\n\t<meta property=\"og:image:type\" content=\"image\/jpeg\" \/>\n<meta name=\"author\" content=\"Kalle Kinnunen\" \/>\n<meta name=\"twitter:card\" content=\"summary_large_image\" \/>\n<meta name=\"twitter:creator\" content=\"@https:\/\/twitter.com\/kallekinnunen\" \/>\n<meta name=\"twitter:label1\" content=\"Written by\" \/>\n\t<meta name=\"twitter:data1\" content=\"Kalle Kinnunen\" \/>\n\t<meta name=\"twitter:label2\" content=\"Est. reading time\" \/>\n\t<meta name=\"twitter:data2\" content=\"1 minuutti\" \/>\n<script type=\"application\/ld+json\" class=\"yoast-schema-graph\">{\"@context\":\"https:\/\/schema.org\",\"@graph\":[{\"@type\":\"WebPage\",\"@id\":\"https:\/\/suomenkuvalehti.fi\/kuvien-takaa\/kate-winsletia-kosittu-saksalaiseen-natascha-kampusch-elokuvaan\/\",\"url\":\"https:\/\/suomenkuvalehti.fi\/kuvien-takaa\/kate-winsletia-kosittu-saksalaiseen-natascha-kampusch-elokuvaan\/\",\"name\":\"Kate Winsleti\u00e4 kosittu saksalaiseen Natascha Kampusch-elokuvaan - Kuvien takaa\",\"isPartOf\":{\"@id\":\"https:\/\/suomenkuvalehti.fi\/kuvien-takaa\/#website\"},\"datePublished\":\"2010-06-17T11:39:01+00:00\",\"author\":{\"@id\":\"https:\/\/suomenkuvalehti.fi\/kuvien-takaa\/#\/schema\/person\/f3f657e4ad409e008f12af27bec60a23\"},\"breadcrumb\":{\"@id\":\"https:\/\/suomenkuvalehti.fi\/kuvien-takaa\/kate-winsletia-kosittu-saksalaiseen-natascha-kampusch-elokuvaan\/#breadcrumb\"},\"inLanguage\":\"fi\",\"potentialAction\":[{\"@type\":\"ReadAction\",\"target\":[\"https:\/\/suomenkuvalehti.fi\/kuvien-takaa\/kate-winsletia-kosittu-saksalaiseen-natascha-kampusch-elokuvaan\/\"]}]},{\"@type\":\"BreadcrumbList\",\"@id\":\"https:\/\/suomenkuvalehti.fi\/kuvien-takaa\/kate-winsletia-kosittu-saksalaiseen-natascha-kampusch-elokuvaan\/#breadcrumb\",\"itemListElement\":[{\"@type\":\"ListItem\",\"position\":1,\"name\":\"Home\",\"item\":\"https:\/\/suomenkuvalehti.fi\/kuvien-takaa\/\"},{\"@type\":\"ListItem\",\"position\":2,\"name\":\"Kate Winsleti\u00e4 kosittu saksalaiseen Natascha Kampusch-elokuvaan\"}]},{\"@type\":\"WebSite\",\"@id\":\"https:\/\/suomenkuvalehti.fi\/kuvien-takaa\/#website\",\"url\":\"https:\/\/suomenkuvalehti.fi\/kuvien-takaa\/\",\"name\":\"Kuvien takaa\",\"description\":\"Elokuvakriitikko Kalle Kinnusen elokuvablogi.\",\"potentialAction\":[{\"@type\":\"SearchAction\",\"target\":{\"@type\":\"EntryPoint\",\"urlTemplate\":\"https:\/\/suomenkuvalehti.fi\/haku\/?q={search_term_string}\"},\"query-input\":{\"@type\":\"PropertyValueSpecification\",\"valueRequired\":true,\"valueName\":\"search_term_string\"}}],\"inLanguage\":\"fi\"},{\"@type\":\"Person\",\"@id\":\"https:\/\/suomenkuvalehti.fi\/kuvien-takaa\/#\/schema\/person\/f3f657e4ad409e008f12af27bec60a23\",\"name\":\"Kalle Kinnunen\",\"image\":{\"@type\":\"ImageObject\",\"inLanguage\":\"fi\",\"@id\":\"https:\/\/suomenkuvalehti.fi\/kuvien-takaa\/#\/schema\/person\/image\/\",\"url\":\"https:\/\/suomenkuvalehti.fi\/kuvien-takaa\/wp-content\/uploads\/sites\/11\/2022\/04\/kalle_kinnunen_blogi-1-150x150.jpg\",\"contentUrl\":\"https:\/\/suomenkuvalehti.fi\/kuvien-takaa\/wp-content\/uploads\/sites\/11\/2022\/04\/kalle_kinnunen_blogi-1-150x150.jpg\",\"caption\":\"Kalle Kinnunen\"},\"description\":\"Kalle Kinnunen on vapaa toimittaja ja Suomen Kuvalehden avustaja.\",\"sameAs\":[\"https:\/\/www.facebook.com\/pages\/Kalle-Kinnunen-Kuvien-takaa\/190326157715410?fref=ts\",\"https:\/\/x.com\/https:\/\/twitter.com\/kallekinnunen\"]}]}<\/script>\n<!-- \/ Yoast SEO plugin. -->","yoast_head_json":{"title":"Kate Winsleti\u00e4 kosittu saksalaiseen Natascha Kampusch-elokuvaan - Kuvien takaa","robots":{"index":"index","follow":"follow","max-snippet":"max-snippet:-1","max-image-preview":"max-image-preview:large","max-video-preview":"max-video-preview:-1"},"canonical":"https:\/\/suomenkuvalehti.fi\/kuvien-takaa\/kate-winsletia-kosittu-saksalaiseen-natascha-kampusch-elokuvaan\/","og_locale":"fi_FI","og_type":"article","og_title":"Kate Winsleti\u00e4 kosittu saksalaiseen Natascha Kampusch-elokuvaan - Kuvien takaa","og_description":"Muun muassa Perikadon ja Baader Meinhof Komplexin tuottaja Bernd Eichinger tekee elokuvaa Natascha Kampuschin tapauksesta. P\u00e4\u00e4osaan h\u00e4n on lehtitietojen mukaan kysellyt Kate Winsleti\u00e4. Kummiset\u00e4m\u00e4inen Eichinger on euroissa laskettuna Saksan ykk\u00f6stuottaja, vanhan&hellip;","og_url":"https:\/\/suomenkuvalehti.fi\/kuvien-takaa\/kate-winsletia-kosittu-saksalaiseen-natascha-kampusch-elokuvaan\/","og_site_name":"Kuvien takaa","article_author":"https:\/\/www.facebook.com\/pages\/Kalle-Kinnunen-Kuvien-takaa\/190326157715410?fref=ts","article_published_time":"2010-06-17T11:39:01+00:00","og_image":[{"width":2560,"height":1707,"url":"https:\/\/suomenkuvalehti.fi\/kuvien-takaa\/wp-content\/uploads\/sites\/11\/2022\/04\/kalle_kinnunen_blogi-1-scaled.jpg","type":"image\/jpeg"}],"author":"Kalle Kinnunen","twitter_card":"summary_large_image","twitter_creator":"@https:\/\/twitter.com\/kallekinnunen","twitter_misc":{"Written by":"Kalle Kinnunen","Est. reading time":"1 minuutti"},"schema":{"@context":"https:\/\/schema.org","@graph":[{"@type":"WebPage","@id":"https:\/\/suomenkuvalehti.fi\/kuvien-takaa\/kate-winsletia-kosittu-saksalaiseen-natascha-kampusch-elokuvaan\/","url":"https:\/\/suomenkuvalehti.fi\/kuvien-takaa\/kate-winsletia-kosittu-saksalaiseen-natascha-kampusch-elokuvaan\/","name":"Kate Winsleti\u00e4 kosittu saksalaiseen Natascha Kampusch-elokuvaan - Kuvien takaa","isPartOf":{"@id":"https:\/\/suomenkuvalehti.fi\/kuvien-takaa\/#website"},"datePublished":"2010-06-17T11:39:01+00:00","author":{"@id":"https:\/\/suomenkuvalehti.fi\/kuvien-takaa\/#\/schema\/person\/f3f657e4ad409e008f12af27bec60a23"},"breadcrumb":{"@id":"https:\/\/suomenkuvalehti.fi\/kuvien-takaa\/kate-winsletia-kosittu-saksalaiseen-natascha-kampusch-elokuvaan\/#breadcrumb"},"inLanguage":"fi","potentialAction":[{"@type":"ReadAction","target":["https:\/\/suomenkuvalehti.fi\/kuvien-takaa\/kate-winsletia-kosittu-saksalaiseen-natascha-kampusch-elokuvaan\/"]}]},{"@type":"BreadcrumbList","@id":"https:\/\/suomenkuvalehti.fi\/kuvien-takaa\/kate-winsletia-kosittu-saksalaiseen-natascha-kampusch-elokuvaan\/#breadcrumb","itemListElement":[{"@type":"ListItem","position":1,"name":"Home","item":"https:\/\/suomenkuvalehti.fi\/kuvien-takaa\/"},{"@type":"ListItem","position":2,"name":"Kate Winsleti\u00e4 kosittu saksalaiseen Natascha Kampusch-elokuvaan"}]},{"@type":"WebSite","@id":"https:\/\/suomenkuvalehti.fi\/kuvien-takaa\/#website","url":"https:\/\/suomenkuvalehti.fi\/kuvien-takaa\/","name":"Kuvien takaa","description":"Elokuvakriitikko Kalle Kinnusen elokuvablogi.","potentialAction":[{"@type":"SearchAction","target":{"@type":"EntryPoint","urlTemplate":"https:\/\/suomenkuvalehti.fi\/haku\/?q={search_term_string}"},"query-input":{"@type":"PropertyValueSpecification","valueRequired":true,"valueName":"search_term_string"}}],"inLanguage":"fi"},{"@type":"Person","@id":"https:\/\/suomenkuvalehti.fi\/kuvien-takaa\/#\/schema\/person\/f3f657e4ad409e008f12af27bec60a23","name":"Kalle Kinnunen","image":{"@type":"ImageObject","inLanguage":"fi","@id":"https:\/\/suomenkuvalehti.fi\/kuvien-takaa\/#\/schema\/person\/image\/","url":"https:\/\/suomenkuvalehti.fi\/kuvien-takaa\/wp-content\/uploads\/sites\/11\/2022\/04\/kalle_kinnunen_blogi-1-150x150.jpg","contentUrl":"https:\/\/suomenkuvalehti.fi\/kuvien-takaa\/wp-content\/uploads\/sites\/11\/2022\/04\/kalle_kinnunen_blogi-1-150x150.jpg","caption":"Kalle Kinnunen"},"description":"Kalle Kinnunen on vapaa toimittaja ja Suomen Kuvalehden avustaja.","sameAs":["https:\/\/www.facebook.com\/pages\/Kalle-Kinnunen-Kuvien-takaa\/190326157715410?fref=ts","https:\/\/x.com\/https:\/\/twitter.com\/kallekinnunen"]}]}},"_links":{"self":[{"href":"https:\/\/suomenkuvalehti.fi\/kuvien-takaa\/wp-json\/wp\/v2\/posts\/817","targetHints":{"allow":["GET"]}}],"collection":[{"href":"https:\/\/suomenkuvalehti.fi\/kuvien-takaa\/wp-json\/wp\/v2\/posts"}],"about":[{"href":"https:\/\/suomenkuvalehti.fi\/kuvien-takaa\/wp-json\/wp\/v2\/types\/post"}],"author":[{"embeddable":true,"href":"https:\/\/suomenkuvalehti.fi\/kuvien-takaa\/wp-json\/wp\/v2\/users\/144"}],"replies":[{"embeddable":true,"href":"https:\/\/suomenkuvalehti.fi\/kuvien-takaa\/wp-json\/wp\/v2\/comments?post=817"}],"version-history":[{"count":0,"href":"https:\/\/suomenkuvalehti.fi\/kuvien-takaa\/wp-json\/wp\/v2\/posts\/817\/revisions"}],"wp:attachment":[{"href":"https:\/\/suomenkuvalehti.fi\/kuvien-takaa\/wp-json\/wp\/v2\/media?parent=817"}],"wp:term":[{"taxonomy":"category","embeddable":true,"href":"https:\/\/suomenkuvalehti.fi\/kuvien-takaa\/wp-json\/wp\/v2\/categories?post=817"},{"taxonomy":"post_tag","embeddable":true,"href":"https:\/\/suomenkuvalehti.fi\/kuvien-takaa\/wp-json\/wp\/v2\/tags?post=817"}],"curies":[{"name":"wp","href":"https:\/\/api.w.org\/{rel}","templated":true}]}}