{"id":814,"date":"2010-08-11T06:01:00","date_gmt":"2010-08-11T03:01:00","guid":{"rendered":"https:\/\/suomenkuvalehti.fi\/kuvientakaa\/2010\/08\/11\/profeetta-nayttelija-niels-arestrup-kertoo-jacques-audiardista-ja-roolistaan\/"},"modified":"2013-11-29T15:25:26","modified_gmt":"2013-11-29T13:25:26","slug":"profeetta-nayttelija-niels-arestrup-kertoo-jacques-audiardista-ja-roolistaan","status":"publish","type":"post","link":"https:\/\/suomenkuvalehti.fi\/kuvien-takaa\/profeetta-nayttelija-niels-arestrup-kertoo-jacques-audiardista-ja-roolistaan\/","title":{"rendered":"Profeetta-n\u00e4yttelij\u00e4 Niels Arestrup kertoo Jacques Audiardista ja roolistaan"},"content":{"rendered":"\n<p>Sain tammikuussa kunnian haastatella <strong>Niels Arestrupia<\/strong>, <em>Profeetan<\/em> toista p\u00e4\u00e4osanesitt\u00e4j\u00e4\u00e4. H\u00e4n on keskeisess\u00e4 roolissa my\u00f6s ohjaaja <strong>Jacques Audiardin<\/strong> edellisess\u00e4, kutakuinkin yht\u00e4 hienossa elokuvassa <em>Kun syd\u00e4n lakkaa ly\u00f6m\u00e4st\u00e4<\/em>, joka n\u00e4hd\u00e4\u00e4n TV1:ss\u00e4 perjantai-iltana.<\/p>\n\n\n\n\n<p><a href=\"http:\/\/en.wikipedia.org\/wiki\/Niels_Arestrup\">Niels Arestrup<\/a> on Norjaan viittaavasta nimest\u00e4\u00e4n huolimatta pesunkest\u00e4v\u00e4 ranskalainen. N\u00e4yttelij\u00e4n is\u00e4 tosin oli Norjasta. Arestrup on 61-vuotias, mutta n\u00e4ytt\u00e4\u00e4 tosiel\u00e4m\u00e4ss\u00e4 kymmenen, jopa 15 vuotta ik\u00e4ist\u00e4\u00e4n vanhemmalta.<\/p>\n\n\n\n<p>Profeetan my\u00f6t\u00e4 h\u00e4nest\u00e4 on tullut kansainv\u00e4linen t\u00e4hti: <strong>Steven Spielberg<\/strong> on palkannut Arestrupin mukaan <a href=\"https:\/\/suomenkuvalehti.fi\/kuvientakaa\/2010\/07\/01\/steven-spielberg-tekee-taas-sotaelokuvan-pelastakaa-sotamies-hevonen\/\">sotahevoselokuvaansa<\/a>.<\/p>\n\n\n\n<p>Luonnehtisin Arestrupia yrme\u00e4ksi ja hyvin et\u00e4iseksi. En oikein tied\u00e4, miksi h\u00e4n ylip\u00e4\u00e4ns\u00e4 oli Unifrancen j\u00e4rjest\u00e4m\u00e4ss\u00e4 ranskalaisen elokuvan promootiotilaisuudessa puhumassa Profeetasta, kun teht\u00e4v\u00e4 oli Arestrupille silminn\u00e4hden ik\u00e4vystytt\u00e4v\u00e4.<\/p>\n\n\n\n<p>T\u00e4ss\u00e4 kuitenkin tiivistelm\u00e4 keskustelusta.<\/p>\n\n\n\n<p><strong>KK:<\/strong> Olet sukujuuriltasi l\u00e4nsieurooppalainen ja se n\u00e4kyy. Miksi p\u00e4\u00e4dyit korsikalaisen rooliin?<\/p>\n\n\n\n<p><strong>NA:<\/strong> Jacques Audiard on hyv\u00e4 yst\u00e4v\u00e4ni, ja n\u00e4yttelin h\u00e4nen edellisess\u00e4 elokuvassaan (Kun syd\u00e4n lakkaa ly\u00f6m\u00e4st\u00e4). Tulimme oikein hyvin toimeen. Kun kuulin, ett\u00e4 h\u00e4n etsii korsikalaista n\u00e4yttelij\u00e4\u00e4, ajattelin ett\u00e4 tuskin min\u00e4 siihen sopisin. Mutta h\u00e4n pyysi minua, ja sanoin kyll\u00e4.<\/p>\n\n\n\n<p><strong>KK:<\/strong> Kuinka Jacques esitteli elokuvan sinulle?<\/p>\n\n\n\n<p><strong>NA:<\/strong> Jacques on hyvin v\u00e4h\u00e4sanainen, kaikessa hyvin diskreetti. H\u00e4n antoi k\u00e4sikirjoituksen luettavakseni ja ymm\u00e4rsimme toisiamme. En esit\u00e4 etuk\u00e4teen kysymyksi\u00e4.<\/p>\n\n\n\n<p><strong>KK:<\/strong> Kertooko Profeetta ranskalaisen yhteiskunnan muutoksesta?<\/p>\n\n\n\n<p><strong>NA:<\/strong> Jacques Audiard ei itse vastaisi tuohon suoraan, joten olisi sopimatonta, ett\u00e4 min\u00e4 puhuisin asiasta h\u00e4nen puolestaan. Sen voin kuitenkin sanoa, ett\u00e4 h\u00e4nest\u00e4 elokuva pit\u00e4isi n\u00e4hd\u00e4 fiktiona. Tarinana. Se on alusta loppuun keksitty k\u00e4sikirjoitus.<\/p>\n\n\n\n<p>H\u00e4n ajatteli, ett\u00e4 tarina k\u00e4sittelee meid\u00e4n aikaamme. Ehk\u00e4 yhteiskunnan alimpia kerroksia. Mutta se ei ole metafora. Jacques teki genre-elokuvan, joka kuuluu tiettyyn perinteeseen. H\u00e4n ei haluaisi, ett\u00e4 elokuva lokeroitaisiin Ranskan yhteiskunnan kuvaksi.<\/p>\n\n\n\n<p>Tietysti se voi olla sit\u00e4kin.<\/p>\n\n\n\n<p><strong>KK:<\/strong> Elokuvassa on hyyt\u00e4v\u00e4n klaustrofobinen tunnelma. Miten lavasteet vaikuttavat n\u00e4yttelij\u00e4nty\u00f6h\u00f6n?<\/p>\n\n\n\n<p><strong>NA:<\/strong> Lavasteet rakennettiin niin, ett\u00e4 ne olivat pysyv\u00e4sti paikallaan. Mit\u00e4\u00e4n ei voitu siirt\u00e4\u00e4 kameraa varten. Siit\u00e4 syntyi suljetun paikan tuntu. Olimnme kuin ansassa.<\/p>\n\n\n\n<p>Joka kuvausp\u00e4iv\u00e4n p\u00e4\u00e4tteeksi olin helpottunut: p\u00e4\u00e4sin vapaaksi.<\/p>\n\n\n\n<p>Vangit asuvat kolme kertaa nelj\u00e4 metri\u00e4 -kokoisissa selleiss\u00e4, monta yhdess\u00e4 selliss\u00e4. Jacques halusi v\u00e4litt\u00e4\u00e4 t\u00e4m\u00e4n tunteen. Elokuvasta huomaat, ettei mit\u00e4\u00e4n ole kuvattu kaukaa &#8211; paitsi ehk\u00e4 jotain vartiotorneihin liittyv\u00e4\u00e4. Kaikki on l\u00e4hell\u00e4.<\/p>\n\n\n\n<p><strong>KK:<\/strong> Kuvasitteko my\u00f6s oikeassa vankilassa?<\/p>\n\n\n\n<p><strong>NA:<\/strong> Emme. En min\u00e4 ainakaan.<\/p>\n\n\n\n<p><strong>KK:<\/strong> Olisitko halunnut?<\/p>\n\n\n\n<p><strong>NA:<\/strong> Ei. En olisi halunnut, kunnioituksesta vankeja kohtaan. Olisi tuntunut ep\u00e4miellytt\u00e4v\u00e4lt\u00e4 ja tunkeilevalta seurata heit\u00e4 l\u00e4helt\u00e4, kun he ovat el\u00e4m\u00e4ss\u00e4\u00e4n tuollaisessa tilanteessa.<\/p>\n\n\n\n<p><strong>KK:<\/strong> Tutkitko korsikalaisvankien kulttuuria?<\/p>\n\n\n\n<p><strong>NA:<\/strong> En. Meill\u00e4 oli paljon valokuvia vangeista ja heid\u00e4n maailmastaan. L\u00e4hinn\u00e4 amerikkalaisista vangeista tosin.<\/p>\n\n\n\n<p>Jacques ei ajatellut, ett\u00e4 etnisten ryhmien v\u00e4liset erot olisivat keskeinen osa elokuvan sis\u00e4lt\u00f6\u00e4. Etnisyys m\u00e4\u00e4r\u00e4\u00e4 ryhm\u00e4jaon, mik\u00e4 on tarinassa keskeist\u00e4, mutta siin\u00e4 kaikki.<\/p>\n\n\n\n<p>Polttopisteess\u00e4 ovat n\u00e4m\u00e4 kaksi miest\u00e4. Roolihahmoni on vanha mies, joka tiet\u00e4\u00e4, ettei h\u00e4nell\u00e4 ole paljoa aikaa, vaikka h\u00e4n vapautuisi. H\u00e4nell\u00e4 on kaksoistuomio: kuinka el\u00e4\u00e4 loput ajastaan vankilassa &#8211; ja kuinka viett\u00e4\u00e4 viimeiset vuodet vapaana, niit\u00e4 on korkeintaan 10-15.<\/p>\n\n\n\n<p><strong>KK:<\/strong> Gangsterielokuviin liittyy usein tietty glamour ja rikollisten ihannointi. Esimerkiksi <strong>Brian de Palman<\/strong> ohjaamaa <em>Arpinaamaa<\/em> katsotaan my\u00f6s ihaillen. Mietittek\u00f6 t\u00e4llaisten tulkintojen mahdollisuutta?<\/p>\n\n\n\n<p><strong>NA:<\/strong> Meid\u00e4n t\u00e4ytyy hyv\u00e4ksy\u00e4, ett\u00e4 elokuva on taidetta, mielikuvituksen tuotetta, ja ett\u00e4 sit\u00e4 ja tekij\u00f6it\u00e4 ei voida pit\u00e4\u00e4 vastuullisena siit\u00e4, miten jotkut yksil\u00f6t sen tulkitsevat.<\/p>\n\n\n\n<p>Sama koskee musiikkia, maalaustaidetta ja kirjallisuutta.<\/p>\n\n\n\n<p>Tietenkin joku voi v\u00e4\u00e4rinymm\u00e4rt\u00e4\u00e4 elokuvan tai mink\u00e4 tahansa teoksen. Olisi toki ongelma, jos elokuva n\u00e4ht\u00e4isiin v\u00e4kivallalle my\u00f6t\u00e4mielisen\u00e4, tai rikollisuuteen lietsovana. Mutta ei se ole sit\u00e4. Jos jokin elokuva teht\u00e4isiin tuollaisista l\u00e4ht\u00f6kohdista.. Huh. Ne l\u00e4ht\u00f6kohdat kahlitsisivat luovuutta. Siit\u00e4 ei tulisi kovin hyv\u00e4 elokuva.<\/p>\n\n\n\n<p><em>Profeetta dvd:ll\u00e4 syyskuun lopulla. Kun syd\u00e4n lakkaa ly\u00f6m\u00e4st\u00e4 Yle TV1:ss\u00e4 perjantaina 13.8. klo 21.<\/em><\/p>\n\n\n","protected":false},"excerpt":{"rendered":"<p>Sain tammikuussa kunnian haastatella Niels Arestrupia, Profeetan toista p\u00e4\u00e4osanesitt\u00e4j\u00e4\u00e4. H\u00e4n on keskeisess\u00e4 roolissa my\u00f6s ohjaaja Jacques Audiardin edellisess\u00e4, kutakuinkin yht\u00e4 hienossa elokuvassa Kun syd\u00e4n lakkaa ly\u00f6m\u00e4st\u00e4, joka<br \/>\nn\u00e4hd\u00e4\u00e4n TV1:s&hellip;<\/p>\n","protected":false},"author":144,"featured_media":0,"comment_status":"open","ping_status":"open","sticky":false,"template":"","format":"standard","meta":{"_acf_changed":false,"asauth_required_access_level":0,"asauth_cansharepaid":"","om_header_attributes":[],"footnotes":"","om_featured_image_focal_point":[],"om_primary_tag":0,"om_contributors":[],"om_co_authors":[],"beyondwords_generate_audio":"","beyondwords_project_id":"","beyondwords_content_id":"","beyondwords_preview_token":"","beyondwords_player_content":"","beyondwords_player_style":"","beyondwords_language_code":"","beyondwords_language_id":"","beyondwords_title_voice_id":"","beyondwords_body_voice_id":"","beyondwords_summary_voice_id":"","beyondwords_error_message":"","beyondwords_disabled":"","beyondwords_delete_content":"","beyondwords_podcast_id":"","beyondwords_hash":"","publish_post_to_speechkit":"","speechkit_hash":"","speechkit_generate_audio":"","speechkit_project_id":"","speechkit_podcast_id":"","speechkit_error_message":"","speechkit_disabled":"","speechkit_access_key":"","speechkit_error":"","speechkit_info":"","speechkit_response":"","speechkit_retries":"","speechkit_status":"","speechkit_updated_at":"","_speechkit_link":"","_speechkit_text":""},"categories":[1],"tags":[416,1332,1330,1331],"class_list":["post-814","post","type-post","status-publish","format-standard","hentry","category-kuvien-takaa","tag-jacques-audiard","tag-kun-sydan-lyo-tyhjaa","tag-niels-arestrup","tag-profeetta"],"om_views":null,"acf":{"tuuma_off":false,"tuuma_kysymys":"","tuuma_vastaus":""},"asauth":{"required_access_level":1,"share_token":"","is_paid":false},"yoast_head":"<!-- This site is optimized with the Yoast SEO plugin v26.4 - https:\/\/yoast.com\/wordpress\/plugins\/seo\/ -->\n<title>Profeetta-n\u00e4yttelij\u00e4 Niels Arestrup kertoo Jacques Audiardista ja roolistaan - Kuvien takaa<\/title>\n<meta name=\"robots\" content=\"index, follow, max-snippet:-1, max-image-preview:large, max-video-preview:-1\" \/>\n<link rel=\"canonical\" href=\"https:\/\/suomenkuvalehti.fi\/kuvien-takaa\/profeetta-nayttelija-niels-arestrup-kertoo-jacques-audiardista-ja-roolistaan\/\" \/>\n<meta property=\"og:locale\" content=\"fi_FI\" \/>\n<meta property=\"og:type\" content=\"article\" \/>\n<meta property=\"og:title\" content=\"Profeetta-n\u00e4yttelij\u00e4 Niels Arestrup kertoo Jacques Audiardista ja roolistaan - Kuvien takaa\" \/>\n<meta property=\"og:description\" content=\"Sain tammikuussa kunnian haastatella Niels Arestrupia, Profeetan toista p\u00e4\u00e4osanesitt\u00e4j\u00e4\u00e4. H\u00e4n on keskeisess\u00e4 roolissa my\u00f6s ohjaaja Jacques Audiardin edellisess\u00e4, kutakuinkin yht\u00e4 hienossa elokuvassa Kun syd\u00e4n lakkaa ly\u00f6m\u00e4st\u00e4, joka n\u00e4hd\u00e4\u00e4n TV1:s&hellip;\" \/>\n<meta property=\"og:url\" content=\"https:\/\/suomenkuvalehti.fi\/kuvien-takaa\/profeetta-nayttelija-niels-arestrup-kertoo-jacques-audiardista-ja-roolistaan\/\" \/>\n<meta property=\"og:site_name\" content=\"Kuvien takaa\" \/>\n<meta property=\"article:author\" content=\"https:\/\/www.facebook.com\/pages\/Kalle-Kinnunen-Kuvien-takaa\/190326157715410?fref=ts\" \/>\n<meta property=\"article:published_time\" content=\"2010-08-11T03:01:00+00:00\" \/>\n<meta property=\"article:modified_time\" content=\"2013-11-29T13:25:26+00:00\" \/>\n<meta property=\"og:image\" content=\"https:\/\/suomenkuvalehti.fi\/kuvien-takaa\/wp-content\/uploads\/sites\/11\/2022\/04\/kalle_kinnunen_blogi-1-scaled.jpg\" \/>\n\t<meta property=\"og:image:width\" content=\"2560\" \/>\n\t<meta property=\"og:image:height\" content=\"1707\" \/>\n\t<meta property=\"og:image:type\" content=\"image\/jpeg\" \/>\n<meta name=\"author\" content=\"Kalle Kinnunen\" \/>\n<meta name=\"twitter:card\" content=\"summary_large_image\" \/>\n<meta name=\"twitter:creator\" content=\"@https:\/\/twitter.com\/kallekinnunen\" \/>\n<meta name=\"twitter:label1\" content=\"Written by\" \/>\n\t<meta name=\"twitter:data1\" content=\"Kalle Kinnunen\" \/>\n\t<meta name=\"twitter:label2\" content=\"Est. reading time\" \/>\n\t<meta name=\"twitter:data2\" content=\"3 minuuttia\" \/>\n<script type=\"application\/ld+json\" class=\"yoast-schema-graph\">{\"@context\":\"https:\/\/schema.org\",\"@graph\":[{\"@type\":\"WebPage\",\"@id\":\"https:\/\/suomenkuvalehti.fi\/kuvien-takaa\/profeetta-nayttelija-niels-arestrup-kertoo-jacques-audiardista-ja-roolistaan\/\",\"url\":\"https:\/\/suomenkuvalehti.fi\/kuvien-takaa\/profeetta-nayttelija-niels-arestrup-kertoo-jacques-audiardista-ja-roolistaan\/\",\"name\":\"Profeetta-n\u00e4yttelij\u00e4 Niels Arestrup kertoo Jacques Audiardista ja roolistaan - Kuvien takaa\",\"isPartOf\":{\"@id\":\"https:\/\/suomenkuvalehti.fi\/kuvien-takaa\/#website\"},\"datePublished\":\"2010-08-11T03:01:00+00:00\",\"dateModified\":\"2013-11-29T13:25:26+00:00\",\"author\":{\"@id\":\"https:\/\/suomenkuvalehti.fi\/kuvien-takaa\/#\/schema\/person\/f3f657e4ad409e008f12af27bec60a23\"},\"breadcrumb\":{\"@id\":\"https:\/\/suomenkuvalehti.fi\/kuvien-takaa\/profeetta-nayttelija-niels-arestrup-kertoo-jacques-audiardista-ja-roolistaan\/#breadcrumb\"},\"inLanguage\":\"fi\",\"potentialAction\":[{\"@type\":\"ReadAction\",\"target\":[\"https:\/\/suomenkuvalehti.fi\/kuvien-takaa\/profeetta-nayttelija-niels-arestrup-kertoo-jacques-audiardista-ja-roolistaan\/\"]}]},{\"@type\":\"BreadcrumbList\",\"@id\":\"https:\/\/suomenkuvalehti.fi\/kuvien-takaa\/profeetta-nayttelija-niels-arestrup-kertoo-jacques-audiardista-ja-roolistaan\/#breadcrumb\",\"itemListElement\":[{\"@type\":\"ListItem\",\"position\":1,\"name\":\"Home\",\"item\":\"https:\/\/suomenkuvalehti.fi\/kuvien-takaa\/\"},{\"@type\":\"ListItem\",\"position\":2,\"name\":\"Profeetta-n\u00e4yttelij\u00e4 Niels Arestrup kertoo Jacques Audiardista ja roolistaan\"}]},{\"@type\":\"WebSite\",\"@id\":\"https:\/\/suomenkuvalehti.fi\/kuvien-takaa\/#website\",\"url\":\"https:\/\/suomenkuvalehti.fi\/kuvien-takaa\/\",\"name\":\"Kuvien takaa\",\"description\":\"Elokuvakriitikko Kalle Kinnusen elokuvablogi.\",\"potentialAction\":[{\"@type\":\"SearchAction\",\"target\":{\"@type\":\"EntryPoint\",\"urlTemplate\":\"https:\/\/suomenkuvalehti.fi\/haku\/?q={search_term_string}\"},\"query-input\":{\"@type\":\"PropertyValueSpecification\",\"valueRequired\":true,\"valueName\":\"search_term_string\"}}],\"inLanguage\":\"fi\"},{\"@type\":\"Person\",\"@id\":\"https:\/\/suomenkuvalehti.fi\/kuvien-takaa\/#\/schema\/person\/f3f657e4ad409e008f12af27bec60a23\",\"name\":\"Kalle Kinnunen\",\"image\":{\"@type\":\"ImageObject\",\"inLanguage\":\"fi\",\"@id\":\"https:\/\/suomenkuvalehti.fi\/kuvien-takaa\/#\/schema\/person\/image\/\",\"url\":\"https:\/\/suomenkuvalehti.fi\/kuvien-takaa\/wp-content\/uploads\/sites\/11\/2022\/04\/kalle_kinnunen_blogi-1-150x150.jpg\",\"contentUrl\":\"https:\/\/suomenkuvalehti.fi\/kuvien-takaa\/wp-content\/uploads\/sites\/11\/2022\/04\/kalle_kinnunen_blogi-1-150x150.jpg\",\"caption\":\"Kalle Kinnunen\"},\"description\":\"Kalle Kinnunen on vapaa toimittaja ja Suomen Kuvalehden avustaja.\",\"sameAs\":[\"https:\/\/www.facebook.com\/pages\/Kalle-Kinnunen-Kuvien-takaa\/190326157715410?fref=ts\",\"https:\/\/x.com\/https:\/\/twitter.com\/kallekinnunen\"]}]}<\/script>\n<!-- \/ Yoast SEO plugin. -->","yoast_head_json":{"title":"Profeetta-n\u00e4yttelij\u00e4 Niels Arestrup kertoo Jacques Audiardista ja roolistaan - Kuvien takaa","robots":{"index":"index","follow":"follow","max-snippet":"max-snippet:-1","max-image-preview":"max-image-preview:large","max-video-preview":"max-video-preview:-1"},"canonical":"https:\/\/suomenkuvalehti.fi\/kuvien-takaa\/profeetta-nayttelija-niels-arestrup-kertoo-jacques-audiardista-ja-roolistaan\/","og_locale":"fi_FI","og_type":"article","og_title":"Profeetta-n\u00e4yttelij\u00e4 Niels Arestrup kertoo Jacques Audiardista ja roolistaan - Kuvien takaa","og_description":"Sain tammikuussa kunnian haastatella Niels Arestrupia, Profeetan toista p\u00e4\u00e4osanesitt\u00e4j\u00e4\u00e4. H\u00e4n on keskeisess\u00e4 roolissa my\u00f6s ohjaaja Jacques Audiardin edellisess\u00e4, kutakuinkin yht\u00e4 hienossa elokuvassa Kun syd\u00e4n lakkaa ly\u00f6m\u00e4st\u00e4, joka n\u00e4hd\u00e4\u00e4n TV1:s&hellip;","og_url":"https:\/\/suomenkuvalehti.fi\/kuvien-takaa\/profeetta-nayttelija-niels-arestrup-kertoo-jacques-audiardista-ja-roolistaan\/","og_site_name":"Kuvien takaa","article_author":"https:\/\/www.facebook.com\/pages\/Kalle-Kinnunen-Kuvien-takaa\/190326157715410?fref=ts","article_published_time":"2010-08-11T03:01:00+00:00","article_modified_time":"2013-11-29T13:25:26+00:00","og_image":[{"width":2560,"height":1707,"url":"https:\/\/suomenkuvalehti.fi\/kuvien-takaa\/wp-content\/uploads\/sites\/11\/2022\/04\/kalle_kinnunen_blogi-1-scaled.jpg","type":"image\/jpeg"}],"author":"Kalle Kinnunen","twitter_card":"summary_large_image","twitter_creator":"@https:\/\/twitter.com\/kallekinnunen","twitter_misc":{"Written by":"Kalle Kinnunen","Est. reading time":"3 minuuttia"},"schema":{"@context":"https:\/\/schema.org","@graph":[{"@type":"WebPage","@id":"https:\/\/suomenkuvalehti.fi\/kuvien-takaa\/profeetta-nayttelija-niels-arestrup-kertoo-jacques-audiardista-ja-roolistaan\/","url":"https:\/\/suomenkuvalehti.fi\/kuvien-takaa\/profeetta-nayttelija-niels-arestrup-kertoo-jacques-audiardista-ja-roolistaan\/","name":"Profeetta-n\u00e4yttelij\u00e4 Niels Arestrup kertoo Jacques Audiardista ja roolistaan - Kuvien takaa","isPartOf":{"@id":"https:\/\/suomenkuvalehti.fi\/kuvien-takaa\/#website"},"datePublished":"2010-08-11T03:01:00+00:00","dateModified":"2013-11-29T13:25:26+00:00","author":{"@id":"https:\/\/suomenkuvalehti.fi\/kuvien-takaa\/#\/schema\/person\/f3f657e4ad409e008f12af27bec60a23"},"breadcrumb":{"@id":"https:\/\/suomenkuvalehti.fi\/kuvien-takaa\/profeetta-nayttelija-niels-arestrup-kertoo-jacques-audiardista-ja-roolistaan\/#breadcrumb"},"inLanguage":"fi","potentialAction":[{"@type":"ReadAction","target":["https:\/\/suomenkuvalehti.fi\/kuvien-takaa\/profeetta-nayttelija-niels-arestrup-kertoo-jacques-audiardista-ja-roolistaan\/"]}]},{"@type":"BreadcrumbList","@id":"https:\/\/suomenkuvalehti.fi\/kuvien-takaa\/profeetta-nayttelija-niels-arestrup-kertoo-jacques-audiardista-ja-roolistaan\/#breadcrumb","itemListElement":[{"@type":"ListItem","position":1,"name":"Home","item":"https:\/\/suomenkuvalehti.fi\/kuvien-takaa\/"},{"@type":"ListItem","position":2,"name":"Profeetta-n\u00e4yttelij\u00e4 Niels Arestrup kertoo Jacques Audiardista ja roolistaan"}]},{"@type":"WebSite","@id":"https:\/\/suomenkuvalehti.fi\/kuvien-takaa\/#website","url":"https:\/\/suomenkuvalehti.fi\/kuvien-takaa\/","name":"Kuvien takaa","description":"Elokuvakriitikko Kalle Kinnusen elokuvablogi.","potentialAction":[{"@type":"SearchAction","target":{"@type":"EntryPoint","urlTemplate":"https:\/\/suomenkuvalehti.fi\/haku\/?q={search_term_string}"},"query-input":{"@type":"PropertyValueSpecification","valueRequired":true,"valueName":"search_term_string"}}],"inLanguage":"fi"},{"@type":"Person","@id":"https:\/\/suomenkuvalehti.fi\/kuvien-takaa\/#\/schema\/person\/f3f657e4ad409e008f12af27bec60a23","name":"Kalle Kinnunen","image":{"@type":"ImageObject","inLanguage":"fi","@id":"https:\/\/suomenkuvalehti.fi\/kuvien-takaa\/#\/schema\/person\/image\/","url":"https:\/\/suomenkuvalehti.fi\/kuvien-takaa\/wp-content\/uploads\/sites\/11\/2022\/04\/kalle_kinnunen_blogi-1-150x150.jpg","contentUrl":"https:\/\/suomenkuvalehti.fi\/kuvien-takaa\/wp-content\/uploads\/sites\/11\/2022\/04\/kalle_kinnunen_blogi-1-150x150.jpg","caption":"Kalle Kinnunen"},"description":"Kalle Kinnunen on vapaa toimittaja ja Suomen Kuvalehden avustaja.","sameAs":["https:\/\/www.facebook.com\/pages\/Kalle-Kinnunen-Kuvien-takaa\/190326157715410?fref=ts","https:\/\/x.com\/https:\/\/twitter.com\/kallekinnunen"]}]}},"_links":{"self":[{"href":"https:\/\/suomenkuvalehti.fi\/kuvien-takaa\/wp-json\/wp\/v2\/posts\/814","targetHints":{"allow":["GET"]}}],"collection":[{"href":"https:\/\/suomenkuvalehti.fi\/kuvien-takaa\/wp-json\/wp\/v2\/posts"}],"about":[{"href":"https:\/\/suomenkuvalehti.fi\/kuvien-takaa\/wp-json\/wp\/v2\/types\/post"}],"author":[{"embeddable":true,"href":"https:\/\/suomenkuvalehti.fi\/kuvien-takaa\/wp-json\/wp\/v2\/users\/144"}],"replies":[{"embeddable":true,"href":"https:\/\/suomenkuvalehti.fi\/kuvien-takaa\/wp-json\/wp\/v2\/comments?post=814"}],"version-history":[{"count":1,"href":"https:\/\/suomenkuvalehti.fi\/kuvien-takaa\/wp-json\/wp\/v2\/posts\/814\/revisions"}],"predecessor-version":[{"id":1440,"href":"https:\/\/suomenkuvalehti.fi\/kuvien-takaa\/wp-json\/wp\/v2\/posts\/814\/revisions\/1440"}],"wp:attachment":[{"href":"https:\/\/suomenkuvalehti.fi\/kuvien-takaa\/wp-json\/wp\/v2\/media?parent=814"}],"wp:term":[{"taxonomy":"category","embeddable":true,"href":"https:\/\/suomenkuvalehti.fi\/kuvien-takaa\/wp-json\/wp\/v2\/categories?post=814"},{"taxonomy":"post_tag","embeddable":true,"href":"https:\/\/suomenkuvalehti.fi\/kuvien-takaa\/wp-json\/wp\/v2\/tags?post=814"}],"curies":[{"name":"wp","href":"https:\/\/api.w.org\/{rel}","templated":true}]}}