{"id":801,"date":"2010-07-06T06:12:00","date_gmt":"2010-07-06T03:12:00","guid":{"rendered":"https:\/\/suomenkuvalehti.fi\/kuvientakaa\/2010\/07\/06\/smurffeista-uusi-elokuva-nayttaa-hirveimmalta-aikoihin\/"},"modified":"2013-11-29T15:25:22","modified_gmt":"2013-11-29T13:25:22","slug":"smurffeista-uusi-elokuva-nayttaa-hirveimmalta-aikoihin","status":"publish","type":"post","link":"https:\/\/suomenkuvalehti.fi\/kuvien-takaa\/smurffeista-uusi-elokuva-nayttaa-hirveimmalta-aikoihin\/","title":{"rendered":"Smurffeista uusi elokuva &#8211; n\u00e4ytt\u00e4\u00e4 hirveimm\u00e4lt\u00e4 aikoihin"},"content":{"rendered":"\n<p>V\u00e4lill\u00e4 on vaikea k\u00e4sitt\u00e4\u00e4, miksi elokuvista pit\u00e4\u00e4 v\u00e4kisin v\u00e4\u00e4nt\u00e4\u00e4 trailereita jo siin\u00e4 vaiheessa, kun mit\u00e4\u00e4n materiaalia ei oikein ole. Ensi kes\u00e4n\u00e4 saapuvan <em>Smurffit<\/em> -elokuvan ensimm\u00e4inen mainospala on ainoastaan kammottava.<\/p>\n\n\n\n\n<p><a href=\"http:\/\/akas.imdb.com\/title\/tt0472181\/\">Smurffien<\/a> noin minuutin pituinen teaser l\u00f6ytyy <a href=\"https:\/\/www.youtube.com\/watch?v=KpWehYqI76Q&amp;feature=related\">t\u00e4m\u00e4n linkin<\/a> takaa.<\/p>\n\n\n\n<p>Kyseess\u00e4 on Hollywood-tuotanto, joka sekoittaa live-kuvaa ja animoituja smurffeja. Tietysti se on 3D.<\/p>\n\n\n\n<p>Tuskin se tuosta paranee.<\/p>\n\n\n\n<p>N\u00e4ytt\u00e4\u00e4 ep\u00e4toivoiselta. Ja kuulostaa &#8211; <strong>Tone Locin<\/strong> melko siet\u00e4m\u00e4tt\u00f6m\u00e4n <a href=\"https:\/\/www.youtube.com\/watch?v=387ZDGSKVSg\"><em>Wild Thingin<\/em><\/a> ja 1980-luvun Smurffi-sarjan teeman yhdistelm\u00e4 on musiikkia suoraan helvetist\u00e4.<\/p>\n\n\n\n<p>Mit\u00e4 tai ket\u00e4 t\u00e4st\u00e4 voi syytt\u00e4\u00e4 &#8211; <a href=\"https:\/\/suomenkuvalehti.fi\/kuvientakaa\/2009\/12\/11\/james-cameronin-avatar-iso-natti-ja-vahan-tylsa\/\"><em>Avatarin<\/em><\/a> (tunnetaan Na&#8217;vi-olentojen v\u00e4rin her\u00e4tt\u00e4mien mielleyhtymien vuoksi my\u00f6s nimell\u00e4 Tanssii smurffien kanssa) hullua suosiotako?<\/p>\n\n\n","protected":false},"excerpt":{"rendered":"<p>V\u00e4lill\u00e4 on vaikea k\u00e4sitt\u00e4\u00e4, miksi elokuvista pit\u00e4\u00e4 v\u00e4kisin v\u00e4\u00e4nt\u00e4\u00e4 trailereita jo siin\u00e4 vaiheessa, kun mit\u00e4\u00e4n materiaalia ei oikein ole. Ensi kes\u00e4n\u00e4 saapuvan Smurffit -elokuvan ensimm\u00e4inen mainospala on ainoastaan kammottava. Smurffien noin minuutin<br \/>\npituinen teaser l&hellip;<\/p>\n","protected":false},"author":144,"featured_media":0,"comment_status":"open","ping_status":"open","sticky":false,"template":"","format":"standard","meta":{"_acf_changed":false,"asauth_required_access_level":0,"asauth_cansharepaid":"","om_header_attributes":[],"footnotes":"","om_featured_image_focal_point":[],"om_primary_tag":0,"om_contributors":[],"om_co_authors":[],"beyondwords_generate_audio":"","beyondwords_project_id":"","beyondwords_content_id":"","beyondwords_preview_token":"","beyondwords_player_content":"","beyondwords_player_style":"","beyondwords_language_code":"","beyondwords_language_id":"","beyondwords_title_voice_id":"","beyondwords_body_voice_id":"","beyondwords_summary_voice_id":"","beyondwords_error_message":"","beyondwords_disabled":"","beyondwords_delete_content":"","beyondwords_podcast_id":"","beyondwords_hash":"","publish_post_to_speechkit":"","speechkit_hash":"","speechkit_generate_audio":"","speechkit_project_id":"","speechkit_podcast_id":"","speechkit_error_message":"","speechkit_disabled":"","speechkit_access_key":"","speechkit_error":"","speechkit_info":"","speechkit_response":"","speechkit_retries":"","speechkit_status":"","speechkit_updated_at":"","_speechkit_link":"","_speechkit_text":""},"categories":[1],"tags":[25,633,116],"class_list":["post-801","post","type-post","status-publish","format-standard","hentry","category-kuvien-takaa","tag-3d","tag-avatar","tag-smurffit"],"om_views":null,"acf":{"tuuma_off":false,"tuuma_kysymys":"","tuuma_vastaus":""},"asauth":{"required_access_level":1,"share_token":"","is_paid":false},"yoast_head":"<!-- This site is optimized with the Yoast SEO plugin v26.4 - https:\/\/yoast.com\/wordpress\/plugins\/seo\/ -->\n<title>Smurffeista uusi elokuva - n\u00e4ytt\u00e4\u00e4 hirveimm\u00e4lt\u00e4 aikoihin - Kuvien takaa<\/title>\n<meta name=\"robots\" content=\"index, follow, max-snippet:-1, max-image-preview:large, max-video-preview:-1\" \/>\n<link rel=\"canonical\" href=\"https:\/\/suomenkuvalehti.fi\/kuvien-takaa\/smurffeista-uusi-elokuva-nayttaa-hirveimmalta-aikoihin\/\" \/>\n<meta property=\"og:locale\" content=\"fi_FI\" \/>\n<meta property=\"og:type\" content=\"article\" \/>\n<meta property=\"og:title\" content=\"Smurffeista uusi elokuva - n\u00e4ytt\u00e4\u00e4 hirveimm\u00e4lt\u00e4 aikoihin - Kuvien takaa\" \/>\n<meta property=\"og:description\" content=\"V\u00e4lill\u00e4 on vaikea k\u00e4sitt\u00e4\u00e4, miksi elokuvista pit\u00e4\u00e4 v\u00e4kisin v\u00e4\u00e4nt\u00e4\u00e4 trailereita jo siin\u00e4 vaiheessa, kun mit\u00e4\u00e4n materiaalia ei oikein ole. Ensi kes\u00e4n\u00e4 saapuvan Smurffit -elokuvan ensimm\u00e4inen mainospala on ainoastaan kammottava. Smurffien noin minuutin pituinen teaser l&hellip;\" \/>\n<meta property=\"og:url\" content=\"https:\/\/suomenkuvalehti.fi\/kuvien-takaa\/smurffeista-uusi-elokuva-nayttaa-hirveimmalta-aikoihin\/\" \/>\n<meta property=\"og:site_name\" content=\"Kuvien takaa\" \/>\n<meta property=\"article:author\" content=\"https:\/\/www.facebook.com\/pages\/Kalle-Kinnunen-Kuvien-takaa\/190326157715410?fref=ts\" \/>\n<meta property=\"article:published_time\" content=\"2010-07-06T03:12:00+00:00\" \/>\n<meta property=\"article:modified_time\" content=\"2013-11-29T13:25:22+00:00\" \/>\n<meta property=\"og:image\" content=\"https:\/\/suomenkuvalehti.fi\/kuvien-takaa\/wp-content\/uploads\/sites\/11\/2022\/04\/kalle_kinnunen_blogi-1-scaled.jpg\" \/>\n\t<meta property=\"og:image:width\" content=\"2560\" \/>\n\t<meta property=\"og:image:height\" content=\"1707\" \/>\n\t<meta property=\"og:image:type\" content=\"image\/jpeg\" \/>\n<meta name=\"author\" content=\"Kalle Kinnunen\" \/>\n<meta name=\"twitter:card\" content=\"summary_large_image\" \/>\n<meta name=\"twitter:creator\" content=\"@https:\/\/twitter.com\/kallekinnunen\" \/>\n<meta name=\"twitter:label1\" content=\"Written by\" \/>\n\t<meta name=\"twitter:data1\" content=\"Kalle Kinnunen\" \/>\n\t<meta name=\"twitter:label2\" content=\"Est. reading time\" \/>\n\t<meta name=\"twitter:data2\" content=\"1 minuutti\" \/>\n<script type=\"application\/ld+json\" class=\"yoast-schema-graph\">{\"@context\":\"https:\/\/schema.org\",\"@graph\":[{\"@type\":\"WebPage\",\"@id\":\"https:\/\/suomenkuvalehti.fi\/kuvien-takaa\/smurffeista-uusi-elokuva-nayttaa-hirveimmalta-aikoihin\/\",\"url\":\"https:\/\/suomenkuvalehti.fi\/kuvien-takaa\/smurffeista-uusi-elokuva-nayttaa-hirveimmalta-aikoihin\/\",\"name\":\"Smurffeista uusi elokuva - n\u00e4ytt\u00e4\u00e4 hirveimm\u00e4lt\u00e4 aikoihin - Kuvien takaa\",\"isPartOf\":{\"@id\":\"https:\/\/suomenkuvalehti.fi\/kuvien-takaa\/#website\"},\"datePublished\":\"2010-07-06T03:12:00+00:00\",\"dateModified\":\"2013-11-29T13:25:22+00:00\",\"author\":{\"@id\":\"https:\/\/suomenkuvalehti.fi\/kuvien-takaa\/#\/schema\/person\/f3f657e4ad409e008f12af27bec60a23\"},\"breadcrumb\":{\"@id\":\"https:\/\/suomenkuvalehti.fi\/kuvien-takaa\/smurffeista-uusi-elokuva-nayttaa-hirveimmalta-aikoihin\/#breadcrumb\"},\"inLanguage\":\"fi\",\"potentialAction\":[{\"@type\":\"ReadAction\",\"target\":[\"https:\/\/suomenkuvalehti.fi\/kuvien-takaa\/smurffeista-uusi-elokuva-nayttaa-hirveimmalta-aikoihin\/\"]}]},{\"@type\":\"BreadcrumbList\",\"@id\":\"https:\/\/suomenkuvalehti.fi\/kuvien-takaa\/smurffeista-uusi-elokuva-nayttaa-hirveimmalta-aikoihin\/#breadcrumb\",\"itemListElement\":[{\"@type\":\"ListItem\",\"position\":1,\"name\":\"Home\",\"item\":\"https:\/\/suomenkuvalehti.fi\/kuvien-takaa\/\"},{\"@type\":\"ListItem\",\"position\":2,\"name\":\"Smurffeista uusi elokuva &#8211; n\u00e4ytt\u00e4\u00e4 hirveimm\u00e4lt\u00e4 aikoihin\"}]},{\"@type\":\"WebSite\",\"@id\":\"https:\/\/suomenkuvalehti.fi\/kuvien-takaa\/#website\",\"url\":\"https:\/\/suomenkuvalehti.fi\/kuvien-takaa\/\",\"name\":\"Kuvien takaa\",\"description\":\"Elokuvakriitikko Kalle Kinnusen elokuvablogi.\",\"potentialAction\":[{\"@type\":\"SearchAction\",\"target\":{\"@type\":\"EntryPoint\",\"urlTemplate\":\"https:\/\/suomenkuvalehti.fi\/haku\/?q={search_term_string}\"},\"query-input\":{\"@type\":\"PropertyValueSpecification\",\"valueRequired\":true,\"valueName\":\"search_term_string\"}}],\"inLanguage\":\"fi\"},{\"@type\":\"Person\",\"@id\":\"https:\/\/suomenkuvalehti.fi\/kuvien-takaa\/#\/schema\/person\/f3f657e4ad409e008f12af27bec60a23\",\"name\":\"Kalle Kinnunen\",\"image\":{\"@type\":\"ImageObject\",\"inLanguage\":\"fi\",\"@id\":\"https:\/\/suomenkuvalehti.fi\/kuvien-takaa\/#\/schema\/person\/image\/\",\"url\":\"https:\/\/suomenkuvalehti.fi\/kuvien-takaa\/wp-content\/uploads\/sites\/11\/2022\/04\/kalle_kinnunen_blogi-1-150x150.jpg\",\"contentUrl\":\"https:\/\/suomenkuvalehti.fi\/kuvien-takaa\/wp-content\/uploads\/sites\/11\/2022\/04\/kalle_kinnunen_blogi-1-150x150.jpg\",\"caption\":\"Kalle Kinnunen\"},\"description\":\"Kalle Kinnunen on vapaa toimittaja ja Suomen Kuvalehden avustaja.\",\"sameAs\":[\"https:\/\/www.facebook.com\/pages\/Kalle-Kinnunen-Kuvien-takaa\/190326157715410?fref=ts\",\"https:\/\/x.com\/https:\/\/twitter.com\/kallekinnunen\"]}]}<\/script>\n<!-- \/ Yoast SEO plugin. -->","yoast_head_json":{"title":"Smurffeista uusi elokuva - n\u00e4ytt\u00e4\u00e4 hirveimm\u00e4lt\u00e4 aikoihin - Kuvien takaa","robots":{"index":"index","follow":"follow","max-snippet":"max-snippet:-1","max-image-preview":"max-image-preview:large","max-video-preview":"max-video-preview:-1"},"canonical":"https:\/\/suomenkuvalehti.fi\/kuvien-takaa\/smurffeista-uusi-elokuva-nayttaa-hirveimmalta-aikoihin\/","og_locale":"fi_FI","og_type":"article","og_title":"Smurffeista uusi elokuva - n\u00e4ytt\u00e4\u00e4 hirveimm\u00e4lt\u00e4 aikoihin - Kuvien takaa","og_description":"V\u00e4lill\u00e4 on vaikea k\u00e4sitt\u00e4\u00e4, miksi elokuvista pit\u00e4\u00e4 v\u00e4kisin v\u00e4\u00e4nt\u00e4\u00e4 trailereita jo siin\u00e4 vaiheessa, kun mit\u00e4\u00e4n materiaalia ei oikein ole. Ensi kes\u00e4n\u00e4 saapuvan Smurffit -elokuvan ensimm\u00e4inen mainospala on ainoastaan kammottava. Smurffien noin minuutin pituinen teaser l&hellip;","og_url":"https:\/\/suomenkuvalehti.fi\/kuvien-takaa\/smurffeista-uusi-elokuva-nayttaa-hirveimmalta-aikoihin\/","og_site_name":"Kuvien takaa","article_author":"https:\/\/www.facebook.com\/pages\/Kalle-Kinnunen-Kuvien-takaa\/190326157715410?fref=ts","article_published_time":"2010-07-06T03:12:00+00:00","article_modified_time":"2013-11-29T13:25:22+00:00","og_image":[{"width":2560,"height":1707,"url":"https:\/\/suomenkuvalehti.fi\/kuvien-takaa\/wp-content\/uploads\/sites\/11\/2022\/04\/kalle_kinnunen_blogi-1-scaled.jpg","type":"image\/jpeg"}],"author":"Kalle Kinnunen","twitter_card":"summary_large_image","twitter_creator":"@https:\/\/twitter.com\/kallekinnunen","twitter_misc":{"Written by":"Kalle Kinnunen","Est. reading time":"1 minuutti"},"schema":{"@context":"https:\/\/schema.org","@graph":[{"@type":"WebPage","@id":"https:\/\/suomenkuvalehti.fi\/kuvien-takaa\/smurffeista-uusi-elokuva-nayttaa-hirveimmalta-aikoihin\/","url":"https:\/\/suomenkuvalehti.fi\/kuvien-takaa\/smurffeista-uusi-elokuva-nayttaa-hirveimmalta-aikoihin\/","name":"Smurffeista uusi elokuva - n\u00e4ytt\u00e4\u00e4 hirveimm\u00e4lt\u00e4 aikoihin - Kuvien takaa","isPartOf":{"@id":"https:\/\/suomenkuvalehti.fi\/kuvien-takaa\/#website"},"datePublished":"2010-07-06T03:12:00+00:00","dateModified":"2013-11-29T13:25:22+00:00","author":{"@id":"https:\/\/suomenkuvalehti.fi\/kuvien-takaa\/#\/schema\/person\/f3f657e4ad409e008f12af27bec60a23"},"breadcrumb":{"@id":"https:\/\/suomenkuvalehti.fi\/kuvien-takaa\/smurffeista-uusi-elokuva-nayttaa-hirveimmalta-aikoihin\/#breadcrumb"},"inLanguage":"fi","potentialAction":[{"@type":"ReadAction","target":["https:\/\/suomenkuvalehti.fi\/kuvien-takaa\/smurffeista-uusi-elokuva-nayttaa-hirveimmalta-aikoihin\/"]}]},{"@type":"BreadcrumbList","@id":"https:\/\/suomenkuvalehti.fi\/kuvien-takaa\/smurffeista-uusi-elokuva-nayttaa-hirveimmalta-aikoihin\/#breadcrumb","itemListElement":[{"@type":"ListItem","position":1,"name":"Home","item":"https:\/\/suomenkuvalehti.fi\/kuvien-takaa\/"},{"@type":"ListItem","position":2,"name":"Smurffeista uusi elokuva &#8211; n\u00e4ytt\u00e4\u00e4 hirveimm\u00e4lt\u00e4 aikoihin"}]},{"@type":"WebSite","@id":"https:\/\/suomenkuvalehti.fi\/kuvien-takaa\/#website","url":"https:\/\/suomenkuvalehti.fi\/kuvien-takaa\/","name":"Kuvien takaa","description":"Elokuvakriitikko Kalle Kinnusen elokuvablogi.","potentialAction":[{"@type":"SearchAction","target":{"@type":"EntryPoint","urlTemplate":"https:\/\/suomenkuvalehti.fi\/haku\/?q={search_term_string}"},"query-input":{"@type":"PropertyValueSpecification","valueRequired":true,"valueName":"search_term_string"}}],"inLanguage":"fi"},{"@type":"Person","@id":"https:\/\/suomenkuvalehti.fi\/kuvien-takaa\/#\/schema\/person\/f3f657e4ad409e008f12af27bec60a23","name":"Kalle Kinnunen","image":{"@type":"ImageObject","inLanguage":"fi","@id":"https:\/\/suomenkuvalehti.fi\/kuvien-takaa\/#\/schema\/person\/image\/","url":"https:\/\/suomenkuvalehti.fi\/kuvien-takaa\/wp-content\/uploads\/sites\/11\/2022\/04\/kalle_kinnunen_blogi-1-150x150.jpg","contentUrl":"https:\/\/suomenkuvalehti.fi\/kuvien-takaa\/wp-content\/uploads\/sites\/11\/2022\/04\/kalle_kinnunen_blogi-1-150x150.jpg","caption":"Kalle Kinnunen"},"description":"Kalle Kinnunen on vapaa toimittaja ja Suomen Kuvalehden avustaja.","sameAs":["https:\/\/www.facebook.com\/pages\/Kalle-Kinnunen-Kuvien-takaa\/190326157715410?fref=ts","https:\/\/x.com\/https:\/\/twitter.com\/kallekinnunen"]}]}},"_links":{"self":[{"href":"https:\/\/suomenkuvalehti.fi\/kuvien-takaa\/wp-json\/wp\/v2\/posts\/801","targetHints":{"allow":["GET"]}}],"collection":[{"href":"https:\/\/suomenkuvalehti.fi\/kuvien-takaa\/wp-json\/wp\/v2\/posts"}],"about":[{"href":"https:\/\/suomenkuvalehti.fi\/kuvien-takaa\/wp-json\/wp\/v2\/types\/post"}],"author":[{"embeddable":true,"href":"https:\/\/suomenkuvalehti.fi\/kuvien-takaa\/wp-json\/wp\/v2\/users\/144"}],"replies":[{"embeddable":true,"href":"https:\/\/suomenkuvalehti.fi\/kuvien-takaa\/wp-json\/wp\/v2\/comments?post=801"}],"version-history":[{"count":1,"href":"https:\/\/suomenkuvalehti.fi\/kuvien-takaa\/wp-json\/wp\/v2\/posts\/801\/revisions"}],"predecessor-version":[{"id":1435,"href":"https:\/\/suomenkuvalehti.fi\/kuvien-takaa\/wp-json\/wp\/v2\/posts\/801\/revisions\/1435"}],"wp:attachment":[{"href":"https:\/\/suomenkuvalehti.fi\/kuvien-takaa\/wp-json\/wp\/v2\/media?parent=801"}],"wp:term":[{"taxonomy":"category","embeddable":true,"href":"https:\/\/suomenkuvalehti.fi\/kuvien-takaa\/wp-json\/wp\/v2\/categories?post=801"},{"taxonomy":"post_tag","embeddable":true,"href":"https:\/\/suomenkuvalehti.fi\/kuvien-takaa\/wp-json\/wp\/v2\/tags?post=801"}],"curies":[{"name":"wp","href":"https:\/\/api.w.org\/{rel}","templated":true}]}}