{"id":8,"date":"2013-10-22T07:31:04","date_gmt":"2013-10-22T04:31:04","guid":{"rendered":"https:\/\/suomenkuvalehti.fi\/kuvientakaa\/2013\/10\/22\/leijonasydan-ja-ikarajavirasto-mekun-metkut\/"},"modified":"2013-11-30T16:24:18","modified_gmt":"2013-11-30T14:24:18","slug":"leijonasydan-ja-ikarajavirasto-mekun-metkut","status":"publish","type":"post","link":"https:\/\/suomenkuvalehti.fi\/kuvien-takaa\/leijonasydan-ja-ikarajavirasto-mekun-metkut\/","title":{"rendered":"Leijonasyd\u00e4n ja ik\u00e4rajavirasto Mekun metkut"},"content":{"rendered":"\n<p>Vain viikkoa ennen <strong>Dome Karukosken<\/strong> uuden elokuvan <em>Leijonasyd\u00e4n<\/em> ensi-iltaan Mediakasvatus- ja kuvaohjelmakeskus eli Meku ilmoitti nostavansa sen ik\u00e4rajaa. Uudeksi ik\u00e4rajaksi tuli korkeahko K-16. &#8221;Oli se yll\u00e4tys&#8221;, sanoo tuottaja <strong>Aleksi Bardy<\/strong>. &#8221;Meku otti asian oma-aloitteisesti k\u00e4sittelyyn.&#8221;<\/p>\n\n\n\n\n<p>Pian kaksi vuotta voimassa olleen lain mukaan kuvaohjelmia ei en\u00e4\u00e4 ennakkotarkasteta virastossa (Valtion elokuvatarkastamossa).<\/p>\n\n\n\n<p>Nyt ik\u00e4rajan antaa ohjeiden mukaan <a href=\"http:\/\/meku.fi\/index.php?lang=en\">Mekun<\/a> kouluttama henkil\u00f6. Jos ik\u00e4rajasta tehd\u00e4\u00e4n valitus, Meku tarkastaa sen.<\/p>\n\n\n\n<p>Leijonasyd\u00e4men Meku ottii siis uudelleen syyniin omin p\u00e4in, ennen ensi-iltaa ja ilman valitusta. Levitt\u00e4j\u00e4n antama ik\u00e4raja oli ollut K-12.<\/p>\n\n\n\n<p>Elokuva julkikuvaan tuli lovi, Bardy sanoo, &#8221;erityisesti kun Meku l\u00e4hetti aiheesta lehdist\u00f6tiedotteen, jossa repostelee sill\u00e4, miten <a href=\"http:\/\/www.meku.fi\/index.php?option=com_content&amp;view=article&amp;id=235:leijonasydan&amp;catid=54:muuttuneet-ikarajat&amp;Itemid=407&amp;lang=fi\">v\u00e4kivaltainen ja ahdistava <\/a>meid\u00e4n elokuva on. Meist\u00e4 ja monista muistakin se on l\u00e4mmin ja humaani.&#8221;<\/p>\n\n\n\n<p>Bardyn mukaan Meku teki tempun kohottaakseen omaa profiiliaan.<\/p>\n\n\n\n<p>&#8221;Jos heit\u00e4 kiinnostaisi vain lastensuojelu, he olisivat toimineet aikaisemmin ja k\u00e4yneet keskustelun levitt\u00e4j\u00e4n ja luokittelijan kanssa. Aikaa oli kuukausia.&#8221;<\/p>\n\n\n\n<p>Ongelmallisinta on uusi laki, jonka ik\u00e4rajaohjeisiin ollaan tyytym\u00e4tt\u00e4mi\u00e4, ja josta puuttuvat v\u00e4li-ik\u00e4rajat. Aiemmin ik\u00e4rajaporrastus ei ollut yht\u00e4 jyrkk\u00e4. Nyt vaihtoehdot ovat sallittu, K-7, K-12, K-16 sek\u00e4 teatterilevityselokuville sangen harvinainen K-18.<\/p>\n\n\n\n<p>&#8221;Henkil\u00f6kohtainen kantani on, ett\u00e4 Leijonasyd\u00e4melle K-12 on liian alhainen, mutta K-16 taas liian korkea. Yl\u00e4asteik\u00e4isten pit\u00e4isi saada n\u00e4hd\u00e4 t\u00e4m\u00e4 elokuva, koska se k\u00e4sittelee heillekin merkitt\u00e4vi\u00e4 yhteiskunnallisia kysymyksi\u00e4. V\u00e4li-ik\u00e4raja olisi todella paikallaan&#8221;, Bardy sanoo.<\/p>\n\n\n\n<p>&#8221;En usko, ett\u00e4 katsojam\u00e4\u00e4r\u00e4 t\u00e4st\u00e4 hirve\u00e4sti hetkahtaa, enemm\u00e4n kysymys on moraalinen.&#8221;<\/p>\n\n\n\n<p>Eik\u00e4 Leijonasyd\u00e4men <a href=\"http:\/\/www.mtv3.fi\/viihde\/elokuvat.shtml\/karukoski-ja-bardy-tyytyvaisia-leijonasydamen-menestykseen\/2013\/10\/1821967\">katsojam\u00e4\u00e4r\u00e4 pettymys olekaan<\/a>. Nelj\u00e4n vuoden ero ik\u00e4rajassa rajaa silti pois jopa kymmeni\u00e4 tuhansia mahdollisia leffateatterikatsojia.<\/p>\n\n\n\n<p>Ohjaaja Karukoski toivoo, ett\u00e4 ik\u00e4rajat olisivat linjassa kesken\u00e4\u00e4n.<\/p>\n\n\n\n<p>&#8221;Jos raain Bond ikin\u00e4 &#8211; siin\u00e4 glorifioidaan kostoa &#8211; on K-12 ja <em>Tumman veden p\u00e4\u00e4ll\u00e4<\/em> on K-12, oletimme olevamme ihan linjassa elokuvalla, jossa on vahva yhteiskunnallinen viesti. Nyt linja heittelee mielijohteiden mukaan ilman selke\u00e4t\u00e4 suuntaa. Elokuvantekij\u00f6in\u00e4 on todella vaikeaa toimia t\u00e4m\u00e4nkaltaisessa ymp\u00e4rist\u00f6ss\u00e4.<\/p>\n\n\n\n<p>Karukoski vertaa tilannetta j\u00e4\u00e4kiekkoon.<\/p>\n\n\n\n<p>&#8221;Sekava ja ep\u00e4m\u00e4\u00e4r\u00e4inen tuomarilinja voi tuhota koko pelin.&#8221;<\/p>\n\n\n\n<p>Mekun toimet ovat \u00e4rsytt\u00e4neet elokuva-alalla aiemminkin. V\u00e4kivaltainen James Bond-seikkailu <em>Skyfall<\/em> on ik\u00e4rajaltaan K-12. Leijonasyd\u00e4men K-16 on sama ik\u00e4raja kuin esimerkiksi <em>Reservoir Dogsilla<\/em>, jonka rajuus her\u00e4tti aikoinaan keskustelua ja kauhistelua.<\/p>\n\n\n\n<p>Nykyist\u00e4 lakia tulkittaessa esimerkiksi raa&#8217;an <em>Syv\u00e4n joen<\/em> ik\u00e4raja on laskenut K-12:een ja <em>Forrest Gumpin<\/em> ik\u00e4raja nousi K-16:een, koska siin\u00e4 k\u00e4ytet\u00e4\u00e4n huumeita, mutta n\u00e4m\u00e4 mokat Meku korjasi valitusten j\u00e4lkeen. Syv\u00e4 joki on nyt taas K-16 ja Gump K-12.<\/p>\n\n\n\n<p>Kirjoitin muutamista uuden lain ja Mekun tapauksista <a href=\"https:\/\/suomenkuvalehti.fi\/blogit\/kuvien-takaa\/viihteen-ikarajat-heiluvat-taas-osa-1-luokittelija-armahtaa-meku-ei\">kes\u00e4kuussa<\/a>.<\/p>\n\n\n\n<p>Bardyn mukaan Mekussa ollaan pettyneit\u00e4 siihen, ett\u00e4 ik\u00e4rajoista valitetaan niin v\u00e4h\u00e4n. Tarkoitus oli, ett\u00e4 kansalaiset olisivat yhteydess\u00e4 Mekuun ja valvonta toimisi n\u00e4in.<\/p>\n\n\n\n<p>R\u00e4v\u00e4k\u00e4ss\u00e4 tiedottamisessa kyse lienee siit\u00e4, ett\u00e4 Meku haluaa tehd\u00e4 itsest\u00e4\u00e4n tarpeellisen.<\/p>\n\n\n\n<p>Mekun julkisuuskuva ei ole kovin hyv\u00e4. Se on ongelmallisen lain kirjamelliseen tulkintaan nojaten l\u00e4hes <a href=\"https:\/\/suomenkuvalehti.fi\/blogit\/kuvien-takaa\/suomi-kieltojen-maa-raskaana-olevien-elokuvissakaynnit-estettava-lastensuojelun-nimissa\">kielt\u00e4nyt vauvakinot<\/a> ja esti <em>Tuntemattoman sotilaan<\/em> esitt\u00e4misen viime itsen\u00e4isyysp\u00e4iv\u00e4n\u00e4 alkuiltap\u00e4iv\u00e4st\u00e4.<\/p>\n\n\n\n<p>&#8221;Johonkin seminaariin tarvittiin t\u00e4m\u00e4 ennakkotapaus [Leijonasyd\u00e4n]&#8221;, Bardy v\u00e4itt\u00e4\u00e4.<\/p>\n\n\n\n<p>&#8221;Olen suht vittuuntunut siihen, ett\u00e4 se tapahtui juuri ennen ensi-iltaa ja isolla tiedotusrumballa.&#8221;<\/p>\n\n\n\n<p><em>Seuraa kirjoittajaa Twitteriss\u00e4: <a href=\"https:\/\/twitter.com\/kallekinnunen\"><strong>@kallekinnunen<\/strong><\/a><\/em><\/p>\n\n\n","protected":false},"excerpt":{"rendered":"<p>Vain viikkoa ennen Dome Karukosken uuden elokuvan Leijonasyd\u00e4n ensi-iltaan Mediakasvatus- ja kuvaohjelmakeskus eli Meku ilmoitti nostavansa sen ik\u00e4rajaa. Uudeksi ik\u00e4rajaksi tuli korkeahko K-16. &#8221;Oli se yll\u00e4tys&#8221;, sanoo tuottaja Aleksi Bardy. &#8221;Meku otti asian<br \/>\noma&hellip;<\/p>\n","protected":false},"author":144,"featured_media":0,"comment_status":"open","ping_status":"open","sticky":false,"template":"","format":"standard","meta":{"_acf_changed":false,"asauth_required_access_level":0,"asauth_cansharepaid":"","om_header_attributes":[],"footnotes":"","om_featured_image_focal_point":[],"om_primary_tag":0,"om_contributors":[],"om_co_authors":[],"beyondwords_generate_audio":"","beyondwords_project_id":"","beyondwords_content_id":"","beyondwords_preview_token":"","beyondwords_player_content":"","beyondwords_player_style":"","beyondwords_language_code":"","beyondwords_language_id":"","beyondwords_title_voice_id":"","beyondwords_body_voice_id":"","beyondwords_summary_voice_id":"","beyondwords_error_message":"","beyondwords_disabled":"","beyondwords_delete_content":"","beyondwords_podcast_id":"","beyondwords_hash":"","publish_post_to_speechkit":"","speechkit_hash":"","speechkit_generate_audio":"","speechkit_project_id":"","speechkit_podcast_id":"","speechkit_error_message":"","speechkit_disabled":"","speechkit_access_key":"","speechkit_error":"","speechkit_info":"","speechkit_response":"","speechkit_retries":"","speechkit_status":"","speechkit_updated_at":"","_speechkit_link":"","_speechkit_text":""},"categories":[1],"tags":[12,13,14,11,15,10],"class_list":["post-8","post","type-post","status-publish","format-standard","hentry","category-kuvien-takaa","tag-aleksi-bardy","tag-dome-karukoski","tag-ikarajat","tag-leijonasydan","tag-meku","tag-suomalainen-elokuva"],"om_views":null,"acf":{"tuuma_off":false,"tuuma_kysymys":"","tuuma_vastaus":""},"asauth":{"required_access_level":1,"share_token":"","is_paid":false},"yoast_head":"<!-- This site is optimized with the Yoast SEO plugin v26.4 - https:\/\/yoast.com\/wordpress\/plugins\/seo\/ -->\n<title>Leijonasyd\u00e4n ja ik\u00e4rajavirasto Mekun metkut - Kuvien takaa<\/title>\n<meta name=\"robots\" content=\"index, follow, max-snippet:-1, max-image-preview:large, max-video-preview:-1\" \/>\n<link rel=\"canonical\" href=\"https:\/\/suomenkuvalehti.fi\/kuvien-takaa\/leijonasydan-ja-ikarajavirasto-mekun-metkut\/\" \/>\n<meta property=\"og:locale\" content=\"fi_FI\" \/>\n<meta property=\"og:type\" content=\"article\" \/>\n<meta property=\"og:title\" content=\"Leijonasyd\u00e4n ja ik\u00e4rajavirasto Mekun metkut - Kuvien takaa\" \/>\n<meta property=\"og:description\" content=\"Vain viikkoa ennen Dome Karukosken uuden elokuvan Leijonasyd\u00e4n ensi-iltaan Mediakasvatus- ja kuvaohjelmakeskus eli Meku ilmoitti nostavansa sen ik\u00e4rajaa. Uudeksi ik\u00e4rajaksi tuli korkeahko K-16. &#8221;Oli se yll\u00e4tys&#8221;, sanoo tuottaja Aleksi Bardy. &#8221;Meku otti asian oma&hellip;\" \/>\n<meta property=\"og:url\" content=\"https:\/\/suomenkuvalehti.fi\/kuvien-takaa\/leijonasydan-ja-ikarajavirasto-mekun-metkut\/\" \/>\n<meta property=\"og:site_name\" content=\"Kuvien takaa\" \/>\n<meta property=\"article:author\" content=\"https:\/\/www.facebook.com\/pages\/Kalle-Kinnunen-Kuvien-takaa\/190326157715410?fref=ts\" \/>\n<meta property=\"article:published_time\" content=\"2013-10-22T04:31:04+00:00\" \/>\n<meta property=\"article:modified_time\" content=\"2013-11-30T14:24:18+00:00\" \/>\n<meta property=\"og:image\" content=\"https:\/\/suomenkuvalehti.fi\/kuvien-takaa\/wp-content\/uploads\/sites\/11\/2022\/04\/kalle_kinnunen_blogi-1-scaled.jpg\" \/>\n\t<meta property=\"og:image:width\" content=\"2560\" \/>\n\t<meta property=\"og:image:height\" content=\"1707\" \/>\n\t<meta property=\"og:image:type\" content=\"image\/jpeg\" \/>\n<meta name=\"author\" content=\"Kalle Kinnunen\" \/>\n<meta name=\"twitter:card\" content=\"summary_large_image\" \/>\n<meta name=\"twitter:creator\" content=\"@https:\/\/twitter.com\/kallekinnunen\" \/>\n<meta name=\"twitter:label1\" content=\"Written by\" \/>\n\t<meta name=\"twitter:data1\" content=\"Kalle Kinnunen\" \/>\n\t<meta name=\"twitter:label2\" content=\"Est. reading time\" \/>\n\t<meta name=\"twitter:data2\" content=\"3 minuuttia\" \/>\n<script type=\"application\/ld+json\" class=\"yoast-schema-graph\">{\"@context\":\"https:\/\/schema.org\",\"@graph\":[{\"@type\":\"WebPage\",\"@id\":\"https:\/\/suomenkuvalehti.fi\/kuvien-takaa\/leijonasydan-ja-ikarajavirasto-mekun-metkut\/\",\"url\":\"https:\/\/suomenkuvalehti.fi\/kuvien-takaa\/leijonasydan-ja-ikarajavirasto-mekun-metkut\/\",\"name\":\"Leijonasyd\u00e4n ja ik\u00e4rajavirasto Mekun metkut - Kuvien takaa\",\"isPartOf\":{\"@id\":\"https:\/\/suomenkuvalehti.fi\/kuvien-takaa\/#website\"},\"datePublished\":\"2013-10-22T04:31:04+00:00\",\"dateModified\":\"2013-11-30T14:24:18+00:00\",\"author\":{\"@id\":\"https:\/\/suomenkuvalehti.fi\/kuvien-takaa\/#\/schema\/person\/f3f657e4ad409e008f12af27bec60a23\"},\"breadcrumb\":{\"@id\":\"https:\/\/suomenkuvalehti.fi\/kuvien-takaa\/leijonasydan-ja-ikarajavirasto-mekun-metkut\/#breadcrumb\"},\"inLanguage\":\"fi\",\"potentialAction\":[{\"@type\":\"ReadAction\",\"target\":[\"https:\/\/suomenkuvalehti.fi\/kuvien-takaa\/leijonasydan-ja-ikarajavirasto-mekun-metkut\/\"]}]},{\"@type\":\"BreadcrumbList\",\"@id\":\"https:\/\/suomenkuvalehti.fi\/kuvien-takaa\/leijonasydan-ja-ikarajavirasto-mekun-metkut\/#breadcrumb\",\"itemListElement\":[{\"@type\":\"ListItem\",\"position\":1,\"name\":\"Home\",\"item\":\"https:\/\/suomenkuvalehti.fi\/kuvien-takaa\/\"},{\"@type\":\"ListItem\",\"position\":2,\"name\":\"Leijonasyd\u00e4n ja ik\u00e4rajavirasto Mekun metkut\"}]},{\"@type\":\"WebSite\",\"@id\":\"https:\/\/suomenkuvalehti.fi\/kuvien-takaa\/#website\",\"url\":\"https:\/\/suomenkuvalehti.fi\/kuvien-takaa\/\",\"name\":\"Kuvien takaa\",\"description\":\"Elokuvakriitikko Kalle Kinnusen elokuvablogi.\",\"potentialAction\":[{\"@type\":\"SearchAction\",\"target\":{\"@type\":\"EntryPoint\",\"urlTemplate\":\"https:\/\/suomenkuvalehti.fi\/haku\/?q={search_term_string}\"},\"query-input\":{\"@type\":\"PropertyValueSpecification\",\"valueRequired\":true,\"valueName\":\"search_term_string\"}}],\"inLanguage\":\"fi\"},{\"@type\":\"Person\",\"@id\":\"https:\/\/suomenkuvalehti.fi\/kuvien-takaa\/#\/schema\/person\/f3f657e4ad409e008f12af27bec60a23\",\"name\":\"Kalle Kinnunen\",\"image\":{\"@type\":\"ImageObject\",\"inLanguage\":\"fi\",\"@id\":\"https:\/\/suomenkuvalehti.fi\/kuvien-takaa\/#\/schema\/person\/image\/\",\"url\":\"https:\/\/suomenkuvalehti.fi\/kuvien-takaa\/wp-content\/uploads\/sites\/11\/2022\/04\/kalle_kinnunen_blogi-1-150x150.jpg\",\"contentUrl\":\"https:\/\/suomenkuvalehti.fi\/kuvien-takaa\/wp-content\/uploads\/sites\/11\/2022\/04\/kalle_kinnunen_blogi-1-150x150.jpg\",\"caption\":\"Kalle Kinnunen\"},\"description\":\"Kalle Kinnunen on vapaa toimittaja ja Suomen Kuvalehden avustaja.\",\"sameAs\":[\"https:\/\/www.facebook.com\/pages\/Kalle-Kinnunen-Kuvien-takaa\/190326157715410?fref=ts\",\"https:\/\/x.com\/https:\/\/twitter.com\/kallekinnunen\"]}]}<\/script>\n<!-- \/ Yoast SEO plugin. -->","yoast_head_json":{"title":"Leijonasyd\u00e4n ja ik\u00e4rajavirasto Mekun metkut - Kuvien takaa","robots":{"index":"index","follow":"follow","max-snippet":"max-snippet:-1","max-image-preview":"max-image-preview:large","max-video-preview":"max-video-preview:-1"},"canonical":"https:\/\/suomenkuvalehti.fi\/kuvien-takaa\/leijonasydan-ja-ikarajavirasto-mekun-metkut\/","og_locale":"fi_FI","og_type":"article","og_title":"Leijonasyd\u00e4n ja ik\u00e4rajavirasto Mekun metkut - Kuvien takaa","og_description":"Vain viikkoa ennen Dome Karukosken uuden elokuvan Leijonasyd\u00e4n ensi-iltaan Mediakasvatus- ja kuvaohjelmakeskus eli Meku ilmoitti nostavansa sen ik\u00e4rajaa. Uudeksi ik\u00e4rajaksi tuli korkeahko K-16. &#8221;Oli se yll\u00e4tys&#8221;, sanoo tuottaja Aleksi Bardy. &#8221;Meku otti asian oma&hellip;","og_url":"https:\/\/suomenkuvalehti.fi\/kuvien-takaa\/leijonasydan-ja-ikarajavirasto-mekun-metkut\/","og_site_name":"Kuvien takaa","article_author":"https:\/\/www.facebook.com\/pages\/Kalle-Kinnunen-Kuvien-takaa\/190326157715410?fref=ts","article_published_time":"2013-10-22T04:31:04+00:00","article_modified_time":"2013-11-30T14:24:18+00:00","og_image":[{"width":2560,"height":1707,"url":"https:\/\/suomenkuvalehti.fi\/kuvien-takaa\/wp-content\/uploads\/sites\/11\/2022\/04\/kalle_kinnunen_blogi-1-scaled.jpg","type":"image\/jpeg"}],"author":"Kalle Kinnunen","twitter_card":"summary_large_image","twitter_creator":"@https:\/\/twitter.com\/kallekinnunen","twitter_misc":{"Written by":"Kalle Kinnunen","Est. reading time":"3 minuuttia"},"schema":{"@context":"https:\/\/schema.org","@graph":[{"@type":"WebPage","@id":"https:\/\/suomenkuvalehti.fi\/kuvien-takaa\/leijonasydan-ja-ikarajavirasto-mekun-metkut\/","url":"https:\/\/suomenkuvalehti.fi\/kuvien-takaa\/leijonasydan-ja-ikarajavirasto-mekun-metkut\/","name":"Leijonasyd\u00e4n ja ik\u00e4rajavirasto Mekun metkut - Kuvien takaa","isPartOf":{"@id":"https:\/\/suomenkuvalehti.fi\/kuvien-takaa\/#website"},"datePublished":"2013-10-22T04:31:04+00:00","dateModified":"2013-11-30T14:24:18+00:00","author":{"@id":"https:\/\/suomenkuvalehti.fi\/kuvien-takaa\/#\/schema\/person\/f3f657e4ad409e008f12af27bec60a23"},"breadcrumb":{"@id":"https:\/\/suomenkuvalehti.fi\/kuvien-takaa\/leijonasydan-ja-ikarajavirasto-mekun-metkut\/#breadcrumb"},"inLanguage":"fi","potentialAction":[{"@type":"ReadAction","target":["https:\/\/suomenkuvalehti.fi\/kuvien-takaa\/leijonasydan-ja-ikarajavirasto-mekun-metkut\/"]}]},{"@type":"BreadcrumbList","@id":"https:\/\/suomenkuvalehti.fi\/kuvien-takaa\/leijonasydan-ja-ikarajavirasto-mekun-metkut\/#breadcrumb","itemListElement":[{"@type":"ListItem","position":1,"name":"Home","item":"https:\/\/suomenkuvalehti.fi\/kuvien-takaa\/"},{"@type":"ListItem","position":2,"name":"Leijonasyd\u00e4n ja ik\u00e4rajavirasto Mekun metkut"}]},{"@type":"WebSite","@id":"https:\/\/suomenkuvalehti.fi\/kuvien-takaa\/#website","url":"https:\/\/suomenkuvalehti.fi\/kuvien-takaa\/","name":"Kuvien takaa","description":"Elokuvakriitikko Kalle Kinnusen elokuvablogi.","potentialAction":[{"@type":"SearchAction","target":{"@type":"EntryPoint","urlTemplate":"https:\/\/suomenkuvalehti.fi\/haku\/?q={search_term_string}"},"query-input":{"@type":"PropertyValueSpecification","valueRequired":true,"valueName":"search_term_string"}}],"inLanguage":"fi"},{"@type":"Person","@id":"https:\/\/suomenkuvalehti.fi\/kuvien-takaa\/#\/schema\/person\/f3f657e4ad409e008f12af27bec60a23","name":"Kalle Kinnunen","image":{"@type":"ImageObject","inLanguage":"fi","@id":"https:\/\/suomenkuvalehti.fi\/kuvien-takaa\/#\/schema\/person\/image\/","url":"https:\/\/suomenkuvalehti.fi\/kuvien-takaa\/wp-content\/uploads\/sites\/11\/2022\/04\/kalle_kinnunen_blogi-1-150x150.jpg","contentUrl":"https:\/\/suomenkuvalehti.fi\/kuvien-takaa\/wp-content\/uploads\/sites\/11\/2022\/04\/kalle_kinnunen_blogi-1-150x150.jpg","caption":"Kalle Kinnunen"},"description":"Kalle Kinnunen on vapaa toimittaja ja Suomen Kuvalehden avustaja.","sameAs":["https:\/\/www.facebook.com\/pages\/Kalle-Kinnunen-Kuvien-takaa\/190326157715410?fref=ts","https:\/\/x.com\/https:\/\/twitter.com\/kallekinnunen"]}]}},"_links":{"self":[{"href":"https:\/\/suomenkuvalehti.fi\/kuvien-takaa\/wp-json\/wp\/v2\/posts\/8","targetHints":{"allow":["GET"]}}],"collection":[{"href":"https:\/\/suomenkuvalehti.fi\/kuvien-takaa\/wp-json\/wp\/v2\/posts"}],"about":[{"href":"https:\/\/suomenkuvalehti.fi\/kuvien-takaa\/wp-json\/wp\/v2\/types\/post"}],"author":[{"embeddable":true,"href":"https:\/\/suomenkuvalehti.fi\/kuvien-takaa\/wp-json\/wp\/v2\/users\/144"}],"replies":[{"embeddable":true,"href":"https:\/\/suomenkuvalehti.fi\/kuvien-takaa\/wp-json\/wp\/v2\/comments?post=8"}],"version-history":[{"count":3,"href":"https:\/\/suomenkuvalehti.fi\/kuvien-takaa\/wp-json\/wp\/v2\/posts\/8\/revisions"}],"predecessor-version":[{"id":223,"href":"https:\/\/suomenkuvalehti.fi\/kuvien-takaa\/wp-json\/wp\/v2\/posts\/8\/revisions\/223"}],"wp:attachment":[{"href":"https:\/\/suomenkuvalehti.fi\/kuvien-takaa\/wp-json\/wp\/v2\/media?parent=8"}],"wp:term":[{"taxonomy":"category","embeddable":true,"href":"https:\/\/suomenkuvalehti.fi\/kuvien-takaa\/wp-json\/wp\/v2\/categories?post=8"},{"taxonomy":"post_tag","embeddable":true,"href":"https:\/\/suomenkuvalehti.fi\/kuvien-takaa\/wp-json\/wp\/v2\/tags?post=8"}],"curies":[{"name":"wp","href":"https:\/\/api.w.org\/{rel}","templated":true}]}}