{"id":798,"date":"2010-07-21T13:04:00","date_gmt":"2010-07-21T10:04:00","guid":{"rendered":"https:\/\/suomenkuvalehti.fi\/kuvientakaa\/2010\/07\/21\/turkkilaista-elokuvataidetta-anatolian-tahtien-sota-ja-istanbulin-murhaaja-hamahakkimies\/"},"modified":"2013-11-29T15:25:22","modified_gmt":"2013-11-29T13:25:22","slug":"turkkilaista-elokuvataidetta-anatolian-tahtien-sota-ja-istanbulin-murhaaja-hamahakkimies","status":"publish","type":"post","link":"https:\/\/suomenkuvalehti.fi\/kuvien-takaa\/turkkilaista-elokuvataidetta-anatolian-tahtien-sota-ja-istanbulin-murhaaja-hamahakkimies\/","title":{"rendered":"Turkkilaista elokuvataidetta: Anatolian T\u00e4htien sota ja Istanbulin murhaaja-H\u00e4m\u00e4h\u00e4kkimies"},"content":{"rendered":"\n<p>V\u00e4lill\u00e4 tekij\u00e4noikeuksien rikkominen tuottaa suunnattoman hienoja teoksia. Yksi koko elokuvahistorian kahjoimmista ilmi\u00f6ist\u00e4 ovat 1970- ja 1980-luvun turkkilaiset versiot amerikkalaisista menestyselokuvista ja sankareista.<\/p>\n\n\n\n\n<p>Kuuluisin on <a href=\"http:\/\/en.wikipedia.org\/wiki\/D%C3%BCnyay%C4%B1_Kurtaran_Adam\"><em>D\u00fcnyay\u0131 Kurtaran Adam<\/em><\/a>, jonka nimi k\u00e4\u00e4ntyisi suomeksi suunnilleen &#8221;Mies joka pelastaa maailman&#8221;. Se tunnetaan kansainv\u00e4lisesti nimell\u00e4 &#8221;Turkish Star Wars&#8221;, vaikka kyseess\u00e4 on enemm\u00e4n kuvaileva kuin virallisesti k\u00e4ytetty nimi.<\/p>\n\n\n\n<p>Ja syyst\u00e4kin. Elokuvassa on hy\u00f6dynnetty runsaasti materiaalia <strong>Lucasin<\/strong> alkuper\u00e4isest\u00e4 <em>T\u00e4htien sodasta<\/em>, taatusti lupaa kysym\u00e4tt\u00e4. Musiikkia on p\u00f6llitty my\u00f6s <em>Kadonneen aarteen mets\u00e4st\u00e4jist\u00e4<\/em> ja lukuisista scifi-hiteist\u00e4.<\/p>\n\n\n\n<p><a href=\"https:\/\/www.youtube.com\/watch?v=2xt0I7GrJKw&amp;feature=related\">YouTubesta l\u00f6ytyv\u00e4 pitk\u00e4 p\u00e4tk\u00e4<\/a> loppuhuipennuksesta on suunnilleen riemukkainta mit\u00e4 tied\u00e4n.<\/p>\n\n\n\n<p>Turkkilainen Ter\u00e4smies on elokuvana tylsempi, mutta n\u00e4ytt\u00e4\u00e4 <a href=\"https:\/\/www.youtube.com\/watch?v=p9oI7Fd3Uec&amp;feature=related\">hetkitt\u00e4in hienolta<\/a>. Ja kuulostaa, tietysti&#8230;<\/p>\n\n\n\n<p>Turkkilaisesta ja <a href=\"https:\/\/suomenkuvalehti.fi\/kuvientakaa\/2009\/06\/23\/william-friedkin-hollywoodin-viimeinen-kapinallinen\/\"><strong>Friedkinin<\/strong><\/a> alkuper\u00e4isest\u00e4 Manaajasta on YouTubessa <a href=\"https:\/\/www.youtube.com\/watch?v=lMEN5PxrJ-A\">n\u00e4tti vertailu<\/a>.<\/p>\n\n\n\n<p>Mielipuolisinta on silti <em>3 dev adam<\/em>, &#8221;Kolme mahtavaa miest\u00e4&#8221;, joka valmistui jo 1973.<\/p>\n\n\n\n<p>Siin\u00e4 H\u00e4m\u00e4h\u00e4kkimies on perverssi psykopaatti, joka terrorisoi Istanbulia. Kapteeni Amerikka ja meksikolainen vapaapainijasankari Santo tulevat apuun. Tuotantoarvot ovat tyyli\u00e4 <a href=\"https:\/\/suomenkuvalehti.fi\/kuvientakaa\/2009\/10\/06\/visa-makisen-kulttiklassikko-yon-saalistajat-palaa-valkokankaalle\/\"><strong>Visa M\u00e4kinen<\/strong><\/a>.<\/p>\n\n\n\n<p><a href=\"https:\/\/www.youtube.com\/watch?v=Q6h8WntefD0\">Kooste elokuvasta<\/a> pudottaa tuolilta.<\/p>\n\n\n\n","protected":false},"excerpt":{"rendered":"<p>V\u00e4lill\u00e4 tekij\u00e4noikeuksien rikkominen tuottaa suunnattoman hienoja teoksia. Yksi koko elokuvahistorian kahjoimmista ilmi\u00f6ist\u00e4 ovat 1970- ja 1980-luvun turkkilaiset versiot amerikkalaisista menestyselokuvista ja sankareista. Kuuluisin on<br \/>\nD\u00fcny&hellip;<\/p>\n","protected":false},"author":144,"featured_media":0,"comment_status":"open","ping_status":"open","sticky":false,"template":"","format":"standard","meta":{"_acf_changed":false,"asauth_required_access_level":0,"asauth_cansharepaid":"","om_header_attributes":[],"footnotes":"","om_featured_image_focal_point":[],"om_primary_tag":0,"om_contributors":[],"om_co_authors":[],"beyondwords_generate_audio":"","beyondwords_project_id":"","beyondwords_content_id":"","beyondwords_preview_token":"","beyondwords_player_content":"","beyondwords_player_style":"","beyondwords_language_code":"","beyondwords_language_id":"","beyondwords_title_voice_id":"","beyondwords_body_voice_id":"","beyondwords_summary_voice_id":"","beyondwords_error_message":"","beyondwords_disabled":"","beyondwords_delete_content":"","beyondwords_podcast_id":"","beyondwords_hash":"","publish_post_to_speechkit":"","speechkit_hash":"","speechkit_generate_audio":"","speechkit_project_id":"","speechkit_podcast_id":"","speechkit_error_message":"","speechkit_disabled":"","speechkit_access_key":"","speechkit_error":"","speechkit_info":"","speechkit_response":"","speechkit_retries":"","speechkit_status":"","speechkit_updated_at":"","_speechkit_link":"","_speechkit_text":""},"categories":[1],"tags":[1179],"class_list":["post-798","post","type-post","status-publish","format-standard","hentry","category-kuvien-takaa","tag-turkkilainen-elokuva"],"om_views":null,"acf":{"tuuma_off":false,"tuuma_kysymys":"","tuuma_vastaus":""},"asauth":{"required_access_level":1,"share_token":"","is_paid":false},"yoast_head":"<!-- This site is optimized with the Yoast SEO plugin v26.4 - https:\/\/yoast.com\/wordpress\/plugins\/seo\/ -->\n<title>Turkkilaista elokuvataidetta: Anatolian T\u00e4htien sota ja Istanbulin murhaaja-H\u00e4m\u00e4h\u00e4kkimies - Kuvien takaa<\/title>\n<meta name=\"robots\" content=\"index, follow, max-snippet:-1, max-image-preview:large, max-video-preview:-1\" \/>\n<link rel=\"canonical\" href=\"https:\/\/suomenkuvalehti.fi\/kuvien-takaa\/turkkilaista-elokuvataidetta-anatolian-tahtien-sota-ja-istanbulin-murhaaja-hamahakkimies\/\" \/>\n<meta property=\"og:locale\" content=\"fi_FI\" \/>\n<meta property=\"og:type\" content=\"article\" \/>\n<meta property=\"og:title\" content=\"Turkkilaista elokuvataidetta: Anatolian T\u00e4htien sota ja Istanbulin murhaaja-H\u00e4m\u00e4h\u00e4kkimies - Kuvien takaa\" \/>\n<meta property=\"og:description\" content=\"V\u00e4lill\u00e4 tekij\u00e4noikeuksien rikkominen tuottaa suunnattoman hienoja teoksia. Yksi koko elokuvahistorian kahjoimmista ilmi\u00f6ist\u00e4 ovat 1970- ja 1980-luvun turkkilaiset versiot amerikkalaisista menestyselokuvista ja sankareista. Kuuluisin on D\u00fcny&hellip;\" \/>\n<meta property=\"og:url\" content=\"https:\/\/suomenkuvalehti.fi\/kuvien-takaa\/turkkilaista-elokuvataidetta-anatolian-tahtien-sota-ja-istanbulin-murhaaja-hamahakkimies\/\" \/>\n<meta property=\"og:site_name\" content=\"Kuvien takaa\" \/>\n<meta property=\"article:author\" content=\"https:\/\/www.facebook.com\/pages\/Kalle-Kinnunen-Kuvien-takaa\/190326157715410?fref=ts\" \/>\n<meta property=\"article:published_time\" content=\"2010-07-21T10:04:00+00:00\" \/>\n<meta property=\"article:modified_time\" content=\"2013-11-29T13:25:22+00:00\" \/>\n<meta property=\"og:image\" content=\"https:\/\/suomenkuvalehti.fi\/kuvien-takaa\/wp-content\/uploads\/sites\/11\/2022\/04\/kalle_kinnunen_blogi-1-scaled.jpg\" \/>\n\t<meta property=\"og:image:width\" content=\"2560\" \/>\n\t<meta property=\"og:image:height\" content=\"1707\" \/>\n\t<meta property=\"og:image:type\" content=\"image\/jpeg\" \/>\n<meta name=\"author\" content=\"Kalle Kinnunen\" \/>\n<meta name=\"twitter:card\" content=\"summary_large_image\" \/>\n<meta name=\"twitter:creator\" content=\"@https:\/\/twitter.com\/kallekinnunen\" \/>\n<meta name=\"twitter:label1\" content=\"Written by\" \/>\n\t<meta name=\"twitter:data1\" content=\"Kalle Kinnunen\" \/>\n\t<meta name=\"twitter:label2\" content=\"Est. reading time\" \/>\n\t<meta name=\"twitter:data2\" content=\"1 minuutti\" \/>\n<script type=\"application\/ld+json\" class=\"yoast-schema-graph\">{\"@context\":\"https:\/\/schema.org\",\"@graph\":[{\"@type\":\"WebPage\",\"@id\":\"https:\/\/suomenkuvalehti.fi\/kuvien-takaa\/turkkilaista-elokuvataidetta-anatolian-tahtien-sota-ja-istanbulin-murhaaja-hamahakkimies\/\",\"url\":\"https:\/\/suomenkuvalehti.fi\/kuvien-takaa\/turkkilaista-elokuvataidetta-anatolian-tahtien-sota-ja-istanbulin-murhaaja-hamahakkimies\/\",\"name\":\"Turkkilaista elokuvataidetta: Anatolian T\u00e4htien sota ja Istanbulin murhaaja-H\u00e4m\u00e4h\u00e4kkimies - Kuvien takaa\",\"isPartOf\":{\"@id\":\"https:\/\/suomenkuvalehti.fi\/kuvien-takaa\/#website\"},\"datePublished\":\"2010-07-21T10:04:00+00:00\",\"dateModified\":\"2013-11-29T13:25:22+00:00\",\"author\":{\"@id\":\"https:\/\/suomenkuvalehti.fi\/kuvien-takaa\/#\/schema\/person\/f3f657e4ad409e008f12af27bec60a23\"},\"breadcrumb\":{\"@id\":\"https:\/\/suomenkuvalehti.fi\/kuvien-takaa\/turkkilaista-elokuvataidetta-anatolian-tahtien-sota-ja-istanbulin-murhaaja-hamahakkimies\/#breadcrumb\"},\"inLanguage\":\"fi\",\"potentialAction\":[{\"@type\":\"ReadAction\",\"target\":[\"https:\/\/suomenkuvalehti.fi\/kuvien-takaa\/turkkilaista-elokuvataidetta-anatolian-tahtien-sota-ja-istanbulin-murhaaja-hamahakkimies\/\"]}]},{\"@type\":\"BreadcrumbList\",\"@id\":\"https:\/\/suomenkuvalehti.fi\/kuvien-takaa\/turkkilaista-elokuvataidetta-anatolian-tahtien-sota-ja-istanbulin-murhaaja-hamahakkimies\/#breadcrumb\",\"itemListElement\":[{\"@type\":\"ListItem\",\"position\":1,\"name\":\"Home\",\"item\":\"https:\/\/suomenkuvalehti.fi\/kuvien-takaa\/\"},{\"@type\":\"ListItem\",\"position\":2,\"name\":\"Turkkilaista elokuvataidetta: Anatolian T\u00e4htien sota ja Istanbulin murhaaja-H\u00e4m\u00e4h\u00e4kkimies\"}]},{\"@type\":\"WebSite\",\"@id\":\"https:\/\/suomenkuvalehti.fi\/kuvien-takaa\/#website\",\"url\":\"https:\/\/suomenkuvalehti.fi\/kuvien-takaa\/\",\"name\":\"Kuvien takaa\",\"description\":\"Elokuvakriitikko Kalle Kinnusen elokuvablogi.\",\"potentialAction\":[{\"@type\":\"SearchAction\",\"target\":{\"@type\":\"EntryPoint\",\"urlTemplate\":\"https:\/\/suomenkuvalehti.fi\/haku\/?q={search_term_string}\"},\"query-input\":{\"@type\":\"PropertyValueSpecification\",\"valueRequired\":true,\"valueName\":\"search_term_string\"}}],\"inLanguage\":\"fi\"},{\"@type\":\"Person\",\"@id\":\"https:\/\/suomenkuvalehti.fi\/kuvien-takaa\/#\/schema\/person\/f3f657e4ad409e008f12af27bec60a23\",\"name\":\"Kalle Kinnunen\",\"image\":{\"@type\":\"ImageObject\",\"inLanguage\":\"fi\",\"@id\":\"https:\/\/suomenkuvalehti.fi\/kuvien-takaa\/#\/schema\/person\/image\/\",\"url\":\"https:\/\/suomenkuvalehti.fi\/kuvien-takaa\/wp-content\/uploads\/sites\/11\/2022\/04\/kalle_kinnunen_blogi-1-150x150.jpg\",\"contentUrl\":\"https:\/\/suomenkuvalehti.fi\/kuvien-takaa\/wp-content\/uploads\/sites\/11\/2022\/04\/kalle_kinnunen_blogi-1-150x150.jpg\",\"caption\":\"Kalle Kinnunen\"},\"description\":\"Kalle Kinnunen on vapaa toimittaja ja Suomen Kuvalehden avustaja.\",\"sameAs\":[\"https:\/\/www.facebook.com\/pages\/Kalle-Kinnunen-Kuvien-takaa\/190326157715410?fref=ts\",\"https:\/\/x.com\/https:\/\/twitter.com\/kallekinnunen\"]}]}<\/script>\n<!-- \/ Yoast SEO plugin. -->","yoast_head_json":{"title":"Turkkilaista elokuvataidetta: Anatolian T\u00e4htien sota ja Istanbulin murhaaja-H\u00e4m\u00e4h\u00e4kkimies - Kuvien takaa","robots":{"index":"index","follow":"follow","max-snippet":"max-snippet:-1","max-image-preview":"max-image-preview:large","max-video-preview":"max-video-preview:-1"},"canonical":"https:\/\/suomenkuvalehti.fi\/kuvien-takaa\/turkkilaista-elokuvataidetta-anatolian-tahtien-sota-ja-istanbulin-murhaaja-hamahakkimies\/","og_locale":"fi_FI","og_type":"article","og_title":"Turkkilaista elokuvataidetta: Anatolian T\u00e4htien sota ja Istanbulin murhaaja-H\u00e4m\u00e4h\u00e4kkimies - Kuvien takaa","og_description":"V\u00e4lill\u00e4 tekij\u00e4noikeuksien rikkominen tuottaa suunnattoman hienoja teoksia. Yksi koko elokuvahistorian kahjoimmista ilmi\u00f6ist\u00e4 ovat 1970- ja 1980-luvun turkkilaiset versiot amerikkalaisista menestyselokuvista ja sankareista. Kuuluisin on D\u00fcny&hellip;","og_url":"https:\/\/suomenkuvalehti.fi\/kuvien-takaa\/turkkilaista-elokuvataidetta-anatolian-tahtien-sota-ja-istanbulin-murhaaja-hamahakkimies\/","og_site_name":"Kuvien takaa","article_author":"https:\/\/www.facebook.com\/pages\/Kalle-Kinnunen-Kuvien-takaa\/190326157715410?fref=ts","article_published_time":"2010-07-21T10:04:00+00:00","article_modified_time":"2013-11-29T13:25:22+00:00","og_image":[{"width":2560,"height":1707,"url":"https:\/\/suomenkuvalehti.fi\/kuvien-takaa\/wp-content\/uploads\/sites\/11\/2022\/04\/kalle_kinnunen_blogi-1-scaled.jpg","type":"image\/jpeg"}],"author":"Kalle Kinnunen","twitter_card":"summary_large_image","twitter_creator":"@https:\/\/twitter.com\/kallekinnunen","twitter_misc":{"Written by":"Kalle Kinnunen","Est. reading time":"1 minuutti"},"schema":{"@context":"https:\/\/schema.org","@graph":[{"@type":"WebPage","@id":"https:\/\/suomenkuvalehti.fi\/kuvien-takaa\/turkkilaista-elokuvataidetta-anatolian-tahtien-sota-ja-istanbulin-murhaaja-hamahakkimies\/","url":"https:\/\/suomenkuvalehti.fi\/kuvien-takaa\/turkkilaista-elokuvataidetta-anatolian-tahtien-sota-ja-istanbulin-murhaaja-hamahakkimies\/","name":"Turkkilaista elokuvataidetta: Anatolian T\u00e4htien sota ja Istanbulin murhaaja-H\u00e4m\u00e4h\u00e4kkimies - Kuvien takaa","isPartOf":{"@id":"https:\/\/suomenkuvalehti.fi\/kuvien-takaa\/#website"},"datePublished":"2010-07-21T10:04:00+00:00","dateModified":"2013-11-29T13:25:22+00:00","author":{"@id":"https:\/\/suomenkuvalehti.fi\/kuvien-takaa\/#\/schema\/person\/f3f657e4ad409e008f12af27bec60a23"},"breadcrumb":{"@id":"https:\/\/suomenkuvalehti.fi\/kuvien-takaa\/turkkilaista-elokuvataidetta-anatolian-tahtien-sota-ja-istanbulin-murhaaja-hamahakkimies\/#breadcrumb"},"inLanguage":"fi","potentialAction":[{"@type":"ReadAction","target":["https:\/\/suomenkuvalehti.fi\/kuvien-takaa\/turkkilaista-elokuvataidetta-anatolian-tahtien-sota-ja-istanbulin-murhaaja-hamahakkimies\/"]}]},{"@type":"BreadcrumbList","@id":"https:\/\/suomenkuvalehti.fi\/kuvien-takaa\/turkkilaista-elokuvataidetta-anatolian-tahtien-sota-ja-istanbulin-murhaaja-hamahakkimies\/#breadcrumb","itemListElement":[{"@type":"ListItem","position":1,"name":"Home","item":"https:\/\/suomenkuvalehti.fi\/kuvien-takaa\/"},{"@type":"ListItem","position":2,"name":"Turkkilaista elokuvataidetta: Anatolian T\u00e4htien sota ja Istanbulin murhaaja-H\u00e4m\u00e4h\u00e4kkimies"}]},{"@type":"WebSite","@id":"https:\/\/suomenkuvalehti.fi\/kuvien-takaa\/#website","url":"https:\/\/suomenkuvalehti.fi\/kuvien-takaa\/","name":"Kuvien takaa","description":"Elokuvakriitikko Kalle Kinnusen elokuvablogi.","potentialAction":[{"@type":"SearchAction","target":{"@type":"EntryPoint","urlTemplate":"https:\/\/suomenkuvalehti.fi\/haku\/?q={search_term_string}"},"query-input":{"@type":"PropertyValueSpecification","valueRequired":true,"valueName":"search_term_string"}}],"inLanguage":"fi"},{"@type":"Person","@id":"https:\/\/suomenkuvalehti.fi\/kuvien-takaa\/#\/schema\/person\/f3f657e4ad409e008f12af27bec60a23","name":"Kalle Kinnunen","image":{"@type":"ImageObject","inLanguage":"fi","@id":"https:\/\/suomenkuvalehti.fi\/kuvien-takaa\/#\/schema\/person\/image\/","url":"https:\/\/suomenkuvalehti.fi\/kuvien-takaa\/wp-content\/uploads\/sites\/11\/2022\/04\/kalle_kinnunen_blogi-1-150x150.jpg","contentUrl":"https:\/\/suomenkuvalehti.fi\/kuvien-takaa\/wp-content\/uploads\/sites\/11\/2022\/04\/kalle_kinnunen_blogi-1-150x150.jpg","caption":"Kalle Kinnunen"},"description":"Kalle Kinnunen on vapaa toimittaja ja Suomen Kuvalehden avustaja.","sameAs":["https:\/\/www.facebook.com\/pages\/Kalle-Kinnunen-Kuvien-takaa\/190326157715410?fref=ts","https:\/\/x.com\/https:\/\/twitter.com\/kallekinnunen"]}]}},"_links":{"self":[{"href":"https:\/\/suomenkuvalehti.fi\/kuvien-takaa\/wp-json\/wp\/v2\/posts\/798","targetHints":{"allow":["GET"]}}],"collection":[{"href":"https:\/\/suomenkuvalehti.fi\/kuvien-takaa\/wp-json\/wp\/v2\/posts"}],"about":[{"href":"https:\/\/suomenkuvalehti.fi\/kuvien-takaa\/wp-json\/wp\/v2\/types\/post"}],"author":[{"embeddable":true,"href":"https:\/\/suomenkuvalehti.fi\/kuvien-takaa\/wp-json\/wp\/v2\/users\/144"}],"replies":[{"embeddable":true,"href":"https:\/\/suomenkuvalehti.fi\/kuvien-takaa\/wp-json\/wp\/v2\/comments?post=798"}],"version-history":[{"count":1,"href":"https:\/\/suomenkuvalehti.fi\/kuvien-takaa\/wp-json\/wp\/v2\/posts\/798\/revisions"}],"predecessor-version":[{"id":1434,"href":"https:\/\/suomenkuvalehti.fi\/kuvien-takaa\/wp-json\/wp\/v2\/posts\/798\/revisions\/1434"}],"wp:attachment":[{"href":"https:\/\/suomenkuvalehti.fi\/kuvien-takaa\/wp-json\/wp\/v2\/media?parent=798"}],"wp:term":[{"taxonomy":"category","embeddable":true,"href":"https:\/\/suomenkuvalehti.fi\/kuvien-takaa\/wp-json\/wp\/v2\/categories?post=798"},{"taxonomy":"post_tag","embeddable":true,"href":"https:\/\/suomenkuvalehti.fi\/kuvien-takaa\/wp-json\/wp\/v2\/tags?post=798"}],"curies":[{"name":"wp","href":"https:\/\/api.w.org\/{rel}","templated":true}]}}