{"id":792,"date":"2010-08-09T15:10:13","date_gmt":"2010-08-09T12:10:13","guid":{"rendered":"https:\/\/suomenkuvalehti.fi\/kuvientakaa\/2010\/08\/09\/elokuvalehti-filmihullu-vastaan-muu-maailma\/"},"modified":"2013-11-29T15:25:20","modified_gmt":"2013-11-29T13:25:20","slug":"elokuvalehti-filmihullu-vastaan-muu-maailma","status":"publish","type":"post","link":"https:\/\/suomenkuvalehti.fi\/kuvien-takaa\/elokuvalehti-filmihullu-vastaan-muu-maailma\/","title":{"rendered":"Elokuvalehti Filmihullu vastaan muu maailma"},"content":{"rendered":"\n<p><em>&#8221;Kai t\u00e4lle joku tautiluokitus on olemassa.&#8221;<\/em> Kulttuurikent\u00e4ll\u00e4 kohtaa harvoin niin kovaa teksti\u00e4 kuin <strong>Kari Salmisen<\/strong> Turun Sanomiin kirjoittaman arvostelun tuoreimmasta <em>Filmihullu<\/em>-kirjasta.<\/p>\n\n\n\n\n<p><a href=\"http:\/\/www.ts.fi\/online\/kulttuuri\/arviot\/kirjat\/149591.html\">T\u00e4ss\u00e4 linkki<\/a>, pidelk\u00e4\u00e4 hatuistanne kiinni.<\/p>\n\n\n\n<p><em>Filmihullu vuodet 1969-1988 <\/em>on kirja, johon on koottu lehdess\u00e4 kyseisen\u00e4 ajanjaksona ilmestyneit\u00e4 artikkeleita. Niiden h\u00f6ysteen\u00e4 on uusia poleemisia tekstej\u00e4.<\/p>\n\n\n\n<p>Salmisen kritiikin mukaan <a href=\"http:\/\/www.filmihullu.fi\/\">Filmihullu<\/a> on &#8221;latteutta, kiukuttelua, nostalgiaa ja papillista paasaamista t\u00e4ynn\u00e4&#8221;, mutta ankarimmin h\u00e4n jyr\u00e4ht\u00e4\u00e4 kahdelle nuoremmalle filmihullulaiselle. Heihin viittaa kritiikin ingressiin poimittu aatos <em>&#8221;kai t\u00e4lle joku tautiluokitus on olemassa&#8221;.<\/em><\/p>\n\n\n\n\n<p>Vaikea on minunkin suhtautua ilmaisuihin kuten &#8221;intelligentsiaa kampittavat loiset&#8221; ja &#8221;omahyv\u00e4iset ja imbesillit elokuvatuottajar\u00e4\u00e4p\u00e4leet&#8221;, joilla filmihullulaiset nimittelev\u00e4t todellisia ja kuviteltuja vihollisiaan. Kai ne ovat jotain intelligentti\u00e4 huumoria. Kukapa tiet\u00e4\u00e4.<\/p>\n\n\n\n<p>Filmihullun <a href=\"https:\/\/suomenkuvalehti.fi\/kuvientakaa\/2010\/06\/30\/viela-kotimaisista-elokuvablogeista-ja-aiheen-vierestakin\/\">poteroituminen <\/a>on tietysti ennen kaikkea lehden oma ongelma.<\/p>\n\n\n\n<p>Itse kirjasta Salminen l\u00f6yt\u00e4\u00e4 hyv\u00e4\u00e4kin &#8211; <strong>Antti Alasen<\/strong> kyn\u00e4nj\u00e4ljen ja Jim Jarmuschin haastattelun. Liek\u00f6 sattumaa, ett\u00e4 Alanen on Elokuva-arkiston (nyk. KAVA) erikoistutkijana ja Orionin ohjelmasuunnittelijana saanut muutama vuosi sitten kovia moitteita filmihullulaisten suunnasta. Aiheetta, jos minulta kysyt\u00e4\u00e4n.<\/p>\n\n\n","protected":false},"excerpt":{"rendered":"<p>&#8221;Kai t\u00e4lle joku tautiluokitus on olemassa.&#8221; Kulttuurikent\u00e4ll\u00e4 kohtaa harvoin niin kovaa teksti\u00e4 kuin Kari Salmisen Turun Sanomiin kirjoittaman arvostelun tuoreimmasta Filmihullu-kirjasta. T\u00e4ss\u00e4 linkki, pidelk\u00e4\u00e4 hatuistanne kiinni. Filmihullu vuodet 1969-1988 on<br \/>\nkirja, &hellip;<\/p>\n","protected":false},"author":144,"featured_media":0,"comment_status":"open","ping_status":"open","sticky":false,"template":"","format":"standard","meta":{"_acf_changed":false,"asauth_required_access_level":0,"asauth_cansharepaid":"","om_header_attributes":[],"footnotes":"","om_featured_image_focal_point":[],"om_primary_tag":0,"om_contributors":[],"om_co_authors":[],"beyondwords_generate_audio":"","beyondwords_project_id":"","beyondwords_content_id":"","beyondwords_preview_token":"","beyondwords_player_content":"","beyondwords_player_style":"","beyondwords_language_code":"","beyondwords_language_id":"","beyondwords_title_voice_id":"","beyondwords_body_voice_id":"","beyondwords_summary_voice_id":"","beyondwords_error_message":"","beyondwords_disabled":"","beyondwords_delete_content":"","beyondwords_podcast_id":"","beyondwords_hash":"","publish_post_to_speechkit":"","speechkit_hash":"","speechkit_generate_audio":"","speechkit_project_id":"","speechkit_podcast_id":"","speechkit_error_message":"","speechkit_disabled":"","speechkit_access_key":"","speechkit_error":"","speechkit_info":"","speechkit_response":"","speechkit_retries":"","speechkit_status":"","speechkit_updated_at":"","_speechkit_link":"","_speechkit_text":""},"categories":[1],"tags":[1297,823,982,1296],"class_list":["post-792","post","type-post","status-publish","format-standard","hentry","category-kuvien-takaa","tag-antti-alanen","tag-elokuvakulttuuri","tag-filmihullu","tag-kari-salminen"],"om_views":null,"acf":{"tuuma_off":false,"tuuma_kysymys":"","tuuma_vastaus":""},"asauth":{"required_access_level":1,"share_token":"","is_paid":false},"yoast_head":"<!-- This site is optimized with the Yoast SEO plugin v26.4 - https:\/\/yoast.com\/wordpress\/plugins\/seo\/ -->\n<title>Elokuvalehti Filmihullu vastaan muu maailma - Kuvien takaa<\/title>\n<meta name=\"robots\" content=\"index, follow, max-snippet:-1, max-image-preview:large, max-video-preview:-1\" \/>\n<link rel=\"canonical\" href=\"https:\/\/suomenkuvalehti.fi\/kuvien-takaa\/elokuvalehti-filmihullu-vastaan-muu-maailma\/\" \/>\n<meta property=\"og:locale\" content=\"fi_FI\" \/>\n<meta property=\"og:type\" content=\"article\" \/>\n<meta property=\"og:title\" content=\"Elokuvalehti Filmihullu vastaan muu maailma - Kuvien takaa\" \/>\n<meta property=\"og:description\" content=\"&#8221;Kai t\u00e4lle joku tautiluokitus on olemassa.&#8221; Kulttuurikent\u00e4ll\u00e4 kohtaa harvoin niin kovaa teksti\u00e4 kuin Kari Salmisen Turun Sanomiin kirjoittaman arvostelun tuoreimmasta Filmihullu-kirjasta. T\u00e4ss\u00e4 linkki, pidelk\u00e4\u00e4 hatuistanne kiinni. Filmihullu vuodet 1969-1988 on kirja, &hellip;\" \/>\n<meta property=\"og:url\" content=\"https:\/\/suomenkuvalehti.fi\/kuvien-takaa\/elokuvalehti-filmihullu-vastaan-muu-maailma\/\" \/>\n<meta property=\"og:site_name\" content=\"Kuvien takaa\" \/>\n<meta property=\"article:author\" content=\"https:\/\/www.facebook.com\/pages\/Kalle-Kinnunen-Kuvien-takaa\/190326157715410?fref=ts\" \/>\n<meta property=\"article:published_time\" content=\"2010-08-09T12:10:13+00:00\" \/>\n<meta property=\"article:modified_time\" content=\"2013-11-29T13:25:20+00:00\" \/>\n<meta property=\"og:image\" content=\"https:\/\/suomenkuvalehti.fi\/kuvien-takaa\/wp-content\/uploads\/sites\/11\/2022\/04\/kalle_kinnunen_blogi-1-scaled.jpg\" \/>\n\t<meta property=\"og:image:width\" content=\"2560\" \/>\n\t<meta property=\"og:image:height\" content=\"1707\" \/>\n\t<meta property=\"og:image:type\" content=\"image\/jpeg\" \/>\n<meta name=\"author\" content=\"Kalle Kinnunen\" \/>\n<meta name=\"twitter:card\" content=\"summary_large_image\" \/>\n<meta name=\"twitter:creator\" content=\"@https:\/\/twitter.com\/kallekinnunen\" \/>\n<meta name=\"twitter:label1\" content=\"Written by\" \/>\n\t<meta name=\"twitter:data1\" content=\"Kalle Kinnunen\" \/>\n\t<meta name=\"twitter:label2\" content=\"Est. reading time\" \/>\n\t<meta name=\"twitter:data2\" content=\"1 minuutti\" \/>\n<script type=\"application\/ld+json\" class=\"yoast-schema-graph\">{\"@context\":\"https:\/\/schema.org\",\"@graph\":[{\"@type\":\"WebPage\",\"@id\":\"https:\/\/suomenkuvalehti.fi\/kuvien-takaa\/elokuvalehti-filmihullu-vastaan-muu-maailma\/\",\"url\":\"https:\/\/suomenkuvalehti.fi\/kuvien-takaa\/elokuvalehti-filmihullu-vastaan-muu-maailma\/\",\"name\":\"Elokuvalehti Filmihullu vastaan muu maailma - Kuvien takaa\",\"isPartOf\":{\"@id\":\"https:\/\/suomenkuvalehti.fi\/kuvien-takaa\/#website\"},\"datePublished\":\"2010-08-09T12:10:13+00:00\",\"dateModified\":\"2013-11-29T13:25:20+00:00\",\"author\":{\"@id\":\"https:\/\/suomenkuvalehti.fi\/kuvien-takaa\/#\/schema\/person\/f3f657e4ad409e008f12af27bec60a23\"},\"breadcrumb\":{\"@id\":\"https:\/\/suomenkuvalehti.fi\/kuvien-takaa\/elokuvalehti-filmihullu-vastaan-muu-maailma\/#breadcrumb\"},\"inLanguage\":\"fi\",\"potentialAction\":[{\"@type\":\"ReadAction\",\"target\":[\"https:\/\/suomenkuvalehti.fi\/kuvien-takaa\/elokuvalehti-filmihullu-vastaan-muu-maailma\/\"]}]},{\"@type\":\"BreadcrumbList\",\"@id\":\"https:\/\/suomenkuvalehti.fi\/kuvien-takaa\/elokuvalehti-filmihullu-vastaan-muu-maailma\/#breadcrumb\",\"itemListElement\":[{\"@type\":\"ListItem\",\"position\":1,\"name\":\"Home\",\"item\":\"https:\/\/suomenkuvalehti.fi\/kuvien-takaa\/\"},{\"@type\":\"ListItem\",\"position\":2,\"name\":\"Elokuvalehti Filmihullu vastaan muu maailma\"}]},{\"@type\":\"WebSite\",\"@id\":\"https:\/\/suomenkuvalehti.fi\/kuvien-takaa\/#website\",\"url\":\"https:\/\/suomenkuvalehti.fi\/kuvien-takaa\/\",\"name\":\"Kuvien takaa\",\"description\":\"Elokuvakriitikko Kalle Kinnusen elokuvablogi.\",\"potentialAction\":[{\"@type\":\"SearchAction\",\"target\":{\"@type\":\"EntryPoint\",\"urlTemplate\":\"https:\/\/suomenkuvalehti.fi\/haku\/?q={search_term_string}\"},\"query-input\":{\"@type\":\"PropertyValueSpecification\",\"valueRequired\":true,\"valueName\":\"search_term_string\"}}],\"inLanguage\":\"fi\"},{\"@type\":\"Person\",\"@id\":\"https:\/\/suomenkuvalehti.fi\/kuvien-takaa\/#\/schema\/person\/f3f657e4ad409e008f12af27bec60a23\",\"name\":\"Kalle Kinnunen\",\"image\":{\"@type\":\"ImageObject\",\"inLanguage\":\"fi\",\"@id\":\"https:\/\/suomenkuvalehti.fi\/kuvien-takaa\/#\/schema\/person\/image\/\",\"url\":\"https:\/\/suomenkuvalehti.fi\/kuvien-takaa\/wp-content\/uploads\/sites\/11\/2022\/04\/kalle_kinnunen_blogi-1-150x150.jpg\",\"contentUrl\":\"https:\/\/suomenkuvalehti.fi\/kuvien-takaa\/wp-content\/uploads\/sites\/11\/2022\/04\/kalle_kinnunen_blogi-1-150x150.jpg\",\"caption\":\"Kalle Kinnunen\"},\"description\":\"Kalle Kinnunen on vapaa toimittaja ja Suomen Kuvalehden avustaja.\",\"sameAs\":[\"https:\/\/www.facebook.com\/pages\/Kalle-Kinnunen-Kuvien-takaa\/190326157715410?fref=ts\",\"https:\/\/x.com\/https:\/\/twitter.com\/kallekinnunen\"]}]}<\/script>\n<!-- \/ Yoast SEO plugin. -->","yoast_head_json":{"title":"Elokuvalehti Filmihullu vastaan muu maailma - Kuvien takaa","robots":{"index":"index","follow":"follow","max-snippet":"max-snippet:-1","max-image-preview":"max-image-preview:large","max-video-preview":"max-video-preview:-1"},"canonical":"https:\/\/suomenkuvalehti.fi\/kuvien-takaa\/elokuvalehti-filmihullu-vastaan-muu-maailma\/","og_locale":"fi_FI","og_type":"article","og_title":"Elokuvalehti Filmihullu vastaan muu maailma - Kuvien takaa","og_description":"&#8221;Kai t\u00e4lle joku tautiluokitus on olemassa.&#8221; Kulttuurikent\u00e4ll\u00e4 kohtaa harvoin niin kovaa teksti\u00e4 kuin Kari Salmisen Turun Sanomiin kirjoittaman arvostelun tuoreimmasta Filmihullu-kirjasta. T\u00e4ss\u00e4 linkki, pidelk\u00e4\u00e4 hatuistanne kiinni. Filmihullu vuodet 1969-1988 on kirja, &hellip;","og_url":"https:\/\/suomenkuvalehti.fi\/kuvien-takaa\/elokuvalehti-filmihullu-vastaan-muu-maailma\/","og_site_name":"Kuvien takaa","article_author":"https:\/\/www.facebook.com\/pages\/Kalle-Kinnunen-Kuvien-takaa\/190326157715410?fref=ts","article_published_time":"2010-08-09T12:10:13+00:00","article_modified_time":"2013-11-29T13:25:20+00:00","og_image":[{"width":2560,"height":1707,"url":"https:\/\/suomenkuvalehti.fi\/kuvien-takaa\/wp-content\/uploads\/sites\/11\/2022\/04\/kalle_kinnunen_blogi-1-scaled.jpg","type":"image\/jpeg"}],"author":"Kalle Kinnunen","twitter_card":"summary_large_image","twitter_creator":"@https:\/\/twitter.com\/kallekinnunen","twitter_misc":{"Written by":"Kalle Kinnunen","Est. reading time":"1 minuutti"},"schema":{"@context":"https:\/\/schema.org","@graph":[{"@type":"WebPage","@id":"https:\/\/suomenkuvalehti.fi\/kuvien-takaa\/elokuvalehti-filmihullu-vastaan-muu-maailma\/","url":"https:\/\/suomenkuvalehti.fi\/kuvien-takaa\/elokuvalehti-filmihullu-vastaan-muu-maailma\/","name":"Elokuvalehti Filmihullu vastaan muu maailma - Kuvien takaa","isPartOf":{"@id":"https:\/\/suomenkuvalehti.fi\/kuvien-takaa\/#website"},"datePublished":"2010-08-09T12:10:13+00:00","dateModified":"2013-11-29T13:25:20+00:00","author":{"@id":"https:\/\/suomenkuvalehti.fi\/kuvien-takaa\/#\/schema\/person\/f3f657e4ad409e008f12af27bec60a23"},"breadcrumb":{"@id":"https:\/\/suomenkuvalehti.fi\/kuvien-takaa\/elokuvalehti-filmihullu-vastaan-muu-maailma\/#breadcrumb"},"inLanguage":"fi","potentialAction":[{"@type":"ReadAction","target":["https:\/\/suomenkuvalehti.fi\/kuvien-takaa\/elokuvalehti-filmihullu-vastaan-muu-maailma\/"]}]},{"@type":"BreadcrumbList","@id":"https:\/\/suomenkuvalehti.fi\/kuvien-takaa\/elokuvalehti-filmihullu-vastaan-muu-maailma\/#breadcrumb","itemListElement":[{"@type":"ListItem","position":1,"name":"Home","item":"https:\/\/suomenkuvalehti.fi\/kuvien-takaa\/"},{"@type":"ListItem","position":2,"name":"Elokuvalehti Filmihullu vastaan muu maailma"}]},{"@type":"WebSite","@id":"https:\/\/suomenkuvalehti.fi\/kuvien-takaa\/#website","url":"https:\/\/suomenkuvalehti.fi\/kuvien-takaa\/","name":"Kuvien takaa","description":"Elokuvakriitikko Kalle Kinnusen elokuvablogi.","potentialAction":[{"@type":"SearchAction","target":{"@type":"EntryPoint","urlTemplate":"https:\/\/suomenkuvalehti.fi\/haku\/?q={search_term_string}"},"query-input":{"@type":"PropertyValueSpecification","valueRequired":true,"valueName":"search_term_string"}}],"inLanguage":"fi"},{"@type":"Person","@id":"https:\/\/suomenkuvalehti.fi\/kuvien-takaa\/#\/schema\/person\/f3f657e4ad409e008f12af27bec60a23","name":"Kalle Kinnunen","image":{"@type":"ImageObject","inLanguage":"fi","@id":"https:\/\/suomenkuvalehti.fi\/kuvien-takaa\/#\/schema\/person\/image\/","url":"https:\/\/suomenkuvalehti.fi\/kuvien-takaa\/wp-content\/uploads\/sites\/11\/2022\/04\/kalle_kinnunen_blogi-1-150x150.jpg","contentUrl":"https:\/\/suomenkuvalehti.fi\/kuvien-takaa\/wp-content\/uploads\/sites\/11\/2022\/04\/kalle_kinnunen_blogi-1-150x150.jpg","caption":"Kalle Kinnunen"},"description":"Kalle Kinnunen on vapaa toimittaja ja Suomen Kuvalehden avustaja.","sameAs":["https:\/\/www.facebook.com\/pages\/Kalle-Kinnunen-Kuvien-takaa\/190326157715410?fref=ts","https:\/\/x.com\/https:\/\/twitter.com\/kallekinnunen"]}]}},"_links":{"self":[{"href":"https:\/\/suomenkuvalehti.fi\/kuvien-takaa\/wp-json\/wp\/v2\/posts\/792","targetHints":{"allow":["GET"]}}],"collection":[{"href":"https:\/\/suomenkuvalehti.fi\/kuvien-takaa\/wp-json\/wp\/v2\/posts"}],"about":[{"href":"https:\/\/suomenkuvalehti.fi\/kuvien-takaa\/wp-json\/wp\/v2\/types\/post"}],"author":[{"embeddable":true,"href":"https:\/\/suomenkuvalehti.fi\/kuvien-takaa\/wp-json\/wp\/v2\/users\/144"}],"replies":[{"embeddable":true,"href":"https:\/\/suomenkuvalehti.fi\/kuvien-takaa\/wp-json\/wp\/v2\/comments?post=792"}],"version-history":[{"count":1,"href":"https:\/\/suomenkuvalehti.fi\/kuvien-takaa\/wp-json\/wp\/v2\/posts\/792\/revisions"}],"predecessor-version":[{"id":1429,"href":"https:\/\/suomenkuvalehti.fi\/kuvien-takaa\/wp-json\/wp\/v2\/posts\/792\/revisions\/1429"}],"wp:attachment":[{"href":"https:\/\/suomenkuvalehti.fi\/kuvien-takaa\/wp-json\/wp\/v2\/media?parent=792"}],"wp:term":[{"taxonomy":"category","embeddable":true,"href":"https:\/\/suomenkuvalehti.fi\/kuvien-takaa\/wp-json\/wp\/v2\/categories?post=792"},{"taxonomy":"post_tag","embeddable":true,"href":"https:\/\/suomenkuvalehti.fi\/kuvien-takaa\/wp-json\/wp\/v2\/tags?post=792"}],"curies":[{"name":"wp","href":"https:\/\/api.w.org\/{rel}","templated":true}]}}