{"id":785,"date":"2010-08-23T08:30:01","date_gmt":"2010-08-23T05:30:01","guid":{"rendered":"https:\/\/suomenkuvalehti.fi\/kuvientakaa\/2010\/08\/23\/the-social-network-facebookin-synnysta-kertova-elokuva-ei-miellyta-sivuston-perustajia\/"},"modified":"2010-08-23T08:30:01","modified_gmt":"2010-08-23T05:30:01","slug":"the-social-network-facebookin-synnysta-kertova-elokuva-ei-miellyta-sivuston-perustajia","status":"publish","type":"post","link":"https:\/\/suomenkuvalehti.fi\/kuvien-takaa\/the-social-network-facebookin-synnysta-kertova-elokuva-ei-miellyta-sivuston-perustajia\/","title":{"rendered":"The Social Network: Facebookin synnyst\u00e4 kertova elokuva ei miellyt\u00e4 sivuston perustajia"},"content":{"rendered":"\n<p><em>Fight Clubin<\/em> ja <em>Zodiacin<\/em> tinkim\u00e4t\u00f6n tekij\u00e4 <strong>David Fincher<\/strong> on kiinnostavimpia amerikkalaisia nykyohjaajia, ja <strong>Aaron Sorkin<\/strong> (mm. <em>West Wing<\/em>) k\u00e4sikirjoittajien k\u00e4rke\u00e4. <em>The Social Network<\/em> olisi vuoden lupaavimpia elokuvia jo n\u00e4iden nimien t\u00e4hden, mutta aihekin on osoittautumassa hyvin kiistanalaiseksi.<\/p>\n\n\n\n\n<p>Elokuva kertoo, kuinka <a href=\"http:\/\/fi.wikipedia.org\/wiki\/Mark_Zuckerberg\"><strong>Mark Zuckerberg<\/strong><\/a> perusti Facebookin ja mit\u00e4 siit\u00e4 seurasi h\u00e4nen l\u00e4hipiirins\u00e4 v\u00e4leille.<\/p>\n\n\n\n<p><a href=\"http:\/\/akas.imdb.com\/title\/tt1285016\/\">The Social Networkin<\/a> totuudenmukaisuus on nyt tapetilla. <a href=\"http:\/\/www.nytimes.com\/2010\/08\/21\/business\/media\/21facebook.html\">New York Timesin juttu<\/a> paljastaa kytev\u00e4n riidan.<\/p>\n\n\n\n<p>Sorkinin k\u00e4ss\u00e4rin pohjana on <strong>Ben Mezrichin<\/strong> kirja <em>The Accidental Billionaires<\/em>, jota kustantaja ei aikanaan kuvaillut niink\u00e4\u00e4n reportaasiksi vaan mehukkaaksi ja hauskaksi, NYT kertoo.<\/p>\n\n\n\n<p>Zuckerberg &#8211; nyt 26 ja monimiljard\u00f6\u00f6ri &#8211; on ollut kommenteissaan varovainen. Facebook-pomot <strong>Elliot Schrage<\/strong> ja <strong>Sheryl Sandberg<\/strong> eiv\u00e4t pit\u00e4neet elokuvasta, tuottaja <strong>Scott Rudin<\/strong> on kertonut. Rudin oli kuitenkin katsonut tarpeelliseksi n\u00e4ytt\u00e4\u00e4 The Social Networkin heille &#8211; ilmeisesti h\u00e4n uskoi positiivisempaan vastaanottoon.<\/p>\n\n\n\n<p>Mik\u00e4 siis m\u00e4tt\u00e4\u00e4? Elokuvaa ei ole viel\u00e4 esitetty julkisesti (USA:n ensin\u00e4yt\u00f6s on New Yorkissa syyskuussa), mutta ilmeisesti se kuvaa Zuckerbergin vaikeana tyyppin\u00e4, joka pett\u00e4\u00e4 yst\u00e4vi\u00e4\u00e4n ja on sosiaalisesti k\u00e4sitt\u00e4m\u00e4tt\u00f6m\u00e4n huono naisseurassa. Huomionkipe\u00e4n n\u00f6rtin tyypittelee n\u00e4yttelij\u00e4 <strong>Jesse Eisenberg<\/strong>. Jo <a href=\"https:\/\/www.youtube.com\/watch?v=EnamMtQs1fI\">trailerin<\/a> perusteella voi arvata, ettei oikea Zuckerberg varmasti haluaisi tulla kuvatuksi t\u00e4llaisena pyrkyrin\u00e4.<\/p>\n\n\n\n<p>Kun viel\u00e4 lis\u00e4t\u00e4\u00e4n taistelu amerikkalaisesta ik\u00e4rajasta (NYT-jutun mukaan elokuvassa on toistaiseksi kohtaus, jossa Napsterin perustaja puhuu bileiss\u00e4 ja vieress\u00e4 teini-ik\u00e4iset tyt\u00f6t tarjoavat juhlijoille kokaiinia rinnoiltaan), alkaa The Social Network vaikuttaa loppuvuoden ylivoimaisesti kiinnostavimmalta amerikkalaiselokuvalta. Harvoin n\u00e4in ajankohtaiseen aiheeseen isket\u00e4\u00e4n t\u00e4m\u00e4n tason taitajien voimin, ja n\u00e4k\u00f6j\u00e4\u00e4n rohkeasti, hankalia yksityiskohtia sievistelem\u00e4tt\u00e4.<\/p>\n\n\n","protected":false},"excerpt":{"rendered":"<p>Fight Clubin ja Zodiacin tinkim\u00e4t\u00f6n tekij\u00e4 David Fincher on kiinnostavimpia amerikkalaisia nykyohjaajia, ja Aaron Sorkin (mm. West Wing) k\u00e4sikirjoittajien k\u00e4rke\u00e4. The Social Network olisi vuoden lupaavimpia elokuvia jo n\u00e4iden nimien<br \/>\nt\u00e4hden&hellip;<\/p>\n","protected":false},"author":144,"featured_media":0,"comment_status":"open","ping_status":"open","sticky":false,"template":"","format":"standard","meta":{"_acf_changed":false,"asauth_required_access_level":0,"asauth_cansharepaid":"","om_header_attributes":[],"footnotes":"","om_featured_image_focal_point":[],"om_primary_tag":0,"om_contributors":[],"om_co_authors":[],"beyondwords_generate_audio":"","beyondwords_project_id":"","beyondwords_content_id":"","beyondwords_preview_token":"","beyondwords_player_content":"","beyondwords_player_style":"","beyondwords_language_code":"","beyondwords_language_id":"","beyondwords_title_voice_id":"","beyondwords_body_voice_id":"","beyondwords_summary_voice_id":"","beyondwords_error_message":"","beyondwords_disabled":"","beyondwords_delete_content":"","beyondwords_podcast_id":"","beyondwords_hash":"","publish_post_to_speechkit":"","speechkit_hash":"","speechkit_generate_audio":"","speechkit_project_id":"","speechkit_podcast_id":"","speechkit_error_message":"","speechkit_disabled":"","speechkit_access_key":"","speechkit_error":"","speechkit_info":"","speechkit_response":"","speechkit_retries":"","speechkit_status":"","speechkit_updated_at":"","_speechkit_link":"","_speechkit_text":""},"categories":[1],"tags":[1284,827,53,1226,150],"class_list":["post-785","post","type-post","status-publish","format-standard","hentry","category-kuvien-takaa","tag-aaron-sorkin","tag-david-fincher","tag-facebook","tag-the-social-network","tag-tosipohjaiset-elokuvat"],"om_views":null,"acf":{"tuuma_off":false,"tuuma_kysymys":"","tuuma_vastaus":""},"asauth":{"required_access_level":1,"share_token":"","is_paid":false},"yoast_head":"<!-- This site is optimized with the Yoast SEO plugin v26.4 - https:\/\/yoast.com\/wordpress\/plugins\/seo\/ -->\n<title>The Social Network: Facebookin synnyst\u00e4 kertova elokuva ei miellyt\u00e4 sivuston perustajia - Kuvien takaa<\/title>\n<meta name=\"robots\" content=\"index, follow, max-snippet:-1, max-image-preview:large, max-video-preview:-1\" \/>\n<link rel=\"canonical\" href=\"https:\/\/suomenkuvalehti.fi\/kuvien-takaa\/the-social-network-facebookin-synnysta-kertova-elokuva-ei-miellyta-sivuston-perustajia\/\" \/>\n<meta property=\"og:locale\" content=\"fi_FI\" \/>\n<meta property=\"og:type\" content=\"article\" \/>\n<meta property=\"og:title\" content=\"The Social Network: Facebookin synnyst\u00e4 kertova elokuva ei miellyt\u00e4 sivuston perustajia - Kuvien takaa\" \/>\n<meta property=\"og:description\" content=\"Fight Clubin ja Zodiacin tinkim\u00e4t\u00f6n tekij\u00e4 David Fincher on kiinnostavimpia amerikkalaisia nykyohjaajia, ja Aaron Sorkin (mm. West Wing) k\u00e4sikirjoittajien k\u00e4rke\u00e4. The Social Network olisi vuoden lupaavimpia elokuvia jo n\u00e4iden nimien t\u00e4hden&hellip;\" \/>\n<meta property=\"og:url\" content=\"https:\/\/suomenkuvalehti.fi\/kuvien-takaa\/the-social-network-facebookin-synnysta-kertova-elokuva-ei-miellyta-sivuston-perustajia\/\" \/>\n<meta property=\"og:site_name\" content=\"Kuvien takaa\" \/>\n<meta property=\"article:author\" content=\"https:\/\/www.facebook.com\/pages\/Kalle-Kinnunen-Kuvien-takaa\/190326157715410?fref=ts\" \/>\n<meta property=\"article:published_time\" content=\"2010-08-23T05:30:01+00:00\" \/>\n<meta property=\"og:image\" content=\"https:\/\/suomenkuvalehti.fi\/kuvien-takaa\/wp-content\/uploads\/sites\/11\/2022\/04\/kalle_kinnunen_blogi-1-scaled.jpg\" \/>\n\t<meta property=\"og:image:width\" content=\"2560\" \/>\n\t<meta property=\"og:image:height\" content=\"1707\" \/>\n\t<meta property=\"og:image:type\" content=\"image\/jpeg\" \/>\n<meta name=\"author\" content=\"Kalle Kinnunen\" \/>\n<meta name=\"twitter:card\" content=\"summary_large_image\" \/>\n<meta name=\"twitter:creator\" content=\"@https:\/\/twitter.com\/kallekinnunen\" \/>\n<meta name=\"twitter:label1\" content=\"Written by\" \/>\n\t<meta name=\"twitter:data1\" content=\"Kalle Kinnunen\" \/>\n\t<meta name=\"twitter:label2\" content=\"Est. reading time\" \/>\n\t<meta name=\"twitter:data2\" content=\"1 minuutti\" \/>\n<script type=\"application\/ld+json\" class=\"yoast-schema-graph\">{\"@context\":\"https:\/\/schema.org\",\"@graph\":[{\"@type\":\"WebPage\",\"@id\":\"https:\/\/suomenkuvalehti.fi\/kuvien-takaa\/the-social-network-facebookin-synnysta-kertova-elokuva-ei-miellyta-sivuston-perustajia\/\",\"url\":\"https:\/\/suomenkuvalehti.fi\/kuvien-takaa\/the-social-network-facebookin-synnysta-kertova-elokuva-ei-miellyta-sivuston-perustajia\/\",\"name\":\"The Social Network: Facebookin synnyst\u00e4 kertova elokuva ei miellyt\u00e4 sivuston perustajia - Kuvien takaa\",\"isPartOf\":{\"@id\":\"https:\/\/suomenkuvalehti.fi\/kuvien-takaa\/#website\"},\"datePublished\":\"2010-08-23T05:30:01+00:00\",\"author\":{\"@id\":\"https:\/\/suomenkuvalehti.fi\/kuvien-takaa\/#\/schema\/person\/f3f657e4ad409e008f12af27bec60a23\"},\"breadcrumb\":{\"@id\":\"https:\/\/suomenkuvalehti.fi\/kuvien-takaa\/the-social-network-facebookin-synnysta-kertova-elokuva-ei-miellyta-sivuston-perustajia\/#breadcrumb\"},\"inLanguage\":\"fi\",\"potentialAction\":[{\"@type\":\"ReadAction\",\"target\":[\"https:\/\/suomenkuvalehti.fi\/kuvien-takaa\/the-social-network-facebookin-synnysta-kertova-elokuva-ei-miellyta-sivuston-perustajia\/\"]}]},{\"@type\":\"BreadcrumbList\",\"@id\":\"https:\/\/suomenkuvalehti.fi\/kuvien-takaa\/the-social-network-facebookin-synnysta-kertova-elokuva-ei-miellyta-sivuston-perustajia\/#breadcrumb\",\"itemListElement\":[{\"@type\":\"ListItem\",\"position\":1,\"name\":\"Home\",\"item\":\"https:\/\/suomenkuvalehti.fi\/kuvien-takaa\/\"},{\"@type\":\"ListItem\",\"position\":2,\"name\":\"The Social Network: Facebookin synnyst\u00e4 kertova elokuva ei miellyt\u00e4 sivuston perustajia\"}]},{\"@type\":\"WebSite\",\"@id\":\"https:\/\/suomenkuvalehti.fi\/kuvien-takaa\/#website\",\"url\":\"https:\/\/suomenkuvalehti.fi\/kuvien-takaa\/\",\"name\":\"Kuvien takaa\",\"description\":\"Elokuvakriitikko Kalle Kinnusen elokuvablogi.\",\"potentialAction\":[{\"@type\":\"SearchAction\",\"target\":{\"@type\":\"EntryPoint\",\"urlTemplate\":\"https:\/\/suomenkuvalehti.fi\/haku\/?q={search_term_string}\"},\"query-input\":{\"@type\":\"PropertyValueSpecification\",\"valueRequired\":true,\"valueName\":\"search_term_string\"}}],\"inLanguage\":\"fi\"},{\"@type\":\"Person\",\"@id\":\"https:\/\/suomenkuvalehti.fi\/kuvien-takaa\/#\/schema\/person\/f3f657e4ad409e008f12af27bec60a23\",\"name\":\"Kalle Kinnunen\",\"image\":{\"@type\":\"ImageObject\",\"inLanguage\":\"fi\",\"@id\":\"https:\/\/suomenkuvalehti.fi\/kuvien-takaa\/#\/schema\/person\/image\/\",\"url\":\"https:\/\/suomenkuvalehti.fi\/kuvien-takaa\/wp-content\/uploads\/sites\/11\/2022\/04\/kalle_kinnunen_blogi-1-150x150.jpg\",\"contentUrl\":\"https:\/\/suomenkuvalehti.fi\/kuvien-takaa\/wp-content\/uploads\/sites\/11\/2022\/04\/kalle_kinnunen_blogi-1-150x150.jpg\",\"caption\":\"Kalle Kinnunen\"},\"description\":\"Kalle Kinnunen on vapaa toimittaja ja Suomen Kuvalehden avustaja.\",\"sameAs\":[\"https:\/\/www.facebook.com\/pages\/Kalle-Kinnunen-Kuvien-takaa\/190326157715410?fref=ts\",\"https:\/\/x.com\/https:\/\/twitter.com\/kallekinnunen\"]}]}<\/script>\n<!-- \/ Yoast SEO plugin. -->","yoast_head_json":{"title":"The Social Network: Facebookin synnyst\u00e4 kertova elokuva ei miellyt\u00e4 sivuston perustajia - Kuvien takaa","robots":{"index":"index","follow":"follow","max-snippet":"max-snippet:-1","max-image-preview":"max-image-preview:large","max-video-preview":"max-video-preview:-1"},"canonical":"https:\/\/suomenkuvalehti.fi\/kuvien-takaa\/the-social-network-facebookin-synnysta-kertova-elokuva-ei-miellyta-sivuston-perustajia\/","og_locale":"fi_FI","og_type":"article","og_title":"The Social Network: Facebookin synnyst\u00e4 kertova elokuva ei miellyt\u00e4 sivuston perustajia - Kuvien takaa","og_description":"Fight Clubin ja Zodiacin tinkim\u00e4t\u00f6n tekij\u00e4 David Fincher on kiinnostavimpia amerikkalaisia nykyohjaajia, ja Aaron Sorkin (mm. West Wing) k\u00e4sikirjoittajien k\u00e4rke\u00e4. The Social Network olisi vuoden lupaavimpia elokuvia jo n\u00e4iden nimien t\u00e4hden&hellip;","og_url":"https:\/\/suomenkuvalehti.fi\/kuvien-takaa\/the-social-network-facebookin-synnysta-kertova-elokuva-ei-miellyta-sivuston-perustajia\/","og_site_name":"Kuvien takaa","article_author":"https:\/\/www.facebook.com\/pages\/Kalle-Kinnunen-Kuvien-takaa\/190326157715410?fref=ts","article_published_time":"2010-08-23T05:30:01+00:00","og_image":[{"width":2560,"height":1707,"url":"https:\/\/suomenkuvalehti.fi\/kuvien-takaa\/wp-content\/uploads\/sites\/11\/2022\/04\/kalle_kinnunen_blogi-1-scaled.jpg","type":"image\/jpeg"}],"author":"Kalle Kinnunen","twitter_card":"summary_large_image","twitter_creator":"@https:\/\/twitter.com\/kallekinnunen","twitter_misc":{"Written by":"Kalle Kinnunen","Est. reading time":"1 minuutti"},"schema":{"@context":"https:\/\/schema.org","@graph":[{"@type":"WebPage","@id":"https:\/\/suomenkuvalehti.fi\/kuvien-takaa\/the-social-network-facebookin-synnysta-kertova-elokuva-ei-miellyta-sivuston-perustajia\/","url":"https:\/\/suomenkuvalehti.fi\/kuvien-takaa\/the-social-network-facebookin-synnysta-kertova-elokuva-ei-miellyta-sivuston-perustajia\/","name":"The Social Network: Facebookin synnyst\u00e4 kertova elokuva ei miellyt\u00e4 sivuston perustajia - Kuvien takaa","isPartOf":{"@id":"https:\/\/suomenkuvalehti.fi\/kuvien-takaa\/#website"},"datePublished":"2010-08-23T05:30:01+00:00","author":{"@id":"https:\/\/suomenkuvalehti.fi\/kuvien-takaa\/#\/schema\/person\/f3f657e4ad409e008f12af27bec60a23"},"breadcrumb":{"@id":"https:\/\/suomenkuvalehti.fi\/kuvien-takaa\/the-social-network-facebookin-synnysta-kertova-elokuva-ei-miellyta-sivuston-perustajia\/#breadcrumb"},"inLanguage":"fi","potentialAction":[{"@type":"ReadAction","target":["https:\/\/suomenkuvalehti.fi\/kuvien-takaa\/the-social-network-facebookin-synnysta-kertova-elokuva-ei-miellyta-sivuston-perustajia\/"]}]},{"@type":"BreadcrumbList","@id":"https:\/\/suomenkuvalehti.fi\/kuvien-takaa\/the-social-network-facebookin-synnysta-kertova-elokuva-ei-miellyta-sivuston-perustajia\/#breadcrumb","itemListElement":[{"@type":"ListItem","position":1,"name":"Home","item":"https:\/\/suomenkuvalehti.fi\/kuvien-takaa\/"},{"@type":"ListItem","position":2,"name":"The Social Network: Facebookin synnyst\u00e4 kertova elokuva ei miellyt\u00e4 sivuston perustajia"}]},{"@type":"WebSite","@id":"https:\/\/suomenkuvalehti.fi\/kuvien-takaa\/#website","url":"https:\/\/suomenkuvalehti.fi\/kuvien-takaa\/","name":"Kuvien takaa","description":"Elokuvakriitikko Kalle Kinnusen elokuvablogi.","potentialAction":[{"@type":"SearchAction","target":{"@type":"EntryPoint","urlTemplate":"https:\/\/suomenkuvalehti.fi\/haku\/?q={search_term_string}"},"query-input":{"@type":"PropertyValueSpecification","valueRequired":true,"valueName":"search_term_string"}}],"inLanguage":"fi"},{"@type":"Person","@id":"https:\/\/suomenkuvalehti.fi\/kuvien-takaa\/#\/schema\/person\/f3f657e4ad409e008f12af27bec60a23","name":"Kalle Kinnunen","image":{"@type":"ImageObject","inLanguage":"fi","@id":"https:\/\/suomenkuvalehti.fi\/kuvien-takaa\/#\/schema\/person\/image\/","url":"https:\/\/suomenkuvalehti.fi\/kuvien-takaa\/wp-content\/uploads\/sites\/11\/2022\/04\/kalle_kinnunen_blogi-1-150x150.jpg","contentUrl":"https:\/\/suomenkuvalehti.fi\/kuvien-takaa\/wp-content\/uploads\/sites\/11\/2022\/04\/kalle_kinnunen_blogi-1-150x150.jpg","caption":"Kalle Kinnunen"},"description":"Kalle Kinnunen on vapaa toimittaja ja Suomen Kuvalehden avustaja.","sameAs":["https:\/\/www.facebook.com\/pages\/Kalle-Kinnunen-Kuvien-takaa\/190326157715410?fref=ts","https:\/\/x.com\/https:\/\/twitter.com\/kallekinnunen"]}]}},"_links":{"self":[{"href":"https:\/\/suomenkuvalehti.fi\/kuvien-takaa\/wp-json\/wp\/v2\/posts\/785","targetHints":{"allow":["GET"]}}],"collection":[{"href":"https:\/\/suomenkuvalehti.fi\/kuvien-takaa\/wp-json\/wp\/v2\/posts"}],"about":[{"href":"https:\/\/suomenkuvalehti.fi\/kuvien-takaa\/wp-json\/wp\/v2\/types\/post"}],"author":[{"embeddable":true,"href":"https:\/\/suomenkuvalehti.fi\/kuvien-takaa\/wp-json\/wp\/v2\/users\/144"}],"replies":[{"embeddable":true,"href":"https:\/\/suomenkuvalehti.fi\/kuvien-takaa\/wp-json\/wp\/v2\/comments?post=785"}],"version-history":[{"count":0,"href":"https:\/\/suomenkuvalehti.fi\/kuvien-takaa\/wp-json\/wp\/v2\/posts\/785\/revisions"}],"wp:attachment":[{"href":"https:\/\/suomenkuvalehti.fi\/kuvien-takaa\/wp-json\/wp\/v2\/media?parent=785"}],"wp:term":[{"taxonomy":"category","embeddable":true,"href":"https:\/\/suomenkuvalehti.fi\/kuvien-takaa\/wp-json\/wp\/v2\/categories?post=785"},{"taxonomy":"post_tag","embeddable":true,"href":"https:\/\/suomenkuvalehti.fi\/kuvien-takaa\/wp-json\/wp\/v2\/tags?post=785"}],"curies":[{"name":"wp","href":"https:\/\/api.w.org\/{rel}","templated":true}]}}