{"id":751,"date":"2010-09-27T08:01:00","date_gmt":"2010-09-27T05:01:00","guid":{"rendered":"https:\/\/suomenkuvalehti.fi\/kuvientakaa\/2010\/09\/27\/yle-teeman-elokuvasarjan-innoittamana-kerro-film-noir-suosikistasi\/"},"modified":"2010-09-27T08:01:00","modified_gmt":"2010-09-27T05:01:00","slug":"yle-teeman-elokuvasarjan-innoittamana-kerro-film-noir-suosikistasi","status":"publish","type":"post","link":"https:\/\/suomenkuvalehti.fi\/kuvien-takaa\/yle-teeman-elokuvasarjan-innoittamana-kerro-film-noir-suosikistasi\/","title":{"rendered":"Yle Teeman elokuvasarjan innoittamana: kerro film noir-suosikistasi"},"content":{"rendered":"\n<p>Teemalla py\u00f6riv\u00e4 <em>film noir<\/em> -sarja on ymm\u00e4rt\u00e4\u00e4kseni aika hyvin koostettu, televisiosyksyn ehdottomia valopilkkuja. Mutta mitk\u00e4 ovat ne kaikista parhaat noirit?<\/p>\n\n\n\n\n<p>Teeman per\u00e4ti <a href=\"http:\/\/teema.yle.fi\/ohjelmat\/ohjelmapaikat\/film-noir\">17 elokuvan sarja<\/a> alkoi syyskuun alussa. T\u00e4h\u00e4n menness\u00e4 on n\u00e4hty muun muassa suurenmoinen <em>Kiertotie<\/em> (<em>Detour<\/em>).<\/p>\n\n\n\n<p>Ensi viikolla (ke 6.10.) vuorossa on <em>Varjot menneisyydest\u00e4<\/em> eli <em>Out of the Past<\/em>, toinen omista suosikeistani.<\/p>\n\n\n\n<p>Sarjan p\u00e4\u00e4tt\u00e4\u00e4 joulukuussa lajityypiss\u00e4kin poikkeuksellisen tyly <em>Kiss Me Deadly<\/em> eli <em>Kohtalokas tapaaminen<\/em>.<\/p>\n\n\n\n<p>K\u00e4yt\u00e4n rinnakkain n\u00e4it\u00e4 englanninkielisi\u00e4 nimi\u00e4, jotta pysyisin itsekin k\u00e4rryill\u00e4 &#8211; en olisi edes tiennyt tuota viimeksimainitun kotimaista k\u00e4\u00e4nn\u00f6snime\u00e4, vaikka kyseess\u00e4 on kiistaton klassikko.<\/p>\n\n\n\n<p>Mitenk\u00e4\u00e4n kattavana ei t\u00e4t\u00e4k\u00e4\u00e4n elokuvasarjaa voine pit\u00e4\u00e4 &#8211; kuten Teemalla kutakuinkin aina, se lienee koostettu p\u00e4\u00e4asiassa niist\u00e4 elokuvista, mihin kanavalla on valmiiksi sattunut t\u00e4ll\u00e4 hetkell\u00e4 oikeudet olemaan.<\/p>\n\n\n\n<p>(T\u00e4st\u00e4h\u00e4n on hassuja ja kyseenalaisia esimerkkej\u00e4, kuten muutaman vuoden takainen ihan hatusta tempaistu <strong>Peter Sellers<\/strong> -sarja. Siit\u00e4 puuttuivat useimmat niist\u00e4 elokuvista, joissa Sellers teki h\u00e4nen bravuureinaan pidetyt roolit.)<\/p>\n\n\n\n<p>Noir-sarjasta puuttuu muun muassa allekirjoittaneen &#8211; ja aika monen muunkin &#8211; kaikken aikojen noir-ykk\u00f6ssuosikki, <em>Nainen ilman omaatuntoa<\/em> eli <em>Double Indemnity<\/em>.<\/p>\n\n\n\n<p>My\u00f6nn\u00e4n, etten ole t\u00e4m\u00e4n genren asiantuntija. En ole n\u00e4hnyt tarpeeksi. Suoraan sanottuna olen n\u00e4hnyt h\u00e4vett\u00e4v\u00e4n v\u00e4h\u00e4n kultakauden noireja. Osittain siksi kysynkin t\u00e4t\u00e4.<\/p>\n\n\n\n<p>Mitk\u00e4 ovat parhaat <a href=\"http:\/\/en.wikipedia.org\/wiki\/Film_noir\">film noirit<\/a>?<\/p>\n\n\n","protected":false},"excerpt":{"rendered":"<p>Teemalla py\u00f6riv\u00e4 film noir -sarja on ymm\u00e4rt\u00e4\u00e4kseni aika hyvin koostettu, televisiosyksyn ehdottomia valopilkkuja. Mutta mitk\u00e4 ovat ne kaikista parhaat noirit? Teeman per\u00e4ti 17 elokuvan sarja alkoi syyskuun alussa. T\u00e4h\u00e4n menness\u00e4 on n\u00e4hty muun muassa<br \/>\nsuurenmoin&hellip;<\/p>\n","protected":false},"author":144,"featured_media":0,"comment_status":"open","ping_status":"open","sticky":false,"template":"","format":"standard","meta":{"_acf_changed":false,"asauth_required_access_level":0,"asauth_cansharepaid":"","om_header_attributes":[],"footnotes":"","om_featured_image_focal_point":[],"om_primary_tag":0,"om_contributors":[],"om_co_authors":[],"beyondwords_generate_audio":"","beyondwords_project_id":"","beyondwords_content_id":"","beyondwords_preview_token":"","beyondwords_player_content":"","beyondwords_player_style":"","beyondwords_language_code":"","beyondwords_language_id":"","beyondwords_title_voice_id":"","beyondwords_body_voice_id":"","beyondwords_summary_voice_id":"","beyondwords_error_message":"","beyondwords_disabled":"","beyondwords_delete_content":"","beyondwords_podcast_id":"","beyondwords_hash":"","publish_post_to_speechkit":"","speechkit_hash":"","speechkit_generate_audio":"","speechkit_project_id":"","speechkit_podcast_id":"","speechkit_error_message":"","speechkit_disabled":"","speechkit_access_key":"","speechkit_error":"","speechkit_info":"","speechkit_response":"","speechkit_retries":"","speechkit_status":"","speechkit_updated_at":"","_speechkit_link":"","_speechkit_text":""},"categories":[1],"tags":[1232,1237,1200],"class_list":["post-751","post","type-post","status-publish","format-standard","hentry","category-kuvien-takaa","tag-amerikkalainen-elokuva","tag-film-noir","tag-yle-teema"],"om_views":null,"acf":{"tuuma_off":false,"tuuma_kysymys":"","tuuma_vastaus":""},"asauth":{"required_access_level":1,"share_token":"","is_paid":false},"yoast_head":"<!-- This site is optimized with the Yoast SEO plugin v26.4 - https:\/\/yoast.com\/wordpress\/plugins\/seo\/ -->\n<title>Yle Teeman elokuvasarjan innoittamana: kerro film noir-suosikistasi - Kuvien takaa<\/title>\n<meta name=\"robots\" content=\"index, follow, max-snippet:-1, max-image-preview:large, max-video-preview:-1\" \/>\n<link rel=\"canonical\" href=\"https:\/\/suomenkuvalehti.fi\/kuvien-takaa\/yle-teeman-elokuvasarjan-innoittamana-kerro-film-noir-suosikistasi\/\" \/>\n<meta property=\"og:locale\" content=\"fi_FI\" \/>\n<meta property=\"og:type\" content=\"article\" \/>\n<meta property=\"og:title\" content=\"Yle Teeman elokuvasarjan innoittamana: kerro film noir-suosikistasi - Kuvien takaa\" \/>\n<meta property=\"og:description\" content=\"Teemalla py\u00f6riv\u00e4 film noir -sarja on ymm\u00e4rt\u00e4\u00e4kseni aika hyvin koostettu, televisiosyksyn ehdottomia valopilkkuja. Mutta mitk\u00e4 ovat ne kaikista parhaat noirit? Teeman per\u00e4ti 17 elokuvan sarja alkoi syyskuun alussa. T\u00e4h\u00e4n menness\u00e4 on n\u00e4hty muun muassa suurenmoin&hellip;\" \/>\n<meta property=\"og:url\" content=\"https:\/\/suomenkuvalehti.fi\/kuvien-takaa\/yle-teeman-elokuvasarjan-innoittamana-kerro-film-noir-suosikistasi\/\" \/>\n<meta property=\"og:site_name\" content=\"Kuvien takaa\" \/>\n<meta property=\"article:author\" content=\"https:\/\/www.facebook.com\/pages\/Kalle-Kinnunen-Kuvien-takaa\/190326157715410?fref=ts\" \/>\n<meta property=\"article:published_time\" content=\"2010-09-27T05:01:00+00:00\" \/>\n<meta property=\"og:image\" content=\"https:\/\/suomenkuvalehti.fi\/kuvien-takaa\/wp-content\/uploads\/sites\/11\/2022\/04\/kalle_kinnunen_blogi-1-scaled.jpg\" \/>\n\t<meta property=\"og:image:width\" content=\"2560\" \/>\n\t<meta property=\"og:image:height\" content=\"1707\" \/>\n\t<meta property=\"og:image:type\" content=\"image\/jpeg\" \/>\n<meta name=\"author\" content=\"Kalle Kinnunen\" \/>\n<meta name=\"twitter:card\" content=\"summary_large_image\" \/>\n<meta name=\"twitter:creator\" content=\"@https:\/\/twitter.com\/kallekinnunen\" \/>\n<meta name=\"twitter:label1\" content=\"Written by\" \/>\n\t<meta name=\"twitter:data1\" content=\"Kalle Kinnunen\" \/>\n\t<meta name=\"twitter:label2\" content=\"Est. reading time\" \/>\n\t<meta name=\"twitter:data2\" content=\"1 minuutti\" \/>\n<script type=\"application\/ld+json\" class=\"yoast-schema-graph\">{\"@context\":\"https:\/\/schema.org\",\"@graph\":[{\"@type\":\"WebPage\",\"@id\":\"https:\/\/suomenkuvalehti.fi\/kuvien-takaa\/yle-teeman-elokuvasarjan-innoittamana-kerro-film-noir-suosikistasi\/\",\"url\":\"https:\/\/suomenkuvalehti.fi\/kuvien-takaa\/yle-teeman-elokuvasarjan-innoittamana-kerro-film-noir-suosikistasi\/\",\"name\":\"Yle Teeman elokuvasarjan innoittamana: kerro film noir-suosikistasi - Kuvien takaa\",\"isPartOf\":{\"@id\":\"https:\/\/suomenkuvalehti.fi\/kuvien-takaa\/#website\"},\"datePublished\":\"2010-09-27T05:01:00+00:00\",\"author\":{\"@id\":\"https:\/\/suomenkuvalehti.fi\/kuvien-takaa\/#\/schema\/person\/f3f657e4ad409e008f12af27bec60a23\"},\"breadcrumb\":{\"@id\":\"https:\/\/suomenkuvalehti.fi\/kuvien-takaa\/yle-teeman-elokuvasarjan-innoittamana-kerro-film-noir-suosikistasi\/#breadcrumb\"},\"inLanguage\":\"fi\",\"potentialAction\":[{\"@type\":\"ReadAction\",\"target\":[\"https:\/\/suomenkuvalehti.fi\/kuvien-takaa\/yle-teeman-elokuvasarjan-innoittamana-kerro-film-noir-suosikistasi\/\"]}]},{\"@type\":\"BreadcrumbList\",\"@id\":\"https:\/\/suomenkuvalehti.fi\/kuvien-takaa\/yle-teeman-elokuvasarjan-innoittamana-kerro-film-noir-suosikistasi\/#breadcrumb\",\"itemListElement\":[{\"@type\":\"ListItem\",\"position\":1,\"name\":\"Home\",\"item\":\"https:\/\/suomenkuvalehti.fi\/kuvien-takaa\/\"},{\"@type\":\"ListItem\",\"position\":2,\"name\":\"Yle Teeman elokuvasarjan innoittamana: kerro film noir-suosikistasi\"}]},{\"@type\":\"WebSite\",\"@id\":\"https:\/\/suomenkuvalehti.fi\/kuvien-takaa\/#website\",\"url\":\"https:\/\/suomenkuvalehti.fi\/kuvien-takaa\/\",\"name\":\"Kuvien takaa\",\"description\":\"Elokuvakriitikko Kalle Kinnusen elokuvablogi.\",\"potentialAction\":[{\"@type\":\"SearchAction\",\"target\":{\"@type\":\"EntryPoint\",\"urlTemplate\":\"https:\/\/suomenkuvalehti.fi\/haku\/?q={search_term_string}\"},\"query-input\":{\"@type\":\"PropertyValueSpecification\",\"valueRequired\":true,\"valueName\":\"search_term_string\"}}],\"inLanguage\":\"fi\"},{\"@type\":\"Person\",\"@id\":\"https:\/\/suomenkuvalehti.fi\/kuvien-takaa\/#\/schema\/person\/f3f657e4ad409e008f12af27bec60a23\",\"name\":\"Kalle Kinnunen\",\"image\":{\"@type\":\"ImageObject\",\"inLanguage\":\"fi\",\"@id\":\"https:\/\/suomenkuvalehti.fi\/kuvien-takaa\/#\/schema\/person\/image\/\",\"url\":\"https:\/\/suomenkuvalehti.fi\/kuvien-takaa\/wp-content\/uploads\/sites\/11\/2022\/04\/kalle_kinnunen_blogi-1-150x150.jpg\",\"contentUrl\":\"https:\/\/suomenkuvalehti.fi\/kuvien-takaa\/wp-content\/uploads\/sites\/11\/2022\/04\/kalle_kinnunen_blogi-1-150x150.jpg\",\"caption\":\"Kalle Kinnunen\"},\"description\":\"Kalle Kinnunen on vapaa toimittaja ja Suomen Kuvalehden avustaja.\",\"sameAs\":[\"https:\/\/www.facebook.com\/pages\/Kalle-Kinnunen-Kuvien-takaa\/190326157715410?fref=ts\",\"https:\/\/x.com\/https:\/\/twitter.com\/kallekinnunen\"]}]}<\/script>\n<!-- \/ Yoast SEO plugin. -->","yoast_head_json":{"title":"Yle Teeman elokuvasarjan innoittamana: kerro film noir-suosikistasi - Kuvien takaa","robots":{"index":"index","follow":"follow","max-snippet":"max-snippet:-1","max-image-preview":"max-image-preview:large","max-video-preview":"max-video-preview:-1"},"canonical":"https:\/\/suomenkuvalehti.fi\/kuvien-takaa\/yle-teeman-elokuvasarjan-innoittamana-kerro-film-noir-suosikistasi\/","og_locale":"fi_FI","og_type":"article","og_title":"Yle Teeman elokuvasarjan innoittamana: kerro film noir-suosikistasi - Kuvien takaa","og_description":"Teemalla py\u00f6riv\u00e4 film noir -sarja on ymm\u00e4rt\u00e4\u00e4kseni aika hyvin koostettu, televisiosyksyn ehdottomia valopilkkuja. Mutta mitk\u00e4 ovat ne kaikista parhaat noirit? Teeman per\u00e4ti 17 elokuvan sarja alkoi syyskuun alussa. T\u00e4h\u00e4n menness\u00e4 on n\u00e4hty muun muassa suurenmoin&hellip;","og_url":"https:\/\/suomenkuvalehti.fi\/kuvien-takaa\/yle-teeman-elokuvasarjan-innoittamana-kerro-film-noir-suosikistasi\/","og_site_name":"Kuvien takaa","article_author":"https:\/\/www.facebook.com\/pages\/Kalle-Kinnunen-Kuvien-takaa\/190326157715410?fref=ts","article_published_time":"2010-09-27T05:01:00+00:00","og_image":[{"width":2560,"height":1707,"url":"https:\/\/suomenkuvalehti.fi\/kuvien-takaa\/wp-content\/uploads\/sites\/11\/2022\/04\/kalle_kinnunen_blogi-1-scaled.jpg","type":"image\/jpeg"}],"author":"Kalle Kinnunen","twitter_card":"summary_large_image","twitter_creator":"@https:\/\/twitter.com\/kallekinnunen","twitter_misc":{"Written by":"Kalle Kinnunen","Est. reading time":"1 minuutti"},"schema":{"@context":"https:\/\/schema.org","@graph":[{"@type":"WebPage","@id":"https:\/\/suomenkuvalehti.fi\/kuvien-takaa\/yle-teeman-elokuvasarjan-innoittamana-kerro-film-noir-suosikistasi\/","url":"https:\/\/suomenkuvalehti.fi\/kuvien-takaa\/yle-teeman-elokuvasarjan-innoittamana-kerro-film-noir-suosikistasi\/","name":"Yle Teeman elokuvasarjan innoittamana: kerro film noir-suosikistasi - Kuvien takaa","isPartOf":{"@id":"https:\/\/suomenkuvalehti.fi\/kuvien-takaa\/#website"},"datePublished":"2010-09-27T05:01:00+00:00","author":{"@id":"https:\/\/suomenkuvalehti.fi\/kuvien-takaa\/#\/schema\/person\/f3f657e4ad409e008f12af27bec60a23"},"breadcrumb":{"@id":"https:\/\/suomenkuvalehti.fi\/kuvien-takaa\/yle-teeman-elokuvasarjan-innoittamana-kerro-film-noir-suosikistasi\/#breadcrumb"},"inLanguage":"fi","potentialAction":[{"@type":"ReadAction","target":["https:\/\/suomenkuvalehti.fi\/kuvien-takaa\/yle-teeman-elokuvasarjan-innoittamana-kerro-film-noir-suosikistasi\/"]}]},{"@type":"BreadcrumbList","@id":"https:\/\/suomenkuvalehti.fi\/kuvien-takaa\/yle-teeman-elokuvasarjan-innoittamana-kerro-film-noir-suosikistasi\/#breadcrumb","itemListElement":[{"@type":"ListItem","position":1,"name":"Home","item":"https:\/\/suomenkuvalehti.fi\/kuvien-takaa\/"},{"@type":"ListItem","position":2,"name":"Yle Teeman elokuvasarjan innoittamana: kerro film noir-suosikistasi"}]},{"@type":"WebSite","@id":"https:\/\/suomenkuvalehti.fi\/kuvien-takaa\/#website","url":"https:\/\/suomenkuvalehti.fi\/kuvien-takaa\/","name":"Kuvien takaa","description":"Elokuvakriitikko Kalle Kinnusen elokuvablogi.","potentialAction":[{"@type":"SearchAction","target":{"@type":"EntryPoint","urlTemplate":"https:\/\/suomenkuvalehti.fi\/haku\/?q={search_term_string}"},"query-input":{"@type":"PropertyValueSpecification","valueRequired":true,"valueName":"search_term_string"}}],"inLanguage":"fi"},{"@type":"Person","@id":"https:\/\/suomenkuvalehti.fi\/kuvien-takaa\/#\/schema\/person\/f3f657e4ad409e008f12af27bec60a23","name":"Kalle Kinnunen","image":{"@type":"ImageObject","inLanguage":"fi","@id":"https:\/\/suomenkuvalehti.fi\/kuvien-takaa\/#\/schema\/person\/image\/","url":"https:\/\/suomenkuvalehti.fi\/kuvien-takaa\/wp-content\/uploads\/sites\/11\/2022\/04\/kalle_kinnunen_blogi-1-150x150.jpg","contentUrl":"https:\/\/suomenkuvalehti.fi\/kuvien-takaa\/wp-content\/uploads\/sites\/11\/2022\/04\/kalle_kinnunen_blogi-1-150x150.jpg","caption":"Kalle Kinnunen"},"description":"Kalle Kinnunen on vapaa toimittaja ja Suomen Kuvalehden avustaja.","sameAs":["https:\/\/www.facebook.com\/pages\/Kalle-Kinnunen-Kuvien-takaa\/190326157715410?fref=ts","https:\/\/x.com\/https:\/\/twitter.com\/kallekinnunen"]}]}},"_links":{"self":[{"href":"https:\/\/suomenkuvalehti.fi\/kuvien-takaa\/wp-json\/wp\/v2\/posts\/751","targetHints":{"allow":["GET"]}}],"collection":[{"href":"https:\/\/suomenkuvalehti.fi\/kuvien-takaa\/wp-json\/wp\/v2\/posts"}],"about":[{"href":"https:\/\/suomenkuvalehti.fi\/kuvien-takaa\/wp-json\/wp\/v2\/types\/post"}],"author":[{"embeddable":true,"href":"https:\/\/suomenkuvalehti.fi\/kuvien-takaa\/wp-json\/wp\/v2\/users\/144"}],"replies":[{"embeddable":true,"href":"https:\/\/suomenkuvalehti.fi\/kuvien-takaa\/wp-json\/wp\/v2\/comments?post=751"}],"version-history":[{"count":0,"href":"https:\/\/suomenkuvalehti.fi\/kuvien-takaa\/wp-json\/wp\/v2\/posts\/751\/revisions"}],"wp:attachment":[{"href":"https:\/\/suomenkuvalehti.fi\/kuvien-takaa\/wp-json\/wp\/v2\/media?parent=751"}],"wp:term":[{"taxonomy":"category","embeddable":true,"href":"https:\/\/suomenkuvalehti.fi\/kuvien-takaa\/wp-json\/wp\/v2\/categories?post=751"},{"taxonomy":"post_tag","embeddable":true,"href":"https:\/\/suomenkuvalehti.fi\/kuvien-takaa\/wp-json\/wp\/v2\/tags?post=751"}],"curies":[{"name":"wp","href":"https:\/\/api.w.org\/{rel}","templated":true}]}}