{"id":741,"date":"2010-10-13T13:11:00","date_gmt":"2010-10-13T10:11:00","guid":{"rendered":"https:\/\/suomenkuvalehti.fi\/kuvientakaa\/2010\/10\/13\/paluu-wall-streetille-ei-ollut-oliver-stonen-idea\/"},"modified":"2013-11-29T15:25:10","modified_gmt":"2013-11-29T13:25:10","slug":"paluu-wall-streetille-ei-ollut-oliver-stonen-idea","status":"publish","type":"post","link":"https:\/\/suomenkuvalehti.fi\/kuvien-takaa\/paluu-wall-streetille-ei-ollut-oliver-stonen-idea\/","title":{"rendered":"Paluu Wall Streetille ei ollut Oliver Stonen idea"},"content":{"rendered":"\n<p>Uuden <em>Wall Street: Money Never Sleeps<\/em> -elokuvan tiimoilta on puhuttu, ett\u00e4 <strong>Oliver Stone<\/strong> on menett\u00e4nyt ter\u00e4\u00e4ns\u00e4. Totta se varmasti osittain onkin.<\/p>\n\n\n\n\n<p>Kannattaa kuitenkin huomioda se, ett\u00e4 elokuva ei ole Stonen luomus, toisin kuin alkuper\u00e4inen <em>Wall Street<\/em> vuodelta 1987. Fox-studio oli p\u00e4\u00e4tt\u00e4nyt tehd\u00e4 Wall Streetille jatkoa, ja he omistivat oikeudet. Ainakin aluksi Stone sanoi ei.<\/p>\n\n\n\n<p>Fox olisi tehnyt elokuvan ilman Stonea. Jossain vaiheessa Ollie sitten p\u00e4\u00e4tti, ett\u00e4 teen nyt sitten t\u00e4m\u00e4n.<\/p>\n\n\n\n<p>Minusta uusi Wall Street on ihan kelpo viihdett\u00e4 &#8211; kyll\u00e4 Stone edelleen ohjata osaa. <strong>Michael Douglasilla<\/strong> on yh\u00e4 karismaa ja <strong>Carey Mulligan<\/strong> on suunnattoman lupaava nuori n\u00e4yttelij\u00e4.<\/p>\n\n\n\n<p>Olisipa elokuva vain tiiviimpi ja \u00e4rh\u00e4k\u00e4mpi. Eih\u00e4n sit\u00e4 nyt parhaalla tahdollakaan voi edelt\u00e4j\u00e4ns\u00e4 veroiseksi sanoa sis\u00e4lt\u00f6ns\u00e4, saati zeitgeist-kokemuksen kannalta. Ja jos vain yksi bisnesteemainen leffateatterikokemus t\u00e4n\u00e4 syksyn\u00e4 kiinnostaa, niin on <a href=\"https:\/\/suomenkuvalehti.fi\/kuvientakaa\/2010\/08\/23\/the-social-network-facebookin-synnysta-kertova-elokuva-ei-miellyta-sivuston-perustajia\/\"><em>The Social Network<\/em><\/a> &#8211; se &#8221;Facebook-elokuva&#8221; &#8211; ihan ylivoimainen ykk\u00f6svalinta. Se on viiden t\u00e4hden kamaa.<\/p>\n\n\n","protected":false},"excerpt":{"rendered":"<p>Uuden Wall Street: Money Never Sleeps -elokuvan tiimoilta on puhuttu, ett\u00e4 Oliver Stone on menett\u00e4nyt ter\u00e4\u00e4ns\u00e4. Totta se varmasti osittain onkin. Kannattaa kuitenkin huomioda se, ett\u00e4 elokuva ei ole Stonen luomus, toisin kuin alkuper\u00e4inen Wall Street vuodelta 1987.<br \/>\nFox-st&hellip;<\/p>\n","protected":false},"author":144,"featured_media":0,"comment_status":"open","ping_status":"open","sticky":false,"template":"","format":"standard","meta":{"_acf_changed":false,"asauth_required_access_level":0,"asauth_cansharepaid":"","om_header_attributes":[],"footnotes":"","om_featured_image_focal_point":[],"om_primary_tag":0,"om_contributors":[],"om_co_authors":[],"beyondwords_generate_audio":"","beyondwords_project_id":"","beyondwords_content_id":"","beyondwords_preview_token":"","beyondwords_player_content":"","beyondwords_player_style":"","beyondwords_language_code":"","beyondwords_language_id":"","beyondwords_title_voice_id":"","beyondwords_body_voice_id":"","beyondwords_summary_voice_id":"","beyondwords_error_message":"","beyondwords_disabled":"","beyondwords_delete_content":"","beyondwords_podcast_id":"","beyondwords_hash":"","publish_post_to_speechkit":"","speechkit_hash":"","speechkit_generate_audio":"","speechkit_project_id":"","speechkit_podcast_id":"","speechkit_error_message":"","speechkit_disabled":"","speechkit_access_key":"","speechkit_error":"","speechkit_info":"","speechkit_response":"","speechkit_retries":"","speechkit_status":"","speechkit_updated_at":"","_speechkit_link":"","_speechkit_text":""},"categories":[1],"tags":[164,1226,1225],"class_list":["post-741","post","type-post","status-publish","format-standard","hentry","category-kuvien-takaa","tag-oliver-stone","tag-the-social-network","tag-wall-street-money-never-sleeps"],"om_views":null,"acf":{"tuuma_off":false,"tuuma_kysymys":"","tuuma_vastaus":""},"asauth":{"required_access_level":1,"share_token":"","is_paid":false},"yoast_head":"<!-- This site is optimized with the Yoast SEO plugin v26.4 - https:\/\/yoast.com\/wordpress\/plugins\/seo\/ -->\n<title>Paluu Wall Streetille ei ollut Oliver Stonen idea - Kuvien takaa<\/title>\n<meta name=\"robots\" content=\"index, follow, max-snippet:-1, max-image-preview:large, max-video-preview:-1\" \/>\n<link rel=\"canonical\" href=\"https:\/\/suomenkuvalehti.fi\/kuvien-takaa\/paluu-wall-streetille-ei-ollut-oliver-stonen-idea\/\" \/>\n<meta property=\"og:locale\" content=\"fi_FI\" \/>\n<meta property=\"og:type\" content=\"article\" \/>\n<meta property=\"og:title\" content=\"Paluu Wall Streetille ei ollut Oliver Stonen idea - Kuvien takaa\" \/>\n<meta property=\"og:description\" content=\"Uuden Wall Street: Money Never Sleeps -elokuvan tiimoilta on puhuttu, ett\u00e4 Oliver Stone on menett\u00e4nyt ter\u00e4\u00e4ns\u00e4. Totta se varmasti osittain onkin. Kannattaa kuitenkin huomioda se, ett\u00e4 elokuva ei ole Stonen luomus, toisin kuin alkuper\u00e4inen Wall Street vuodelta 1987. Fox-st&hellip;\" \/>\n<meta property=\"og:url\" content=\"https:\/\/suomenkuvalehti.fi\/kuvien-takaa\/paluu-wall-streetille-ei-ollut-oliver-stonen-idea\/\" \/>\n<meta property=\"og:site_name\" content=\"Kuvien takaa\" \/>\n<meta property=\"article:author\" content=\"https:\/\/www.facebook.com\/pages\/Kalle-Kinnunen-Kuvien-takaa\/190326157715410?fref=ts\" \/>\n<meta property=\"article:published_time\" content=\"2010-10-13T10:11:00+00:00\" \/>\n<meta property=\"article:modified_time\" content=\"2013-11-29T13:25:10+00:00\" \/>\n<meta property=\"og:image\" content=\"https:\/\/suomenkuvalehti.fi\/kuvien-takaa\/wp-content\/uploads\/sites\/11\/2022\/04\/kalle_kinnunen_blogi-1-scaled.jpg\" \/>\n\t<meta property=\"og:image:width\" content=\"2560\" \/>\n\t<meta property=\"og:image:height\" content=\"1707\" \/>\n\t<meta property=\"og:image:type\" content=\"image\/jpeg\" \/>\n<meta name=\"author\" content=\"Kalle Kinnunen\" \/>\n<meta name=\"twitter:card\" content=\"summary_large_image\" \/>\n<meta name=\"twitter:creator\" content=\"@https:\/\/twitter.com\/kallekinnunen\" \/>\n<meta name=\"twitter:label1\" content=\"Written by\" \/>\n\t<meta name=\"twitter:data1\" content=\"Kalle Kinnunen\" \/>\n\t<meta name=\"twitter:label2\" content=\"Est. reading time\" \/>\n\t<meta name=\"twitter:data2\" content=\"1 minuutti\" \/>\n<script type=\"application\/ld+json\" class=\"yoast-schema-graph\">{\"@context\":\"https:\/\/schema.org\",\"@graph\":[{\"@type\":\"WebPage\",\"@id\":\"https:\/\/suomenkuvalehti.fi\/kuvien-takaa\/paluu-wall-streetille-ei-ollut-oliver-stonen-idea\/\",\"url\":\"https:\/\/suomenkuvalehti.fi\/kuvien-takaa\/paluu-wall-streetille-ei-ollut-oliver-stonen-idea\/\",\"name\":\"Paluu Wall Streetille ei ollut Oliver Stonen idea - Kuvien takaa\",\"isPartOf\":{\"@id\":\"https:\/\/suomenkuvalehti.fi\/kuvien-takaa\/#website\"},\"datePublished\":\"2010-10-13T10:11:00+00:00\",\"dateModified\":\"2013-11-29T13:25:10+00:00\",\"author\":{\"@id\":\"https:\/\/suomenkuvalehti.fi\/kuvien-takaa\/#\/schema\/person\/f3f657e4ad409e008f12af27bec60a23\"},\"breadcrumb\":{\"@id\":\"https:\/\/suomenkuvalehti.fi\/kuvien-takaa\/paluu-wall-streetille-ei-ollut-oliver-stonen-idea\/#breadcrumb\"},\"inLanguage\":\"fi\",\"potentialAction\":[{\"@type\":\"ReadAction\",\"target\":[\"https:\/\/suomenkuvalehti.fi\/kuvien-takaa\/paluu-wall-streetille-ei-ollut-oliver-stonen-idea\/\"]}]},{\"@type\":\"BreadcrumbList\",\"@id\":\"https:\/\/suomenkuvalehti.fi\/kuvien-takaa\/paluu-wall-streetille-ei-ollut-oliver-stonen-idea\/#breadcrumb\",\"itemListElement\":[{\"@type\":\"ListItem\",\"position\":1,\"name\":\"Home\",\"item\":\"https:\/\/suomenkuvalehti.fi\/kuvien-takaa\/\"},{\"@type\":\"ListItem\",\"position\":2,\"name\":\"Paluu Wall Streetille ei ollut Oliver Stonen idea\"}]},{\"@type\":\"WebSite\",\"@id\":\"https:\/\/suomenkuvalehti.fi\/kuvien-takaa\/#website\",\"url\":\"https:\/\/suomenkuvalehti.fi\/kuvien-takaa\/\",\"name\":\"Kuvien takaa\",\"description\":\"Elokuvakriitikko Kalle Kinnusen elokuvablogi.\",\"potentialAction\":[{\"@type\":\"SearchAction\",\"target\":{\"@type\":\"EntryPoint\",\"urlTemplate\":\"https:\/\/suomenkuvalehti.fi\/haku\/?q={search_term_string}\"},\"query-input\":{\"@type\":\"PropertyValueSpecification\",\"valueRequired\":true,\"valueName\":\"search_term_string\"}}],\"inLanguage\":\"fi\"},{\"@type\":\"Person\",\"@id\":\"https:\/\/suomenkuvalehti.fi\/kuvien-takaa\/#\/schema\/person\/f3f657e4ad409e008f12af27bec60a23\",\"name\":\"Kalle Kinnunen\",\"image\":{\"@type\":\"ImageObject\",\"inLanguage\":\"fi\",\"@id\":\"https:\/\/suomenkuvalehti.fi\/kuvien-takaa\/#\/schema\/person\/image\/\",\"url\":\"https:\/\/suomenkuvalehti.fi\/kuvien-takaa\/wp-content\/uploads\/sites\/11\/2022\/04\/kalle_kinnunen_blogi-1-150x150.jpg\",\"contentUrl\":\"https:\/\/suomenkuvalehti.fi\/kuvien-takaa\/wp-content\/uploads\/sites\/11\/2022\/04\/kalle_kinnunen_blogi-1-150x150.jpg\",\"caption\":\"Kalle Kinnunen\"},\"description\":\"Kalle Kinnunen on vapaa toimittaja ja Suomen Kuvalehden avustaja.\",\"sameAs\":[\"https:\/\/www.facebook.com\/pages\/Kalle-Kinnunen-Kuvien-takaa\/190326157715410?fref=ts\",\"https:\/\/x.com\/https:\/\/twitter.com\/kallekinnunen\"]}]}<\/script>\n<!-- \/ Yoast SEO plugin. -->","yoast_head_json":{"title":"Paluu Wall Streetille ei ollut Oliver Stonen idea - Kuvien takaa","robots":{"index":"index","follow":"follow","max-snippet":"max-snippet:-1","max-image-preview":"max-image-preview:large","max-video-preview":"max-video-preview:-1"},"canonical":"https:\/\/suomenkuvalehti.fi\/kuvien-takaa\/paluu-wall-streetille-ei-ollut-oliver-stonen-idea\/","og_locale":"fi_FI","og_type":"article","og_title":"Paluu Wall Streetille ei ollut Oliver Stonen idea - Kuvien takaa","og_description":"Uuden Wall Street: Money Never Sleeps -elokuvan tiimoilta on puhuttu, ett\u00e4 Oliver Stone on menett\u00e4nyt ter\u00e4\u00e4ns\u00e4. Totta se varmasti osittain onkin. Kannattaa kuitenkin huomioda se, ett\u00e4 elokuva ei ole Stonen luomus, toisin kuin alkuper\u00e4inen Wall Street vuodelta 1987. Fox-st&hellip;","og_url":"https:\/\/suomenkuvalehti.fi\/kuvien-takaa\/paluu-wall-streetille-ei-ollut-oliver-stonen-idea\/","og_site_name":"Kuvien takaa","article_author":"https:\/\/www.facebook.com\/pages\/Kalle-Kinnunen-Kuvien-takaa\/190326157715410?fref=ts","article_published_time":"2010-10-13T10:11:00+00:00","article_modified_time":"2013-11-29T13:25:10+00:00","og_image":[{"width":2560,"height":1707,"url":"https:\/\/suomenkuvalehti.fi\/kuvien-takaa\/wp-content\/uploads\/sites\/11\/2022\/04\/kalle_kinnunen_blogi-1-scaled.jpg","type":"image\/jpeg"}],"author":"Kalle Kinnunen","twitter_card":"summary_large_image","twitter_creator":"@https:\/\/twitter.com\/kallekinnunen","twitter_misc":{"Written by":"Kalle Kinnunen","Est. reading time":"1 minuutti"},"schema":{"@context":"https:\/\/schema.org","@graph":[{"@type":"WebPage","@id":"https:\/\/suomenkuvalehti.fi\/kuvien-takaa\/paluu-wall-streetille-ei-ollut-oliver-stonen-idea\/","url":"https:\/\/suomenkuvalehti.fi\/kuvien-takaa\/paluu-wall-streetille-ei-ollut-oliver-stonen-idea\/","name":"Paluu Wall Streetille ei ollut Oliver Stonen idea - Kuvien takaa","isPartOf":{"@id":"https:\/\/suomenkuvalehti.fi\/kuvien-takaa\/#website"},"datePublished":"2010-10-13T10:11:00+00:00","dateModified":"2013-11-29T13:25:10+00:00","author":{"@id":"https:\/\/suomenkuvalehti.fi\/kuvien-takaa\/#\/schema\/person\/f3f657e4ad409e008f12af27bec60a23"},"breadcrumb":{"@id":"https:\/\/suomenkuvalehti.fi\/kuvien-takaa\/paluu-wall-streetille-ei-ollut-oliver-stonen-idea\/#breadcrumb"},"inLanguage":"fi","potentialAction":[{"@type":"ReadAction","target":["https:\/\/suomenkuvalehti.fi\/kuvien-takaa\/paluu-wall-streetille-ei-ollut-oliver-stonen-idea\/"]}]},{"@type":"BreadcrumbList","@id":"https:\/\/suomenkuvalehti.fi\/kuvien-takaa\/paluu-wall-streetille-ei-ollut-oliver-stonen-idea\/#breadcrumb","itemListElement":[{"@type":"ListItem","position":1,"name":"Home","item":"https:\/\/suomenkuvalehti.fi\/kuvien-takaa\/"},{"@type":"ListItem","position":2,"name":"Paluu Wall Streetille ei ollut Oliver Stonen idea"}]},{"@type":"WebSite","@id":"https:\/\/suomenkuvalehti.fi\/kuvien-takaa\/#website","url":"https:\/\/suomenkuvalehti.fi\/kuvien-takaa\/","name":"Kuvien takaa","description":"Elokuvakriitikko Kalle Kinnusen elokuvablogi.","potentialAction":[{"@type":"SearchAction","target":{"@type":"EntryPoint","urlTemplate":"https:\/\/suomenkuvalehti.fi\/haku\/?q={search_term_string}"},"query-input":{"@type":"PropertyValueSpecification","valueRequired":true,"valueName":"search_term_string"}}],"inLanguage":"fi"},{"@type":"Person","@id":"https:\/\/suomenkuvalehti.fi\/kuvien-takaa\/#\/schema\/person\/f3f657e4ad409e008f12af27bec60a23","name":"Kalle Kinnunen","image":{"@type":"ImageObject","inLanguage":"fi","@id":"https:\/\/suomenkuvalehti.fi\/kuvien-takaa\/#\/schema\/person\/image\/","url":"https:\/\/suomenkuvalehti.fi\/kuvien-takaa\/wp-content\/uploads\/sites\/11\/2022\/04\/kalle_kinnunen_blogi-1-150x150.jpg","contentUrl":"https:\/\/suomenkuvalehti.fi\/kuvien-takaa\/wp-content\/uploads\/sites\/11\/2022\/04\/kalle_kinnunen_blogi-1-150x150.jpg","caption":"Kalle Kinnunen"},"description":"Kalle Kinnunen on vapaa toimittaja ja Suomen Kuvalehden avustaja.","sameAs":["https:\/\/www.facebook.com\/pages\/Kalle-Kinnunen-Kuvien-takaa\/190326157715410?fref=ts","https:\/\/x.com\/https:\/\/twitter.com\/kallekinnunen"]}]}},"_links":{"self":[{"href":"https:\/\/suomenkuvalehti.fi\/kuvien-takaa\/wp-json\/wp\/v2\/posts\/741","targetHints":{"allow":["GET"]}}],"collection":[{"href":"https:\/\/suomenkuvalehti.fi\/kuvien-takaa\/wp-json\/wp\/v2\/posts"}],"about":[{"href":"https:\/\/suomenkuvalehti.fi\/kuvien-takaa\/wp-json\/wp\/v2\/types\/post"}],"author":[{"embeddable":true,"href":"https:\/\/suomenkuvalehti.fi\/kuvien-takaa\/wp-json\/wp\/v2\/users\/144"}],"replies":[{"embeddable":true,"href":"https:\/\/suomenkuvalehti.fi\/kuvien-takaa\/wp-json\/wp\/v2\/comments?post=741"}],"version-history":[{"count":1,"href":"https:\/\/suomenkuvalehti.fi\/kuvien-takaa\/wp-json\/wp\/v2\/posts\/741\/revisions"}],"predecessor-version":[{"id":1403,"href":"https:\/\/suomenkuvalehti.fi\/kuvien-takaa\/wp-json\/wp\/v2\/posts\/741\/revisions\/1403"}],"wp:attachment":[{"href":"https:\/\/suomenkuvalehti.fi\/kuvien-takaa\/wp-json\/wp\/v2\/media?parent=741"}],"wp:term":[{"taxonomy":"category","embeddable":true,"href":"https:\/\/suomenkuvalehti.fi\/kuvien-takaa\/wp-json\/wp\/v2\/categories?post=741"},{"taxonomy":"post_tag","embeddable":true,"href":"https:\/\/suomenkuvalehti.fi\/kuvien-takaa\/wp-json\/wp\/v2\/tags?post=741"}],"curies":[{"name":"wp","href":"https:\/\/api.w.org\/{rel}","templated":true}]}}