{"id":724,"date":"2010-11-03T08:31:01","date_gmt":"2010-11-03T06:31:01","guid":{"rendered":"https:\/\/suomenkuvalehti.fi\/kuvientakaa\/2010\/11\/03\/heavy-metal-kaytannossa-ja-parodiana-anvil-seka-spinal-tap-yle-teemalla\/"},"modified":"2013-11-29T15:25:06","modified_gmt":"2013-11-29T13:25:06","slug":"heavy-metal-kaytannossa-ja-parodiana-anvil-seka-spinal-tap-yle-teemalla","status":"publish","type":"post","link":"https:\/\/suomenkuvalehti.fi\/kuvien-takaa\/heavy-metal-kaytannossa-ja-parodiana-anvil-seka-spinal-tap-yle-teemalla\/","title":{"rendered":"Heavy metal k\u00e4yt\u00e4nn\u00f6ss\u00e4 ja parodiana: Anvil sek\u00e4 Spinal Tap Yle Teemalla"},"content":{"rendered":"\n<p>Olen jo pariin otteeseen kirjoittanut <em>Anvil! &#8211; The Story of Anvil <\/em>-dokumentista, jossa seurataan 1980-luvulla menestyst\u00e4 maistaneen tukkahevib\u00e4ndin tragikoomista nykytilaa hyvin my\u00f6t\u00e4mielisesti. Nyt se tulee Yle Teemalta.<\/p>\n\n\n\n\n<p><a href=\"http:\/\/yle.fi\/ohjelmat\/tv\/teema\/2010-11-6#lahetys-201011062100\">Lauantai-iltana<\/a> n\u00e4ytet\u00e4\u00e4n ensin <a href=\"https:\/\/suomenkuvalehti.fi\/kuvientakaa\/2009\/12\/25\/anvil-hilliton-dokumentti-heavy-metal-unelmasta-ja-huonosta-tuurista\/\">Anvil<\/a>, sitten <em>Spinal Tap &#8211; hei me rokataan<\/em>.<\/p>\n\n\n\n<p>V\u00e4\u00e4r\u00e4 j\u00e4rjestys &#8211; eih\u00e4n Spinal Tap tunnu Anvilin j\u00e4lkeen en\u00e4\u00e4 milt\u00e4\u00e4n.<\/p>\n\n\n\n<p>Koska Anvil on totta.<\/p>\n\n\n\n<p><em>Anvil Yle Teemalla lauantaina 6.11. klo 21.<\/em><\/p>\n\n\n","protected":false},"excerpt":{"rendered":"<p>Olen jo pariin otteeseen kirjoittanut Anvil! &#8211; The Story of Anvil -dokumentista, jossa seurataan 1980-luvulla menestyst\u00e4 maistaneen tukkahevib\u00e4ndin tragikoomista nykytilaa hyvin my\u00f6t\u00e4mielisesti. Nyt se tulee Yle Teemalta. Lauantai-iltana<br \/>\nn\u00e4y&hellip;<\/p>\n","protected":false},"author":144,"featured_media":0,"comment_status":"open","ping_status":"open","sticky":false,"template":"","format":"standard","meta":{"_acf_changed":false,"asauth_required_access_level":0,"asauth_cansharepaid":"","om_header_attributes":[],"footnotes":"","om_featured_image_focal_point":[],"om_primary_tag":0,"om_contributors":[],"om_co_authors":[],"beyondwords_generate_audio":"","beyondwords_project_id":"","beyondwords_content_id":"","beyondwords_preview_token":"","beyondwords_player_content":"","beyondwords_player_style":"","beyondwords_language_code":"","beyondwords_language_id":"","beyondwords_title_voice_id":"","beyondwords_body_voice_id":"","beyondwords_summary_voice_id":"","beyondwords_error_message":"","beyondwords_disabled":"","beyondwords_delete_content":"","beyondwords_podcast_id":"","beyondwords_hash":"","publish_post_to_speechkit":"","speechkit_hash":"","speechkit_generate_audio":"","speechkit_project_id":"","speechkit_podcast_id":"","speechkit_error_message":"","speechkit_disabled":"","speechkit_access_key":"","speechkit_error":"","speechkit_info":"","speechkit_response":"","speechkit_retries":"","speechkit_status":"","speechkit_updated_at":"","_speechkit_link":"","_speechkit_text":""},"categories":[1],"tags":[1197,41,1199,1198,1200],"class_list":["post-724","post","type-post","status-publish","format-standard","hentry","category-kuvien-takaa","tag-anvil","tag-dokumenttielokuvat","tag-heavy-metal","tag-spinal-tap","tag-yle-teema"],"om_views":null,"acf":{"tuuma_off":false,"tuuma_kysymys":"","tuuma_vastaus":""},"asauth":{"required_access_level":1,"share_token":"","is_paid":false},"yoast_head":"<!-- This site is optimized with the Yoast SEO plugin v26.4 - https:\/\/yoast.com\/wordpress\/plugins\/seo\/ -->\n<title>Heavy metal k\u00e4yt\u00e4nn\u00f6ss\u00e4 ja parodiana: Anvil sek\u00e4 Spinal Tap Yle Teemalla - Kuvien takaa<\/title>\n<meta name=\"robots\" content=\"index, follow, max-snippet:-1, max-image-preview:large, max-video-preview:-1\" \/>\n<link rel=\"canonical\" href=\"https:\/\/suomenkuvalehti.fi\/kuvien-takaa\/heavy-metal-kaytannossa-ja-parodiana-anvil-seka-spinal-tap-yle-teemalla\/\" \/>\n<meta property=\"og:locale\" content=\"fi_FI\" \/>\n<meta property=\"og:type\" content=\"article\" \/>\n<meta property=\"og:title\" content=\"Heavy metal k\u00e4yt\u00e4nn\u00f6ss\u00e4 ja parodiana: Anvil sek\u00e4 Spinal Tap Yle Teemalla - Kuvien takaa\" \/>\n<meta property=\"og:description\" content=\"Olen jo pariin otteeseen kirjoittanut Anvil! &#8211; The Story of Anvil -dokumentista, jossa seurataan 1980-luvulla menestyst\u00e4 maistaneen tukkahevib\u00e4ndin tragikoomista nykytilaa hyvin my\u00f6t\u00e4mielisesti. Nyt se tulee Yle Teemalta. Lauantai-iltana n\u00e4y&hellip;\" \/>\n<meta property=\"og:url\" content=\"https:\/\/suomenkuvalehti.fi\/kuvien-takaa\/heavy-metal-kaytannossa-ja-parodiana-anvil-seka-spinal-tap-yle-teemalla\/\" \/>\n<meta property=\"og:site_name\" content=\"Kuvien takaa\" \/>\n<meta property=\"article:author\" content=\"https:\/\/www.facebook.com\/pages\/Kalle-Kinnunen-Kuvien-takaa\/190326157715410?fref=ts\" \/>\n<meta property=\"article:published_time\" content=\"2010-11-03T06:31:01+00:00\" \/>\n<meta property=\"article:modified_time\" content=\"2013-11-29T13:25:06+00:00\" \/>\n<meta property=\"og:image\" content=\"https:\/\/suomenkuvalehti.fi\/kuvien-takaa\/wp-content\/uploads\/sites\/11\/2022\/04\/kalle_kinnunen_blogi-1-scaled.jpg\" \/>\n\t<meta property=\"og:image:width\" content=\"2560\" \/>\n\t<meta property=\"og:image:height\" content=\"1707\" \/>\n\t<meta property=\"og:image:type\" content=\"image\/jpeg\" \/>\n<meta name=\"author\" content=\"Kalle Kinnunen\" \/>\n<meta name=\"twitter:card\" content=\"summary_large_image\" \/>\n<meta name=\"twitter:creator\" content=\"@https:\/\/twitter.com\/kallekinnunen\" \/>\n<meta name=\"twitter:label1\" content=\"Written by\" \/>\n\t<meta name=\"twitter:data1\" content=\"Kalle Kinnunen\" \/>\n<script type=\"application\/ld+json\" class=\"yoast-schema-graph\">{\"@context\":\"https:\/\/schema.org\",\"@graph\":[{\"@type\":\"WebPage\",\"@id\":\"https:\/\/suomenkuvalehti.fi\/kuvien-takaa\/heavy-metal-kaytannossa-ja-parodiana-anvil-seka-spinal-tap-yle-teemalla\/\",\"url\":\"https:\/\/suomenkuvalehti.fi\/kuvien-takaa\/heavy-metal-kaytannossa-ja-parodiana-anvil-seka-spinal-tap-yle-teemalla\/\",\"name\":\"Heavy metal k\u00e4yt\u00e4nn\u00f6ss\u00e4 ja parodiana: Anvil sek\u00e4 Spinal Tap Yle Teemalla - Kuvien takaa\",\"isPartOf\":{\"@id\":\"https:\/\/suomenkuvalehti.fi\/kuvien-takaa\/#website\"},\"datePublished\":\"2010-11-03T06:31:01+00:00\",\"dateModified\":\"2013-11-29T13:25:06+00:00\",\"author\":{\"@id\":\"https:\/\/suomenkuvalehti.fi\/kuvien-takaa\/#\/schema\/person\/f3f657e4ad409e008f12af27bec60a23\"},\"breadcrumb\":{\"@id\":\"https:\/\/suomenkuvalehti.fi\/kuvien-takaa\/heavy-metal-kaytannossa-ja-parodiana-anvil-seka-spinal-tap-yle-teemalla\/#breadcrumb\"},\"inLanguage\":\"fi\",\"potentialAction\":[{\"@type\":\"ReadAction\",\"target\":[\"https:\/\/suomenkuvalehti.fi\/kuvien-takaa\/heavy-metal-kaytannossa-ja-parodiana-anvil-seka-spinal-tap-yle-teemalla\/\"]}]},{\"@type\":\"BreadcrumbList\",\"@id\":\"https:\/\/suomenkuvalehti.fi\/kuvien-takaa\/heavy-metal-kaytannossa-ja-parodiana-anvil-seka-spinal-tap-yle-teemalla\/#breadcrumb\",\"itemListElement\":[{\"@type\":\"ListItem\",\"position\":1,\"name\":\"Home\",\"item\":\"https:\/\/suomenkuvalehti.fi\/kuvien-takaa\/\"},{\"@type\":\"ListItem\",\"position\":2,\"name\":\"Heavy metal k\u00e4yt\u00e4nn\u00f6ss\u00e4 ja parodiana: Anvil sek\u00e4 Spinal Tap Yle Teemalla\"}]},{\"@type\":\"WebSite\",\"@id\":\"https:\/\/suomenkuvalehti.fi\/kuvien-takaa\/#website\",\"url\":\"https:\/\/suomenkuvalehti.fi\/kuvien-takaa\/\",\"name\":\"Kuvien takaa\",\"description\":\"Elokuvakriitikko Kalle Kinnusen elokuvablogi.\",\"potentialAction\":[{\"@type\":\"SearchAction\",\"target\":{\"@type\":\"EntryPoint\",\"urlTemplate\":\"https:\/\/suomenkuvalehti.fi\/haku\/?q={search_term_string}\"},\"query-input\":{\"@type\":\"PropertyValueSpecification\",\"valueRequired\":true,\"valueName\":\"search_term_string\"}}],\"inLanguage\":\"fi\"},{\"@type\":\"Person\",\"@id\":\"https:\/\/suomenkuvalehti.fi\/kuvien-takaa\/#\/schema\/person\/f3f657e4ad409e008f12af27bec60a23\",\"name\":\"Kalle Kinnunen\",\"image\":{\"@type\":\"ImageObject\",\"inLanguage\":\"fi\",\"@id\":\"https:\/\/suomenkuvalehti.fi\/kuvien-takaa\/#\/schema\/person\/image\/\",\"url\":\"https:\/\/suomenkuvalehti.fi\/kuvien-takaa\/wp-content\/uploads\/sites\/11\/2022\/04\/kalle_kinnunen_blogi-1-150x150.jpg\",\"contentUrl\":\"https:\/\/suomenkuvalehti.fi\/kuvien-takaa\/wp-content\/uploads\/sites\/11\/2022\/04\/kalle_kinnunen_blogi-1-150x150.jpg\",\"caption\":\"Kalle Kinnunen\"},\"description\":\"Kalle Kinnunen on vapaa toimittaja ja Suomen Kuvalehden avustaja.\",\"sameAs\":[\"https:\/\/www.facebook.com\/pages\/Kalle-Kinnunen-Kuvien-takaa\/190326157715410?fref=ts\",\"https:\/\/x.com\/https:\/\/twitter.com\/kallekinnunen\"]}]}<\/script>\n<!-- \/ Yoast SEO plugin. -->","yoast_head_json":{"title":"Heavy metal k\u00e4yt\u00e4nn\u00f6ss\u00e4 ja parodiana: Anvil sek\u00e4 Spinal Tap Yle Teemalla - Kuvien takaa","robots":{"index":"index","follow":"follow","max-snippet":"max-snippet:-1","max-image-preview":"max-image-preview:large","max-video-preview":"max-video-preview:-1"},"canonical":"https:\/\/suomenkuvalehti.fi\/kuvien-takaa\/heavy-metal-kaytannossa-ja-parodiana-anvil-seka-spinal-tap-yle-teemalla\/","og_locale":"fi_FI","og_type":"article","og_title":"Heavy metal k\u00e4yt\u00e4nn\u00f6ss\u00e4 ja parodiana: Anvil sek\u00e4 Spinal Tap Yle Teemalla - Kuvien takaa","og_description":"Olen jo pariin otteeseen kirjoittanut Anvil! &#8211; The Story of Anvil -dokumentista, jossa seurataan 1980-luvulla menestyst\u00e4 maistaneen tukkahevib\u00e4ndin tragikoomista nykytilaa hyvin my\u00f6t\u00e4mielisesti. Nyt se tulee Yle Teemalta. Lauantai-iltana n\u00e4y&hellip;","og_url":"https:\/\/suomenkuvalehti.fi\/kuvien-takaa\/heavy-metal-kaytannossa-ja-parodiana-anvil-seka-spinal-tap-yle-teemalla\/","og_site_name":"Kuvien takaa","article_author":"https:\/\/www.facebook.com\/pages\/Kalle-Kinnunen-Kuvien-takaa\/190326157715410?fref=ts","article_published_time":"2010-11-03T06:31:01+00:00","article_modified_time":"2013-11-29T13:25:06+00:00","og_image":[{"width":2560,"height":1707,"url":"https:\/\/suomenkuvalehti.fi\/kuvien-takaa\/wp-content\/uploads\/sites\/11\/2022\/04\/kalle_kinnunen_blogi-1-scaled.jpg","type":"image\/jpeg"}],"author":"Kalle Kinnunen","twitter_card":"summary_large_image","twitter_creator":"@https:\/\/twitter.com\/kallekinnunen","twitter_misc":{"Written by":"Kalle Kinnunen"},"schema":{"@context":"https:\/\/schema.org","@graph":[{"@type":"WebPage","@id":"https:\/\/suomenkuvalehti.fi\/kuvien-takaa\/heavy-metal-kaytannossa-ja-parodiana-anvil-seka-spinal-tap-yle-teemalla\/","url":"https:\/\/suomenkuvalehti.fi\/kuvien-takaa\/heavy-metal-kaytannossa-ja-parodiana-anvil-seka-spinal-tap-yle-teemalla\/","name":"Heavy metal k\u00e4yt\u00e4nn\u00f6ss\u00e4 ja parodiana: Anvil sek\u00e4 Spinal Tap Yle Teemalla - Kuvien takaa","isPartOf":{"@id":"https:\/\/suomenkuvalehti.fi\/kuvien-takaa\/#website"},"datePublished":"2010-11-03T06:31:01+00:00","dateModified":"2013-11-29T13:25:06+00:00","author":{"@id":"https:\/\/suomenkuvalehti.fi\/kuvien-takaa\/#\/schema\/person\/f3f657e4ad409e008f12af27bec60a23"},"breadcrumb":{"@id":"https:\/\/suomenkuvalehti.fi\/kuvien-takaa\/heavy-metal-kaytannossa-ja-parodiana-anvil-seka-spinal-tap-yle-teemalla\/#breadcrumb"},"inLanguage":"fi","potentialAction":[{"@type":"ReadAction","target":["https:\/\/suomenkuvalehti.fi\/kuvien-takaa\/heavy-metal-kaytannossa-ja-parodiana-anvil-seka-spinal-tap-yle-teemalla\/"]}]},{"@type":"BreadcrumbList","@id":"https:\/\/suomenkuvalehti.fi\/kuvien-takaa\/heavy-metal-kaytannossa-ja-parodiana-anvil-seka-spinal-tap-yle-teemalla\/#breadcrumb","itemListElement":[{"@type":"ListItem","position":1,"name":"Home","item":"https:\/\/suomenkuvalehti.fi\/kuvien-takaa\/"},{"@type":"ListItem","position":2,"name":"Heavy metal k\u00e4yt\u00e4nn\u00f6ss\u00e4 ja parodiana: Anvil sek\u00e4 Spinal Tap Yle Teemalla"}]},{"@type":"WebSite","@id":"https:\/\/suomenkuvalehti.fi\/kuvien-takaa\/#website","url":"https:\/\/suomenkuvalehti.fi\/kuvien-takaa\/","name":"Kuvien takaa","description":"Elokuvakriitikko Kalle Kinnusen elokuvablogi.","potentialAction":[{"@type":"SearchAction","target":{"@type":"EntryPoint","urlTemplate":"https:\/\/suomenkuvalehti.fi\/haku\/?q={search_term_string}"},"query-input":{"@type":"PropertyValueSpecification","valueRequired":true,"valueName":"search_term_string"}}],"inLanguage":"fi"},{"@type":"Person","@id":"https:\/\/suomenkuvalehti.fi\/kuvien-takaa\/#\/schema\/person\/f3f657e4ad409e008f12af27bec60a23","name":"Kalle Kinnunen","image":{"@type":"ImageObject","inLanguage":"fi","@id":"https:\/\/suomenkuvalehti.fi\/kuvien-takaa\/#\/schema\/person\/image\/","url":"https:\/\/suomenkuvalehti.fi\/kuvien-takaa\/wp-content\/uploads\/sites\/11\/2022\/04\/kalle_kinnunen_blogi-1-150x150.jpg","contentUrl":"https:\/\/suomenkuvalehti.fi\/kuvien-takaa\/wp-content\/uploads\/sites\/11\/2022\/04\/kalle_kinnunen_blogi-1-150x150.jpg","caption":"Kalle Kinnunen"},"description":"Kalle Kinnunen on vapaa toimittaja ja Suomen Kuvalehden avustaja.","sameAs":["https:\/\/www.facebook.com\/pages\/Kalle-Kinnunen-Kuvien-takaa\/190326157715410?fref=ts","https:\/\/x.com\/https:\/\/twitter.com\/kallekinnunen"]}]}},"_links":{"self":[{"href":"https:\/\/suomenkuvalehti.fi\/kuvien-takaa\/wp-json\/wp\/v2\/posts\/724","targetHints":{"allow":["GET"]}}],"collection":[{"href":"https:\/\/suomenkuvalehti.fi\/kuvien-takaa\/wp-json\/wp\/v2\/posts"}],"about":[{"href":"https:\/\/suomenkuvalehti.fi\/kuvien-takaa\/wp-json\/wp\/v2\/types\/post"}],"author":[{"embeddable":true,"href":"https:\/\/suomenkuvalehti.fi\/kuvien-takaa\/wp-json\/wp\/v2\/users\/144"}],"replies":[{"embeddable":true,"href":"https:\/\/suomenkuvalehti.fi\/kuvien-takaa\/wp-json\/wp\/v2\/comments?post=724"}],"version-history":[{"count":1,"href":"https:\/\/suomenkuvalehti.fi\/kuvien-takaa\/wp-json\/wp\/v2\/posts\/724\/revisions"}],"predecessor-version":[{"id":1393,"href":"https:\/\/suomenkuvalehti.fi\/kuvien-takaa\/wp-json\/wp\/v2\/posts\/724\/revisions\/1393"}],"wp:attachment":[{"href":"https:\/\/suomenkuvalehti.fi\/kuvien-takaa\/wp-json\/wp\/v2\/media?parent=724"}],"wp:term":[{"taxonomy":"category","embeddable":true,"href":"https:\/\/suomenkuvalehti.fi\/kuvien-takaa\/wp-json\/wp\/v2\/categories?post=724"},{"taxonomy":"post_tag","embeddable":true,"href":"https:\/\/suomenkuvalehti.fi\/kuvien-takaa\/wp-json\/wp\/v2\/tags?post=724"}],"curies":[{"name":"wp","href":"https:\/\/api.w.org\/{rel}","templated":true}]}}