{"id":708,"date":"2010-11-24T07:00:00","date_gmt":"2010-11-24T05:00:00","guid":{"rendered":"https:\/\/suomenkuvalehti.fi\/kuvientakaa\/2010\/11\/24\/lopettaako-yle-kansainvalisten-dokumenttien-tuotannon\/"},"modified":"2010-11-24T07:00:00","modified_gmt":"2010-11-24T05:00:00","slug":"lopettaako-yle-kansainvalisten-dokumenttien-tuotannon","status":"publish","type":"post","link":"https:\/\/suomenkuvalehti.fi\/kuvien-takaa\/lopettaako-yle-kansainvalisten-dokumenttien-tuotannon\/","title":{"rendered":"Lopettaako Yle kansainv\u00e4listen dokumenttien tuotannon?"},"content":{"rendered":"\n<p><strong>Pirjo Honkasalon<\/strong> uusi dokumenttielokuva <em>Ito &#8211; kilvoittelijan p\u00e4iv\u00e4kirja<\/em> tuli kaksi viikkoa sitten elokuvateattereihin. Suomen Kuvalehden haastattelussa Honkasalo esitti rajuja ep\u00e4ilyksi\u00e4 Ylen dokumenttituotannon kriteerien muutoksesta.<\/p>\n\n\n\n\n<p><em>&#8221;Huhun mukaan Yleisradio lakkaa rahoittamasta dokumentteja, jotka eiv\u00e4t tapahdu Suomessa. Siihen kyll\u00e4 loppuisi mun tekeminen. Katson, ett\u00e4 suomalaisuus on korvien v\u00e4liss\u00e4 eik\u00e4 jalkojen alla&#8221;<\/em>, Honkasalo kertoi <strong>Lauri Lehtiselle<\/strong>.<\/p>\n\n\n\n<p>Ylen osatuottamat dokumentit ovat olleet kansainv\u00e4lisesti eritt\u00e4in merkitt\u00e4vi\u00e4. Listalla on kaikkea tanskalaisesta <a href=\"http:\/\/fi.wikipedia.org\/wiki\/Armadillo\"><em>Armadillosta<\/em><\/a> alkaen vaikkapa <a href=\"http:\/\/akas.imdb.com\/title\/tt0311541\/\"><em>Moro no Brasiliin<\/em><\/a>.<\/p>\n\n\n\n<p><a href=\"http:\/\/ohjelmat.yle.fi\/dokumenttiprojekti\/tulevia_elokuvia\/kotimaiset_elokuvat\">Tulossa<\/a> on ihan kotimaisin voiminkin kiinnostavia elokuvia Viru-hotellin historiasta Puolan solidaarisuusliikkeen kartoitukseen.<\/p>\n\n\n\n<p>Kysyin Suomen dokkariauktoriteetilta, Ylen <a href=\"http:\/\/ohjelmat.yle.fi\/dokumenttiprojekti\/etusivu\">Dokumenttiprojektin<\/a> tuottajalta <strong>Iikka Vehkalahdelta<\/strong>, onko huhuissa totuusper\u00e4\u00e4.<\/p>\n\n\n\n<p>&#8221;Huhut ovat liiloiteltuja. Kyll\u00e4 Honksunkin olisi pit\u00e4nyt se tiet\u00e4\u00e4. Dokumenttifestivaali <a href=\"http:\/\/www.idfa.nl\/industry.aspx\">IDFAn foorumissa<\/a>, jonne on hyv\u00e4ksytty enn\u00e4tysm\u00e4\u00e4r\u00e4 suomalaisdokumentteja, kuudesta Dokumenttiprojektin jutusta kaksi on sellaisia, jotka kuvataan ulkomailla, Marokossa ja USA:ssa&#8221;, Vehkalahti kertoi.<\/p>\n\n\n\n<p>&#8221;Toinen juttu on, ett\u00e4 kehitysmaista tulee niin paljon erinomaisia ohjaajia, ett\u00e4 turismidokkarin aika on ohi. T\u00e4m\u00e4 ei koske Honkasaloa, mutta aika montaa muuta projektia. Ja on kyll\u00e4 niin, ett\u00e4 elokuvatarjonta ja dokkaripuoli ovat Yless\u00e4kin pirun USA- ja Eurooppa-keskeist\u00e4. Siksi  meill\u00e4 on <a href=\"http:\/\/teema.yle.fi\/ohjelmat\/juttuarkisto\/kolmas-ulottuvuus\">Kolmas ulottuvuus -hanke<\/a>, jossa Dokumenttiprojekti laittaa nettialustalle maailman parhaita &#8217;meid\u00e4n&#8217; maailman ulkopuolisia dokkareita.&#8221;<\/p>\n\n\n\n<p>Siis ei syyt\u00e4 huoleen: Ylen kriteerit eiv\u00e4t muutu radikaalisti.<\/p>\n\n\n\n<p>Ja jos <a href=\"http:\/\/www.cinemamondo.fi\/?doc=1&amp;m=265\">Ito<\/a> kiinnostaa valkokankaalta n\u00e4htyn\u00e4, se kannattaa k\u00e4yd\u00e4 katsomassa, kun se viel\u00e4 py\u00f6rii. Ei mene Helsingiss\u00e4 en\u00e4\u00e4 pitk\u00e4\u00e4n, arvaan, tuskin kauan muuallakaan. Eritt\u00e4in korkealaatuisen taidedokumentin tie leffateattereissa on kivikkoinen ja lyhyt, mutta sit\u00e4kin kunniallisempi. <em>For those who know.<\/em><\/p>\n\n\n","protected":false},"excerpt":{"rendered":"<p>Pirjo Honkasalon uusi dokumenttielokuva Ito &#8211; kilvoittelijan p\u00e4iv\u00e4kirja tuli kaksi viikkoa sitten elokuvateattereihin. Suomen Kuvalehden haastattelussa Honkasalo esitti rajuja ep\u00e4ilyksi\u00e4 Ylen dokumenttituotannon kriteerien muutoksesta. &#8221;Huhun mukaan Yleisradio<br \/>\nlak&hellip;<\/p>\n","protected":false},"author":144,"featured_media":0,"comment_status":"open","ping_status":"open","sticky":false,"template":"","format":"standard","meta":{"_acf_changed":false,"asauth_required_access_level":0,"asauth_cansharepaid":"","om_header_attributes":[],"footnotes":"","om_featured_image_focal_point":[],"om_primary_tag":0,"om_contributors":[],"om_co_authors":[],"beyondwords_generate_audio":"","beyondwords_project_id":"","beyondwords_content_id":"","beyondwords_preview_token":"","beyondwords_player_content":"","beyondwords_player_style":"","beyondwords_language_code":"","beyondwords_language_id":"","beyondwords_title_voice_id":"","beyondwords_body_voice_id":"","beyondwords_summary_voice_id":"","beyondwords_error_message":"","beyondwords_disabled":"","beyondwords_delete_content":"","beyondwords_podcast_id":"","beyondwords_hash":"","publish_post_to_speechkit":"","speechkit_hash":"","speechkit_generate_audio":"","speechkit_project_id":"","speechkit_podcast_id":"","speechkit_error_message":"","speechkit_disabled":"","speechkit_access_key":"","speechkit_error":"","speechkit_info":"","speechkit_response":"","speechkit_retries":"","speechkit_status":"","speechkit_updated_at":"","_speechkit_link":"","_speechkit_text":""},"categories":[1],"tags":[41,640,1177,1175,1176,249],"class_list":["post-708","post","type-post","status-publish","format-standard","hentry","category-kuvien-takaa","tag-dokumenttielokuvat","tag-dokumenttiprojekti","tag-iikka-vehkalahti","tag-pirjo-honkasalo","tag-seitti-kilvoittelijan-paivakirja","tag-yle"],"om_views":null,"acf":{"tuuma_off":false,"tuuma_kysymys":"","tuuma_vastaus":""},"asauth":{"required_access_level":1,"share_token":"","is_paid":false},"yoast_head":"<!-- This site is optimized with the Yoast SEO plugin v26.4 - https:\/\/yoast.com\/wordpress\/plugins\/seo\/ -->\n<title>Lopettaako Yle kansainv\u00e4listen dokumenttien tuotannon? - Kuvien takaa<\/title>\n<meta name=\"robots\" content=\"index, follow, max-snippet:-1, max-image-preview:large, max-video-preview:-1\" \/>\n<link rel=\"canonical\" href=\"https:\/\/suomenkuvalehti.fi\/kuvien-takaa\/lopettaako-yle-kansainvalisten-dokumenttien-tuotannon\/\" \/>\n<meta property=\"og:locale\" content=\"fi_FI\" \/>\n<meta property=\"og:type\" content=\"article\" \/>\n<meta property=\"og:title\" content=\"Lopettaako Yle kansainv\u00e4listen dokumenttien tuotannon? - Kuvien takaa\" \/>\n<meta property=\"og:description\" content=\"Pirjo Honkasalon uusi dokumenttielokuva Ito &#8211; kilvoittelijan p\u00e4iv\u00e4kirja tuli kaksi viikkoa sitten elokuvateattereihin. Suomen Kuvalehden haastattelussa Honkasalo esitti rajuja ep\u00e4ilyksi\u00e4 Ylen dokumenttituotannon kriteerien muutoksesta. &#8221;Huhun mukaan Yleisradio lak&hellip;\" \/>\n<meta property=\"og:url\" content=\"https:\/\/suomenkuvalehti.fi\/kuvien-takaa\/lopettaako-yle-kansainvalisten-dokumenttien-tuotannon\/\" \/>\n<meta property=\"og:site_name\" content=\"Kuvien takaa\" \/>\n<meta property=\"article:author\" content=\"https:\/\/www.facebook.com\/pages\/Kalle-Kinnunen-Kuvien-takaa\/190326157715410?fref=ts\" \/>\n<meta property=\"article:published_time\" content=\"2010-11-24T05:00:00+00:00\" \/>\n<meta property=\"og:image\" content=\"https:\/\/suomenkuvalehti.fi\/kuvien-takaa\/wp-content\/uploads\/sites\/11\/2022\/04\/kalle_kinnunen_blogi-1-scaled.jpg\" \/>\n\t<meta property=\"og:image:width\" content=\"2560\" \/>\n\t<meta property=\"og:image:height\" content=\"1707\" \/>\n\t<meta property=\"og:image:type\" content=\"image\/jpeg\" \/>\n<meta name=\"author\" content=\"Kalle Kinnunen\" \/>\n<meta name=\"twitter:card\" content=\"summary_large_image\" \/>\n<meta name=\"twitter:creator\" content=\"@https:\/\/twitter.com\/kallekinnunen\" \/>\n<meta name=\"twitter:label1\" content=\"Written by\" \/>\n\t<meta name=\"twitter:data1\" content=\"Kalle Kinnunen\" \/>\n\t<meta name=\"twitter:label2\" content=\"Est. reading time\" \/>\n\t<meta name=\"twitter:data2\" content=\"1 minuutti\" \/>\n<script type=\"application\/ld+json\" class=\"yoast-schema-graph\">{\"@context\":\"https:\/\/schema.org\",\"@graph\":[{\"@type\":\"WebPage\",\"@id\":\"https:\/\/suomenkuvalehti.fi\/kuvien-takaa\/lopettaako-yle-kansainvalisten-dokumenttien-tuotannon\/\",\"url\":\"https:\/\/suomenkuvalehti.fi\/kuvien-takaa\/lopettaako-yle-kansainvalisten-dokumenttien-tuotannon\/\",\"name\":\"Lopettaako Yle kansainv\u00e4listen dokumenttien tuotannon? - Kuvien takaa\",\"isPartOf\":{\"@id\":\"https:\/\/suomenkuvalehti.fi\/kuvien-takaa\/#website\"},\"datePublished\":\"2010-11-24T05:00:00+00:00\",\"author\":{\"@id\":\"https:\/\/suomenkuvalehti.fi\/kuvien-takaa\/#\/schema\/person\/f3f657e4ad409e008f12af27bec60a23\"},\"breadcrumb\":{\"@id\":\"https:\/\/suomenkuvalehti.fi\/kuvien-takaa\/lopettaako-yle-kansainvalisten-dokumenttien-tuotannon\/#breadcrumb\"},\"inLanguage\":\"fi\",\"potentialAction\":[{\"@type\":\"ReadAction\",\"target\":[\"https:\/\/suomenkuvalehti.fi\/kuvien-takaa\/lopettaako-yle-kansainvalisten-dokumenttien-tuotannon\/\"]}]},{\"@type\":\"BreadcrumbList\",\"@id\":\"https:\/\/suomenkuvalehti.fi\/kuvien-takaa\/lopettaako-yle-kansainvalisten-dokumenttien-tuotannon\/#breadcrumb\",\"itemListElement\":[{\"@type\":\"ListItem\",\"position\":1,\"name\":\"Home\",\"item\":\"https:\/\/suomenkuvalehti.fi\/kuvien-takaa\/\"},{\"@type\":\"ListItem\",\"position\":2,\"name\":\"Lopettaako Yle kansainv\u00e4listen dokumenttien tuotannon?\"}]},{\"@type\":\"WebSite\",\"@id\":\"https:\/\/suomenkuvalehti.fi\/kuvien-takaa\/#website\",\"url\":\"https:\/\/suomenkuvalehti.fi\/kuvien-takaa\/\",\"name\":\"Kuvien takaa\",\"description\":\"Elokuvakriitikko Kalle Kinnusen elokuvablogi.\",\"potentialAction\":[{\"@type\":\"SearchAction\",\"target\":{\"@type\":\"EntryPoint\",\"urlTemplate\":\"https:\/\/suomenkuvalehti.fi\/haku\/?q={search_term_string}\"},\"query-input\":{\"@type\":\"PropertyValueSpecification\",\"valueRequired\":true,\"valueName\":\"search_term_string\"}}],\"inLanguage\":\"fi\"},{\"@type\":\"Person\",\"@id\":\"https:\/\/suomenkuvalehti.fi\/kuvien-takaa\/#\/schema\/person\/f3f657e4ad409e008f12af27bec60a23\",\"name\":\"Kalle Kinnunen\",\"image\":{\"@type\":\"ImageObject\",\"inLanguage\":\"fi\",\"@id\":\"https:\/\/suomenkuvalehti.fi\/kuvien-takaa\/#\/schema\/person\/image\/\",\"url\":\"https:\/\/suomenkuvalehti.fi\/kuvien-takaa\/wp-content\/uploads\/sites\/11\/2022\/04\/kalle_kinnunen_blogi-1-150x150.jpg\",\"contentUrl\":\"https:\/\/suomenkuvalehti.fi\/kuvien-takaa\/wp-content\/uploads\/sites\/11\/2022\/04\/kalle_kinnunen_blogi-1-150x150.jpg\",\"caption\":\"Kalle Kinnunen\"},\"description\":\"Kalle Kinnunen on vapaa toimittaja ja Suomen Kuvalehden avustaja.\",\"sameAs\":[\"https:\/\/www.facebook.com\/pages\/Kalle-Kinnunen-Kuvien-takaa\/190326157715410?fref=ts\",\"https:\/\/x.com\/https:\/\/twitter.com\/kallekinnunen\"]}]}<\/script>\n<!-- \/ Yoast SEO plugin. -->","yoast_head_json":{"title":"Lopettaako Yle kansainv\u00e4listen dokumenttien tuotannon? - Kuvien takaa","robots":{"index":"index","follow":"follow","max-snippet":"max-snippet:-1","max-image-preview":"max-image-preview:large","max-video-preview":"max-video-preview:-1"},"canonical":"https:\/\/suomenkuvalehti.fi\/kuvien-takaa\/lopettaako-yle-kansainvalisten-dokumenttien-tuotannon\/","og_locale":"fi_FI","og_type":"article","og_title":"Lopettaako Yle kansainv\u00e4listen dokumenttien tuotannon? - Kuvien takaa","og_description":"Pirjo Honkasalon uusi dokumenttielokuva Ito &#8211; kilvoittelijan p\u00e4iv\u00e4kirja tuli kaksi viikkoa sitten elokuvateattereihin. Suomen Kuvalehden haastattelussa Honkasalo esitti rajuja ep\u00e4ilyksi\u00e4 Ylen dokumenttituotannon kriteerien muutoksesta. &#8221;Huhun mukaan Yleisradio lak&hellip;","og_url":"https:\/\/suomenkuvalehti.fi\/kuvien-takaa\/lopettaako-yle-kansainvalisten-dokumenttien-tuotannon\/","og_site_name":"Kuvien takaa","article_author":"https:\/\/www.facebook.com\/pages\/Kalle-Kinnunen-Kuvien-takaa\/190326157715410?fref=ts","article_published_time":"2010-11-24T05:00:00+00:00","og_image":[{"width":2560,"height":1707,"url":"https:\/\/suomenkuvalehti.fi\/kuvien-takaa\/wp-content\/uploads\/sites\/11\/2022\/04\/kalle_kinnunen_blogi-1-scaled.jpg","type":"image\/jpeg"}],"author":"Kalle Kinnunen","twitter_card":"summary_large_image","twitter_creator":"@https:\/\/twitter.com\/kallekinnunen","twitter_misc":{"Written by":"Kalle Kinnunen","Est. reading time":"1 minuutti"},"schema":{"@context":"https:\/\/schema.org","@graph":[{"@type":"WebPage","@id":"https:\/\/suomenkuvalehti.fi\/kuvien-takaa\/lopettaako-yle-kansainvalisten-dokumenttien-tuotannon\/","url":"https:\/\/suomenkuvalehti.fi\/kuvien-takaa\/lopettaako-yle-kansainvalisten-dokumenttien-tuotannon\/","name":"Lopettaako Yle kansainv\u00e4listen dokumenttien tuotannon? - Kuvien takaa","isPartOf":{"@id":"https:\/\/suomenkuvalehti.fi\/kuvien-takaa\/#website"},"datePublished":"2010-11-24T05:00:00+00:00","author":{"@id":"https:\/\/suomenkuvalehti.fi\/kuvien-takaa\/#\/schema\/person\/f3f657e4ad409e008f12af27bec60a23"},"breadcrumb":{"@id":"https:\/\/suomenkuvalehti.fi\/kuvien-takaa\/lopettaako-yle-kansainvalisten-dokumenttien-tuotannon\/#breadcrumb"},"inLanguage":"fi","potentialAction":[{"@type":"ReadAction","target":["https:\/\/suomenkuvalehti.fi\/kuvien-takaa\/lopettaako-yle-kansainvalisten-dokumenttien-tuotannon\/"]}]},{"@type":"BreadcrumbList","@id":"https:\/\/suomenkuvalehti.fi\/kuvien-takaa\/lopettaako-yle-kansainvalisten-dokumenttien-tuotannon\/#breadcrumb","itemListElement":[{"@type":"ListItem","position":1,"name":"Home","item":"https:\/\/suomenkuvalehti.fi\/kuvien-takaa\/"},{"@type":"ListItem","position":2,"name":"Lopettaako Yle kansainv\u00e4listen dokumenttien tuotannon?"}]},{"@type":"WebSite","@id":"https:\/\/suomenkuvalehti.fi\/kuvien-takaa\/#website","url":"https:\/\/suomenkuvalehti.fi\/kuvien-takaa\/","name":"Kuvien takaa","description":"Elokuvakriitikko Kalle Kinnusen elokuvablogi.","potentialAction":[{"@type":"SearchAction","target":{"@type":"EntryPoint","urlTemplate":"https:\/\/suomenkuvalehti.fi\/haku\/?q={search_term_string}"},"query-input":{"@type":"PropertyValueSpecification","valueRequired":true,"valueName":"search_term_string"}}],"inLanguage":"fi"},{"@type":"Person","@id":"https:\/\/suomenkuvalehti.fi\/kuvien-takaa\/#\/schema\/person\/f3f657e4ad409e008f12af27bec60a23","name":"Kalle Kinnunen","image":{"@type":"ImageObject","inLanguage":"fi","@id":"https:\/\/suomenkuvalehti.fi\/kuvien-takaa\/#\/schema\/person\/image\/","url":"https:\/\/suomenkuvalehti.fi\/kuvien-takaa\/wp-content\/uploads\/sites\/11\/2022\/04\/kalle_kinnunen_blogi-1-150x150.jpg","contentUrl":"https:\/\/suomenkuvalehti.fi\/kuvien-takaa\/wp-content\/uploads\/sites\/11\/2022\/04\/kalle_kinnunen_blogi-1-150x150.jpg","caption":"Kalle Kinnunen"},"description":"Kalle Kinnunen on vapaa toimittaja ja Suomen Kuvalehden avustaja.","sameAs":["https:\/\/www.facebook.com\/pages\/Kalle-Kinnunen-Kuvien-takaa\/190326157715410?fref=ts","https:\/\/x.com\/https:\/\/twitter.com\/kallekinnunen"]}]}},"_links":{"self":[{"href":"https:\/\/suomenkuvalehti.fi\/kuvien-takaa\/wp-json\/wp\/v2\/posts\/708","targetHints":{"allow":["GET"]}}],"collection":[{"href":"https:\/\/suomenkuvalehti.fi\/kuvien-takaa\/wp-json\/wp\/v2\/posts"}],"about":[{"href":"https:\/\/suomenkuvalehti.fi\/kuvien-takaa\/wp-json\/wp\/v2\/types\/post"}],"author":[{"embeddable":true,"href":"https:\/\/suomenkuvalehti.fi\/kuvien-takaa\/wp-json\/wp\/v2\/users\/144"}],"replies":[{"embeddable":true,"href":"https:\/\/suomenkuvalehti.fi\/kuvien-takaa\/wp-json\/wp\/v2\/comments?post=708"}],"version-history":[{"count":0,"href":"https:\/\/suomenkuvalehti.fi\/kuvien-takaa\/wp-json\/wp\/v2\/posts\/708\/revisions"}],"wp:attachment":[{"href":"https:\/\/suomenkuvalehti.fi\/kuvien-takaa\/wp-json\/wp\/v2\/media?parent=708"}],"wp:term":[{"taxonomy":"category","embeddable":true,"href":"https:\/\/suomenkuvalehti.fi\/kuvien-takaa\/wp-json\/wp\/v2\/categories?post=708"},{"taxonomy":"post_tag","embeddable":true,"href":"https:\/\/suomenkuvalehti.fi\/kuvien-takaa\/wp-json\/wp\/v2\/tags?post=708"}],"curies":[{"name":"wp","href":"https:\/\/api.w.org\/{rel}","templated":true}]}}