{"id":683,"date":"2011-01-13T06:01:01","date_gmt":"2011-01-13T04:01:01","guid":{"rendered":"https:\/\/suomenkuvalehti.fi\/kuvientakaa\/2011\/01\/13\/huuhaan-ja-hihhulismin-juhlaa-uusi-zeitgeist-jatko-osa-saa-ensi-iltansa\/"},"modified":"2013-11-29T15:24:56","modified_gmt":"2013-11-29T13:24:56","slug":"huuhaan-ja-hihhulismin-juhlaa-uusi-zeitgeist-jatko-osa-saa-ensi-iltansa","status":"publish","type":"post","link":"https:\/\/suomenkuvalehti.fi\/kuvien-takaa\/huuhaan-ja-hihhulismin-juhlaa-uusi-zeitgeist-jatko-osa-saa-ensi-iltansa\/","title":{"rendered":"Huuhaan ja hihhulismin juhlaa: uusi Zeitgeist-jatko-osa saa ensi-iltansa"},"content":{"rendered":"\n<p>El\u00e4mme vaikeita aikoja: on pankkikriisej\u00e4, valtioiden velkaantumista, talouden heilahtelua. Ota n\u00e4ist\u00e4 nyt selv\u00e4\u00e4! Monimutkaisiin asioihin perehtymist\u00e4 helpompaa on innostua salaliitto- ja taikuusteorioista. Yksi suosituimmista on nyt nimelt\u00e4\u00e4n Zeitgeist. L\u00e4hip\u00e4ivin\u00e4 sit\u00e4 saa elokuvateatterien t\u00e4ydelt\u00e4 ymp\u00e4ri Suomen.<\/p>\n\n\n\n\n<p>Uusi <em>Zeitgeist: Moving Forward<\/em> on jatkoa vuonna 2007 valmistuneelle <a href=\"http:\/\/en.wikipedia.org\/wiki\/Zeitgeist,_The_Movie\"><em>Zeitgeistille<\/em><\/a>, netiss\u00e4 levitetylle ja dokumentiksi kutsutulle elokuvalle, josta tuli ilmi\u00f6. (Linkin takana <a href=\"http:\/\/www.nytimes.com\/2009\/03\/17\/nyregion\/17zeitgeist.html\">New York Timesin juttu<\/a> viime kev\u00e4\u00e4lt\u00e4.)<\/p>\n\n\n\n<p>Alkuper\u00e4isess\u00e4 elokuvassa tarjotaan aika huima maailmanselitys, jossa kaikenlaiset uskonnolliset teoriat, itse keksityt jutut ja suoranaiset harhat esitet\u00e4\u00e4n nykymaailman talous- ja hallintorakenteiden syiksi. Tai jotain sinnep\u00e4in. Korrelaatiot riippunevat siit\u00e4, kuinka paljon pilve\u00e4 katsoja on polttanut.<\/p>\n\n\n\n<p>Elokuvan voi katsoa useimmissa nettivideopalveluissa, ja sitten voi lukea vaikka <a href=\"http:\/\/conspiracyscience.com\/articles\/zeitgeist\/\">t\u00e4\u00e4lt\u00e4<\/a>, kuinka tauotonta roskaa se on. Siin\u00e4 syyskuun 11. p\u00e4iv\u00e4\u00e4 kutsutaan myytiksi, Yhdysvaltojen verotus osoitetaan perustuslain vastaiseksi, ikivanhojen uskontojen v\u00e4lille vedet\u00e4\u00e4n yht\u00e4l\u00e4isyyksi\u00e4 jopa nimien englanninkielisten, sattumalta liev\u00e4sti samankaltaisten kirjoitusasujen perusteella ja <strong>Jeesus<\/strong> arvioidaan auringonjumalaksi. <strong>Hitler<\/strong>-kortti heiluu isossa kaaressa. N\u00e4in perustellaan rahattomaan yhteiskuntaan siirtymisen kiireellisyytt\u00e4. Ep\u00e4tarkkuudet ovat <a href=\"https:\/\/suomenkuvalehti.fi\/kuvientakaa\/2008\/09\/11\/loose-change-on-vuoden-televisiomunaus\/\">t\u00e4llaisille dokumentaristeille<\/a> kultaa, samoin oivallus, ett\u00e4 j\u00e4tt\u00e4m\u00e4ll\u00e4 tarinoista ja toisten teorioista t\u00e4rkeit\u00e4 yksityiskohtia pois voidaan ne kaikki n\u00e4pp\u00e4r\u00e4sti sovittaa omaan visioon, vaikka se olisi kuinka p\u00e4hk\u00e4hullu.<\/p>\n\n\n\n<p>Lopputulos on l\u00e4hemp\u00e4n\u00e4 psykoosia kuin tyhmyytt\u00e4: ne kaikki ovat meit\u00e4 vastaan, mutta voimme k\u00e4den k\u00e4\u00e4nteess\u00e4 saavuttaa utopiamme. (Vaikka tavoitteet ovat ylevi\u00e4, maailman kuuluisin Zeitgeist-fani lienee nyt joukkomurhaaja <strong>Jared Loughner<\/strong>, joka yst\u00e4v\u00e4ns\u00e4 mukaan <a href=\"http:\/\/abcnews.go.com\/US\/tucson-shooting-jared-loughner-stopped-authorities-hours-shooting\/story?id=12597092&amp;page=1\">muovasi maailmankuvansa<\/a> sen pohjalta. T\u00e4st\u00e4 tiedosta en silti l\u00e4htisi viel\u00e4 pelotteluyleistyksi\u00e4 tekem\u00e4\u00e4n. Surullista kuitenkin.)<\/p>\n\n\n\n<p>Zeitgeist-uskovaiset ovat niin ahkeria, ett\u00e4 Moving Forwardista on j\u00e4rjestetty n\u00e4yt\u00f6ksi\u00e4 useisiin eri kaupunkeihin Suomessa. Normaalissa kaupallisessa levityksess\u00e4 sit\u00e4 ei siis n\u00e4hd\u00e4, vaan pistoesityksiss\u00e4. Elokuvateattereita saa vuokrata, jos rahaa on. Esimakua saa <a href=\"https:\/\/www.youtube.com\/watch?v=Lm7jbW6PXaY\">trailerista<\/a>.<\/p>\n\n\n\n<p>Oletko huomannut, ett\u00e4 on ty\u00f6tt\u00f6myytt\u00e4? Ja ett\u00e4 l\u00e4\u00e4ketehtaat toimivat voittoa tavoitellen? <em>&#8221;Rahatalous ei luovuta, ennen kuin se on tappanut viimeisenkin ihmisen.&#8221;<\/em> T\u00e4llaisia oivalluksia Zeitgeist n\u00e4k\u00f6j\u00e4\u00e4n taas tarjoaa. Vastauksena on jonkin sortin sosialistinen vallankumous, tai ainakin <em>sopeutumattomuus<\/em>. Olisin varmasti ollut innoissani 13-vuotiaana, mutta salaa, v\u00e4h\u00e4n kuin jostain yliluonnollisista tarinoista, joihin ei lapsenakaan ihan p\u00e4iv\u00e4nvalossa kehdannut uskoa. Tied\u00e4tteh\u00e4n, kummituksia ja kirouksia ei ole olemassa, vaikka niist\u00e4kin on tehty dokumenttielokuvia. Tai &#8221;dokumenttielokuvia&#8221;.<\/p>\n\n\n\n<p><em>Zeitgeist: Moving Forward -aikataulut <a href=\"http:\/\/zeitgeist.fi\/\">t\u00e4\u00e4ll\u00e4<\/a>.<\/em><\/p>\n\n\n","protected":false},"excerpt":{"rendered":"<p>El\u00e4mme vaikeita aikoja: on pankkikriisej\u00e4, valtioiden velkaantumista, talouden heilahtelua. Ota n\u00e4ist\u00e4 nyt selv\u00e4\u00e4! Monimutkaisiin asioihin perehtymist\u00e4 helpompaa on innostua salaliitto- ja taikuusteorioista. Yksi suosituimmista on nyt nimelt\u00e4\u00e4n<br \/>\nZeitgeis&hellip;<\/p>\n","protected":false},"author":144,"featured_media":0,"comment_status":"open","ping_status":"open","sticky":false,"template":"","format":"standard","meta":{"_acf_changed":false,"asauth_required_access_level":0,"asauth_cansharepaid":"","om_header_attributes":[],"footnotes":"","om_featured_image_focal_point":[],"om_primary_tag":0,"om_contributors":[],"om_co_authors":[],"beyondwords_generate_audio":"","beyondwords_project_id":"","beyondwords_content_id":"","beyondwords_preview_token":"","beyondwords_player_content":"","beyondwords_player_style":"","beyondwords_language_code":"","beyondwords_language_id":"","beyondwords_title_voice_id":"","beyondwords_body_voice_id":"","beyondwords_summary_voice_id":"","beyondwords_error_message":"","beyondwords_disabled":"","beyondwords_delete_content":"","beyondwords_podcast_id":"","beyondwords_hash":"","publish_post_to_speechkit":"","speechkit_hash":"","speechkit_generate_audio":"","speechkit_project_id":"","speechkit_podcast_id":"","speechkit_error_message":"","speechkit_disabled":"","speechkit_access_key":"","speechkit_error":"","speechkit_info":"","speechkit_response":"","speechkit_retries":"","speechkit_status":"","speechkit_updated_at":"","_speechkit_link":"","_speechkit_text":""},"categories":[1],"tags":[1128,1127,1126,1125],"class_list":["post-683","post","type-post","status-publish","format-standard","hentry","category-kuvien-takaa","tag-hyvauskoisuus","tag-idiotismi","tag-salaliittoteoriat","tag-zeitgeist"],"om_views":null,"acf":{"tuuma_off":false,"tuuma_kysymys":"","tuuma_vastaus":""},"asauth":{"required_access_level":1,"share_token":"","is_paid":false},"yoast_head":"<!-- This site is optimized with the Yoast SEO plugin v26.4 - https:\/\/yoast.com\/wordpress\/plugins\/seo\/ -->\n<title>Huuhaan ja hihhulismin juhlaa: uusi Zeitgeist-jatko-osa saa ensi-iltansa - Kuvien takaa<\/title>\n<meta name=\"robots\" content=\"index, follow, max-snippet:-1, max-image-preview:large, max-video-preview:-1\" \/>\n<link rel=\"canonical\" href=\"https:\/\/suomenkuvalehti.fi\/kuvien-takaa\/huuhaan-ja-hihhulismin-juhlaa-uusi-zeitgeist-jatko-osa-saa-ensi-iltansa\/\" \/>\n<meta property=\"og:locale\" content=\"fi_FI\" \/>\n<meta property=\"og:type\" content=\"article\" \/>\n<meta property=\"og:title\" content=\"Huuhaan ja hihhulismin juhlaa: uusi Zeitgeist-jatko-osa saa ensi-iltansa - Kuvien takaa\" \/>\n<meta property=\"og:description\" content=\"El\u00e4mme vaikeita aikoja: on pankkikriisej\u00e4, valtioiden velkaantumista, talouden heilahtelua. Ota n\u00e4ist\u00e4 nyt selv\u00e4\u00e4! Monimutkaisiin asioihin perehtymist\u00e4 helpompaa on innostua salaliitto- ja taikuusteorioista. Yksi suosituimmista on nyt nimelt\u00e4\u00e4n Zeitgeis&hellip;\" \/>\n<meta property=\"og:url\" content=\"https:\/\/suomenkuvalehti.fi\/kuvien-takaa\/huuhaan-ja-hihhulismin-juhlaa-uusi-zeitgeist-jatko-osa-saa-ensi-iltansa\/\" \/>\n<meta property=\"og:site_name\" content=\"Kuvien takaa\" \/>\n<meta property=\"article:author\" content=\"https:\/\/www.facebook.com\/pages\/Kalle-Kinnunen-Kuvien-takaa\/190326157715410?fref=ts\" \/>\n<meta property=\"article:published_time\" content=\"2011-01-13T04:01:01+00:00\" \/>\n<meta property=\"article:modified_time\" content=\"2013-11-29T13:24:56+00:00\" \/>\n<meta property=\"og:image\" content=\"https:\/\/suomenkuvalehti.fi\/kuvien-takaa\/wp-content\/uploads\/sites\/11\/2022\/04\/kalle_kinnunen_blogi-1-scaled.jpg\" \/>\n\t<meta property=\"og:image:width\" content=\"2560\" \/>\n\t<meta property=\"og:image:height\" content=\"1707\" \/>\n\t<meta property=\"og:image:type\" content=\"image\/jpeg\" \/>\n<meta name=\"author\" content=\"Kalle Kinnunen\" \/>\n<meta name=\"twitter:card\" content=\"summary_large_image\" \/>\n<meta name=\"twitter:creator\" content=\"@https:\/\/twitter.com\/kallekinnunen\" \/>\n<meta name=\"twitter:label1\" content=\"Written by\" \/>\n\t<meta name=\"twitter:data1\" content=\"Kalle Kinnunen\" \/>\n\t<meta name=\"twitter:label2\" content=\"Est. reading time\" \/>\n\t<meta name=\"twitter:data2\" content=\"2 minuuttia\" \/>\n<script type=\"application\/ld+json\" class=\"yoast-schema-graph\">{\"@context\":\"https:\/\/schema.org\",\"@graph\":[{\"@type\":\"WebPage\",\"@id\":\"https:\/\/suomenkuvalehti.fi\/kuvien-takaa\/huuhaan-ja-hihhulismin-juhlaa-uusi-zeitgeist-jatko-osa-saa-ensi-iltansa\/\",\"url\":\"https:\/\/suomenkuvalehti.fi\/kuvien-takaa\/huuhaan-ja-hihhulismin-juhlaa-uusi-zeitgeist-jatko-osa-saa-ensi-iltansa\/\",\"name\":\"Huuhaan ja hihhulismin juhlaa: uusi Zeitgeist-jatko-osa saa ensi-iltansa - Kuvien takaa\",\"isPartOf\":{\"@id\":\"https:\/\/suomenkuvalehti.fi\/kuvien-takaa\/#website\"},\"datePublished\":\"2011-01-13T04:01:01+00:00\",\"dateModified\":\"2013-11-29T13:24:56+00:00\",\"author\":{\"@id\":\"https:\/\/suomenkuvalehti.fi\/kuvien-takaa\/#\/schema\/person\/f3f657e4ad409e008f12af27bec60a23\"},\"breadcrumb\":{\"@id\":\"https:\/\/suomenkuvalehti.fi\/kuvien-takaa\/huuhaan-ja-hihhulismin-juhlaa-uusi-zeitgeist-jatko-osa-saa-ensi-iltansa\/#breadcrumb\"},\"inLanguage\":\"fi\",\"potentialAction\":[{\"@type\":\"ReadAction\",\"target\":[\"https:\/\/suomenkuvalehti.fi\/kuvien-takaa\/huuhaan-ja-hihhulismin-juhlaa-uusi-zeitgeist-jatko-osa-saa-ensi-iltansa\/\"]}]},{\"@type\":\"BreadcrumbList\",\"@id\":\"https:\/\/suomenkuvalehti.fi\/kuvien-takaa\/huuhaan-ja-hihhulismin-juhlaa-uusi-zeitgeist-jatko-osa-saa-ensi-iltansa\/#breadcrumb\",\"itemListElement\":[{\"@type\":\"ListItem\",\"position\":1,\"name\":\"Home\",\"item\":\"https:\/\/suomenkuvalehti.fi\/kuvien-takaa\/\"},{\"@type\":\"ListItem\",\"position\":2,\"name\":\"Huuhaan ja hihhulismin juhlaa: uusi Zeitgeist-jatko-osa saa ensi-iltansa\"}]},{\"@type\":\"WebSite\",\"@id\":\"https:\/\/suomenkuvalehti.fi\/kuvien-takaa\/#website\",\"url\":\"https:\/\/suomenkuvalehti.fi\/kuvien-takaa\/\",\"name\":\"Kuvien takaa\",\"description\":\"Elokuvakriitikko Kalle Kinnusen elokuvablogi.\",\"potentialAction\":[{\"@type\":\"SearchAction\",\"target\":{\"@type\":\"EntryPoint\",\"urlTemplate\":\"https:\/\/suomenkuvalehti.fi\/haku\/?q={search_term_string}\"},\"query-input\":{\"@type\":\"PropertyValueSpecification\",\"valueRequired\":true,\"valueName\":\"search_term_string\"}}],\"inLanguage\":\"fi\"},{\"@type\":\"Person\",\"@id\":\"https:\/\/suomenkuvalehti.fi\/kuvien-takaa\/#\/schema\/person\/f3f657e4ad409e008f12af27bec60a23\",\"name\":\"Kalle Kinnunen\",\"image\":{\"@type\":\"ImageObject\",\"inLanguage\":\"fi\",\"@id\":\"https:\/\/suomenkuvalehti.fi\/kuvien-takaa\/#\/schema\/person\/image\/\",\"url\":\"https:\/\/suomenkuvalehti.fi\/kuvien-takaa\/wp-content\/uploads\/sites\/11\/2022\/04\/kalle_kinnunen_blogi-1-150x150.jpg\",\"contentUrl\":\"https:\/\/suomenkuvalehti.fi\/kuvien-takaa\/wp-content\/uploads\/sites\/11\/2022\/04\/kalle_kinnunen_blogi-1-150x150.jpg\",\"caption\":\"Kalle Kinnunen\"},\"description\":\"Kalle Kinnunen on vapaa toimittaja ja Suomen Kuvalehden avustaja.\",\"sameAs\":[\"https:\/\/www.facebook.com\/pages\/Kalle-Kinnunen-Kuvien-takaa\/190326157715410?fref=ts\",\"https:\/\/x.com\/https:\/\/twitter.com\/kallekinnunen\"]}]}<\/script>\n<!-- \/ Yoast SEO plugin. -->","yoast_head_json":{"title":"Huuhaan ja hihhulismin juhlaa: uusi Zeitgeist-jatko-osa saa ensi-iltansa - Kuvien takaa","robots":{"index":"index","follow":"follow","max-snippet":"max-snippet:-1","max-image-preview":"max-image-preview:large","max-video-preview":"max-video-preview:-1"},"canonical":"https:\/\/suomenkuvalehti.fi\/kuvien-takaa\/huuhaan-ja-hihhulismin-juhlaa-uusi-zeitgeist-jatko-osa-saa-ensi-iltansa\/","og_locale":"fi_FI","og_type":"article","og_title":"Huuhaan ja hihhulismin juhlaa: uusi Zeitgeist-jatko-osa saa ensi-iltansa - Kuvien takaa","og_description":"El\u00e4mme vaikeita aikoja: on pankkikriisej\u00e4, valtioiden velkaantumista, talouden heilahtelua. Ota n\u00e4ist\u00e4 nyt selv\u00e4\u00e4! Monimutkaisiin asioihin perehtymist\u00e4 helpompaa on innostua salaliitto- ja taikuusteorioista. Yksi suosituimmista on nyt nimelt\u00e4\u00e4n Zeitgeis&hellip;","og_url":"https:\/\/suomenkuvalehti.fi\/kuvien-takaa\/huuhaan-ja-hihhulismin-juhlaa-uusi-zeitgeist-jatko-osa-saa-ensi-iltansa\/","og_site_name":"Kuvien takaa","article_author":"https:\/\/www.facebook.com\/pages\/Kalle-Kinnunen-Kuvien-takaa\/190326157715410?fref=ts","article_published_time":"2011-01-13T04:01:01+00:00","article_modified_time":"2013-11-29T13:24:56+00:00","og_image":[{"width":2560,"height":1707,"url":"https:\/\/suomenkuvalehti.fi\/kuvien-takaa\/wp-content\/uploads\/sites\/11\/2022\/04\/kalle_kinnunen_blogi-1-scaled.jpg","type":"image\/jpeg"}],"author":"Kalle Kinnunen","twitter_card":"summary_large_image","twitter_creator":"@https:\/\/twitter.com\/kallekinnunen","twitter_misc":{"Written by":"Kalle Kinnunen","Est. reading time":"2 minuuttia"},"schema":{"@context":"https:\/\/schema.org","@graph":[{"@type":"WebPage","@id":"https:\/\/suomenkuvalehti.fi\/kuvien-takaa\/huuhaan-ja-hihhulismin-juhlaa-uusi-zeitgeist-jatko-osa-saa-ensi-iltansa\/","url":"https:\/\/suomenkuvalehti.fi\/kuvien-takaa\/huuhaan-ja-hihhulismin-juhlaa-uusi-zeitgeist-jatko-osa-saa-ensi-iltansa\/","name":"Huuhaan ja hihhulismin juhlaa: uusi Zeitgeist-jatko-osa saa ensi-iltansa - Kuvien takaa","isPartOf":{"@id":"https:\/\/suomenkuvalehti.fi\/kuvien-takaa\/#website"},"datePublished":"2011-01-13T04:01:01+00:00","dateModified":"2013-11-29T13:24:56+00:00","author":{"@id":"https:\/\/suomenkuvalehti.fi\/kuvien-takaa\/#\/schema\/person\/f3f657e4ad409e008f12af27bec60a23"},"breadcrumb":{"@id":"https:\/\/suomenkuvalehti.fi\/kuvien-takaa\/huuhaan-ja-hihhulismin-juhlaa-uusi-zeitgeist-jatko-osa-saa-ensi-iltansa\/#breadcrumb"},"inLanguage":"fi","potentialAction":[{"@type":"ReadAction","target":["https:\/\/suomenkuvalehti.fi\/kuvien-takaa\/huuhaan-ja-hihhulismin-juhlaa-uusi-zeitgeist-jatko-osa-saa-ensi-iltansa\/"]}]},{"@type":"BreadcrumbList","@id":"https:\/\/suomenkuvalehti.fi\/kuvien-takaa\/huuhaan-ja-hihhulismin-juhlaa-uusi-zeitgeist-jatko-osa-saa-ensi-iltansa\/#breadcrumb","itemListElement":[{"@type":"ListItem","position":1,"name":"Home","item":"https:\/\/suomenkuvalehti.fi\/kuvien-takaa\/"},{"@type":"ListItem","position":2,"name":"Huuhaan ja hihhulismin juhlaa: uusi Zeitgeist-jatko-osa saa ensi-iltansa"}]},{"@type":"WebSite","@id":"https:\/\/suomenkuvalehti.fi\/kuvien-takaa\/#website","url":"https:\/\/suomenkuvalehti.fi\/kuvien-takaa\/","name":"Kuvien takaa","description":"Elokuvakriitikko Kalle Kinnusen elokuvablogi.","potentialAction":[{"@type":"SearchAction","target":{"@type":"EntryPoint","urlTemplate":"https:\/\/suomenkuvalehti.fi\/haku\/?q={search_term_string}"},"query-input":{"@type":"PropertyValueSpecification","valueRequired":true,"valueName":"search_term_string"}}],"inLanguage":"fi"},{"@type":"Person","@id":"https:\/\/suomenkuvalehti.fi\/kuvien-takaa\/#\/schema\/person\/f3f657e4ad409e008f12af27bec60a23","name":"Kalle Kinnunen","image":{"@type":"ImageObject","inLanguage":"fi","@id":"https:\/\/suomenkuvalehti.fi\/kuvien-takaa\/#\/schema\/person\/image\/","url":"https:\/\/suomenkuvalehti.fi\/kuvien-takaa\/wp-content\/uploads\/sites\/11\/2022\/04\/kalle_kinnunen_blogi-1-150x150.jpg","contentUrl":"https:\/\/suomenkuvalehti.fi\/kuvien-takaa\/wp-content\/uploads\/sites\/11\/2022\/04\/kalle_kinnunen_blogi-1-150x150.jpg","caption":"Kalle Kinnunen"},"description":"Kalle Kinnunen on vapaa toimittaja ja Suomen Kuvalehden avustaja.","sameAs":["https:\/\/www.facebook.com\/pages\/Kalle-Kinnunen-Kuvien-takaa\/190326157715410?fref=ts","https:\/\/x.com\/https:\/\/twitter.com\/kallekinnunen"]}]}},"_links":{"self":[{"href":"https:\/\/suomenkuvalehti.fi\/kuvien-takaa\/wp-json\/wp\/v2\/posts\/683","targetHints":{"allow":["GET"]}}],"collection":[{"href":"https:\/\/suomenkuvalehti.fi\/kuvien-takaa\/wp-json\/wp\/v2\/posts"}],"about":[{"href":"https:\/\/suomenkuvalehti.fi\/kuvien-takaa\/wp-json\/wp\/v2\/types\/post"}],"author":[{"embeddable":true,"href":"https:\/\/suomenkuvalehti.fi\/kuvien-takaa\/wp-json\/wp\/v2\/users\/144"}],"replies":[{"embeddable":true,"href":"https:\/\/suomenkuvalehti.fi\/kuvien-takaa\/wp-json\/wp\/v2\/comments?post=683"}],"version-history":[{"count":1,"href":"https:\/\/suomenkuvalehti.fi\/kuvien-takaa\/wp-json\/wp\/v2\/posts\/683\/revisions"}],"predecessor-version":[{"id":1376,"href":"https:\/\/suomenkuvalehti.fi\/kuvien-takaa\/wp-json\/wp\/v2\/posts\/683\/revisions\/1376"}],"wp:attachment":[{"href":"https:\/\/suomenkuvalehti.fi\/kuvien-takaa\/wp-json\/wp\/v2\/media?parent=683"}],"wp:term":[{"taxonomy":"category","embeddable":true,"href":"https:\/\/suomenkuvalehti.fi\/kuvien-takaa\/wp-json\/wp\/v2\/categories?post=683"},{"taxonomy":"post_tag","embeddable":true,"href":"https:\/\/suomenkuvalehti.fi\/kuvien-takaa\/wp-json\/wp\/v2\/tags?post=683"}],"curies":[{"name":"wp","href":"https:\/\/api.w.org\/{rel}","templated":true}]}}