{"id":67,"date":"2013-05-23T11:31:00","date_gmt":"2013-05-23T08:31:00","guid":{"rendered":"https:\/\/suomenkuvalehti.fi\/kuvientakaa\/2013\/05\/23\/cannes-2013-nymphomaniac-eli-lars-von-trierin-viivastynyt-pornoeepos-valmistuu-vasta-joulukuuksi\/"},"modified":"2013-11-30T16:24:20","modified_gmt":"2013-11-30T14:24:20","slug":"cannes-2013-nymphomaniac-eli-lars-von-trierin-viivastynyt-pornoeepos-valmistuu-vasta-joulukuuksi","status":"publish","type":"post","link":"https:\/\/suomenkuvalehti.fi\/kuvien-takaa\/cannes-2013-nymphomaniac-eli-lars-von-trierin-viivastynyt-pornoeepos-valmistuu-vasta-joulukuuksi\/","title":{"rendered":"Cannes 2013: Nymphomaniac eli Lars von Trierin viiv\u00e4stynyt pornoeepos valmistuu vasta joulukuuksi"},"content":{"rendered":"\n<p>Kun uuden <strong>Lars on Trier<\/strong> -elokuvan ensi-ilta ei ollutkaan Cannesissa, spekulaatiot saivat tilaa. T\u00e4\u00e4ll\u00e4h\u00e4n ohjaaja aina lanseeraa uutuutensa &#8211; poikkeuksia on vain muutama parinkymmenen vuoden ajalta. Onko Trier sittenkin yh\u00e4 <em>persona non grata<\/em> t\u00e4\u00e4ll\u00e4 parin vuoden takaisten sekavien natsikommenttiensa vuoksi? Ei. Nymfomaanielokuva on viel\u00e4 kesken. Sen digitaaliset seksikohtaukset vaativat valtavasti animaatioty\u00f6t\u00e4.<\/p>\n\n\n\n\n<p>The Guardian-lehti ehti toissa viikolla julkaista <a href=\"http:\/\/www.guardian.co.uk\/film\/2013\/may\/10\/cannes-film-festival-nymphomania-von-trier\">nolon kolumnin<\/a>, jossa v\u00e4itettiin <em>Nymphomaniacin<\/em> tulevan jo toukokuussa Tanskassa ensi-iltaan, mik\u00e4 tarkoittaisi, ett\u00e4 Cannes olisi sanonut sille tylysti ei.<\/p>\n\n\n\n<p>Toimittajalle oli riitt\u00e4nyt taustaty\u00f6ksi lukea <a href=\"http:\/\/www.imdb.com\/\">IMDb:st\u00e4<\/a> sinne roikkumaan j\u00e4\u00e4nyt ikivanha, nyt v\u00e4\u00e4r\u00e4 tieto ensi-illan ajankohdasta.<\/p>\n\n\n\n<p>Tuotantoyhti\u00f6 Zentropa ja myyntiyhti\u00f6 TrustNordisk antoivat huhuille lopun <a href=\"http:\/\/www.trustnordisk.com\/content\/nymphomaniac-world-premieres-december-0\">tiedotteessaan<\/a>, joka julkistettiin muutama p\u00e4iv\u00e4 sitten.<\/p>\n\n\n\n<p><strong>Charlotte Gainsbourgin<\/strong> esitt\u00e4m\u00e4n naisen seksuaalihistoriaa teinist\u00e4 viisikymppiseksi kuvaava, ilmeisesti kaksiosainen ja kaiken kaikkiaan noin nelj\u00e4 tuntia pitk\u00e4 elokuva valmistuu vasta joulukuussa.<\/p>\n\n\n\n<p>Elokuvantekoa kuvaava, <a href=\"http:\/\/trustnordisk.com\/sites\/default\/files\/s2imports\/Z1924\/public\/stills\/Nymphomaniac%203%20photo%20by%20Casper%20Sejersen.jpg\">pornomyyttej\u00e4 sivuava still-valokuva<\/a> on taattua Trieri\u00e4: jotain vihjaileva, jotain paljastava, humoristinenkin.<\/p>\n\n\n\n<p>Mik\u00e4 kest\u00e4\u00e4?<\/p>\n\n\n\n<p>Seksikohtausten rakentaminen. Nimekk\u00e4iden n\u00e4yttelij\u00f6iden kasvot liitet\u00e4\u00e4n digitaalisesti pornon\u00e4yttelij\u00f6iden kehoihin. Aktit ovat sin\u00e4ns\u00e4 aitoja, kropat siis vaihdettu.<\/p>\n\n\n\n<p>Levitt\u00e4jille eli ostajaehdokkaille on n\u00e4ytetty Cannesissa p\u00e4tki\u00e4 valmiista materiaalista. Heid\u00e4n on kuitenkin pit\u00e4nyt allekirjoittaa vaitiolosopimus.<\/p>\n\n\n\n<p>Eik\u00e4 Nymphomaniac ole tietenk\u00e4\u00e4n pelkk\u00e4\u00e4 pornoa, tuotantoyhti\u00f6st\u00e4 vakuutetaan.<\/p>\n\n\n\n<p>&#8221;Elokuva kertoo uskonnosta, Jumalasta ja filosofiasta&#8221;, maalailee tuottaja <strong>Louise Vesth<\/strong> alan ammattilehden <a href=\"http:\/\/www.hollywoodreporter.com\/news\/cannes-nymphomaniac-producer-sex-scenes-525666\">The Hollywood Reporterin<\/a> haastattelemana er\u00e4\u00e4ss\u00e4 Cannes-p\u00e4iv\u00e4julkaisussa.<\/p>\n\n\n\n<p>Zentropalla tiedet\u00e4\u00e4n, miten kiinnostusta luodaan.<\/p>\n\n\n\n<p><em>Seuraa kirjoittajaa Twitteriss\u00e4:<strong><a href=\"https:\/\/twitter.com\/kallekinnunen\">@kallekinnunen<\/a><\/strong><\/em><\/p>\n\n\n","protected":false},"excerpt":{"rendered":"<p>Kun uuden Lars on Trier -elokuvan ensi-ilta ei ollutkaan Cannesissa, spekulaatiot saivat tilaa. T\u00e4\u00e4ll\u00e4h\u00e4n ohjaaja aina lanseeraa uutuutensa &#8211; poikkeuksia on vain muutama parinkymmenen vuoden ajalta. Onko Trier sittenkin<br \/>\nyh\u00e4&hellip;<\/p>\n","protected":false},"author":144,"featured_media":0,"comment_status":"open","ping_status":"open","sticky":false,"template":"","format":"standard","meta":{"_acf_changed":false,"asauth_required_access_level":0,"asauth_cansharepaid":"","om_header_attributes":[],"footnotes":"","om_featured_image_focal_point":[],"om_primary_tag":0,"om_contributors":[],"om_co_authors":[],"beyondwords_generate_audio":"","beyondwords_project_id":"","beyondwords_content_id":"","beyondwords_preview_token":"","beyondwords_player_content":"","beyondwords_player_style":"","beyondwords_language_code":"","beyondwords_language_id":"","beyondwords_title_voice_id":"","beyondwords_body_voice_id":"","beyondwords_summary_voice_id":"","beyondwords_error_message":"","beyondwords_disabled":"","beyondwords_delete_content":"","beyondwords_podcast_id":"","beyondwords_hash":"","publish_post_to_speechkit":"","speechkit_hash":"","speechkit_generate_audio":"","speechkit_project_id":"","speechkit_podcast_id":"","speechkit_error_message":"","speechkit_disabled":"","speechkit_access_key":"","speechkit_error":"","speechkit_info":"","speechkit_response":"","speechkit_retries":"","speechkit_status":"","speechkit_updated_at":"","_speechkit_link":"","_speechkit_text":""},"categories":[1],"tags":[195,207,205,206,69],"class_list":["post-67","post","type-post","status-publish","format-standard","hentry","category-kuvien-takaa","tag-cannesin-elokuvajuhlat","tag-charlotte-gainsbourg","tag-lars-von-trier","tag-nymphomaniac","tag-pornografia"],"om_views":null,"acf":{"tuuma_off":false,"tuuma_kysymys":"","tuuma_vastaus":""},"asauth":{"required_access_level":1,"share_token":"","is_paid":false},"yoast_head":"<!-- This site is optimized with the Yoast SEO plugin v26.4 - https:\/\/yoast.com\/wordpress\/plugins\/seo\/ -->\n<title>Cannes 2013: Nymphomaniac eli Lars von Trierin viiv\u00e4stynyt pornoeepos valmistuu vasta joulukuuksi - Kuvien takaa<\/title>\n<meta name=\"robots\" content=\"index, follow, max-snippet:-1, max-image-preview:large, max-video-preview:-1\" \/>\n<link rel=\"canonical\" href=\"https:\/\/suomenkuvalehti.fi\/kuvien-takaa\/cannes-2013-nymphomaniac-eli-lars-von-trierin-viivastynyt-pornoeepos-valmistuu-vasta-joulukuuksi\/\" \/>\n<meta property=\"og:locale\" content=\"fi_FI\" \/>\n<meta property=\"og:type\" content=\"article\" \/>\n<meta property=\"og:title\" content=\"Cannes 2013: Nymphomaniac eli Lars von Trierin viiv\u00e4stynyt pornoeepos valmistuu vasta joulukuuksi - Kuvien takaa\" \/>\n<meta property=\"og:description\" content=\"Kun uuden Lars on Trier -elokuvan ensi-ilta ei ollutkaan Cannesissa, spekulaatiot saivat tilaa. T\u00e4\u00e4ll\u00e4h\u00e4n ohjaaja aina lanseeraa uutuutensa &#8211; poikkeuksia on vain muutama parinkymmenen vuoden ajalta. Onko Trier sittenkin yh\u00e4&hellip;\" \/>\n<meta property=\"og:url\" content=\"https:\/\/suomenkuvalehti.fi\/kuvien-takaa\/cannes-2013-nymphomaniac-eli-lars-von-trierin-viivastynyt-pornoeepos-valmistuu-vasta-joulukuuksi\/\" \/>\n<meta property=\"og:site_name\" content=\"Kuvien takaa\" \/>\n<meta property=\"article:author\" content=\"https:\/\/www.facebook.com\/pages\/Kalle-Kinnunen-Kuvien-takaa\/190326157715410?fref=ts\" \/>\n<meta property=\"article:published_time\" content=\"2013-05-23T08:31:00+00:00\" \/>\n<meta property=\"article:modified_time\" content=\"2013-11-30T14:24:20+00:00\" \/>\n<meta property=\"og:image\" content=\"https:\/\/suomenkuvalehti.fi\/kuvien-takaa\/wp-content\/uploads\/sites\/11\/2022\/04\/kalle_kinnunen_blogi-1-scaled.jpg\" \/>\n\t<meta property=\"og:image:width\" content=\"2560\" \/>\n\t<meta property=\"og:image:height\" content=\"1707\" \/>\n\t<meta property=\"og:image:type\" content=\"image\/jpeg\" \/>\n<meta name=\"author\" content=\"Kalle Kinnunen\" \/>\n<meta name=\"twitter:card\" content=\"summary_large_image\" \/>\n<meta name=\"twitter:creator\" content=\"@https:\/\/twitter.com\/kallekinnunen\" \/>\n<meta name=\"twitter:label1\" content=\"Written by\" \/>\n\t<meta name=\"twitter:data1\" content=\"Kalle Kinnunen\" \/>\n\t<meta name=\"twitter:label2\" content=\"Est. reading time\" \/>\n\t<meta name=\"twitter:data2\" content=\"1 minuutti\" \/>\n<script type=\"application\/ld+json\" class=\"yoast-schema-graph\">{\"@context\":\"https:\/\/schema.org\",\"@graph\":[{\"@type\":\"WebPage\",\"@id\":\"https:\/\/suomenkuvalehti.fi\/kuvien-takaa\/cannes-2013-nymphomaniac-eli-lars-von-trierin-viivastynyt-pornoeepos-valmistuu-vasta-joulukuuksi\/\",\"url\":\"https:\/\/suomenkuvalehti.fi\/kuvien-takaa\/cannes-2013-nymphomaniac-eli-lars-von-trierin-viivastynyt-pornoeepos-valmistuu-vasta-joulukuuksi\/\",\"name\":\"Cannes 2013: Nymphomaniac eli Lars von Trierin viiv\u00e4stynyt pornoeepos valmistuu vasta joulukuuksi - Kuvien takaa\",\"isPartOf\":{\"@id\":\"https:\/\/suomenkuvalehti.fi\/kuvien-takaa\/#website\"},\"datePublished\":\"2013-05-23T08:31:00+00:00\",\"dateModified\":\"2013-11-30T14:24:20+00:00\",\"author\":{\"@id\":\"https:\/\/suomenkuvalehti.fi\/kuvien-takaa\/#\/schema\/person\/f3f657e4ad409e008f12af27bec60a23\"},\"breadcrumb\":{\"@id\":\"https:\/\/suomenkuvalehti.fi\/kuvien-takaa\/cannes-2013-nymphomaniac-eli-lars-von-trierin-viivastynyt-pornoeepos-valmistuu-vasta-joulukuuksi\/#breadcrumb\"},\"inLanguage\":\"fi\",\"potentialAction\":[{\"@type\":\"ReadAction\",\"target\":[\"https:\/\/suomenkuvalehti.fi\/kuvien-takaa\/cannes-2013-nymphomaniac-eli-lars-von-trierin-viivastynyt-pornoeepos-valmistuu-vasta-joulukuuksi\/\"]}]},{\"@type\":\"BreadcrumbList\",\"@id\":\"https:\/\/suomenkuvalehti.fi\/kuvien-takaa\/cannes-2013-nymphomaniac-eli-lars-von-trierin-viivastynyt-pornoeepos-valmistuu-vasta-joulukuuksi\/#breadcrumb\",\"itemListElement\":[{\"@type\":\"ListItem\",\"position\":1,\"name\":\"Home\",\"item\":\"https:\/\/suomenkuvalehti.fi\/kuvien-takaa\/\"},{\"@type\":\"ListItem\",\"position\":2,\"name\":\"Cannes 2013: Nymphomaniac eli Lars von Trierin viiv\u00e4stynyt pornoeepos valmistuu vasta joulukuuksi\"}]},{\"@type\":\"WebSite\",\"@id\":\"https:\/\/suomenkuvalehti.fi\/kuvien-takaa\/#website\",\"url\":\"https:\/\/suomenkuvalehti.fi\/kuvien-takaa\/\",\"name\":\"Kuvien takaa\",\"description\":\"Elokuvakriitikko Kalle Kinnusen elokuvablogi.\",\"potentialAction\":[{\"@type\":\"SearchAction\",\"target\":{\"@type\":\"EntryPoint\",\"urlTemplate\":\"https:\/\/suomenkuvalehti.fi\/haku\/?q={search_term_string}\"},\"query-input\":{\"@type\":\"PropertyValueSpecification\",\"valueRequired\":true,\"valueName\":\"search_term_string\"}}],\"inLanguage\":\"fi\"},{\"@type\":\"Person\",\"@id\":\"https:\/\/suomenkuvalehti.fi\/kuvien-takaa\/#\/schema\/person\/f3f657e4ad409e008f12af27bec60a23\",\"name\":\"Kalle Kinnunen\",\"image\":{\"@type\":\"ImageObject\",\"inLanguage\":\"fi\",\"@id\":\"https:\/\/suomenkuvalehti.fi\/kuvien-takaa\/#\/schema\/person\/image\/\",\"url\":\"https:\/\/suomenkuvalehti.fi\/kuvien-takaa\/wp-content\/uploads\/sites\/11\/2022\/04\/kalle_kinnunen_blogi-1-150x150.jpg\",\"contentUrl\":\"https:\/\/suomenkuvalehti.fi\/kuvien-takaa\/wp-content\/uploads\/sites\/11\/2022\/04\/kalle_kinnunen_blogi-1-150x150.jpg\",\"caption\":\"Kalle Kinnunen\"},\"description\":\"Kalle Kinnunen on vapaa toimittaja ja Suomen Kuvalehden avustaja.\",\"sameAs\":[\"https:\/\/www.facebook.com\/pages\/Kalle-Kinnunen-Kuvien-takaa\/190326157715410?fref=ts\",\"https:\/\/x.com\/https:\/\/twitter.com\/kallekinnunen\"]}]}<\/script>\n<!-- \/ Yoast SEO plugin. -->","yoast_head_json":{"title":"Cannes 2013: Nymphomaniac eli Lars von Trierin viiv\u00e4stynyt pornoeepos valmistuu vasta joulukuuksi - Kuvien takaa","robots":{"index":"index","follow":"follow","max-snippet":"max-snippet:-1","max-image-preview":"max-image-preview:large","max-video-preview":"max-video-preview:-1"},"canonical":"https:\/\/suomenkuvalehti.fi\/kuvien-takaa\/cannes-2013-nymphomaniac-eli-lars-von-trierin-viivastynyt-pornoeepos-valmistuu-vasta-joulukuuksi\/","og_locale":"fi_FI","og_type":"article","og_title":"Cannes 2013: Nymphomaniac eli Lars von Trierin viiv\u00e4stynyt pornoeepos valmistuu vasta joulukuuksi - Kuvien takaa","og_description":"Kun uuden Lars on Trier -elokuvan ensi-ilta ei ollutkaan Cannesissa, spekulaatiot saivat tilaa. T\u00e4\u00e4ll\u00e4h\u00e4n ohjaaja aina lanseeraa uutuutensa &#8211; poikkeuksia on vain muutama parinkymmenen vuoden ajalta. Onko Trier sittenkin yh\u00e4&hellip;","og_url":"https:\/\/suomenkuvalehti.fi\/kuvien-takaa\/cannes-2013-nymphomaniac-eli-lars-von-trierin-viivastynyt-pornoeepos-valmistuu-vasta-joulukuuksi\/","og_site_name":"Kuvien takaa","article_author":"https:\/\/www.facebook.com\/pages\/Kalle-Kinnunen-Kuvien-takaa\/190326157715410?fref=ts","article_published_time":"2013-05-23T08:31:00+00:00","article_modified_time":"2013-11-30T14:24:20+00:00","og_image":[{"width":2560,"height":1707,"url":"https:\/\/suomenkuvalehti.fi\/kuvien-takaa\/wp-content\/uploads\/sites\/11\/2022\/04\/kalle_kinnunen_blogi-1-scaled.jpg","type":"image\/jpeg"}],"author":"Kalle Kinnunen","twitter_card":"summary_large_image","twitter_creator":"@https:\/\/twitter.com\/kallekinnunen","twitter_misc":{"Written by":"Kalle Kinnunen","Est. reading time":"1 minuutti"},"schema":{"@context":"https:\/\/schema.org","@graph":[{"@type":"WebPage","@id":"https:\/\/suomenkuvalehti.fi\/kuvien-takaa\/cannes-2013-nymphomaniac-eli-lars-von-trierin-viivastynyt-pornoeepos-valmistuu-vasta-joulukuuksi\/","url":"https:\/\/suomenkuvalehti.fi\/kuvien-takaa\/cannes-2013-nymphomaniac-eli-lars-von-trierin-viivastynyt-pornoeepos-valmistuu-vasta-joulukuuksi\/","name":"Cannes 2013: Nymphomaniac eli Lars von Trierin viiv\u00e4stynyt pornoeepos valmistuu vasta joulukuuksi - Kuvien takaa","isPartOf":{"@id":"https:\/\/suomenkuvalehti.fi\/kuvien-takaa\/#website"},"datePublished":"2013-05-23T08:31:00+00:00","dateModified":"2013-11-30T14:24:20+00:00","author":{"@id":"https:\/\/suomenkuvalehti.fi\/kuvien-takaa\/#\/schema\/person\/f3f657e4ad409e008f12af27bec60a23"},"breadcrumb":{"@id":"https:\/\/suomenkuvalehti.fi\/kuvien-takaa\/cannes-2013-nymphomaniac-eli-lars-von-trierin-viivastynyt-pornoeepos-valmistuu-vasta-joulukuuksi\/#breadcrumb"},"inLanguage":"fi","potentialAction":[{"@type":"ReadAction","target":["https:\/\/suomenkuvalehti.fi\/kuvien-takaa\/cannes-2013-nymphomaniac-eli-lars-von-trierin-viivastynyt-pornoeepos-valmistuu-vasta-joulukuuksi\/"]}]},{"@type":"BreadcrumbList","@id":"https:\/\/suomenkuvalehti.fi\/kuvien-takaa\/cannes-2013-nymphomaniac-eli-lars-von-trierin-viivastynyt-pornoeepos-valmistuu-vasta-joulukuuksi\/#breadcrumb","itemListElement":[{"@type":"ListItem","position":1,"name":"Home","item":"https:\/\/suomenkuvalehti.fi\/kuvien-takaa\/"},{"@type":"ListItem","position":2,"name":"Cannes 2013: Nymphomaniac eli Lars von Trierin viiv\u00e4stynyt pornoeepos valmistuu vasta joulukuuksi"}]},{"@type":"WebSite","@id":"https:\/\/suomenkuvalehti.fi\/kuvien-takaa\/#website","url":"https:\/\/suomenkuvalehti.fi\/kuvien-takaa\/","name":"Kuvien takaa","description":"Elokuvakriitikko Kalle Kinnusen elokuvablogi.","potentialAction":[{"@type":"SearchAction","target":{"@type":"EntryPoint","urlTemplate":"https:\/\/suomenkuvalehti.fi\/haku\/?q={search_term_string}"},"query-input":{"@type":"PropertyValueSpecification","valueRequired":true,"valueName":"search_term_string"}}],"inLanguage":"fi"},{"@type":"Person","@id":"https:\/\/suomenkuvalehti.fi\/kuvien-takaa\/#\/schema\/person\/f3f657e4ad409e008f12af27bec60a23","name":"Kalle Kinnunen","image":{"@type":"ImageObject","inLanguage":"fi","@id":"https:\/\/suomenkuvalehti.fi\/kuvien-takaa\/#\/schema\/person\/image\/","url":"https:\/\/suomenkuvalehti.fi\/kuvien-takaa\/wp-content\/uploads\/sites\/11\/2022\/04\/kalle_kinnunen_blogi-1-150x150.jpg","contentUrl":"https:\/\/suomenkuvalehti.fi\/kuvien-takaa\/wp-content\/uploads\/sites\/11\/2022\/04\/kalle_kinnunen_blogi-1-150x150.jpg","caption":"Kalle Kinnunen"},"description":"Kalle Kinnunen on vapaa toimittaja ja Suomen Kuvalehden avustaja.","sameAs":["https:\/\/www.facebook.com\/pages\/Kalle-Kinnunen-Kuvien-takaa\/190326157715410?fref=ts","https:\/\/x.com\/https:\/\/twitter.com\/kallekinnunen"]}]}},"_links":{"self":[{"href":"https:\/\/suomenkuvalehti.fi\/kuvien-takaa\/wp-json\/wp\/v2\/posts\/67","targetHints":{"allow":["GET"]}}],"collection":[{"href":"https:\/\/suomenkuvalehti.fi\/kuvien-takaa\/wp-json\/wp\/v2\/posts"}],"about":[{"href":"https:\/\/suomenkuvalehti.fi\/kuvien-takaa\/wp-json\/wp\/v2\/types\/post"}],"author":[{"embeddable":true,"href":"https:\/\/suomenkuvalehti.fi\/kuvien-takaa\/wp-json\/wp\/v2\/users\/144"}],"replies":[{"embeddable":true,"href":"https:\/\/suomenkuvalehti.fi\/kuvien-takaa\/wp-json\/wp\/v2\/comments?post=67"}],"version-history":[{"count":2,"href":"https:\/\/suomenkuvalehti.fi\/kuvien-takaa\/wp-json\/wp\/v2\/posts\/67\/revisions"}],"predecessor-version":[{"id":281,"href":"https:\/\/suomenkuvalehti.fi\/kuvien-takaa\/wp-json\/wp\/v2\/posts\/67\/revisions\/281"}],"wp:attachment":[{"href":"https:\/\/suomenkuvalehti.fi\/kuvien-takaa\/wp-json\/wp\/v2\/media?parent=67"}],"wp:term":[{"taxonomy":"category","embeddable":true,"href":"https:\/\/suomenkuvalehti.fi\/kuvien-takaa\/wp-json\/wp\/v2\/categories?post=67"},{"taxonomy":"post_tag","embeddable":true,"href":"https:\/\/suomenkuvalehti.fi\/kuvien-takaa\/wp-json\/wp\/v2\/tags?post=67"}],"curies":[{"name":"wp","href":"https:\/\/api.w.org\/{rel}","templated":true}]}}