{"id":634,"date":"2011-04-21T06:01:00","date_gmt":"2011-04-21T03:01:00","guid":{"rendered":"https:\/\/suomenkuvalehti.fi\/kuvientakaa\/2011\/04\/21\/darren-aronofsky-voisi-keskittya-mainoksiin\/"},"modified":"2011-04-21T06:01:00","modified_gmt":"2011-04-21T03:01:00","slug":"darren-aronofsky-voisi-keskittya-mainoksiin","status":"publish","type":"post","link":"https:\/\/suomenkuvalehti.fi\/kuvien-takaa\/darren-aronofsky-voisi-keskittya-mainoksiin\/","title":{"rendered":"Darren Aronofsky voisi keskitty\u00e4 mainoksiin"},"content":{"rendered":"\n<p><em>Black Swanin<\/em>, <em>The Wrestlerin<\/em> ja <em>Unelmien sielunmessun<\/em> tekij\u00e4n paukut taitavat olla lopussa. Eik\u00f6h\u00e4n tuosta monomaanisen itsetuhon teemasta, joka alkoi jo esikoisohjauksessa <em>Pi<\/em>, ole nyt jo kerrottu kaikki.<\/p>\n\n\n\n\n<p>Ohjaaja varmaankin miettii, mit\u00e4 ihmett\u00e4 seuraavaksi, kun supersankarileffakin <a href=\"http:\/\/www.episodi.fi\/darren-aronofsky-ei-ohjaakaan-uutta-wolverinea-12021\/\">j\u00e4i tekem\u00e4tt\u00e4<\/a>.<\/p>\n\n\n\n<p>Tykk\u00e4sin kovasti Aronofskyn Yves Saint Laurentille ohjaamasta upouudesta partavesimainoksesta.<\/p>\n\n\n\n<p><a href=\"http:\/\/www.ropeofsilicon.com\/article\/darren-aronofskys-yves-saint-laurent-commercial\">T\u00e4ss\u00e4 linkki.<\/a><\/p>\n\n\n\n<p>Hieno, linjakas teos lajissaan &#8211; melodramaattinen kitsch-tyylittely sopii mainontaan paremmin kuin pitkiin, n\u00e4enn\u00e4isen vakaviin elokuviin &#8211; ja <strong>Vincent Cassel<\/strong> lienee t\u00e4m\u00e4n ajan coolein n\u00e4yttelij\u00e4 kaimansa <strong>Gallon<\/strong> rinnalla.<\/p>\n\n\n\n<p>(Ent\u00e4s se Skandinavian seksikk\u00e4imm\u00e4ksi v\u00e4itetyn <strong>Mads Mikkelsenin<\/strong> Finnmatkat-mainos, joka on aivan viime p\u00e4ivin\u00e4 py\u00f6rinyt muun muassa suuren iltap\u00e4iv\u00e4lehden nettisivuilla? No, ei se toki ole Suomea varten tehty, ei laadultaan nosta Madsin pisteit\u00e4 &#8211; eik\u00e4 ole edes uusi. Kyseess\u00e4 on TUI-turismikonsernin vuoden <a href=\"https:\/\/www.youtube.com\/watch?v=NXNKKGET5AQ\">vanha juttu<\/a>. T\u00e4llaisiin verratessa Aronofsky mainos on ihka aitoa taidetta.)<\/p>\n\n\n","protected":false},"excerpt":{"rendered":"<p>Black Swanin, The Wrestlerin ja Unelmien sielunmessun tekij\u00e4n paukut taitavat olla lopussa. Eik\u00f6h\u00e4n tuosta monomaanisen itsetuhon teemasta, joka alkoi jo esikoisohjauksessa Pi, ole nyt jo kerrottu kaikki. Ohjaaja varmaankin miettii, mit\u00e4 ihmett\u00e4 seuraavaksi, kun<br \/>\nsupe&hellip;<\/p>\n","protected":false},"author":144,"featured_media":0,"comment_status":"open","ping_status":"open","sticky":false,"template":"","format":"standard","meta":{"_acf_changed":false,"asauth_required_access_level":0,"asauth_cansharepaid":"","om_header_attributes":[],"footnotes":"","om_featured_image_focal_point":[],"om_primary_tag":0,"om_contributors":[],"om_co_authors":[],"beyondwords_generate_audio":"","beyondwords_project_id":"","beyondwords_content_id":"","beyondwords_preview_token":"","beyondwords_player_content":"","beyondwords_player_style":"","beyondwords_language_code":"","beyondwords_language_id":"","beyondwords_title_voice_id":"","beyondwords_body_voice_id":"","beyondwords_summary_voice_id":"","beyondwords_error_message":"","beyondwords_disabled":"","beyondwords_delete_content":"","beyondwords_podcast_id":"","beyondwords_hash":"","publish_post_to_speechkit":"","speechkit_hash":"","speechkit_generate_audio":"","speechkit_project_id":"","speechkit_podcast_id":"","speechkit_error_message":"","speechkit_disabled":"","speechkit_access_key":"","speechkit_error":"","speechkit_info":"","speechkit_response":"","speechkit_retries":"","speechkit_status":"","speechkit_updated_at":"","_speechkit_link":"","_speechkit_text":""},"categories":[1],"tags":[620,647,540,1042,1041],"class_list":["post-634","post","type-post","status-publish","format-standard","hentry","category-kuvien-takaa","tag-black-swan","tag-darren-aronofsky","tag-mads-mikkelsen","tag-mainoselokuvat","tag-vincent-cassel"],"om_views":null,"acf":{"tuuma_off":false,"tuuma_kysymys":"","tuuma_vastaus":""},"asauth":{"required_access_level":1,"share_token":"","is_paid":false},"yoast_head":"<!-- This site is optimized with the Yoast SEO plugin v26.4 - https:\/\/yoast.com\/wordpress\/plugins\/seo\/ -->\n<title>Darren Aronofsky voisi keskitty\u00e4 mainoksiin - Kuvien takaa<\/title>\n<meta name=\"robots\" content=\"index, follow, max-snippet:-1, max-image-preview:large, max-video-preview:-1\" \/>\n<link rel=\"canonical\" href=\"https:\/\/suomenkuvalehti.fi\/kuvien-takaa\/darren-aronofsky-voisi-keskittya-mainoksiin\/\" \/>\n<meta property=\"og:locale\" content=\"fi_FI\" \/>\n<meta property=\"og:type\" content=\"article\" \/>\n<meta property=\"og:title\" content=\"Darren Aronofsky voisi keskitty\u00e4 mainoksiin - Kuvien takaa\" \/>\n<meta property=\"og:description\" content=\"Black Swanin, The Wrestlerin ja Unelmien sielunmessun tekij\u00e4n paukut taitavat olla lopussa. Eik\u00f6h\u00e4n tuosta monomaanisen itsetuhon teemasta, joka alkoi jo esikoisohjauksessa Pi, ole nyt jo kerrottu kaikki. Ohjaaja varmaankin miettii, mit\u00e4 ihmett\u00e4 seuraavaksi, kun supe&hellip;\" \/>\n<meta property=\"og:url\" content=\"https:\/\/suomenkuvalehti.fi\/kuvien-takaa\/darren-aronofsky-voisi-keskittya-mainoksiin\/\" \/>\n<meta property=\"og:site_name\" content=\"Kuvien takaa\" \/>\n<meta property=\"article:author\" content=\"https:\/\/www.facebook.com\/pages\/Kalle-Kinnunen-Kuvien-takaa\/190326157715410?fref=ts\" \/>\n<meta property=\"article:published_time\" content=\"2011-04-21T03:01:00+00:00\" \/>\n<meta property=\"og:image\" content=\"https:\/\/suomenkuvalehti.fi\/kuvien-takaa\/wp-content\/uploads\/sites\/11\/2022\/04\/kalle_kinnunen_blogi-1-scaled.jpg\" \/>\n\t<meta property=\"og:image:width\" content=\"2560\" \/>\n\t<meta property=\"og:image:height\" content=\"1707\" \/>\n\t<meta property=\"og:image:type\" content=\"image\/jpeg\" \/>\n<meta name=\"author\" content=\"Kalle Kinnunen\" \/>\n<meta name=\"twitter:card\" content=\"summary_large_image\" \/>\n<meta name=\"twitter:creator\" content=\"@https:\/\/twitter.com\/kallekinnunen\" \/>\n<meta name=\"twitter:label1\" content=\"Written by\" \/>\n\t<meta name=\"twitter:data1\" content=\"Kalle Kinnunen\" \/>\n\t<meta name=\"twitter:label2\" content=\"Est. reading time\" \/>\n\t<meta name=\"twitter:data2\" content=\"1 minuutti\" \/>\n<script type=\"application\/ld+json\" class=\"yoast-schema-graph\">{\"@context\":\"https:\/\/schema.org\",\"@graph\":[{\"@type\":\"WebPage\",\"@id\":\"https:\/\/suomenkuvalehti.fi\/kuvien-takaa\/darren-aronofsky-voisi-keskittya-mainoksiin\/\",\"url\":\"https:\/\/suomenkuvalehti.fi\/kuvien-takaa\/darren-aronofsky-voisi-keskittya-mainoksiin\/\",\"name\":\"Darren Aronofsky voisi keskitty\u00e4 mainoksiin - Kuvien takaa\",\"isPartOf\":{\"@id\":\"https:\/\/suomenkuvalehti.fi\/kuvien-takaa\/#website\"},\"datePublished\":\"2011-04-21T03:01:00+00:00\",\"author\":{\"@id\":\"https:\/\/suomenkuvalehti.fi\/kuvien-takaa\/#\/schema\/person\/f3f657e4ad409e008f12af27bec60a23\"},\"breadcrumb\":{\"@id\":\"https:\/\/suomenkuvalehti.fi\/kuvien-takaa\/darren-aronofsky-voisi-keskittya-mainoksiin\/#breadcrumb\"},\"inLanguage\":\"fi\",\"potentialAction\":[{\"@type\":\"ReadAction\",\"target\":[\"https:\/\/suomenkuvalehti.fi\/kuvien-takaa\/darren-aronofsky-voisi-keskittya-mainoksiin\/\"]}]},{\"@type\":\"BreadcrumbList\",\"@id\":\"https:\/\/suomenkuvalehti.fi\/kuvien-takaa\/darren-aronofsky-voisi-keskittya-mainoksiin\/#breadcrumb\",\"itemListElement\":[{\"@type\":\"ListItem\",\"position\":1,\"name\":\"Home\",\"item\":\"https:\/\/suomenkuvalehti.fi\/kuvien-takaa\/\"},{\"@type\":\"ListItem\",\"position\":2,\"name\":\"Darren Aronofsky voisi keskitty\u00e4 mainoksiin\"}]},{\"@type\":\"WebSite\",\"@id\":\"https:\/\/suomenkuvalehti.fi\/kuvien-takaa\/#website\",\"url\":\"https:\/\/suomenkuvalehti.fi\/kuvien-takaa\/\",\"name\":\"Kuvien takaa\",\"description\":\"Elokuvakriitikko Kalle Kinnusen elokuvablogi.\",\"potentialAction\":[{\"@type\":\"SearchAction\",\"target\":{\"@type\":\"EntryPoint\",\"urlTemplate\":\"https:\/\/suomenkuvalehti.fi\/haku\/?q={search_term_string}\"},\"query-input\":{\"@type\":\"PropertyValueSpecification\",\"valueRequired\":true,\"valueName\":\"search_term_string\"}}],\"inLanguage\":\"fi\"},{\"@type\":\"Person\",\"@id\":\"https:\/\/suomenkuvalehti.fi\/kuvien-takaa\/#\/schema\/person\/f3f657e4ad409e008f12af27bec60a23\",\"name\":\"Kalle Kinnunen\",\"image\":{\"@type\":\"ImageObject\",\"inLanguage\":\"fi\",\"@id\":\"https:\/\/suomenkuvalehti.fi\/kuvien-takaa\/#\/schema\/person\/image\/\",\"url\":\"https:\/\/suomenkuvalehti.fi\/kuvien-takaa\/wp-content\/uploads\/sites\/11\/2022\/04\/kalle_kinnunen_blogi-1-150x150.jpg\",\"contentUrl\":\"https:\/\/suomenkuvalehti.fi\/kuvien-takaa\/wp-content\/uploads\/sites\/11\/2022\/04\/kalle_kinnunen_blogi-1-150x150.jpg\",\"caption\":\"Kalle Kinnunen\"},\"description\":\"Kalle Kinnunen on vapaa toimittaja ja Suomen Kuvalehden avustaja.\",\"sameAs\":[\"https:\/\/www.facebook.com\/pages\/Kalle-Kinnunen-Kuvien-takaa\/190326157715410?fref=ts\",\"https:\/\/x.com\/https:\/\/twitter.com\/kallekinnunen\"]}]}<\/script>\n<!-- \/ Yoast SEO plugin. -->","yoast_head_json":{"title":"Darren Aronofsky voisi keskitty\u00e4 mainoksiin - Kuvien takaa","robots":{"index":"index","follow":"follow","max-snippet":"max-snippet:-1","max-image-preview":"max-image-preview:large","max-video-preview":"max-video-preview:-1"},"canonical":"https:\/\/suomenkuvalehti.fi\/kuvien-takaa\/darren-aronofsky-voisi-keskittya-mainoksiin\/","og_locale":"fi_FI","og_type":"article","og_title":"Darren Aronofsky voisi keskitty\u00e4 mainoksiin - Kuvien takaa","og_description":"Black Swanin, The Wrestlerin ja Unelmien sielunmessun tekij\u00e4n paukut taitavat olla lopussa. Eik\u00f6h\u00e4n tuosta monomaanisen itsetuhon teemasta, joka alkoi jo esikoisohjauksessa Pi, ole nyt jo kerrottu kaikki. Ohjaaja varmaankin miettii, mit\u00e4 ihmett\u00e4 seuraavaksi, kun supe&hellip;","og_url":"https:\/\/suomenkuvalehti.fi\/kuvien-takaa\/darren-aronofsky-voisi-keskittya-mainoksiin\/","og_site_name":"Kuvien takaa","article_author":"https:\/\/www.facebook.com\/pages\/Kalle-Kinnunen-Kuvien-takaa\/190326157715410?fref=ts","article_published_time":"2011-04-21T03:01:00+00:00","og_image":[{"width":2560,"height":1707,"url":"https:\/\/suomenkuvalehti.fi\/kuvien-takaa\/wp-content\/uploads\/sites\/11\/2022\/04\/kalle_kinnunen_blogi-1-scaled.jpg","type":"image\/jpeg"}],"author":"Kalle Kinnunen","twitter_card":"summary_large_image","twitter_creator":"@https:\/\/twitter.com\/kallekinnunen","twitter_misc":{"Written by":"Kalle Kinnunen","Est. reading time":"1 minuutti"},"schema":{"@context":"https:\/\/schema.org","@graph":[{"@type":"WebPage","@id":"https:\/\/suomenkuvalehti.fi\/kuvien-takaa\/darren-aronofsky-voisi-keskittya-mainoksiin\/","url":"https:\/\/suomenkuvalehti.fi\/kuvien-takaa\/darren-aronofsky-voisi-keskittya-mainoksiin\/","name":"Darren Aronofsky voisi keskitty\u00e4 mainoksiin - Kuvien takaa","isPartOf":{"@id":"https:\/\/suomenkuvalehti.fi\/kuvien-takaa\/#website"},"datePublished":"2011-04-21T03:01:00+00:00","author":{"@id":"https:\/\/suomenkuvalehti.fi\/kuvien-takaa\/#\/schema\/person\/f3f657e4ad409e008f12af27bec60a23"},"breadcrumb":{"@id":"https:\/\/suomenkuvalehti.fi\/kuvien-takaa\/darren-aronofsky-voisi-keskittya-mainoksiin\/#breadcrumb"},"inLanguage":"fi","potentialAction":[{"@type":"ReadAction","target":["https:\/\/suomenkuvalehti.fi\/kuvien-takaa\/darren-aronofsky-voisi-keskittya-mainoksiin\/"]}]},{"@type":"BreadcrumbList","@id":"https:\/\/suomenkuvalehti.fi\/kuvien-takaa\/darren-aronofsky-voisi-keskittya-mainoksiin\/#breadcrumb","itemListElement":[{"@type":"ListItem","position":1,"name":"Home","item":"https:\/\/suomenkuvalehti.fi\/kuvien-takaa\/"},{"@type":"ListItem","position":2,"name":"Darren Aronofsky voisi keskitty\u00e4 mainoksiin"}]},{"@type":"WebSite","@id":"https:\/\/suomenkuvalehti.fi\/kuvien-takaa\/#website","url":"https:\/\/suomenkuvalehti.fi\/kuvien-takaa\/","name":"Kuvien takaa","description":"Elokuvakriitikko Kalle Kinnusen elokuvablogi.","potentialAction":[{"@type":"SearchAction","target":{"@type":"EntryPoint","urlTemplate":"https:\/\/suomenkuvalehti.fi\/haku\/?q={search_term_string}"},"query-input":{"@type":"PropertyValueSpecification","valueRequired":true,"valueName":"search_term_string"}}],"inLanguage":"fi"},{"@type":"Person","@id":"https:\/\/suomenkuvalehti.fi\/kuvien-takaa\/#\/schema\/person\/f3f657e4ad409e008f12af27bec60a23","name":"Kalle Kinnunen","image":{"@type":"ImageObject","inLanguage":"fi","@id":"https:\/\/suomenkuvalehti.fi\/kuvien-takaa\/#\/schema\/person\/image\/","url":"https:\/\/suomenkuvalehti.fi\/kuvien-takaa\/wp-content\/uploads\/sites\/11\/2022\/04\/kalle_kinnunen_blogi-1-150x150.jpg","contentUrl":"https:\/\/suomenkuvalehti.fi\/kuvien-takaa\/wp-content\/uploads\/sites\/11\/2022\/04\/kalle_kinnunen_blogi-1-150x150.jpg","caption":"Kalle Kinnunen"},"description":"Kalle Kinnunen on vapaa toimittaja ja Suomen Kuvalehden avustaja.","sameAs":["https:\/\/www.facebook.com\/pages\/Kalle-Kinnunen-Kuvien-takaa\/190326157715410?fref=ts","https:\/\/x.com\/https:\/\/twitter.com\/kallekinnunen"]}]}},"_links":{"self":[{"href":"https:\/\/suomenkuvalehti.fi\/kuvien-takaa\/wp-json\/wp\/v2\/posts\/634","targetHints":{"allow":["GET"]}}],"collection":[{"href":"https:\/\/suomenkuvalehti.fi\/kuvien-takaa\/wp-json\/wp\/v2\/posts"}],"about":[{"href":"https:\/\/suomenkuvalehti.fi\/kuvien-takaa\/wp-json\/wp\/v2\/types\/post"}],"author":[{"embeddable":true,"href":"https:\/\/suomenkuvalehti.fi\/kuvien-takaa\/wp-json\/wp\/v2\/users\/144"}],"replies":[{"embeddable":true,"href":"https:\/\/suomenkuvalehti.fi\/kuvien-takaa\/wp-json\/wp\/v2\/comments?post=634"}],"version-history":[{"count":0,"href":"https:\/\/suomenkuvalehti.fi\/kuvien-takaa\/wp-json\/wp\/v2\/posts\/634\/revisions"}],"wp:attachment":[{"href":"https:\/\/suomenkuvalehti.fi\/kuvien-takaa\/wp-json\/wp\/v2\/media?parent=634"}],"wp:term":[{"taxonomy":"category","embeddable":true,"href":"https:\/\/suomenkuvalehti.fi\/kuvien-takaa\/wp-json\/wp\/v2\/categories?post=634"},{"taxonomy":"post_tag","embeddable":true,"href":"https:\/\/suomenkuvalehti.fi\/kuvien-takaa\/wp-json\/wp\/v2\/tags?post=634"}],"curies":[{"name":"wp","href":"https:\/\/api.w.org\/{rel}","templated":true}]}}