{"id":596,"date":"2011-07-11T17:59:00","date_gmt":"2011-07-11T14:59:00","guid":{"rendered":"https:\/\/suomenkuvalehti.fi\/kuvientakaa\/2011\/07\/11\/sodankylan-elokuvajuhlat-kaukana-niin-lahella\/"},"modified":"2013-11-29T15:24:37","modified_gmt":"2013-11-29T13:24:37","slug":"sodankylan-elokuvajuhlat-kaukana-niin-lahella","status":"publish","type":"post","link":"https:\/\/suomenkuvalehti.fi\/kuvien-takaa\/sodankylan-elokuvajuhlat-kaukana-niin-lahella\/","title":{"rendered":"Sodankyl\u00e4n elokuvajuhlat: kaukana, niin l\u00e4hell\u00e4"},"content":{"rendered":"\n<p>Parhaan englanninkielisen elokuvalehden Sight &amp; Soundin p\u00e4\u00e4toimittaja k\u00e4vi Midnight Sun Film Festivalilla ja kirjoitti ihastuneen jutun. Allekirjoittanut puolestaan ei ole koskaan p\u00e4\u00e4ssyt Sodankyl\u00e4\u00e4n asti.<\/p>\n\n\n\n\n<p><a href=\"http:\/\/www.msfilmfestival.fi\/\">Sodankyl\u00e4n elokuvajuhlat<\/a> on tapahtuma, joka todella tunnetaan art house -piireiss\u00e4. Kysy kenelt\u00e4 vain pidemp\u00e4\u00e4n alalla olleelta eurooppalaiselta, ja hehkutusta riitt\u00e4\u00e4, riippumatta siit\u00e4, onko kyseinen henkil\u00f6 vieraillut itse festivaaleilla vai ei.<\/p>\n\n\n\n<p>Sight &amp; Soundin <strong>Nick James<\/strong> on nyt k\u00e4ynyt: <a href=\"http:\/\/www.bfi.org.uk\/sightandsound\/newsandviews\/festivals\/midnight-sun-2011.php\">Let there be light<\/a>, h\u00e4n fiilistelee.<\/p>\n\n\n\n<p>Amerikkalaisetkin tuntevat Sodankyl\u00e4n. Viime viikolla matkalla <a href=\"https:\/\/suomenkuvalehti.fi\/kuvientakaa\/2011\/07\/03\/karlovy-vary-2011-tavallisen-yleison-elokuvafestivaali-kylpylakaupungissa\/\">Karlovy Varysta<\/a> Prahan lentokent\u00e4lle sain autoseurakseni kalifornialaisen elokuva-pr-toimiston johtajan, joka paloi halusta p\u00e4\u00e4st\u00e4 joskus Sodankyl\u00e4\u00e4n. H\u00e4nk\u00e4\u00e4n ei ollut kuullut tapahtumasta muuta kuin hyv\u00e4\u00e4.<\/p>\n\n\n\n<p>Suomalaisena elokuva-ammattilaisena on h\u00e4pe\u00e4 my\u00f6nt\u00e4\u00e4, etten ole koskaan k\u00e4ynyt Sodankyl\u00e4n festivaalilla.<\/p>\n\n\n\n<p>Kyseess\u00e4 on tyypillinen l\u00e4hell\u00e4 ja siksi kaukana -ongelma. Joka vuosi sit\u00e4 miettii, l\u00e4htisik\u00f6. Vieraslistaan ei ehk\u00e4 ilmesty ket\u00e4\u00e4n aivan pakottavaa nime\u00e4 (tosin yh\u00e4 harmittaa, etten hyp\u00e4nnyt junaan 2001, kun paikalla olivat <strong>Francis Ford Coppola<\/strong> ja <a href=\"https:\/\/suomenkuvalehti.fi\/blogit\/kuvien-takaa\/quentin-tarantino-tekee-lannenelokuvan-spagettiwesternin-djangosta?kommenttisivu=2\"><strong>Sergio Sollima<\/strong><\/a> &#8211; karmeeta ett\u00e4 siit\u00e4kin on jo kymmenen vuotta, mihin aika oikein pakenee).<\/p>\n\n\n\n<p>Asuminen on vaikea j\u00e4rjest\u00e4\u00e4, kun seudun ainoa hotelli on buukattu jo vuotta aiemmin t\u00e4yteen enk\u00e4 aikuisena oikein ole kiinnostunut nukkumaan koulun lattialla, mit\u00e4 on ehdoteltu. Matka tuntuu jotenkin kauhean pitk\u00e4lt\u00e4, ja Cannesin hullunmyllyst\u00e4 on kes\u00e4kuun puoliv\u00e4liss\u00e4 vasta pari kolme viikkoa. Ja olen todenn\u00e4k\u00f6isesti n\u00e4hnyt melkein kaikki t\u00e4rkeimm\u00e4t uudet elokuvat jo muilla festareilla. Reissu ei todenn\u00e4k\u00f6isesti tarjoaisi ty\u00f6mahdollisuuksia freelancerille.<\/p>\n\n\n\n<p>Ja pit\u00e4isik\u00f6 uskoa pr-veteraani ja elokuvatuottaja <strong>Richard Lormandia<\/strong>, joka on ainoa Sodankyl\u00e4st\u00e4 negatiivisiakin puhunut tapaamani ihminen. H\u00e4n k\u00e4vi viime vuonna ja olli kauhuissaan hyttysten m\u00e4\u00e4r\u00e4st\u00e4 ja etenkin pienen koiransa puolesta, sen kimpussa ne verenhimiset moskiitot kuulemma py\u00f6riv\u00e4t taukoamatta. Koiraparka kuulemma vain ulisi ja Lormand yritti k\u00e4tke\u00e4 sen k\u00e4silaukkuunsa.<\/p>\n\n\n\n<p>Tekosyit\u00e4h\u00e4n n\u00e4m\u00e4 ja hyttysten karkottamiseen tepsii <a href=\"http:\/\/www.msfilmfestival.fi\/page.php?p=426\"><strong>Peter von Baghin<\/strong> mukaan<\/a> Kossu, tosin ehkei sylikoirille, mutta ei minulla sellaista ole.<\/p>\n\n\n\n<p>Viimeist\u00e4\u00e4n festarinj\u00e4lkeiset Facebook-hehkutukset aina muistuttavat, ett\u00e4 ehk\u00e4 Sodikseen olisi sittenkin kannattanut menn\u00e4, jos ei muuta niin tapaamaan tuttuja ja nauttimaan tunnelmasta. Ja ilmeisesti Sodankyl\u00e4ss\u00e4 p\u00e4tee jonkin sortin &#8221;mik\u00e4 tapahtuu siell\u00e4, pysyy siell\u00e4&#8221; -koodi, eli pahemmat sekoilut j\u00e4tet\u00e4\u00e4n kertomatta. (Kyll\u00e4 siell\u00e4 kuulemma elokuviakin katsotaan, vaikka aika kosteita tarinat tuppaavat olemaan.)<\/p>\n\n\n\n<p>Yrit\u00e4n parantaa tapani. Ehk\u00e4 ensi vuonna.<\/p>\n\n\n","protected":false},"excerpt":{"rendered":"<p>Parhaan englanninkielisen elokuvalehden Sight &amp; Soundin p\u00e4\u00e4toimittaja k\u00e4vi Midnight Sun Film Festivalilla ja kirjoitti ihastuneen jutun. Allekirjoittanut puolestaan ei ole koskaan p\u00e4\u00e4ssyt Sodankyl\u00e4\u00e4n asti. Sodankyl\u00e4n elokuvajuhlat on tapahtuma, joka todella tunnetaan art<br \/>\nhouse -&hellip;<\/p>\n","protected":false},"author":144,"featured_media":0,"comment_status":"open","ping_status":"open","sticky":false,"template":"","format":"standard","meta":{"_acf_changed":false,"asauth_required_access_level":0,"asauth_cansharepaid":"","om_header_attributes":[],"footnotes":"","om_featured_image_focal_point":[],"om_primary_tag":0,"om_contributors":[],"om_co_authors":[],"beyondwords_generate_audio":"","beyondwords_project_id":"","beyondwords_content_id":"","beyondwords_preview_token":"","beyondwords_player_content":"","beyondwords_player_style":"","beyondwords_language_code":"","beyondwords_language_id":"","beyondwords_title_voice_id":"","beyondwords_body_voice_id":"","beyondwords_summary_voice_id":"","beyondwords_error_message":"","beyondwords_disabled":"","beyondwords_delete_content":"","beyondwords_podcast_id":"","beyondwords_hash":"","publish_post_to_speechkit":"","speechkit_hash":"","speechkit_generate_audio":"","speechkit_project_id":"","speechkit_podcast_id":"","speechkit_error_message":"","speechkit_disabled":"","speechkit_access_key":"","speechkit_error":"","speechkit_info":"","speechkit_response":"","speechkit_retries":"","speechkit_status":"","speechkit_updated_at":"","_speechkit_link":"","_speechkit_text":""},"categories":[1],"tags":[990,644],"class_list":["post-596","post","type-post","status-publish","format-standard","hentry","category-kuvien-takaa","tag-midnight-sun-film-festival","tag-sodankylan-elokuvajuhlat"],"om_views":null,"acf":{"tuuma_off":false,"tuuma_kysymys":"","tuuma_vastaus":""},"asauth":{"required_access_level":1,"share_token":"","is_paid":false},"yoast_head":"<!-- This site is optimized with the Yoast SEO plugin v26.4 - https:\/\/yoast.com\/wordpress\/plugins\/seo\/ -->\n<title>Sodankyl\u00e4n elokuvajuhlat: kaukana, niin l\u00e4hell\u00e4 - Kuvien takaa<\/title>\n<meta name=\"robots\" content=\"index, follow, max-snippet:-1, max-image-preview:large, max-video-preview:-1\" \/>\n<link rel=\"canonical\" href=\"https:\/\/suomenkuvalehti.fi\/kuvien-takaa\/sodankylan-elokuvajuhlat-kaukana-niin-lahella\/\" \/>\n<meta property=\"og:locale\" content=\"fi_FI\" \/>\n<meta property=\"og:type\" content=\"article\" \/>\n<meta property=\"og:title\" content=\"Sodankyl\u00e4n elokuvajuhlat: kaukana, niin l\u00e4hell\u00e4 - Kuvien takaa\" \/>\n<meta property=\"og:description\" content=\"Parhaan englanninkielisen elokuvalehden Sight &amp; Soundin p\u00e4\u00e4toimittaja k\u00e4vi Midnight Sun Film Festivalilla ja kirjoitti ihastuneen jutun. Allekirjoittanut puolestaan ei ole koskaan p\u00e4\u00e4ssyt Sodankyl\u00e4\u00e4n asti. Sodankyl\u00e4n elokuvajuhlat on tapahtuma, joka todella tunnetaan art house -&hellip;\" \/>\n<meta property=\"og:url\" content=\"https:\/\/suomenkuvalehti.fi\/kuvien-takaa\/sodankylan-elokuvajuhlat-kaukana-niin-lahella\/\" \/>\n<meta property=\"og:site_name\" content=\"Kuvien takaa\" \/>\n<meta property=\"article:author\" content=\"https:\/\/www.facebook.com\/pages\/Kalle-Kinnunen-Kuvien-takaa\/190326157715410?fref=ts\" \/>\n<meta property=\"article:published_time\" content=\"2011-07-11T14:59:00+00:00\" \/>\n<meta property=\"article:modified_time\" content=\"2013-11-29T13:24:37+00:00\" \/>\n<meta property=\"og:image\" content=\"https:\/\/suomenkuvalehti.fi\/kuvien-takaa\/wp-content\/uploads\/sites\/11\/2022\/04\/kalle_kinnunen_blogi-1-scaled.jpg\" \/>\n\t<meta property=\"og:image:width\" content=\"2560\" \/>\n\t<meta property=\"og:image:height\" content=\"1707\" \/>\n\t<meta property=\"og:image:type\" content=\"image\/jpeg\" \/>\n<meta name=\"author\" content=\"Kalle Kinnunen\" \/>\n<meta name=\"twitter:card\" content=\"summary_large_image\" \/>\n<meta name=\"twitter:creator\" content=\"@https:\/\/twitter.com\/kallekinnunen\" \/>\n<meta name=\"twitter:label1\" content=\"Written by\" \/>\n\t<meta name=\"twitter:data1\" content=\"Kalle Kinnunen\" \/>\n\t<meta name=\"twitter:label2\" content=\"Est. reading time\" \/>\n\t<meta name=\"twitter:data2\" content=\"2 minuuttia\" \/>\n<script type=\"application\/ld+json\" class=\"yoast-schema-graph\">{\"@context\":\"https:\/\/schema.org\",\"@graph\":[{\"@type\":\"WebPage\",\"@id\":\"https:\/\/suomenkuvalehti.fi\/kuvien-takaa\/sodankylan-elokuvajuhlat-kaukana-niin-lahella\/\",\"url\":\"https:\/\/suomenkuvalehti.fi\/kuvien-takaa\/sodankylan-elokuvajuhlat-kaukana-niin-lahella\/\",\"name\":\"Sodankyl\u00e4n elokuvajuhlat: kaukana, niin l\u00e4hell\u00e4 - Kuvien takaa\",\"isPartOf\":{\"@id\":\"https:\/\/suomenkuvalehti.fi\/kuvien-takaa\/#website\"},\"datePublished\":\"2011-07-11T14:59:00+00:00\",\"dateModified\":\"2013-11-29T13:24:37+00:00\",\"author\":{\"@id\":\"https:\/\/suomenkuvalehti.fi\/kuvien-takaa\/#\/schema\/person\/f3f657e4ad409e008f12af27bec60a23\"},\"breadcrumb\":{\"@id\":\"https:\/\/suomenkuvalehti.fi\/kuvien-takaa\/sodankylan-elokuvajuhlat-kaukana-niin-lahella\/#breadcrumb\"},\"inLanguage\":\"fi\",\"potentialAction\":[{\"@type\":\"ReadAction\",\"target\":[\"https:\/\/suomenkuvalehti.fi\/kuvien-takaa\/sodankylan-elokuvajuhlat-kaukana-niin-lahella\/\"]}]},{\"@type\":\"BreadcrumbList\",\"@id\":\"https:\/\/suomenkuvalehti.fi\/kuvien-takaa\/sodankylan-elokuvajuhlat-kaukana-niin-lahella\/#breadcrumb\",\"itemListElement\":[{\"@type\":\"ListItem\",\"position\":1,\"name\":\"Home\",\"item\":\"https:\/\/suomenkuvalehti.fi\/kuvien-takaa\/\"},{\"@type\":\"ListItem\",\"position\":2,\"name\":\"Sodankyl\u00e4n elokuvajuhlat: kaukana, niin l\u00e4hell\u00e4\"}]},{\"@type\":\"WebSite\",\"@id\":\"https:\/\/suomenkuvalehti.fi\/kuvien-takaa\/#website\",\"url\":\"https:\/\/suomenkuvalehti.fi\/kuvien-takaa\/\",\"name\":\"Kuvien takaa\",\"description\":\"Elokuvakriitikko Kalle Kinnusen elokuvablogi.\",\"potentialAction\":[{\"@type\":\"SearchAction\",\"target\":{\"@type\":\"EntryPoint\",\"urlTemplate\":\"https:\/\/suomenkuvalehti.fi\/haku\/?q={search_term_string}\"},\"query-input\":{\"@type\":\"PropertyValueSpecification\",\"valueRequired\":true,\"valueName\":\"search_term_string\"}}],\"inLanguage\":\"fi\"},{\"@type\":\"Person\",\"@id\":\"https:\/\/suomenkuvalehti.fi\/kuvien-takaa\/#\/schema\/person\/f3f657e4ad409e008f12af27bec60a23\",\"name\":\"Kalle Kinnunen\",\"image\":{\"@type\":\"ImageObject\",\"inLanguage\":\"fi\",\"@id\":\"https:\/\/suomenkuvalehti.fi\/kuvien-takaa\/#\/schema\/person\/image\/\",\"url\":\"https:\/\/suomenkuvalehti.fi\/kuvien-takaa\/wp-content\/uploads\/sites\/11\/2022\/04\/kalle_kinnunen_blogi-1-150x150.jpg\",\"contentUrl\":\"https:\/\/suomenkuvalehti.fi\/kuvien-takaa\/wp-content\/uploads\/sites\/11\/2022\/04\/kalle_kinnunen_blogi-1-150x150.jpg\",\"caption\":\"Kalle Kinnunen\"},\"description\":\"Kalle Kinnunen on vapaa toimittaja ja Suomen Kuvalehden avustaja.\",\"sameAs\":[\"https:\/\/www.facebook.com\/pages\/Kalle-Kinnunen-Kuvien-takaa\/190326157715410?fref=ts\",\"https:\/\/x.com\/https:\/\/twitter.com\/kallekinnunen\"]}]}<\/script>\n<!-- \/ Yoast SEO plugin. -->","yoast_head_json":{"title":"Sodankyl\u00e4n elokuvajuhlat: kaukana, niin l\u00e4hell\u00e4 - Kuvien takaa","robots":{"index":"index","follow":"follow","max-snippet":"max-snippet:-1","max-image-preview":"max-image-preview:large","max-video-preview":"max-video-preview:-1"},"canonical":"https:\/\/suomenkuvalehti.fi\/kuvien-takaa\/sodankylan-elokuvajuhlat-kaukana-niin-lahella\/","og_locale":"fi_FI","og_type":"article","og_title":"Sodankyl\u00e4n elokuvajuhlat: kaukana, niin l\u00e4hell\u00e4 - Kuvien takaa","og_description":"Parhaan englanninkielisen elokuvalehden Sight &amp; Soundin p\u00e4\u00e4toimittaja k\u00e4vi Midnight Sun Film Festivalilla ja kirjoitti ihastuneen jutun. Allekirjoittanut puolestaan ei ole koskaan p\u00e4\u00e4ssyt Sodankyl\u00e4\u00e4n asti. Sodankyl\u00e4n elokuvajuhlat on tapahtuma, joka todella tunnetaan art house -&hellip;","og_url":"https:\/\/suomenkuvalehti.fi\/kuvien-takaa\/sodankylan-elokuvajuhlat-kaukana-niin-lahella\/","og_site_name":"Kuvien takaa","article_author":"https:\/\/www.facebook.com\/pages\/Kalle-Kinnunen-Kuvien-takaa\/190326157715410?fref=ts","article_published_time":"2011-07-11T14:59:00+00:00","article_modified_time":"2013-11-29T13:24:37+00:00","og_image":[{"width":2560,"height":1707,"url":"https:\/\/suomenkuvalehti.fi\/kuvien-takaa\/wp-content\/uploads\/sites\/11\/2022\/04\/kalle_kinnunen_blogi-1-scaled.jpg","type":"image\/jpeg"}],"author":"Kalle Kinnunen","twitter_card":"summary_large_image","twitter_creator":"@https:\/\/twitter.com\/kallekinnunen","twitter_misc":{"Written by":"Kalle Kinnunen","Est. reading time":"2 minuuttia"},"schema":{"@context":"https:\/\/schema.org","@graph":[{"@type":"WebPage","@id":"https:\/\/suomenkuvalehti.fi\/kuvien-takaa\/sodankylan-elokuvajuhlat-kaukana-niin-lahella\/","url":"https:\/\/suomenkuvalehti.fi\/kuvien-takaa\/sodankylan-elokuvajuhlat-kaukana-niin-lahella\/","name":"Sodankyl\u00e4n elokuvajuhlat: kaukana, niin l\u00e4hell\u00e4 - Kuvien takaa","isPartOf":{"@id":"https:\/\/suomenkuvalehti.fi\/kuvien-takaa\/#website"},"datePublished":"2011-07-11T14:59:00+00:00","dateModified":"2013-11-29T13:24:37+00:00","author":{"@id":"https:\/\/suomenkuvalehti.fi\/kuvien-takaa\/#\/schema\/person\/f3f657e4ad409e008f12af27bec60a23"},"breadcrumb":{"@id":"https:\/\/suomenkuvalehti.fi\/kuvien-takaa\/sodankylan-elokuvajuhlat-kaukana-niin-lahella\/#breadcrumb"},"inLanguage":"fi","potentialAction":[{"@type":"ReadAction","target":["https:\/\/suomenkuvalehti.fi\/kuvien-takaa\/sodankylan-elokuvajuhlat-kaukana-niin-lahella\/"]}]},{"@type":"BreadcrumbList","@id":"https:\/\/suomenkuvalehti.fi\/kuvien-takaa\/sodankylan-elokuvajuhlat-kaukana-niin-lahella\/#breadcrumb","itemListElement":[{"@type":"ListItem","position":1,"name":"Home","item":"https:\/\/suomenkuvalehti.fi\/kuvien-takaa\/"},{"@type":"ListItem","position":2,"name":"Sodankyl\u00e4n elokuvajuhlat: kaukana, niin l\u00e4hell\u00e4"}]},{"@type":"WebSite","@id":"https:\/\/suomenkuvalehti.fi\/kuvien-takaa\/#website","url":"https:\/\/suomenkuvalehti.fi\/kuvien-takaa\/","name":"Kuvien takaa","description":"Elokuvakriitikko Kalle Kinnusen elokuvablogi.","potentialAction":[{"@type":"SearchAction","target":{"@type":"EntryPoint","urlTemplate":"https:\/\/suomenkuvalehti.fi\/haku\/?q={search_term_string}"},"query-input":{"@type":"PropertyValueSpecification","valueRequired":true,"valueName":"search_term_string"}}],"inLanguage":"fi"},{"@type":"Person","@id":"https:\/\/suomenkuvalehti.fi\/kuvien-takaa\/#\/schema\/person\/f3f657e4ad409e008f12af27bec60a23","name":"Kalle Kinnunen","image":{"@type":"ImageObject","inLanguage":"fi","@id":"https:\/\/suomenkuvalehti.fi\/kuvien-takaa\/#\/schema\/person\/image\/","url":"https:\/\/suomenkuvalehti.fi\/kuvien-takaa\/wp-content\/uploads\/sites\/11\/2022\/04\/kalle_kinnunen_blogi-1-150x150.jpg","contentUrl":"https:\/\/suomenkuvalehti.fi\/kuvien-takaa\/wp-content\/uploads\/sites\/11\/2022\/04\/kalle_kinnunen_blogi-1-150x150.jpg","caption":"Kalle Kinnunen"},"description":"Kalle Kinnunen on vapaa toimittaja ja Suomen Kuvalehden avustaja.","sameAs":["https:\/\/www.facebook.com\/pages\/Kalle-Kinnunen-Kuvien-takaa\/190326157715410?fref=ts","https:\/\/x.com\/https:\/\/twitter.com\/kallekinnunen"]}]}},"_links":{"self":[{"href":"https:\/\/suomenkuvalehti.fi\/kuvien-takaa\/wp-json\/wp\/v2\/posts\/596","targetHints":{"allow":["GET"]}}],"collection":[{"href":"https:\/\/suomenkuvalehti.fi\/kuvien-takaa\/wp-json\/wp\/v2\/posts"}],"about":[{"href":"https:\/\/suomenkuvalehti.fi\/kuvien-takaa\/wp-json\/wp\/v2\/types\/post"}],"author":[{"embeddable":true,"href":"https:\/\/suomenkuvalehti.fi\/kuvien-takaa\/wp-json\/wp\/v2\/users\/144"}],"replies":[{"embeddable":true,"href":"https:\/\/suomenkuvalehti.fi\/kuvien-takaa\/wp-json\/wp\/v2\/comments?post=596"}],"version-history":[{"count":1,"href":"https:\/\/suomenkuvalehti.fi\/kuvien-takaa\/wp-json\/wp\/v2\/posts\/596\/revisions"}],"predecessor-version":[{"id":1336,"href":"https:\/\/suomenkuvalehti.fi\/kuvien-takaa\/wp-json\/wp\/v2\/posts\/596\/revisions\/1336"}],"wp:attachment":[{"href":"https:\/\/suomenkuvalehti.fi\/kuvien-takaa\/wp-json\/wp\/v2\/media?parent=596"}],"wp:term":[{"taxonomy":"category","embeddable":true,"href":"https:\/\/suomenkuvalehti.fi\/kuvien-takaa\/wp-json\/wp\/v2\/categories?post=596"},{"taxonomy":"post_tag","embeddable":true,"href":"https:\/\/suomenkuvalehti.fi\/kuvien-takaa\/wp-json\/wp\/v2\/tags?post=596"}],"curies":[{"name":"wp","href":"https:\/\/api.w.org\/{rel}","templated":true}]}}