{"id":577,"date":"2011-08-30T08:17:00","date_gmt":"2011-08-30T05:17:00","guid":{"rendered":"https:\/\/suomenkuvalehti.fi\/kuvientakaa\/2011\/08\/30\/onko-david-lynchin-elokuvaura-ohi\/"},"modified":"2013-11-29T15:24:34","modified_gmt":"2013-11-29T13:24:34","slug":"onko-david-lynchin-elokuvaura-ohi","status":"publish","type":"post","link":"https:\/\/suomenkuvalehti.fi\/kuvien-takaa\/onko-david-lynchin-elokuvaura-ohi\/","title":{"rendered":"Onko David Lynchin elokuvaura ohi?"},"content":{"rendered":"\n<p><em>Inland Empirest\u00e4<\/em> on viisi vuotta, eik\u00e4 <strong>David Lynch<\/strong> ole aloittanut uuden n\u00e4ytelm\u00e4elokuvan tuotantoa. Sellaisesta ei ole ollut edes puhetta. Lynch on kuitenkin v\u00e4lill\u00e4 otsikoissa ulkoelokuvallisten, eik\u00e4 v\u00e4ltt\u00e4m\u00e4tt\u00e4 kovin taiteellisten puuhien vuoksi: ainakin h\u00e4n on avaamassa <em>y\u00f6kerhoa<\/em>.<\/p>\n\n\n\n\n<p>The Guardianin blogissa <strong>Danny Leigh<\/strong> arveli, ett\u00e4 Lynch on k\u00e4yt\u00e4nn\u00f6ss\u00e4 <a href=\"http:\/\/www.guardian.co.uk\/film\/filmblog\/2011\/aug\/19\/has-david-lynch-retired\">j\u00e4tt\u00e4nyt elokuvat<\/a>.<\/p>\n\n\n\n<p>Leigh siteeraa toista amerikkalaista vastarannan ohjaajaa:<\/p>\n\n\n\n<p><em>&#8221;The news was broken by another one-off of the old school, Abel Ferrara, who in the course of a recent interview let slip that his compadre &#8217;doesn&#8217;t even want to make films any more. I&#8217;ve talked to him about it, OK? I can tell when he talks about it.'&#8221;<\/em><\/p>\n\n\n\n<p>My\u00f6hemmin t\u00e4n\u00e4 vuonna Lynch on julkaisemassa elektropop-albumin, josta saatiin jo n\u00e4yte <a href=\"https:\/\/www.youtube.com\/watch?v=RPmTRKB5Bdg\">Good Day Today<\/a>. Suunnitelmia <a href=\"http:\/\/www.davidlynchfoundation.org\/\">joogalentokeskusten<\/a> rakentamiseksi on tuskin hyl\u00e4tty.<\/p>\n\n\n\n<p>J\u00e4\u00e4k\u00f6 <a href=\"https:\/\/suomenkuvalehti.fi\/kuvientakaa\/2010\/06\/03\/mestarihammentaja-david-lynchin-uusi-elokuva-lady-blue-shanghai\/\">taannoinen Dior-mainos<\/a> ohjaajan viimeiseksi elokuvaksi?<\/p>\n\n\n\n<p>(Menetys olisi aika iso. Kahdeksan vuotta sitten samaisen <a href=\"http:\/\/film.guardian.co.uk\/features\/page\/0,11456,1082823,00.html\">The Guardianin asiantuntijat valitsivat<\/a> Lynchin maailman parhaaksi tai ainakin kiinnostavimmaksi ohjaajaksi.)<\/p>\n\n\n\n<p>Mutta ihan oikeasti, kyll\u00e4 t\u00e4m\u00e4 <a href=\"http:\/\/www.guardian.co.uk\/film\/2011\/jun\/14\/david-lynch-club-silencio-pari\">&#8221;Club Silencio&#8221; -klubihomma<\/a> nyt tuntuu vain ankealta vaihtoehtokulttuuriv\u00e4en ved\u00e4tt\u00e4miselt\u00e4: alkoholihuvipuisto turisteille, joiden mielest\u00e4 Lynch on niinku silleen aika outo ja cool.<\/p>\n\n\n","protected":false},"excerpt":{"rendered":"<p>Inland Empirest\u00e4 on viisi vuotta, eik\u00e4 David Lynch ole aloittanut uuden n\u00e4ytelm\u00e4elokuvan tuotantoa. Sellaisesta ei ole ollut edes puhetta. Lynch on kuitenkin v\u00e4lill\u00e4 otsikoissa ulkoelokuvallisten, eik\u00e4 v\u00e4ltt\u00e4m\u00e4tt\u00e4 kovin taiteellisten puuhien vuoksi: ainakin h\u00e4n on avaamassa<br \/>\ny\u00f6kerhoa. T&hellip;<\/p>\n","protected":false},"author":144,"featured_media":0,"comment_status":"open","ping_status":"open","sticky":false,"template":"","format":"standard","meta":{"_acf_changed":false,"asauth_required_access_level":0,"asauth_cansharepaid":"","om_header_attributes":[],"footnotes":"","om_featured_image_focal_point":[],"om_primary_tag":0,"om_contributors":[],"om_co_authors":[],"beyondwords_generate_audio":"","beyondwords_project_id":"","beyondwords_content_id":"","beyondwords_preview_token":"","beyondwords_player_content":"","beyondwords_player_style":"","beyondwords_language_code":"","beyondwords_language_id":"","beyondwords_title_voice_id":"","beyondwords_body_voice_id":"","beyondwords_summary_voice_id":"","beyondwords_error_message":"","beyondwords_disabled":"","beyondwords_delete_content":"","beyondwords_podcast_id":"","beyondwords_hash":"","publish_post_to_speechkit":"","speechkit_hash":"","speechkit_generate_audio":"","speechkit_project_id":"","speechkit_podcast_id":"","speechkit_error_message":"","speechkit_disabled":"","speechkit_access_key":"","speechkit_error":"","speechkit_info":"","speechkit_response":"","speechkit_retries":"","speechkit_status":"","speechkit_updated_at":"","_speechkit_link":"","_speechkit_text":""},"categories":[1],"tags":[882,973,974],"class_list":["post-577","post","type-post","status-publish","format-standard","hentry","category-kuvien-takaa","tag-david-lynch","tag-inland-empire","tag-mulholland-drive"],"om_views":null,"acf":{"tuuma_off":false,"tuuma_kysymys":"","tuuma_vastaus":""},"asauth":{"required_access_level":1,"share_token":"","is_paid":false},"yoast_head":"<!-- This site is optimized with the Yoast SEO plugin v26.4 - https:\/\/yoast.com\/wordpress\/plugins\/seo\/ -->\n<title>Onko David Lynchin elokuvaura ohi? - Kuvien takaa<\/title>\n<meta name=\"robots\" content=\"index, follow, max-snippet:-1, max-image-preview:large, max-video-preview:-1\" \/>\n<link rel=\"canonical\" href=\"https:\/\/suomenkuvalehti.fi\/kuvien-takaa\/onko-david-lynchin-elokuvaura-ohi\/\" \/>\n<meta property=\"og:locale\" content=\"fi_FI\" \/>\n<meta property=\"og:type\" content=\"article\" \/>\n<meta property=\"og:title\" content=\"Onko David Lynchin elokuvaura ohi? - Kuvien takaa\" \/>\n<meta property=\"og:description\" content=\"Inland Empirest\u00e4 on viisi vuotta, eik\u00e4 David Lynch ole aloittanut uuden n\u00e4ytelm\u00e4elokuvan tuotantoa. Sellaisesta ei ole ollut edes puhetta. Lynch on kuitenkin v\u00e4lill\u00e4 otsikoissa ulkoelokuvallisten, eik\u00e4 v\u00e4ltt\u00e4m\u00e4tt\u00e4 kovin taiteellisten puuhien vuoksi: ainakin h\u00e4n on avaamassa y\u00f6kerhoa. T&hellip;\" \/>\n<meta property=\"og:url\" content=\"https:\/\/suomenkuvalehti.fi\/kuvien-takaa\/onko-david-lynchin-elokuvaura-ohi\/\" \/>\n<meta property=\"og:site_name\" content=\"Kuvien takaa\" \/>\n<meta property=\"article:author\" content=\"https:\/\/www.facebook.com\/pages\/Kalle-Kinnunen-Kuvien-takaa\/190326157715410?fref=ts\" \/>\n<meta property=\"article:published_time\" content=\"2011-08-30T05:17:00+00:00\" \/>\n<meta property=\"article:modified_time\" content=\"2013-11-29T13:24:34+00:00\" \/>\n<meta property=\"og:image\" content=\"https:\/\/suomenkuvalehti.fi\/kuvien-takaa\/wp-content\/uploads\/sites\/11\/2022\/04\/kalle_kinnunen_blogi-1-scaled.jpg\" \/>\n\t<meta property=\"og:image:width\" content=\"2560\" \/>\n\t<meta property=\"og:image:height\" content=\"1707\" \/>\n\t<meta property=\"og:image:type\" content=\"image\/jpeg\" \/>\n<meta name=\"author\" content=\"Kalle Kinnunen\" \/>\n<meta name=\"twitter:card\" content=\"summary_large_image\" \/>\n<meta name=\"twitter:creator\" content=\"@https:\/\/twitter.com\/kallekinnunen\" \/>\n<meta name=\"twitter:label1\" content=\"Written by\" \/>\n\t<meta name=\"twitter:data1\" content=\"Kalle Kinnunen\" \/>\n\t<meta name=\"twitter:label2\" content=\"Est. reading time\" \/>\n\t<meta name=\"twitter:data2\" content=\"1 minuutti\" \/>\n<script type=\"application\/ld+json\" class=\"yoast-schema-graph\">{\"@context\":\"https:\/\/schema.org\",\"@graph\":[{\"@type\":\"WebPage\",\"@id\":\"https:\/\/suomenkuvalehti.fi\/kuvien-takaa\/onko-david-lynchin-elokuvaura-ohi\/\",\"url\":\"https:\/\/suomenkuvalehti.fi\/kuvien-takaa\/onko-david-lynchin-elokuvaura-ohi\/\",\"name\":\"Onko David Lynchin elokuvaura ohi? - Kuvien takaa\",\"isPartOf\":{\"@id\":\"https:\/\/suomenkuvalehti.fi\/kuvien-takaa\/#website\"},\"datePublished\":\"2011-08-30T05:17:00+00:00\",\"dateModified\":\"2013-11-29T13:24:34+00:00\",\"author\":{\"@id\":\"https:\/\/suomenkuvalehti.fi\/kuvien-takaa\/#\/schema\/person\/f3f657e4ad409e008f12af27bec60a23\"},\"breadcrumb\":{\"@id\":\"https:\/\/suomenkuvalehti.fi\/kuvien-takaa\/onko-david-lynchin-elokuvaura-ohi\/#breadcrumb\"},\"inLanguage\":\"fi\",\"potentialAction\":[{\"@type\":\"ReadAction\",\"target\":[\"https:\/\/suomenkuvalehti.fi\/kuvien-takaa\/onko-david-lynchin-elokuvaura-ohi\/\"]}]},{\"@type\":\"BreadcrumbList\",\"@id\":\"https:\/\/suomenkuvalehti.fi\/kuvien-takaa\/onko-david-lynchin-elokuvaura-ohi\/#breadcrumb\",\"itemListElement\":[{\"@type\":\"ListItem\",\"position\":1,\"name\":\"Home\",\"item\":\"https:\/\/suomenkuvalehti.fi\/kuvien-takaa\/\"},{\"@type\":\"ListItem\",\"position\":2,\"name\":\"Onko David Lynchin elokuvaura ohi?\"}]},{\"@type\":\"WebSite\",\"@id\":\"https:\/\/suomenkuvalehti.fi\/kuvien-takaa\/#website\",\"url\":\"https:\/\/suomenkuvalehti.fi\/kuvien-takaa\/\",\"name\":\"Kuvien takaa\",\"description\":\"Elokuvakriitikko Kalle Kinnusen elokuvablogi.\",\"potentialAction\":[{\"@type\":\"SearchAction\",\"target\":{\"@type\":\"EntryPoint\",\"urlTemplate\":\"https:\/\/suomenkuvalehti.fi\/haku\/?q={search_term_string}\"},\"query-input\":{\"@type\":\"PropertyValueSpecification\",\"valueRequired\":true,\"valueName\":\"search_term_string\"}}],\"inLanguage\":\"fi\"},{\"@type\":\"Person\",\"@id\":\"https:\/\/suomenkuvalehti.fi\/kuvien-takaa\/#\/schema\/person\/f3f657e4ad409e008f12af27bec60a23\",\"name\":\"Kalle Kinnunen\",\"image\":{\"@type\":\"ImageObject\",\"inLanguage\":\"fi\",\"@id\":\"https:\/\/suomenkuvalehti.fi\/kuvien-takaa\/#\/schema\/person\/image\/\",\"url\":\"https:\/\/suomenkuvalehti.fi\/kuvien-takaa\/wp-content\/uploads\/sites\/11\/2022\/04\/kalle_kinnunen_blogi-1-150x150.jpg\",\"contentUrl\":\"https:\/\/suomenkuvalehti.fi\/kuvien-takaa\/wp-content\/uploads\/sites\/11\/2022\/04\/kalle_kinnunen_blogi-1-150x150.jpg\",\"caption\":\"Kalle Kinnunen\"},\"description\":\"Kalle Kinnunen on vapaa toimittaja ja Suomen Kuvalehden avustaja.\",\"sameAs\":[\"https:\/\/www.facebook.com\/pages\/Kalle-Kinnunen-Kuvien-takaa\/190326157715410?fref=ts\",\"https:\/\/x.com\/https:\/\/twitter.com\/kallekinnunen\"]}]}<\/script>\n<!-- \/ Yoast SEO plugin. -->","yoast_head_json":{"title":"Onko David Lynchin elokuvaura ohi? - Kuvien takaa","robots":{"index":"index","follow":"follow","max-snippet":"max-snippet:-1","max-image-preview":"max-image-preview:large","max-video-preview":"max-video-preview:-1"},"canonical":"https:\/\/suomenkuvalehti.fi\/kuvien-takaa\/onko-david-lynchin-elokuvaura-ohi\/","og_locale":"fi_FI","og_type":"article","og_title":"Onko David Lynchin elokuvaura ohi? - Kuvien takaa","og_description":"Inland Empirest\u00e4 on viisi vuotta, eik\u00e4 David Lynch ole aloittanut uuden n\u00e4ytelm\u00e4elokuvan tuotantoa. Sellaisesta ei ole ollut edes puhetta. Lynch on kuitenkin v\u00e4lill\u00e4 otsikoissa ulkoelokuvallisten, eik\u00e4 v\u00e4ltt\u00e4m\u00e4tt\u00e4 kovin taiteellisten puuhien vuoksi: ainakin h\u00e4n on avaamassa y\u00f6kerhoa. T&hellip;","og_url":"https:\/\/suomenkuvalehti.fi\/kuvien-takaa\/onko-david-lynchin-elokuvaura-ohi\/","og_site_name":"Kuvien takaa","article_author":"https:\/\/www.facebook.com\/pages\/Kalle-Kinnunen-Kuvien-takaa\/190326157715410?fref=ts","article_published_time":"2011-08-30T05:17:00+00:00","article_modified_time":"2013-11-29T13:24:34+00:00","og_image":[{"width":2560,"height":1707,"url":"https:\/\/suomenkuvalehti.fi\/kuvien-takaa\/wp-content\/uploads\/sites\/11\/2022\/04\/kalle_kinnunen_blogi-1-scaled.jpg","type":"image\/jpeg"}],"author":"Kalle Kinnunen","twitter_card":"summary_large_image","twitter_creator":"@https:\/\/twitter.com\/kallekinnunen","twitter_misc":{"Written by":"Kalle Kinnunen","Est. reading time":"1 minuutti"},"schema":{"@context":"https:\/\/schema.org","@graph":[{"@type":"WebPage","@id":"https:\/\/suomenkuvalehti.fi\/kuvien-takaa\/onko-david-lynchin-elokuvaura-ohi\/","url":"https:\/\/suomenkuvalehti.fi\/kuvien-takaa\/onko-david-lynchin-elokuvaura-ohi\/","name":"Onko David Lynchin elokuvaura ohi? - Kuvien takaa","isPartOf":{"@id":"https:\/\/suomenkuvalehti.fi\/kuvien-takaa\/#website"},"datePublished":"2011-08-30T05:17:00+00:00","dateModified":"2013-11-29T13:24:34+00:00","author":{"@id":"https:\/\/suomenkuvalehti.fi\/kuvien-takaa\/#\/schema\/person\/f3f657e4ad409e008f12af27bec60a23"},"breadcrumb":{"@id":"https:\/\/suomenkuvalehti.fi\/kuvien-takaa\/onko-david-lynchin-elokuvaura-ohi\/#breadcrumb"},"inLanguage":"fi","potentialAction":[{"@type":"ReadAction","target":["https:\/\/suomenkuvalehti.fi\/kuvien-takaa\/onko-david-lynchin-elokuvaura-ohi\/"]}]},{"@type":"BreadcrumbList","@id":"https:\/\/suomenkuvalehti.fi\/kuvien-takaa\/onko-david-lynchin-elokuvaura-ohi\/#breadcrumb","itemListElement":[{"@type":"ListItem","position":1,"name":"Home","item":"https:\/\/suomenkuvalehti.fi\/kuvien-takaa\/"},{"@type":"ListItem","position":2,"name":"Onko David Lynchin elokuvaura ohi?"}]},{"@type":"WebSite","@id":"https:\/\/suomenkuvalehti.fi\/kuvien-takaa\/#website","url":"https:\/\/suomenkuvalehti.fi\/kuvien-takaa\/","name":"Kuvien takaa","description":"Elokuvakriitikko Kalle Kinnusen elokuvablogi.","potentialAction":[{"@type":"SearchAction","target":{"@type":"EntryPoint","urlTemplate":"https:\/\/suomenkuvalehti.fi\/haku\/?q={search_term_string}"},"query-input":{"@type":"PropertyValueSpecification","valueRequired":true,"valueName":"search_term_string"}}],"inLanguage":"fi"},{"@type":"Person","@id":"https:\/\/suomenkuvalehti.fi\/kuvien-takaa\/#\/schema\/person\/f3f657e4ad409e008f12af27bec60a23","name":"Kalle Kinnunen","image":{"@type":"ImageObject","inLanguage":"fi","@id":"https:\/\/suomenkuvalehti.fi\/kuvien-takaa\/#\/schema\/person\/image\/","url":"https:\/\/suomenkuvalehti.fi\/kuvien-takaa\/wp-content\/uploads\/sites\/11\/2022\/04\/kalle_kinnunen_blogi-1-150x150.jpg","contentUrl":"https:\/\/suomenkuvalehti.fi\/kuvien-takaa\/wp-content\/uploads\/sites\/11\/2022\/04\/kalle_kinnunen_blogi-1-150x150.jpg","caption":"Kalle Kinnunen"},"description":"Kalle Kinnunen on vapaa toimittaja ja Suomen Kuvalehden avustaja.","sameAs":["https:\/\/www.facebook.com\/pages\/Kalle-Kinnunen-Kuvien-takaa\/190326157715410?fref=ts","https:\/\/x.com\/https:\/\/twitter.com\/kallekinnunen"]}]}},"_links":{"self":[{"href":"https:\/\/suomenkuvalehti.fi\/kuvien-takaa\/wp-json\/wp\/v2\/posts\/577","targetHints":{"allow":["GET"]}}],"collection":[{"href":"https:\/\/suomenkuvalehti.fi\/kuvien-takaa\/wp-json\/wp\/v2\/posts"}],"about":[{"href":"https:\/\/suomenkuvalehti.fi\/kuvien-takaa\/wp-json\/wp\/v2\/types\/post"}],"author":[{"embeddable":true,"href":"https:\/\/suomenkuvalehti.fi\/kuvien-takaa\/wp-json\/wp\/v2\/users\/144"}],"replies":[{"embeddable":true,"href":"https:\/\/suomenkuvalehti.fi\/kuvien-takaa\/wp-json\/wp\/v2\/comments?post=577"}],"version-history":[{"count":1,"href":"https:\/\/suomenkuvalehti.fi\/kuvien-takaa\/wp-json\/wp\/v2\/posts\/577\/revisions"}],"predecessor-version":[{"id":1327,"href":"https:\/\/suomenkuvalehti.fi\/kuvien-takaa\/wp-json\/wp\/v2\/posts\/577\/revisions\/1327"}],"wp:attachment":[{"href":"https:\/\/suomenkuvalehti.fi\/kuvien-takaa\/wp-json\/wp\/v2\/media?parent=577"}],"wp:term":[{"taxonomy":"category","embeddable":true,"href":"https:\/\/suomenkuvalehti.fi\/kuvien-takaa\/wp-json\/wp\/v2\/categories?post=577"},{"taxonomy":"post_tag","embeddable":true,"href":"https:\/\/suomenkuvalehti.fi\/kuvien-takaa\/wp-json\/wp\/v2\/tags?post=577"}],"curies":[{"name":"wp","href":"https:\/\/api.w.org\/{rel}","templated":true}]}}