{"id":5712,"date":"2021-08-31T07:45:45","date_gmt":"2021-08-31T04:45:45","guid":{"rendered":"https:\/\/suomenkuvalehti.fi\/kuvien-takaa\/?p=5712"},"modified":"2021-08-31T07:54:59","modified_gmt":"2021-08-31T04:54:59","slug":"isa-luokkakokous-katsotuin-elokuva-suomessa","status":"publish","type":"post","link":"https:\/\/suomenkuvalehti.fi\/kuvien-takaa\/isa-luokkakokous-katsotuin-elokuva-suomessa\/","title":{"rendered":"Anthony Hopkins-draama Is\u00e4 syrj\u00e4ytti katsojatilastossa Luokkakokouksen"},"content":{"rendered":"\n<p>Viikonlopun katsotuin elokuva Suomessa oli <em>Is\u00e4<\/em>. Se syrj\u00e4ytti ykk\u00f6ssijalta <em>Luokkakokous 3:n<\/em>.<\/p>\n\n\n\n<p>Siin\u00e4 ei ole sin\u00e4ns\u00e4 mit\u00e4\u00e4n tavatonta, ett\u00e4 joku elokuva ei ole en\u00e4\u00e4 ykk\u00f6nen. Luokkis kolmosella oli jo takanaan nelj\u00e4 kokonaista esitysviikkoa ja v\u00e4h\u00e4n p\u00e4\u00e4lle (ensi-ilta oli keskiviikkona, ei perjantaina).<\/p>\n\n\n\n<p>Ep\u00e4tavallista on se, ett\u00e4 kolmatta viikkoaan aloittanut Is\u00e4, p\u00e4\u00e4osissa <strong>Anthony Hopkins<\/strong> ja <strong>Olivia Colman<\/strong>, on nostanut katsojalukujaan ja vet\u00e4\u00e4 nyt hyvin tasaisesti, vastavirtaan. Rajoitukset p\u00e4\u00e4kaupunkiseudulla eiv\u00e4t k\u00e4yt\u00e4nn\u00f6ss\u00e4 ole yleis\u00f6n kannalta muuttuneet, joten syy ei ole siin\u00e4.<\/p>\n\n\n\n<p>Keskeinen syy on, ett\u00e4 t\u00e4st\u00e4 elokuvasta pidet\u00e4\u00e4n ja puhutaan. Hyvin harvalle elokuvalle ylip\u00e4\u00e4ns\u00e4 k\u00e4y niin, ett\u00e4 katsojam\u00e4\u00e4r\u00e4 nousee toisella viikolla, mutta Is\u00e4 teki t\u00e4m\u00e4n tempun, ja piti nyt toisena viikonloppunaan pintansa paremmin kuin mik\u00e4\u00e4n muu elokuva Suomen laskusuuntaisessa top kympiss\u00e4.<\/p>\n\n\n<p><iframe loading=\"lazy\" title=\"IS\u00c4 (The Father) elokuvateattereissa 2021. Virallinen traileri.\" width=\"630\" height=\"354\" src=\"https:\/\/www.youtube.com\/embed\/0KxCihQ7lno?feature=oembed\" frameborder=\"0\" allow=\"accelerometer; autoplay; clipboard-write; encrypted-media; gyroscope; picture-in-picture\" allowfullscreen><\/iframe><\/p>\n\n<p>Tietysti <strong>Florian Zellerin<\/strong> ohjaama, alunperin ranskankieliseen n\u00e4ytelm\u00e4\u00e4n perustuva muistisairausdraama, p\u00e4\u00e4osissa loisteliaat ja profiileiltaan mit\u00e4 arvokkaimmat Hopkins ja Colman, on tietylle yleis\u00f6lle kutakuinkin t\u00e4ydellinen teos, etenkin kun se on viel\u00e4 hyv\u00e4.<\/p>\n\n\n\n<p>Ja juuri t\u00e4m\u00e4 yleis\u00f6 haluaa nyt k\u00e4yd\u00e4 elokuvissa! He ovat arvatenkin tuplarokotettuja, janoavat kulttuurin pariin ja takaisin normaaliin.<\/p>\n\n\n\n<p>He my\u00f6s tiet\u00e4v\u00e4t ja sis\u00e4ist\u00e4v\u00e4t, ett\u00e4 elokuvateatterit ovat auki. (Siin\u00e4p\u00e4 onkin er\u00e4s pandemian loppusuoran probleema: kun jokin on pitk\u00e4\u00e4n kiinni, miten saada se taas osaksi arkista ajattelua?) Osassa maata rajoituksetkaan eiv\u00e4t en\u00e4\u00e4 kauheasti haittaa. Helsingiss\u00e4 n\u00e4yt\u00f6ksi\u00e4 myyd\u00e4\u00e4n loppuun, kun penkkej\u00e4 on rajoituksista johtuen saatavilla niin v\u00e4h\u00e4n.<\/p>\n\n\n\n<p>Pandemia on kurittanut elokuvateattereita ja elokuvia ankarasti. Elokuun lopun pit\u00e4isi olla syyssesongin alkua, mutta viikonloppuna koko maassa tilastoitiin noin 30 000 elokuvissak\u00e4ynti\u00e4 \u2013 pandemiaa edelt\u00e4vin\u00e4 vuosina vastaavan viikonlopun keskiarvo oli l\u00e4hes 100 000. Nyt viikonloppuna uusia ensi-iltoja oli vain kaksi, lastenelokuva <em>Ainbo<\/em> ja uusintana n\u00e4ht\u00e4v\u00e4 <strong>Wong Kar-wain<\/strong> merkkiteos <em>Chungking Express<\/em> (1994).<\/p>\n\n\n\n<p>Is\u00e4ll\u00e4 on jo 28 000 katsojaa. Se olisi normaalioloissakin hyv\u00e4 luku art houselle ja draamalle, mutta voidaan vain arvailla, millainen menestys se olisikaan ollut ilman rajoituksia ja muuta pandemian taakkaa. Toki voi spekuloida sit\u00e4kin, onko se juuri rajoittuneen tarjonnan \u2013 ensi-iltoja uskalletaan nyt toteuttaa l\u00e4hinn\u00e4 rohkeudesta tai pakosta \u2013 tilanteessa poikkeuksellisen vetovoimainen voittaja.<\/p>\n\n\n\n<p><strong>Renny Harlinin<\/strong> ohjaamalla Luokkakokous 3:lla oli maanantaiaamuun menness\u00e4 132 000 katsojaa. Se on ylivoimaisesti vuoden katsotuin elokuva Suomessa. Saavutusta himment\u00e4\u00e4 tieto, ett\u00e4 ensimm\u00e4inen Luokkakokous sai miltei vastaavan m\u00e4\u00e4r\u00e4n katsojia <a href=\"https:\/\/elokuvauutiset.fi\/site\/uutiset2\/5909-luokkakokous-sai-yli-100-000-katsojaa-kolmessa-paivassa\" target=\"_blank\" rel=\"noopener\">viidess\u00e4 p\u00e4iv\u00e4ss\u00e4<\/a>.<\/p>\n\n\n\n<p>Luokkakokous kolmosen ja Is\u00e4n katsojavirtoja ei voi l\u00e4ht\u00f6kohtaisesti reilusti verrata juuri t\u00e4st\u00e4 syyst\u00e4. Luokkikset ovat nuorehkon yleis\u00f6n ns. rynt\u00e4yselokuvia, joiden katsojat tiet\u00e4v\u00e4t jo ensi-iltap\u00e4iv\u00e4n\u00e4 haluavansa n\u00e4hd\u00e4 t\u00e4m\u00e4n jutun mahdollisimman pian. Katsojista jopa puolet n\u00e4kee elokuvan parin ensimm\u00e4isen viikon aikana. Vanhempi yleis\u00f6 liikkuu hitaammin. Tosin vanhemmankin yleis\u00f6n elokuvilla ensi-iltaviikonloppu on nyky\u00e4\u00e4n l\u00e4hes poikkeuksetta katsojaluvuiltaan paras \u2013 markkinointipiikki on t\u00e4hd\u00e4tty siihen my\u00f6s siksi, ett\u00e4 menestyksen toteutuessa luvut rohkaisevat elokuvateatteria pit\u00e4m\u00e4\u00e4n leffan mahdollisimman suuressa salissa.<\/p>\n\n\n\n<p>Rajoittuneen tarjonnan tilanteessa ja p\u00e4\u00e4kaupunkiseudulle kohdistuvien rajoitusten paineessa on kenties tyhm\u00e4\u00e4 tehd\u00e4 yleist\u00e4vi\u00e4 havaintoja, mutta teenp\u00e4 silti.<\/p>\n\n\n\n<p>Katsojatilastoja tiirailemalla voisi p\u00e4\u00e4tell\u00e4, ett\u00e4 top-listalla pysytelleet elokuvat ovat pandemiavuoden 2021 kes\u00e4kaudella vet\u00e4neet keskim\u00e4\u00e4rin ehk\u00e4p\u00e4 v\u00e4h\u00e4n alle puolet tai kolmasosan siit\u00e4 yleis\u00f6m\u00e4\u00e4r\u00e4st\u00e4, jota ne olisivat samojen br\u00e4ndien ja franchisejen (Marvel, Fast and Furious&#8230;) ja genrejen aiempien tulosten perusteella teattereissa normioloissa saavuttaneet. T\u00e4ll\u00e4 p\u00e4\u00e4ttelyll\u00e4 Luokkakokous 3 olisi kutakuinkin edelt\u00e4jiens\u00e4 veroinen menestys, vaikka siit\u00e4 ei ehk\u00e4 nyt j\u00e4\u00e4nytk\u00e4\u00e4n taskuihin ollenkaan sit\u00e4, mit\u00e4 toivottiin. Nelososaa odotellessa.<\/p>\n\n\n","protected":false},"excerpt":{"rendered":"<p>Viikonlopun katsotuin elokuva Suomessa oli Is\u00e4. Se syrj\u00e4ytti ykk\u00f6ssijalta Luokkakokous 3:n. Siin\u00e4 ei ole sin\u00e4ns\u00e4 mit\u00e4\u00e4n tavatonta, ett\u00e4 joku elokuva ei ole en\u00e4\u00e4 ykk\u00f6nen. Luokkis kolmosella oli jo takanaan nelj\u00e4 kokonaista esitysviikkoa ja v\u00e4h\u00e4n<br \/>\np\u00e4\u00e4lle (ensi-i&hellip;<\/p>\n","protected":false},"author":144,"featured_media":0,"comment_status":"open","ping_status":"closed","sticky":false,"template":"","format":"standard","meta":{"_acf_changed":false,"asauth_required_access_level":3,"asauth_cansharepaid":"true","om_header_attributes":[],"footnotes":"","om_featured_image_focal_point":[],"om_primary_tag":0,"om_contributors":[],"om_co_authors":[],"beyondwords_generate_audio":"","beyondwords_project_id":"","beyondwords_content_id":"","beyondwords_preview_token":"","beyondwords_player_content":"","beyondwords_player_style":"","beyondwords_language_code":"","beyondwords_language_id":"","beyondwords_title_voice_id":"","beyondwords_body_voice_id":"","beyondwords_summary_voice_id":"","beyondwords_error_message":"","beyondwords_disabled":"","beyondwords_delete_content":"","beyondwords_podcast_id":"","beyondwords_hash":"","publish_post_to_speechkit":"","speechkit_hash":"","speechkit_generate_audio":"","speechkit_project_id":"","speechkit_podcast_id":"","speechkit_error_message":"","speechkit_disabled":"","speechkit_access_key":"","speechkit_error":"","speechkit_info":"","speechkit_response":"","speechkit_retries":"","speechkit_status":"","speechkit_updated_at":"","_speechkit_link":"","_speechkit_text":""},"categories":[1],"tags":[99,2738,2704,2719,10],"class_list":["post-5712","post","type-post","status-publish","format-standard","hentry","category-kuvien-takaa","tag-elokuvateatterit","tag-isa","tag-luokkakokous-3","tag-pandemia","tag-suomalainen-elokuva"],"om_views":null,"acf":{"tuuma_off":false,"tuuma_kysymys":"","tuuma_vastaus":""},"asauth":{"required_access_level":1,"share_token":"","is_paid":false},"yoast_head":"<!-- This site is optimized with the Yoast SEO plugin v26.4 - https:\/\/yoast.com\/wordpress\/plugins\/seo\/ -->\n<title>Anthony Hopkins-draama Is\u00e4 syrj\u00e4ytti katsojatilastossa Luokkakokouksen - Kuvien takaa<\/title>\n<meta name=\"description\" content=\"Pandemia kurittaa: Luokkakokous 3 saavutti noin viidess\u00e4 viikossa sen, mit\u00e4 ensimm\u00e4inen Luokkakokous viidess\u00e4 p\u00e4iv\u00e4ss\u00e4.\" \/>\n<meta name=\"robots\" content=\"index, follow, max-snippet:-1, max-image-preview:large, max-video-preview:-1\" \/>\n<link rel=\"canonical\" href=\"https:\/\/suomenkuvalehti.fi\/kuvien-takaa\/isa-luokkakokous-katsotuin-elokuva-suomessa\/\" \/>\n<meta property=\"og:locale\" content=\"fi_FI\" \/>\n<meta property=\"og:type\" content=\"article\" \/>\n<meta property=\"og:title\" content=\"Anthony Hopkins-draama Is\u00e4 syrj\u00e4ytti katsojatilastossa Luokkakokouksen - Kuvien takaa\" \/>\n<meta property=\"og:description\" content=\"Pandemia kurittaa: Luokkakokous 3 saavutti noin viidess\u00e4 viikossa sen, mit\u00e4 ensimm\u00e4inen Luokkakokous viidess\u00e4 p\u00e4iv\u00e4ss\u00e4.\" \/>\n<meta property=\"og:url\" content=\"https:\/\/suomenkuvalehti.fi\/kuvien-takaa\/isa-luokkakokous-katsotuin-elokuva-suomessa\/\" \/>\n<meta property=\"og:site_name\" content=\"Kuvien takaa\" \/>\n<meta property=\"article:author\" content=\"https:\/\/www.facebook.com\/pages\/Kalle-Kinnunen-Kuvien-takaa\/190326157715410?fref=ts\" \/>\n<meta property=\"article:published_time\" content=\"2021-08-31T04:45:45+00:00\" \/>\n<meta property=\"article:modified_time\" content=\"2021-08-31T04:54:59+00:00\" \/>\n<meta property=\"og:image\" content=\"https:\/\/suomenkuvalehti.fi\/kuvien-takaa\/wp-content\/uploads\/sites\/11\/2022\/04\/kalle_kinnunen_blogi-1-scaled.jpg\" \/>\n\t<meta property=\"og:image:width\" content=\"2560\" \/>\n\t<meta property=\"og:image:height\" content=\"1707\" \/>\n\t<meta property=\"og:image:type\" content=\"image\/jpeg\" \/>\n<meta name=\"author\" content=\"Kalle Kinnunen\" \/>\n<meta name=\"twitter:card\" content=\"summary_large_image\" \/>\n<meta name=\"twitter:creator\" content=\"@https:\/\/twitter.com\/kallekinnunen\" \/>\n<meta name=\"twitter:label1\" content=\"Written by\" \/>\n\t<meta name=\"twitter:data1\" content=\"Kalle Kinnunen\" \/>\n\t<meta name=\"twitter:label2\" content=\"Est. reading time\" \/>\n\t<meta name=\"twitter:data2\" content=\"3 minuuttia\" \/>\n<script type=\"application\/ld+json\" class=\"yoast-schema-graph\">{\"@context\":\"https:\/\/schema.org\",\"@graph\":[{\"@type\":\"WebPage\",\"@id\":\"https:\/\/suomenkuvalehti.fi\/kuvien-takaa\/isa-luokkakokous-katsotuin-elokuva-suomessa\/\",\"url\":\"https:\/\/suomenkuvalehti.fi\/kuvien-takaa\/isa-luokkakokous-katsotuin-elokuva-suomessa\/\",\"name\":\"Anthony Hopkins-draama Is\u00e4 syrj\u00e4ytti katsojatilastossa Luokkakokouksen - Kuvien takaa\",\"isPartOf\":{\"@id\":\"https:\/\/suomenkuvalehti.fi\/kuvien-takaa\/#website\"},\"datePublished\":\"2021-08-31T04:45:45+00:00\",\"dateModified\":\"2021-08-31T04:54:59+00:00\",\"author\":{\"@id\":\"https:\/\/suomenkuvalehti.fi\/kuvien-takaa\/#\/schema\/person\/f3f657e4ad409e008f12af27bec60a23\"},\"description\":\"Pandemia kurittaa: Luokkakokous 3 saavutti noin viidess\u00e4 viikossa sen, mit\u00e4 ensimm\u00e4inen Luokkakokous viidess\u00e4 p\u00e4iv\u00e4ss\u00e4.\",\"breadcrumb\":{\"@id\":\"https:\/\/suomenkuvalehti.fi\/kuvien-takaa\/isa-luokkakokous-katsotuin-elokuva-suomessa\/#breadcrumb\"},\"inLanguage\":\"fi\",\"potentialAction\":[{\"@type\":\"ReadAction\",\"target\":[\"https:\/\/suomenkuvalehti.fi\/kuvien-takaa\/isa-luokkakokous-katsotuin-elokuva-suomessa\/\"]}]},{\"@type\":\"BreadcrumbList\",\"@id\":\"https:\/\/suomenkuvalehti.fi\/kuvien-takaa\/isa-luokkakokous-katsotuin-elokuva-suomessa\/#breadcrumb\",\"itemListElement\":[{\"@type\":\"ListItem\",\"position\":1,\"name\":\"Home\",\"item\":\"https:\/\/suomenkuvalehti.fi\/kuvien-takaa\/\"},{\"@type\":\"ListItem\",\"position\":2,\"name\":\"Anthony Hopkins-draama Is\u00e4 syrj\u00e4ytti katsojatilastossa Luokkakokouksen\"}]},{\"@type\":\"WebSite\",\"@id\":\"https:\/\/suomenkuvalehti.fi\/kuvien-takaa\/#website\",\"url\":\"https:\/\/suomenkuvalehti.fi\/kuvien-takaa\/\",\"name\":\"Kuvien takaa\",\"description\":\"Elokuvakriitikko Kalle Kinnusen elokuvablogi.\",\"potentialAction\":[{\"@type\":\"SearchAction\",\"target\":{\"@type\":\"EntryPoint\",\"urlTemplate\":\"https:\/\/suomenkuvalehti.fi\/haku\/?q={search_term_string}\"},\"query-input\":{\"@type\":\"PropertyValueSpecification\",\"valueRequired\":true,\"valueName\":\"search_term_string\"}}],\"inLanguage\":\"fi\"},{\"@type\":\"Person\",\"@id\":\"https:\/\/suomenkuvalehti.fi\/kuvien-takaa\/#\/schema\/person\/f3f657e4ad409e008f12af27bec60a23\",\"name\":\"Kalle Kinnunen\",\"image\":{\"@type\":\"ImageObject\",\"inLanguage\":\"fi\",\"@id\":\"https:\/\/suomenkuvalehti.fi\/kuvien-takaa\/#\/schema\/person\/image\/\",\"url\":\"https:\/\/suomenkuvalehti.fi\/kuvien-takaa\/wp-content\/uploads\/sites\/11\/2022\/04\/kalle_kinnunen_blogi-1-150x150.jpg\",\"contentUrl\":\"https:\/\/suomenkuvalehti.fi\/kuvien-takaa\/wp-content\/uploads\/sites\/11\/2022\/04\/kalle_kinnunen_blogi-1-150x150.jpg\",\"caption\":\"Kalle Kinnunen\"},\"description\":\"Kalle Kinnunen on vapaa toimittaja ja Suomen Kuvalehden avustaja.\",\"sameAs\":[\"https:\/\/www.facebook.com\/pages\/Kalle-Kinnunen-Kuvien-takaa\/190326157715410?fref=ts\",\"https:\/\/x.com\/https:\/\/twitter.com\/kallekinnunen\"]}]}<\/script>\n<!-- \/ Yoast SEO plugin. -->","yoast_head_json":{"title":"Anthony Hopkins-draama Is\u00e4 syrj\u00e4ytti katsojatilastossa Luokkakokouksen - Kuvien takaa","description":"Pandemia kurittaa: Luokkakokous 3 saavutti noin viidess\u00e4 viikossa sen, mit\u00e4 ensimm\u00e4inen Luokkakokous viidess\u00e4 p\u00e4iv\u00e4ss\u00e4.","robots":{"index":"index","follow":"follow","max-snippet":"max-snippet:-1","max-image-preview":"max-image-preview:large","max-video-preview":"max-video-preview:-1"},"canonical":"https:\/\/suomenkuvalehti.fi\/kuvien-takaa\/isa-luokkakokous-katsotuin-elokuva-suomessa\/","og_locale":"fi_FI","og_type":"article","og_title":"Anthony Hopkins-draama Is\u00e4 syrj\u00e4ytti katsojatilastossa Luokkakokouksen - Kuvien takaa","og_description":"Pandemia kurittaa: Luokkakokous 3 saavutti noin viidess\u00e4 viikossa sen, mit\u00e4 ensimm\u00e4inen Luokkakokous viidess\u00e4 p\u00e4iv\u00e4ss\u00e4.","og_url":"https:\/\/suomenkuvalehti.fi\/kuvien-takaa\/isa-luokkakokous-katsotuin-elokuva-suomessa\/","og_site_name":"Kuvien takaa","article_author":"https:\/\/www.facebook.com\/pages\/Kalle-Kinnunen-Kuvien-takaa\/190326157715410?fref=ts","article_published_time":"2021-08-31T04:45:45+00:00","article_modified_time":"2021-08-31T04:54:59+00:00","og_image":[{"width":2560,"height":1707,"url":"https:\/\/suomenkuvalehti.fi\/kuvien-takaa\/wp-content\/uploads\/sites\/11\/2022\/04\/kalle_kinnunen_blogi-1-scaled.jpg","type":"image\/jpeg"}],"author":"Kalle Kinnunen","twitter_card":"summary_large_image","twitter_creator":"@https:\/\/twitter.com\/kallekinnunen","twitter_misc":{"Written by":"Kalle Kinnunen","Est. reading time":"3 minuuttia"},"schema":{"@context":"https:\/\/schema.org","@graph":[{"@type":"WebPage","@id":"https:\/\/suomenkuvalehti.fi\/kuvien-takaa\/isa-luokkakokous-katsotuin-elokuva-suomessa\/","url":"https:\/\/suomenkuvalehti.fi\/kuvien-takaa\/isa-luokkakokous-katsotuin-elokuva-suomessa\/","name":"Anthony Hopkins-draama Is\u00e4 syrj\u00e4ytti katsojatilastossa Luokkakokouksen - Kuvien takaa","isPartOf":{"@id":"https:\/\/suomenkuvalehti.fi\/kuvien-takaa\/#website"},"datePublished":"2021-08-31T04:45:45+00:00","dateModified":"2021-08-31T04:54:59+00:00","author":{"@id":"https:\/\/suomenkuvalehti.fi\/kuvien-takaa\/#\/schema\/person\/f3f657e4ad409e008f12af27bec60a23"},"description":"Pandemia kurittaa: Luokkakokous 3 saavutti noin viidess\u00e4 viikossa sen, mit\u00e4 ensimm\u00e4inen Luokkakokous viidess\u00e4 p\u00e4iv\u00e4ss\u00e4.","breadcrumb":{"@id":"https:\/\/suomenkuvalehti.fi\/kuvien-takaa\/isa-luokkakokous-katsotuin-elokuva-suomessa\/#breadcrumb"},"inLanguage":"fi","potentialAction":[{"@type":"ReadAction","target":["https:\/\/suomenkuvalehti.fi\/kuvien-takaa\/isa-luokkakokous-katsotuin-elokuva-suomessa\/"]}]},{"@type":"BreadcrumbList","@id":"https:\/\/suomenkuvalehti.fi\/kuvien-takaa\/isa-luokkakokous-katsotuin-elokuva-suomessa\/#breadcrumb","itemListElement":[{"@type":"ListItem","position":1,"name":"Home","item":"https:\/\/suomenkuvalehti.fi\/kuvien-takaa\/"},{"@type":"ListItem","position":2,"name":"Anthony Hopkins-draama Is\u00e4 syrj\u00e4ytti katsojatilastossa Luokkakokouksen"}]},{"@type":"WebSite","@id":"https:\/\/suomenkuvalehti.fi\/kuvien-takaa\/#website","url":"https:\/\/suomenkuvalehti.fi\/kuvien-takaa\/","name":"Kuvien takaa","description":"Elokuvakriitikko Kalle Kinnusen elokuvablogi.","potentialAction":[{"@type":"SearchAction","target":{"@type":"EntryPoint","urlTemplate":"https:\/\/suomenkuvalehti.fi\/haku\/?q={search_term_string}"},"query-input":{"@type":"PropertyValueSpecification","valueRequired":true,"valueName":"search_term_string"}}],"inLanguage":"fi"},{"@type":"Person","@id":"https:\/\/suomenkuvalehti.fi\/kuvien-takaa\/#\/schema\/person\/f3f657e4ad409e008f12af27bec60a23","name":"Kalle Kinnunen","image":{"@type":"ImageObject","inLanguage":"fi","@id":"https:\/\/suomenkuvalehti.fi\/kuvien-takaa\/#\/schema\/person\/image\/","url":"https:\/\/suomenkuvalehti.fi\/kuvien-takaa\/wp-content\/uploads\/sites\/11\/2022\/04\/kalle_kinnunen_blogi-1-150x150.jpg","contentUrl":"https:\/\/suomenkuvalehti.fi\/kuvien-takaa\/wp-content\/uploads\/sites\/11\/2022\/04\/kalle_kinnunen_blogi-1-150x150.jpg","caption":"Kalle Kinnunen"},"description":"Kalle Kinnunen on vapaa toimittaja ja Suomen Kuvalehden avustaja.","sameAs":["https:\/\/www.facebook.com\/pages\/Kalle-Kinnunen-Kuvien-takaa\/190326157715410?fref=ts","https:\/\/x.com\/https:\/\/twitter.com\/kallekinnunen"]}]}},"_links":{"self":[{"href":"https:\/\/suomenkuvalehti.fi\/kuvien-takaa\/wp-json\/wp\/v2\/posts\/5712","targetHints":{"allow":["GET"]}}],"collection":[{"href":"https:\/\/suomenkuvalehti.fi\/kuvien-takaa\/wp-json\/wp\/v2\/posts"}],"about":[{"href":"https:\/\/suomenkuvalehti.fi\/kuvien-takaa\/wp-json\/wp\/v2\/types\/post"}],"author":[{"embeddable":true,"href":"https:\/\/suomenkuvalehti.fi\/kuvien-takaa\/wp-json\/wp\/v2\/users\/144"}],"replies":[{"embeddable":true,"href":"https:\/\/suomenkuvalehti.fi\/kuvien-takaa\/wp-json\/wp\/v2\/comments?post=5712"}],"version-history":[{"count":4,"href":"https:\/\/suomenkuvalehti.fi\/kuvien-takaa\/wp-json\/wp\/v2\/posts\/5712\/revisions"}],"predecessor-version":[{"id":5717,"href":"https:\/\/suomenkuvalehti.fi\/kuvien-takaa\/wp-json\/wp\/v2\/posts\/5712\/revisions\/5717"}],"wp:attachment":[{"href":"https:\/\/suomenkuvalehti.fi\/kuvien-takaa\/wp-json\/wp\/v2\/media?parent=5712"}],"wp:term":[{"taxonomy":"category","embeddable":true,"href":"https:\/\/suomenkuvalehti.fi\/kuvien-takaa\/wp-json\/wp\/v2\/categories?post=5712"},{"taxonomy":"post_tag","embeddable":true,"href":"https:\/\/suomenkuvalehti.fi\/kuvien-takaa\/wp-json\/wp\/v2\/tags?post=5712"}],"curies":[{"name":"wp","href":"https:\/\/api.w.org\/{rel}","templated":true}]}}