{"id":5670,"date":"2021-06-08T09:31:52","date_gmt":"2021-06-08T06:31:52","guid":{"rendered":"https:\/\/suomenkuvalehti.fi\/kuvien-takaa\/?p=5670"},"modified":"2021-06-08T09:34:11","modified_gmt":"2021-06-08T06:34:11","slug":"triplan-elokuvateatterista-tuli-koronan-uhri-uusi-toimija-loytyi-jo-ja-alan-optimismi-heraa","status":"publish","type":"post","link":"https:\/\/suomenkuvalehti.fi\/kuvien-takaa\/triplan-elokuvateatterista-tuli-koronan-uhri-uusi-toimija-loytyi-jo-ja-alan-optimismi-heraa\/","title":{"rendered":"Triplan elokuvateatterista tuli koronan uhri \u2013 uusi toimija l\u00f6ytyi jo, ja alan optimismi her\u00e4\u00e4"},"content":{"rendered":"\n<p>Cinamon-ketjun kuusisalinen elokuvateatteri Pasilan ostoskeskus Triplassa ei ehtinyt lopulta toimia yleis\u00f6lle kaikkiaan kuin vuoden verran.<\/p>\n\n\n\n<p>Se avattiin vuoden 2019 lopulla. Vuonna 2020 iski koronapandemia. Triplan Cinamon pani ovet kiinni silloin kuin rajoitusten mukaan piti. Marraskuussa se meni kiinni jo ennen rajoitusten kiristymist\u00e4 \u00e4\u00e4rimmilleen, eik\u00e4 ovia en\u00e4\u00e4 avattu.<\/p>\n\n\n\n<p>Eilen kerrottiin kaksi uutista: ensin siit\u00e4, ett\u00e4 Cinamon lopettaa Triplassa (mutta jatkaa Rediss\u00e4, jossa sill\u00e4 on ollut elokuvateatteri jo vuodesta 2018; sen avaamisessa oli aikoinaan <a href=\"https:\/\/suomenkuvalehti.fi\/kuvien-takaa\/cinamon-ketjun-kompelo-rantautuminen-suomeen\/?shared=4671-4c874539-999\">monenlaisia haasteita<\/a>) ja sitten huojentava tieto: Triplan elokuvateatteritilat ottaa haltuunsa Bio Rex Cinemas.<\/p>\n\n\n\n<p>J\u00e4lkimm\u00e4inen uutinen oli merkityksellisempi my\u00f6s sik\u00e4li, ett\u00e4 Suomen toiseksi suurin ketju Bio Rex Cinemas ei ole koskaan aiemmin toiminut Helsingiss\u00e4 monisaliteatterissa, eik\u00e4 aikoihin muutenkaan.<\/p>\n\n\n\n<p>Finnkinolla on 16 teatteria 11 suurella paikkakunnalla ja yhteens\u00e4 Suomessa noin 70 prosentin markkinaosuus vuodesta riippuen. Bio Rex Cinemasilla on ollut 10 teatteria, karkeasti sanottuna juuri suuruusj\u00e4rjestyksess\u00e4 Finnkinoa seuraavilla paikkakunnilla, ja hieman alle 10 prosentin markkinaosuus.<\/p>\n\n\n\n<p>Nimenomaan Bio Rex Cinemas on ollut laajentumassa. Se rakentaa Sein\u00e4joelle kuuden salin teatteria, joka on tiett\u00e4v\u00e4sti <a href=\"https:\/\/www.kauppalehti.fi\/uutiset\/elokuva-ala-yhdisti-voimansa-isoon-markkinointiponnistukseen-katsojakadon-vuoksi-james-bond-voi-tuoda-pelastuksen\/7c6b5cd3-03de-4aea-8d02-33770dc0f629\" target=\"_blank\" rel=\"noopener\">kallein elokuvateatteriketjun oma investointi<\/a> elokuvateatterirakennukseen Suomessa.<\/p>\n\n\n\n<p>Alkaako siis nyt kilpailu Helsingist\u00e4?<\/p>\n\n\n\n<p>Tuskin. Muutoksella lienee kuluttajalle hyvin v\u00e4h\u00e4n merkityst\u00e4. K\u00e4sitt\u00e4\u00e4kseni Cinamonissa on ollut kampanjaj\u00e4rjestelyiss\u00e4 sektorin halvimpia lippuja, joten jotkut nokkelat j\u00e4\u00e4v\u00e4t niit\u00e4 kaipaamaan.<\/p>\n\n\n\n<p>Bio Rex Cinemasin tulo Helsinkiin on j\u00e4nnitt\u00e4v\u00e4\u00e4 ja kertoo alan elinvoimasta ja tulevaisuususkosta, mutta miksik\u00e4\u00e4n Finnkinon kovaksi haastajaksi Triplan teatteria on vaikea kuvitella. Kuten muillakin p\u00e4\u00e4kaupunkiseudun ostoskeskusteteattereilla, tarkoitus on ollut lis\u00e4t\u00e4 markkinaa sen sijaan, ett\u00e4 sy\u00f6t\u00e4isiin jo olevaa. (En toki tied\u00e4, onko Cinamonilla varsinaisesti ollut t\u00e4m\u00e4nk\u00e4\u00e4n verran &#8221;strategiaa&#8221; suunniteltuna. Oma uskoni alkoi loppua, kun sain Rediss\u00e4 Cinamonia mainostavia raaputusarpoja, joissa tosin oli tarkoitetun raaputuspinnan kohdalla kiinte\u00e4 maalipinta eik\u00e4 kukaan ilmeisesti jaksanut vain v\u00e4litt\u00e4\u00e4.)<\/p>\n\n\n\n<p>Sit\u00e4 paitsi Bio Rex Cinemasin ja Finnkinon taustalla on kytk\u00f6s, joka ei varsinaisesti vihjaa kilpailun kiristymisest\u00e4. Bio Rex Cinemasin omistaa ruotsalainen Svenska Bio, josta puolet omistaa maailman suurimman teatteriketjun AMC:n holding-yhti\u00f6 Nordic Cinema Group, joka sattumoisin omistaa my\u00f6s Finnkinon.<\/p>\n\n\n\n<p>Se, ett\u00e4 virolaistaustainen Cinamon ei saanut suositun Triplan elokuvateatteria toimimaan edes ennen korona-aikaa oli taas ik\u00e4v\u00e4 merkki firman, ei niink\u00e4\u00e4n markkinan kannalta. Kenties Cinamonin uusi maajohtaja saa yhti\u00f6n asiat kuntoon. T\u00e4h\u00e4n astihan Cinamonin sin\u00e4ns\u00e4 ensiluokkaisissa teattereissa on ollut mukavaa k\u00e4yd\u00e4 etenkin siksi, ett\u00e4 niiss\u00e4 ei tarvitse v\u00e4istell\u00e4 toisia asiakkaita ja lippuja saa aina.<\/p>\n\n\n\n<p>Ent\u00e4 vaikuttaako uusi teatteri ja uusi toimija Helsingin elokuvateatterien ohjelmistoon, tai tuleeko juuri Triplaan jotain uudenlaista ohjelmistoajattelua?<\/p>\n\n\n\n<p>Ei vaikuta. Kuusisalinen multiplex ostoskeskuksessa on valtavirtateatteri, jossa pyrit\u00e4\u00e4n esitt\u00e4m\u00e4\u00e4n eri yleis\u00f6nosat huomioiden sopivana kattauksena tasan niit\u00e4 uusimpia elokuvia, joita markkinoidaan eniten. Arthouse-kent\u00e4n laajenemista voidaan toki kovastikin toivoa, jahka Ilona Studiosin hanke Narinkkatorin elokuvateatterista nytk\u00e4ht\u00e4\u00e4 kohti valmistumistaan.<\/p>\n\n\n\n<p>Cinamonin toiminnan p\u00e4\u00e4ttyminen Triplassa ei ollut pandemian ensimm\u00e4inen elokuvateatterikaatuminen Helsingiss\u00e4. Korjaamo Kino lopetti kaikessa hiljaisuudessa toimintansa keskustan Bio Rex-teatterissa (jota ei [en\u00e4\u00e4] tule sotkea Bio Rex Cinemasiin, joka luopui siit\u00e4 kymmenisen vuotta sitten). Sit\u00e4 voi vaikea huomata, kun elokuvateatteritoiminta on ajettu muutenkin alas rajoituksin.<\/p>\n\n\n\n<p>Nyt odotellaan rajoitusten hellitt\u00e4mist\u00e4.<\/p>\n\n\n\n<p>Finnkino avaa t\u00e4ll\u00e4 viikolla salinsa 10 hengelle kaikissa Helsingin saleissaan, samoin Cinamon ostoskeskus Rediss\u00e4. N\u00e4ill\u00e4 kapasiteettirajoituksilla tulee viel\u00e4 takkiin, mutta ala haluaa polkaista toimintaa jo k\u00e4yntiin.<\/p>\n\n\n\n<p>Elokuvateattereita ja muita yleis\u00f6tapahtumia koskevien rajoitusten osalta t\u00e4m\u00e4nhetkinen tilanne on t\u00e4ydellisen absurdi. Tennispalatsiin voidaan ottaa 14 saliin yhteens\u00e4 140 asiakasta. Yksin Tennispalatsi ykk\u00f6seen mahtuisi kerralla noin viisinkertainen m\u00e4\u00e4r\u00e4 ihmisi\u00e4, ja kymmenen hengen rajoituksella se toimii siis alle kahden prosentin kapasiteetilla.<\/p>\n\n\n\n<p>Ravintolat saavat jo olla auki 75 prosentin kapasiteetilla.<\/p>\n\n\n\n<p>Linnanm\u00e4elle kokoontuu nyt joka p\u00e4iv\u00e4 tuhansia ihmisi\u00e4, ilman maskeja, eik\u00e4 turvav\u00e4leist\u00e4 ole k\u00e4yt\u00e4nn\u00f6ss\u00e4 puhettakaan. (Henkil\u00f6kunnalla oli maskit.)<\/p>\n\n\n\n<p>Bio Rex Cinemasin tulo Triplaan ei tapahtu k\u00e4den k\u00e4\u00e4nteess\u00e4, mutta onhan se mukava merkki optimismista tilanteessa, jossa tiettyj\u00e4 aloja kohdellaan r\u00e4ike\u00e4n eriarvoisesti.<\/p>\n\n\n","protected":false},"excerpt":{"rendered":"<p>Cinamon-ketjun kuusisalinen elokuvateatteri Pasilan ostoskeskus Triplassa ei ehtinyt lopulta toimia yleis\u00f6lle kaikkiaan kuin vuoden verran. Se avattiin vuoden 2019 lopulla. Vuonna 2020 iski koronapandemia. Triplan Cinamon pani ovet<br \/>\n&hellip;<\/p>\n","protected":false},"author":144,"featured_media":0,"comment_status":"open","ping_status":"closed","sticky":false,"template":"","format":"standard","meta":{"_acf_changed":false,"asauth_required_access_level":3,"asauth_cansharepaid":"true","om_header_attributes":[],"footnotes":"","om_featured_image_focal_point":[],"om_primary_tag":0,"om_contributors":[],"om_co_authors":[],"beyondwords_generate_audio":"","beyondwords_project_id":"","beyondwords_content_id":"","beyondwords_preview_token":"","beyondwords_player_content":"","beyondwords_player_style":"","beyondwords_language_code":"","beyondwords_language_id":"","beyondwords_title_voice_id":"","beyondwords_body_voice_id":"","beyondwords_summary_voice_id":"","beyondwords_error_message":"","beyondwords_disabled":"","beyondwords_delete_content":"","beyondwords_podcast_id":"","beyondwords_hash":"","publish_post_to_speechkit":"","speechkit_hash":"","speechkit_generate_audio":"","speechkit_project_id":"","speechkit_podcast_id":"","speechkit_error_message":"","speechkit_disabled":"","speechkit_access_key":"","speechkit_error":"","speechkit_info":"","speechkit_response":"","speechkit_retries":"","speechkit_status":"","speechkit_updated_at":"","_speechkit_link":"","_speechkit_text":""},"categories":[1],"tags":[],"class_list":["post-5670","post","type-post","status-publish","format-standard","hentry","category-kuvien-takaa"],"om_views":null,"acf":{"tuuma_off":false,"tuuma_kysymys":"","tuuma_vastaus":""},"asauth":{"required_access_level":1,"share_token":"","is_paid":false},"yoast_head":"<!-- This site is optimized with the Yoast SEO plugin v26.4 - https:\/\/yoast.com\/wordpress\/plugins\/seo\/ -->\n<title>Triplan elokuvateatterista tuli koronan uhri \u2013 uusi toimija l\u00f6ytyi jo, ja alan optimismi her\u00e4\u00e4 - Kuvien takaa<\/title>\n<meta name=\"description\" content=\"Elokuvateatterit katsovat nyt optimistisesti eteenp\u00e4in. Helsinkiin tulee ketju, joka periaatteessa voisi haastaa Finnkinon.\" \/>\n<meta name=\"robots\" content=\"index, follow, max-snippet:-1, max-image-preview:large, max-video-preview:-1\" \/>\n<link rel=\"canonical\" href=\"https:\/\/suomenkuvalehti.fi\/kuvien-takaa\/triplan-elokuvateatterista-tuli-koronan-uhri-uusi-toimija-loytyi-jo-ja-alan-optimismi-heraa\/\" \/>\n<meta property=\"og:locale\" content=\"fi_FI\" \/>\n<meta property=\"og:type\" content=\"article\" \/>\n<meta property=\"og:title\" content=\"Triplan elokuvateatterista tuli koronan uhri \u2013 uusi toimija l\u00f6ytyi jo, ja alan optimismi her\u00e4\u00e4 - Kuvien takaa\" \/>\n<meta property=\"og:description\" content=\"Elokuvateatterit katsovat nyt optimistisesti eteenp\u00e4in. Helsinkiin tulee ketju, joka periaatteessa voisi haastaa Finnkinon.\" \/>\n<meta property=\"og:url\" content=\"https:\/\/suomenkuvalehti.fi\/kuvien-takaa\/triplan-elokuvateatterista-tuli-koronan-uhri-uusi-toimija-loytyi-jo-ja-alan-optimismi-heraa\/\" \/>\n<meta property=\"og:site_name\" content=\"Kuvien takaa\" \/>\n<meta property=\"article:author\" content=\"https:\/\/www.facebook.com\/pages\/Kalle-Kinnunen-Kuvien-takaa\/190326157715410?fref=ts\" \/>\n<meta property=\"article:published_time\" content=\"2021-06-08T06:31:52+00:00\" \/>\n<meta property=\"article:modified_time\" content=\"2021-06-08T06:34:11+00:00\" \/>\n<meta property=\"og:image\" content=\"https:\/\/suomenkuvalehti.fi\/kuvien-takaa\/wp-content\/uploads\/sites\/11\/2022\/04\/kalle_kinnunen_blogi-1-scaled.jpg\" \/>\n\t<meta property=\"og:image:width\" content=\"2560\" \/>\n\t<meta property=\"og:image:height\" content=\"1707\" \/>\n\t<meta property=\"og:image:type\" content=\"image\/jpeg\" \/>\n<meta name=\"author\" content=\"Kalle Kinnunen\" \/>\n<meta name=\"twitter:card\" content=\"summary_large_image\" \/>\n<meta name=\"twitter:creator\" content=\"@https:\/\/twitter.com\/kallekinnunen\" \/>\n<meta name=\"twitter:label1\" content=\"Written by\" \/>\n\t<meta name=\"twitter:data1\" content=\"Kalle Kinnunen\" \/>\n\t<meta name=\"twitter:label2\" content=\"Est. reading time\" \/>\n\t<meta name=\"twitter:data2\" content=\"3 minuuttia\" \/>\n<script type=\"application\/ld+json\" class=\"yoast-schema-graph\">{\"@context\":\"https:\/\/schema.org\",\"@graph\":[{\"@type\":\"WebPage\",\"@id\":\"https:\/\/suomenkuvalehti.fi\/kuvien-takaa\/triplan-elokuvateatterista-tuli-koronan-uhri-uusi-toimija-loytyi-jo-ja-alan-optimismi-heraa\/\",\"url\":\"https:\/\/suomenkuvalehti.fi\/kuvien-takaa\/triplan-elokuvateatterista-tuli-koronan-uhri-uusi-toimija-loytyi-jo-ja-alan-optimismi-heraa\/\",\"name\":\"Triplan elokuvateatterista tuli koronan uhri \u2013 uusi toimija l\u00f6ytyi jo, ja alan optimismi her\u00e4\u00e4 - Kuvien takaa\",\"isPartOf\":{\"@id\":\"https:\/\/suomenkuvalehti.fi\/kuvien-takaa\/#website\"},\"datePublished\":\"2021-06-08T06:31:52+00:00\",\"dateModified\":\"2021-06-08T06:34:11+00:00\",\"author\":{\"@id\":\"https:\/\/suomenkuvalehti.fi\/kuvien-takaa\/#\/schema\/person\/f3f657e4ad409e008f12af27bec60a23\"},\"description\":\"Elokuvateatterit katsovat nyt optimistisesti eteenp\u00e4in. Helsinkiin tulee ketju, joka periaatteessa voisi haastaa Finnkinon.\",\"breadcrumb\":{\"@id\":\"https:\/\/suomenkuvalehti.fi\/kuvien-takaa\/triplan-elokuvateatterista-tuli-koronan-uhri-uusi-toimija-loytyi-jo-ja-alan-optimismi-heraa\/#breadcrumb\"},\"inLanguage\":\"fi\",\"potentialAction\":[{\"@type\":\"ReadAction\",\"target\":[\"https:\/\/suomenkuvalehti.fi\/kuvien-takaa\/triplan-elokuvateatterista-tuli-koronan-uhri-uusi-toimija-loytyi-jo-ja-alan-optimismi-heraa\/\"]}]},{\"@type\":\"BreadcrumbList\",\"@id\":\"https:\/\/suomenkuvalehti.fi\/kuvien-takaa\/triplan-elokuvateatterista-tuli-koronan-uhri-uusi-toimija-loytyi-jo-ja-alan-optimismi-heraa\/#breadcrumb\",\"itemListElement\":[{\"@type\":\"ListItem\",\"position\":1,\"name\":\"Home\",\"item\":\"https:\/\/suomenkuvalehti.fi\/kuvien-takaa\/\"},{\"@type\":\"ListItem\",\"position\":2,\"name\":\"Triplan elokuvateatterista tuli koronan uhri \u2013 uusi toimija l\u00f6ytyi jo, ja alan optimismi her\u00e4\u00e4\"}]},{\"@type\":\"WebSite\",\"@id\":\"https:\/\/suomenkuvalehti.fi\/kuvien-takaa\/#website\",\"url\":\"https:\/\/suomenkuvalehti.fi\/kuvien-takaa\/\",\"name\":\"Kuvien takaa\",\"description\":\"Elokuvakriitikko Kalle Kinnusen elokuvablogi.\",\"potentialAction\":[{\"@type\":\"SearchAction\",\"target\":{\"@type\":\"EntryPoint\",\"urlTemplate\":\"https:\/\/suomenkuvalehti.fi\/haku\/?q={search_term_string}\"},\"query-input\":{\"@type\":\"PropertyValueSpecification\",\"valueRequired\":true,\"valueName\":\"search_term_string\"}}],\"inLanguage\":\"fi\"},{\"@type\":\"Person\",\"@id\":\"https:\/\/suomenkuvalehti.fi\/kuvien-takaa\/#\/schema\/person\/f3f657e4ad409e008f12af27bec60a23\",\"name\":\"Kalle Kinnunen\",\"image\":{\"@type\":\"ImageObject\",\"inLanguage\":\"fi\",\"@id\":\"https:\/\/suomenkuvalehti.fi\/kuvien-takaa\/#\/schema\/person\/image\/\",\"url\":\"https:\/\/suomenkuvalehti.fi\/kuvien-takaa\/wp-content\/uploads\/sites\/11\/2022\/04\/kalle_kinnunen_blogi-1-150x150.jpg\",\"contentUrl\":\"https:\/\/suomenkuvalehti.fi\/kuvien-takaa\/wp-content\/uploads\/sites\/11\/2022\/04\/kalle_kinnunen_blogi-1-150x150.jpg\",\"caption\":\"Kalle Kinnunen\"},\"description\":\"Kalle Kinnunen on vapaa toimittaja ja Suomen Kuvalehden avustaja.\",\"sameAs\":[\"https:\/\/www.facebook.com\/pages\/Kalle-Kinnunen-Kuvien-takaa\/190326157715410?fref=ts\",\"https:\/\/x.com\/https:\/\/twitter.com\/kallekinnunen\"]}]}<\/script>\n<!-- \/ Yoast SEO plugin. -->","yoast_head_json":{"title":"Triplan elokuvateatterista tuli koronan uhri \u2013 uusi toimija l\u00f6ytyi jo, ja alan optimismi her\u00e4\u00e4 - Kuvien takaa","description":"Elokuvateatterit katsovat nyt optimistisesti eteenp\u00e4in. Helsinkiin tulee ketju, joka periaatteessa voisi haastaa Finnkinon.","robots":{"index":"index","follow":"follow","max-snippet":"max-snippet:-1","max-image-preview":"max-image-preview:large","max-video-preview":"max-video-preview:-1"},"canonical":"https:\/\/suomenkuvalehti.fi\/kuvien-takaa\/triplan-elokuvateatterista-tuli-koronan-uhri-uusi-toimija-loytyi-jo-ja-alan-optimismi-heraa\/","og_locale":"fi_FI","og_type":"article","og_title":"Triplan elokuvateatterista tuli koronan uhri \u2013 uusi toimija l\u00f6ytyi jo, ja alan optimismi her\u00e4\u00e4 - Kuvien takaa","og_description":"Elokuvateatterit katsovat nyt optimistisesti eteenp\u00e4in. Helsinkiin tulee ketju, joka periaatteessa voisi haastaa Finnkinon.","og_url":"https:\/\/suomenkuvalehti.fi\/kuvien-takaa\/triplan-elokuvateatterista-tuli-koronan-uhri-uusi-toimija-loytyi-jo-ja-alan-optimismi-heraa\/","og_site_name":"Kuvien takaa","article_author":"https:\/\/www.facebook.com\/pages\/Kalle-Kinnunen-Kuvien-takaa\/190326157715410?fref=ts","article_published_time":"2021-06-08T06:31:52+00:00","article_modified_time":"2021-06-08T06:34:11+00:00","og_image":[{"width":2560,"height":1707,"url":"https:\/\/suomenkuvalehti.fi\/kuvien-takaa\/wp-content\/uploads\/sites\/11\/2022\/04\/kalle_kinnunen_blogi-1-scaled.jpg","type":"image\/jpeg"}],"author":"Kalle Kinnunen","twitter_card":"summary_large_image","twitter_creator":"@https:\/\/twitter.com\/kallekinnunen","twitter_misc":{"Written by":"Kalle Kinnunen","Est. reading time":"3 minuuttia"},"schema":{"@context":"https:\/\/schema.org","@graph":[{"@type":"WebPage","@id":"https:\/\/suomenkuvalehti.fi\/kuvien-takaa\/triplan-elokuvateatterista-tuli-koronan-uhri-uusi-toimija-loytyi-jo-ja-alan-optimismi-heraa\/","url":"https:\/\/suomenkuvalehti.fi\/kuvien-takaa\/triplan-elokuvateatterista-tuli-koronan-uhri-uusi-toimija-loytyi-jo-ja-alan-optimismi-heraa\/","name":"Triplan elokuvateatterista tuli koronan uhri \u2013 uusi toimija l\u00f6ytyi jo, ja alan optimismi her\u00e4\u00e4 - Kuvien takaa","isPartOf":{"@id":"https:\/\/suomenkuvalehti.fi\/kuvien-takaa\/#website"},"datePublished":"2021-06-08T06:31:52+00:00","dateModified":"2021-06-08T06:34:11+00:00","author":{"@id":"https:\/\/suomenkuvalehti.fi\/kuvien-takaa\/#\/schema\/person\/f3f657e4ad409e008f12af27bec60a23"},"description":"Elokuvateatterit katsovat nyt optimistisesti eteenp\u00e4in. Helsinkiin tulee ketju, joka periaatteessa voisi haastaa Finnkinon.","breadcrumb":{"@id":"https:\/\/suomenkuvalehti.fi\/kuvien-takaa\/triplan-elokuvateatterista-tuli-koronan-uhri-uusi-toimija-loytyi-jo-ja-alan-optimismi-heraa\/#breadcrumb"},"inLanguage":"fi","potentialAction":[{"@type":"ReadAction","target":["https:\/\/suomenkuvalehti.fi\/kuvien-takaa\/triplan-elokuvateatterista-tuli-koronan-uhri-uusi-toimija-loytyi-jo-ja-alan-optimismi-heraa\/"]}]},{"@type":"BreadcrumbList","@id":"https:\/\/suomenkuvalehti.fi\/kuvien-takaa\/triplan-elokuvateatterista-tuli-koronan-uhri-uusi-toimija-loytyi-jo-ja-alan-optimismi-heraa\/#breadcrumb","itemListElement":[{"@type":"ListItem","position":1,"name":"Home","item":"https:\/\/suomenkuvalehti.fi\/kuvien-takaa\/"},{"@type":"ListItem","position":2,"name":"Triplan elokuvateatterista tuli koronan uhri \u2013 uusi toimija l\u00f6ytyi jo, ja alan optimismi her\u00e4\u00e4"}]},{"@type":"WebSite","@id":"https:\/\/suomenkuvalehti.fi\/kuvien-takaa\/#website","url":"https:\/\/suomenkuvalehti.fi\/kuvien-takaa\/","name":"Kuvien takaa","description":"Elokuvakriitikko Kalle Kinnusen elokuvablogi.","potentialAction":[{"@type":"SearchAction","target":{"@type":"EntryPoint","urlTemplate":"https:\/\/suomenkuvalehti.fi\/haku\/?q={search_term_string}"},"query-input":{"@type":"PropertyValueSpecification","valueRequired":true,"valueName":"search_term_string"}}],"inLanguage":"fi"},{"@type":"Person","@id":"https:\/\/suomenkuvalehti.fi\/kuvien-takaa\/#\/schema\/person\/f3f657e4ad409e008f12af27bec60a23","name":"Kalle Kinnunen","image":{"@type":"ImageObject","inLanguage":"fi","@id":"https:\/\/suomenkuvalehti.fi\/kuvien-takaa\/#\/schema\/person\/image\/","url":"https:\/\/suomenkuvalehti.fi\/kuvien-takaa\/wp-content\/uploads\/sites\/11\/2022\/04\/kalle_kinnunen_blogi-1-150x150.jpg","contentUrl":"https:\/\/suomenkuvalehti.fi\/kuvien-takaa\/wp-content\/uploads\/sites\/11\/2022\/04\/kalle_kinnunen_blogi-1-150x150.jpg","caption":"Kalle Kinnunen"},"description":"Kalle Kinnunen on vapaa toimittaja ja Suomen Kuvalehden avustaja.","sameAs":["https:\/\/www.facebook.com\/pages\/Kalle-Kinnunen-Kuvien-takaa\/190326157715410?fref=ts","https:\/\/x.com\/https:\/\/twitter.com\/kallekinnunen"]}]}},"_links":{"self":[{"href":"https:\/\/suomenkuvalehti.fi\/kuvien-takaa\/wp-json\/wp\/v2\/posts\/5670","targetHints":{"allow":["GET"]}}],"collection":[{"href":"https:\/\/suomenkuvalehti.fi\/kuvien-takaa\/wp-json\/wp\/v2\/posts"}],"about":[{"href":"https:\/\/suomenkuvalehti.fi\/kuvien-takaa\/wp-json\/wp\/v2\/types\/post"}],"author":[{"embeddable":true,"href":"https:\/\/suomenkuvalehti.fi\/kuvien-takaa\/wp-json\/wp\/v2\/users\/144"}],"replies":[{"embeddable":true,"href":"https:\/\/suomenkuvalehti.fi\/kuvien-takaa\/wp-json\/wp\/v2\/comments?post=5670"}],"version-history":[{"count":1,"href":"https:\/\/suomenkuvalehti.fi\/kuvien-takaa\/wp-json\/wp\/v2\/posts\/5670\/revisions"}],"predecessor-version":[{"id":5671,"href":"https:\/\/suomenkuvalehti.fi\/kuvien-takaa\/wp-json\/wp\/v2\/posts\/5670\/revisions\/5671"}],"wp:attachment":[{"href":"https:\/\/suomenkuvalehti.fi\/kuvien-takaa\/wp-json\/wp\/v2\/media?parent=5670"}],"wp:term":[{"taxonomy":"category","embeddable":true,"href":"https:\/\/suomenkuvalehti.fi\/kuvien-takaa\/wp-json\/wp\/v2\/categories?post=5670"},{"taxonomy":"post_tag","embeddable":true,"href":"https:\/\/suomenkuvalehti.fi\/kuvien-takaa\/wp-json\/wp\/v2\/tags?post=5670"}],"curies":[{"name":"wp","href":"https:\/\/api.w.org\/{rel}","templated":true}]}}