{"id":567,"date":"2011-09-10T14:46:06","date_gmt":"2011-09-10T11:46:06","guid":{"rendered":"https:\/\/suomenkuvalehti.fi\/kuvientakaa\/2011\/09\/10\/venetsian-elokuvajuhlat-2011-tomas-alfredson-filmasi-le-carrea-onnistuneesti\/"},"modified":"2013-11-29T15:24:32","modified_gmt":"2013-11-29T13:24:32","slug":"venetsian-elokuvajuhlat-2011-tomas-alfredson-filmasi-le-carrea-onnistuneesti","status":"publish","type":"post","link":"https:\/\/suomenkuvalehti.fi\/kuvien-takaa\/venetsian-elokuvajuhlat-2011-tomas-alfredson-filmasi-le-carrea-onnistuneesti\/","title":{"rendered":"Venetsian elokuvajuhlat 2011: Tomas Alfredson filmasi Le Carr\u00e9a onnistuneesti"},"content":{"rendered":"\n<p>Olen n\u00e4hnyt Venetsian elokuvajuhlilla 26 elokuvaa. Suosikkini taitaa olla 1970-luvulle sijoittuva brittituotanto. Ruotsalaisohjaaja <strong>Tomas Alfredsonin<\/strong> filmatisointi <strong>John Le Carr\u00e9n<\/strong> romaanista <em>Pappi, lukkari, talonpoika, vakooja<\/em> puri heti rajusti.<\/p>\n\n\n\n\n<p>007-glamour on t\u00e4st\u00e4 kaukana. Le Carr\u00e9n vakoojat ovat harmaita tyyppej\u00e4, ja Alfredsonin elokuvan vuoden 1974 Lontoo kylpee ruskean s\u00e4vyiss\u00e4.<\/p>\n\n\n\n<p>Aiheena on petos tiedustelupalvelun huipulla.<\/p>\n\n\n\n<p>Ihmisi\u00e4 ammutaan, mutta ei vauhdikkaissa tulitaisteluissa, vaan lopettamalla tilanteissa, jotka ovat ennen kaikkea ik\u00e4vi\u00e4.<\/p>\n\n\n\n<p><strong>Gary Oldman<\/strong> n\u00e4yttelee p\u00e4\u00e4osaa, Smileyta, ja on ensi sekunneista asti selv\u00e4\u00e4, ett\u00e4 Oscar-ehdokkuus kolkuttaa ovella. Sivuosiin ja <a href=\"https:\/\/suomenkuvalehti.fi\/kuvientakaa\/2009\/03\/12\/kuka-oli-gary-oldman\/\">Hollywoodin ep\u00e4m\u00e4\u00e4r\u00e4isempiin genre-elokuviin<\/a> valunut Oldman muistuttaa lahjakkuudestaan roolissa, josta puuttuu h\u00e4nen aiempien bravuuriensa vimma ja aggressio. Smiley on mies, jota ei muistaisi h\u00e4net kadulla kohdattuaan, kuten kirjailija itse on kuvaillut. Oldman luo samaan aikaan sek\u00e4 mit\u00e4tt\u00f6m\u00e4ksi luhistuneen ett\u00e4 kiinnostavan piilokarismaattisen hahmon, jollaisia n\u00e4kee valkokankaalla harvoin.<\/p>\n\n\n\n<p>Ennen kaikkea <em>Tinker. Tailer, Soldier, Spy<\/em> on ahdistavan surumielinen elokuva. Se kertoo MI6-tiedustelupalvelulle el\u00e4m\u00e4ns\u00e4 antaneista miehist\u00e4, joiden uhrauksesta tekee kauhistuttavasti suuremman se raadollinen tosiasia, ett\u00e4 joku ryhm\u00e4st\u00e4 on petturi. Kaikki muuttuu paskaksi.<\/p>\n\n\n\n<p><em>Yst\u00e4v\u00e4t h\u00e4m\u00e4r\u00e4n j\u00e4lkeen<\/em> -elokuvalla Ruotsista ponnistanut (eik\u00e4 tule unohtaa <a href=\"http:\/\/sv.wikipedia.org\/wiki\/Torsk_p%C3%A5_Tallinn\"><em>Haku p\u00e4\u00e4ll\u00e4 Tallinnassa<\/em><\/a> -komediaa sek\u00e4 liki eeppisiin mittoihin kasvavaa <em>Ruskean nelj\u00e4\u00e4 s\u00e4vy\u00e4<\/em>) Alfredson rep\u00e4isee nyt t\u00e4m\u00e4n hetken suurten joukkoon. N\u00e4in hallittua, osaavaa ja katsojaan luottavaa melko ison rahan elokuvaa ei n\u00e4e joka p\u00e4iv\u00e4, eik\u00e4 joka festivaalilla.<\/p>\n\n\n\n<p>Rahoitus l\u00f6ytyi Ranskasta. Brittil\u00e4inen Working Title, joka on yleens\u00e4 tehnyt isommissa tuotannoissaan yhteisty\u00f6t\u00e4 Hollywoodin Universal-studion kanssa, joutui poikkeuksellisesti hakemaan kumppania muualta, kun t\u00e4m\u00e4 stoori ei amerikkalaisia massiveijareita sytytt\u00e4nyt.<\/p>\n\n\n\n<p>Juu, ymm\u00e4rr\u00e4n, miksei glamouriton vakoojatrilleri kiinnostanut. Mutta v\u00e4h\u00e4nk\u00f6 pomoja Universalilla harmittaa, kun siit\u00e4 tulee menestys ja Oscar-kuviot selkenev\u00e4t. Illalla n\u00e4hd\u00e4\u00e4n, mit\u00e4 <strong>Darren Aronofskyn<\/strong> johtama tuomaristo Alfredsonin elokuvasta piti &#8211; <strong>Michael Fassbender<\/strong> saanee parhaan n\u00e4yttelij\u00e4n palkinnon <em>Shamesta<\/em>, mutta ei t\u00e4m\u00e4 tunnustuksetta j\u00e4\u00e4.<\/p>\n\n\n","protected":false},"excerpt":{"rendered":"<p>Olen n\u00e4hnyt Venetsian elokuvajuhlilla 26 elokuvaa. Suosikkini taitaa olla 1970-luvulle sijoittuva brittituotanto. Ruotsalaisohjaaja Tomas Alfredsonin filmatisointi John Le Carr\u00e9n romaanista Pappi, lukkari, talonpoika, vakooja puri heti rajusti.<br \/>\n0&hellip;<\/p>\n","protected":false},"author":144,"featured_media":0,"comment_status":"open","ping_status":"open","sticky":false,"template":"","format":"standard","meta":{"_acf_changed":false,"asauth_required_access_level":0,"asauth_cansharepaid":"","om_header_attributes":[],"footnotes":"","om_featured_image_focal_point":[],"om_primary_tag":0,"om_contributors":[],"om_co_authors":[],"beyondwords_generate_audio":"","beyondwords_project_id":"","beyondwords_content_id":"","beyondwords_preview_token":"","beyondwords_player_content":"","beyondwords_player_style":"","beyondwords_language_code":"","beyondwords_language_id":"","beyondwords_title_voice_id":"","beyondwords_body_voice_id":"","beyondwords_summary_voice_id":"","beyondwords_error_message":"","beyondwords_disabled":"","beyondwords_delete_content":"","beyondwords_podcast_id":"","beyondwords_hash":"","publish_post_to_speechkit":"","speechkit_hash":"","speechkit_generate_audio":"","speechkit_project_id":"","speechkit_podcast_id":"","speechkit_error_message":"","speechkit_disabled":"","speechkit_access_key":"","speechkit_error":"","speechkit_info":"","speechkit_response":"","speechkit_retries":"","speechkit_status":"","speechkit_updated_at":"","_speechkit_link":"","_speechkit_text":""},"categories":[1],"tags":[750,749,742,71,411,80],"class_list":["post-567","post","type-post","status-publish","format-standard","hentry","category-kuvien-takaa","tag-colin-firth","tag-gary-oldman","tag-john-le-carre","tag-ruotsalainen-elokuva","tag-tomas-alfredson","tag-venetsian-elokuvajuhlat"],"om_views":null,"acf":{"tuuma_off":false,"tuuma_kysymys":"","tuuma_vastaus":""},"asauth":{"required_access_level":1,"share_token":"","is_paid":false},"yoast_head":"<!-- This site is optimized with the Yoast SEO plugin v26.4 - https:\/\/yoast.com\/wordpress\/plugins\/seo\/ -->\n<title>Venetsian elokuvajuhlat 2011: Tomas Alfredson filmasi Le Carr\u00e9a onnistuneesti - Kuvien takaa<\/title>\n<meta name=\"robots\" content=\"index, follow, max-snippet:-1, max-image-preview:large, max-video-preview:-1\" \/>\n<link rel=\"canonical\" href=\"https:\/\/suomenkuvalehti.fi\/kuvien-takaa\/venetsian-elokuvajuhlat-2011-tomas-alfredson-filmasi-le-carrea-onnistuneesti\/\" \/>\n<meta property=\"og:locale\" content=\"fi_FI\" \/>\n<meta property=\"og:type\" content=\"article\" \/>\n<meta property=\"og:title\" content=\"Venetsian elokuvajuhlat 2011: Tomas Alfredson filmasi Le Carr\u00e9a onnistuneesti - Kuvien takaa\" \/>\n<meta property=\"og:description\" content=\"Olen n\u00e4hnyt Venetsian elokuvajuhlilla 26 elokuvaa. Suosikkini taitaa olla 1970-luvulle sijoittuva brittituotanto. Ruotsalaisohjaaja Tomas Alfredsonin filmatisointi John Le Carr\u00e9n romaanista Pappi, lukkari, talonpoika, vakooja puri heti rajusti. 0&hellip;\" \/>\n<meta property=\"og:url\" content=\"https:\/\/suomenkuvalehti.fi\/kuvien-takaa\/venetsian-elokuvajuhlat-2011-tomas-alfredson-filmasi-le-carrea-onnistuneesti\/\" \/>\n<meta property=\"og:site_name\" content=\"Kuvien takaa\" \/>\n<meta property=\"article:author\" content=\"https:\/\/www.facebook.com\/pages\/Kalle-Kinnunen-Kuvien-takaa\/190326157715410?fref=ts\" \/>\n<meta property=\"article:published_time\" content=\"2011-09-10T11:46:06+00:00\" \/>\n<meta property=\"article:modified_time\" content=\"2013-11-29T13:24:32+00:00\" \/>\n<meta property=\"og:image\" content=\"https:\/\/suomenkuvalehti.fi\/kuvien-takaa\/wp-content\/uploads\/sites\/11\/2022\/04\/kalle_kinnunen_blogi-1-scaled.jpg\" \/>\n\t<meta property=\"og:image:width\" content=\"2560\" \/>\n\t<meta property=\"og:image:height\" content=\"1707\" \/>\n\t<meta property=\"og:image:type\" content=\"image\/jpeg\" \/>\n<meta name=\"author\" content=\"Kalle Kinnunen\" \/>\n<meta name=\"twitter:card\" content=\"summary_large_image\" \/>\n<meta name=\"twitter:creator\" content=\"@https:\/\/twitter.com\/kallekinnunen\" \/>\n<meta name=\"twitter:label1\" content=\"Written by\" \/>\n\t<meta name=\"twitter:data1\" content=\"Kalle Kinnunen\" \/>\n\t<meta name=\"twitter:label2\" content=\"Est. reading time\" \/>\n\t<meta name=\"twitter:data2\" content=\"2 minuuttia\" \/>\n<script type=\"application\/ld+json\" class=\"yoast-schema-graph\">{\"@context\":\"https:\/\/schema.org\",\"@graph\":[{\"@type\":\"WebPage\",\"@id\":\"https:\/\/suomenkuvalehti.fi\/kuvien-takaa\/venetsian-elokuvajuhlat-2011-tomas-alfredson-filmasi-le-carrea-onnistuneesti\/\",\"url\":\"https:\/\/suomenkuvalehti.fi\/kuvien-takaa\/venetsian-elokuvajuhlat-2011-tomas-alfredson-filmasi-le-carrea-onnistuneesti\/\",\"name\":\"Venetsian elokuvajuhlat 2011: Tomas Alfredson filmasi Le Carr\u00e9a onnistuneesti - Kuvien takaa\",\"isPartOf\":{\"@id\":\"https:\/\/suomenkuvalehti.fi\/kuvien-takaa\/#website\"},\"datePublished\":\"2011-09-10T11:46:06+00:00\",\"dateModified\":\"2013-11-29T13:24:32+00:00\",\"author\":{\"@id\":\"https:\/\/suomenkuvalehti.fi\/kuvien-takaa\/#\/schema\/person\/f3f657e4ad409e008f12af27bec60a23\"},\"breadcrumb\":{\"@id\":\"https:\/\/suomenkuvalehti.fi\/kuvien-takaa\/venetsian-elokuvajuhlat-2011-tomas-alfredson-filmasi-le-carrea-onnistuneesti\/#breadcrumb\"},\"inLanguage\":\"fi\",\"potentialAction\":[{\"@type\":\"ReadAction\",\"target\":[\"https:\/\/suomenkuvalehti.fi\/kuvien-takaa\/venetsian-elokuvajuhlat-2011-tomas-alfredson-filmasi-le-carrea-onnistuneesti\/\"]}]},{\"@type\":\"BreadcrumbList\",\"@id\":\"https:\/\/suomenkuvalehti.fi\/kuvien-takaa\/venetsian-elokuvajuhlat-2011-tomas-alfredson-filmasi-le-carrea-onnistuneesti\/#breadcrumb\",\"itemListElement\":[{\"@type\":\"ListItem\",\"position\":1,\"name\":\"Home\",\"item\":\"https:\/\/suomenkuvalehti.fi\/kuvien-takaa\/\"},{\"@type\":\"ListItem\",\"position\":2,\"name\":\"Venetsian elokuvajuhlat 2011: Tomas Alfredson filmasi Le Carr\u00e9a onnistuneesti\"}]},{\"@type\":\"WebSite\",\"@id\":\"https:\/\/suomenkuvalehti.fi\/kuvien-takaa\/#website\",\"url\":\"https:\/\/suomenkuvalehti.fi\/kuvien-takaa\/\",\"name\":\"Kuvien takaa\",\"description\":\"Elokuvakriitikko Kalle Kinnusen elokuvablogi.\",\"potentialAction\":[{\"@type\":\"SearchAction\",\"target\":{\"@type\":\"EntryPoint\",\"urlTemplate\":\"https:\/\/suomenkuvalehti.fi\/haku\/?q={search_term_string}\"},\"query-input\":{\"@type\":\"PropertyValueSpecification\",\"valueRequired\":true,\"valueName\":\"search_term_string\"}}],\"inLanguage\":\"fi\"},{\"@type\":\"Person\",\"@id\":\"https:\/\/suomenkuvalehti.fi\/kuvien-takaa\/#\/schema\/person\/f3f657e4ad409e008f12af27bec60a23\",\"name\":\"Kalle Kinnunen\",\"image\":{\"@type\":\"ImageObject\",\"inLanguage\":\"fi\",\"@id\":\"https:\/\/suomenkuvalehti.fi\/kuvien-takaa\/#\/schema\/person\/image\/\",\"url\":\"https:\/\/suomenkuvalehti.fi\/kuvien-takaa\/wp-content\/uploads\/sites\/11\/2022\/04\/kalle_kinnunen_blogi-1-150x150.jpg\",\"contentUrl\":\"https:\/\/suomenkuvalehti.fi\/kuvien-takaa\/wp-content\/uploads\/sites\/11\/2022\/04\/kalle_kinnunen_blogi-1-150x150.jpg\",\"caption\":\"Kalle Kinnunen\"},\"description\":\"Kalle Kinnunen on vapaa toimittaja ja Suomen Kuvalehden avustaja.\",\"sameAs\":[\"https:\/\/www.facebook.com\/pages\/Kalle-Kinnunen-Kuvien-takaa\/190326157715410?fref=ts\",\"https:\/\/x.com\/https:\/\/twitter.com\/kallekinnunen\"]}]}<\/script>\n<!-- \/ Yoast SEO plugin. -->","yoast_head_json":{"title":"Venetsian elokuvajuhlat 2011: Tomas Alfredson filmasi Le Carr\u00e9a onnistuneesti - Kuvien takaa","robots":{"index":"index","follow":"follow","max-snippet":"max-snippet:-1","max-image-preview":"max-image-preview:large","max-video-preview":"max-video-preview:-1"},"canonical":"https:\/\/suomenkuvalehti.fi\/kuvien-takaa\/venetsian-elokuvajuhlat-2011-tomas-alfredson-filmasi-le-carrea-onnistuneesti\/","og_locale":"fi_FI","og_type":"article","og_title":"Venetsian elokuvajuhlat 2011: Tomas Alfredson filmasi Le Carr\u00e9a onnistuneesti - Kuvien takaa","og_description":"Olen n\u00e4hnyt Venetsian elokuvajuhlilla 26 elokuvaa. Suosikkini taitaa olla 1970-luvulle sijoittuva brittituotanto. Ruotsalaisohjaaja Tomas Alfredsonin filmatisointi John Le Carr\u00e9n romaanista Pappi, lukkari, talonpoika, vakooja puri heti rajusti. 0&hellip;","og_url":"https:\/\/suomenkuvalehti.fi\/kuvien-takaa\/venetsian-elokuvajuhlat-2011-tomas-alfredson-filmasi-le-carrea-onnistuneesti\/","og_site_name":"Kuvien takaa","article_author":"https:\/\/www.facebook.com\/pages\/Kalle-Kinnunen-Kuvien-takaa\/190326157715410?fref=ts","article_published_time":"2011-09-10T11:46:06+00:00","article_modified_time":"2013-11-29T13:24:32+00:00","og_image":[{"width":2560,"height":1707,"url":"https:\/\/suomenkuvalehti.fi\/kuvien-takaa\/wp-content\/uploads\/sites\/11\/2022\/04\/kalle_kinnunen_blogi-1-scaled.jpg","type":"image\/jpeg"}],"author":"Kalle Kinnunen","twitter_card":"summary_large_image","twitter_creator":"@https:\/\/twitter.com\/kallekinnunen","twitter_misc":{"Written by":"Kalle Kinnunen","Est. reading time":"2 minuuttia"},"schema":{"@context":"https:\/\/schema.org","@graph":[{"@type":"WebPage","@id":"https:\/\/suomenkuvalehti.fi\/kuvien-takaa\/venetsian-elokuvajuhlat-2011-tomas-alfredson-filmasi-le-carrea-onnistuneesti\/","url":"https:\/\/suomenkuvalehti.fi\/kuvien-takaa\/venetsian-elokuvajuhlat-2011-tomas-alfredson-filmasi-le-carrea-onnistuneesti\/","name":"Venetsian elokuvajuhlat 2011: Tomas Alfredson filmasi Le Carr\u00e9a onnistuneesti - Kuvien takaa","isPartOf":{"@id":"https:\/\/suomenkuvalehti.fi\/kuvien-takaa\/#website"},"datePublished":"2011-09-10T11:46:06+00:00","dateModified":"2013-11-29T13:24:32+00:00","author":{"@id":"https:\/\/suomenkuvalehti.fi\/kuvien-takaa\/#\/schema\/person\/f3f657e4ad409e008f12af27bec60a23"},"breadcrumb":{"@id":"https:\/\/suomenkuvalehti.fi\/kuvien-takaa\/venetsian-elokuvajuhlat-2011-tomas-alfredson-filmasi-le-carrea-onnistuneesti\/#breadcrumb"},"inLanguage":"fi","potentialAction":[{"@type":"ReadAction","target":["https:\/\/suomenkuvalehti.fi\/kuvien-takaa\/venetsian-elokuvajuhlat-2011-tomas-alfredson-filmasi-le-carrea-onnistuneesti\/"]}]},{"@type":"BreadcrumbList","@id":"https:\/\/suomenkuvalehti.fi\/kuvien-takaa\/venetsian-elokuvajuhlat-2011-tomas-alfredson-filmasi-le-carrea-onnistuneesti\/#breadcrumb","itemListElement":[{"@type":"ListItem","position":1,"name":"Home","item":"https:\/\/suomenkuvalehti.fi\/kuvien-takaa\/"},{"@type":"ListItem","position":2,"name":"Venetsian elokuvajuhlat 2011: Tomas Alfredson filmasi Le Carr\u00e9a onnistuneesti"}]},{"@type":"WebSite","@id":"https:\/\/suomenkuvalehti.fi\/kuvien-takaa\/#website","url":"https:\/\/suomenkuvalehti.fi\/kuvien-takaa\/","name":"Kuvien takaa","description":"Elokuvakriitikko Kalle Kinnusen elokuvablogi.","potentialAction":[{"@type":"SearchAction","target":{"@type":"EntryPoint","urlTemplate":"https:\/\/suomenkuvalehti.fi\/haku\/?q={search_term_string}"},"query-input":{"@type":"PropertyValueSpecification","valueRequired":true,"valueName":"search_term_string"}}],"inLanguage":"fi"},{"@type":"Person","@id":"https:\/\/suomenkuvalehti.fi\/kuvien-takaa\/#\/schema\/person\/f3f657e4ad409e008f12af27bec60a23","name":"Kalle Kinnunen","image":{"@type":"ImageObject","inLanguage":"fi","@id":"https:\/\/suomenkuvalehti.fi\/kuvien-takaa\/#\/schema\/person\/image\/","url":"https:\/\/suomenkuvalehti.fi\/kuvien-takaa\/wp-content\/uploads\/sites\/11\/2022\/04\/kalle_kinnunen_blogi-1-150x150.jpg","contentUrl":"https:\/\/suomenkuvalehti.fi\/kuvien-takaa\/wp-content\/uploads\/sites\/11\/2022\/04\/kalle_kinnunen_blogi-1-150x150.jpg","caption":"Kalle Kinnunen"},"description":"Kalle Kinnunen on vapaa toimittaja ja Suomen Kuvalehden avustaja.","sameAs":["https:\/\/www.facebook.com\/pages\/Kalle-Kinnunen-Kuvien-takaa\/190326157715410?fref=ts","https:\/\/x.com\/https:\/\/twitter.com\/kallekinnunen"]}]}},"_links":{"self":[{"href":"https:\/\/suomenkuvalehti.fi\/kuvien-takaa\/wp-json\/wp\/v2\/posts\/567","targetHints":{"allow":["GET"]}}],"collection":[{"href":"https:\/\/suomenkuvalehti.fi\/kuvien-takaa\/wp-json\/wp\/v2\/posts"}],"about":[{"href":"https:\/\/suomenkuvalehti.fi\/kuvien-takaa\/wp-json\/wp\/v2\/types\/post"}],"author":[{"embeddable":true,"href":"https:\/\/suomenkuvalehti.fi\/kuvien-takaa\/wp-json\/wp\/v2\/users\/144"}],"replies":[{"embeddable":true,"href":"https:\/\/suomenkuvalehti.fi\/kuvien-takaa\/wp-json\/wp\/v2\/comments?post=567"}],"version-history":[{"count":1,"href":"https:\/\/suomenkuvalehti.fi\/kuvien-takaa\/wp-json\/wp\/v2\/posts\/567\/revisions"}],"predecessor-version":[{"id":1320,"href":"https:\/\/suomenkuvalehti.fi\/kuvien-takaa\/wp-json\/wp\/v2\/posts\/567\/revisions\/1320"}],"wp:attachment":[{"href":"https:\/\/suomenkuvalehti.fi\/kuvien-takaa\/wp-json\/wp\/v2\/media?parent=567"}],"wp:term":[{"taxonomy":"category","embeddable":true,"href":"https:\/\/suomenkuvalehti.fi\/kuvien-takaa\/wp-json\/wp\/v2\/categories?post=567"},{"taxonomy":"post_tag","embeddable":true,"href":"https:\/\/suomenkuvalehti.fi\/kuvien-takaa\/wp-json\/wp\/v2\/tags?post=567"}],"curies":[{"name":"wp","href":"https:\/\/api.w.org\/{rel}","templated":true}]}}