{"id":5653,"date":"2021-05-20T10:51:47","date_gmt":"2021-05-20T07:51:47","guid":{"rendered":"https:\/\/suomenkuvalehti.fi\/kuvien-takaa\/?p=5653"},"modified":"2021-05-20T10:51:47","modified_gmt":"2021-05-20T07:51:47","slug":"koronadenialistit-vastaan-uppo-nalle","status":"publish","type":"post","link":"https:\/\/suomenkuvalehti.fi\/kuvien-takaa\/koronadenialistit-vastaan-uppo-nalle\/","title":{"rendered":"Koronadenialistit vastaan Uppo-Nalle"},"content":{"rendered":"\n<p>Kulkutautimy\u00f6nteiset huomasivat, ett\u00e4 Kivinokan kes\u00e4teatterin Uppo-Nalle -n\u00e4ytelm\u00e4ss\u00e4 mainitaan <em>rokotus<\/em>. Siit\u00e4 alkoi uhkailu ja kiusanteko. Rokotuskohtaus poistettiin lastenn\u00e4ytelm\u00e4st\u00e4 jo ennen ensi-iltaa.<\/p>\n\n\n\n<p>N\u00e4ytelm\u00e4n rokotuksella ei ollut tekemist\u00e4 koronan kanssa. (Eih\u00e4n koronarokotuksia ole lapsille, ei nyt eik\u00e4 ihan l\u00e4hitulevaisuudessa.) Vaan mit\u00e4p\u00e4 v\u00e4li\u00e4 sill\u00e4.<\/p>\n\n\n\n<p>Toiminnalla, joka ylitt\u00e4\u00e4 ainakin <a href=\"https:\/\/www.is.fi\/viihde\/art-2000007988835.html\" target=\"_blank\" rel=\"noopener\">Ilta-Sanomien jutussa kuvaillun<\/a> mukaan rikoksen rajan, on puututtu taiteen- ja tosiasiallisesti my\u00f6s sananvapauteen. V\u00e4kivallalla uhkaamalla on tavoitettu se, mit\u00e4 on haluttu, joten into uhkailuun ei taatusti ainakaan v\u00e4hene.<\/p>\n\n\n\n<p>Parodia on mahdotonta, he tekev\u00e4t sen itse. Rokottamiset ovat olleet Uppo-Nalle -kaanonia jo 1980-luvulta ja <strong>Elina Karjalaisen<\/strong> alkuper\u00e4isist\u00e4 lastenkirjoista alkaen. Rokotukset eiv\u00e4t ole muutenkaan k\u00e4sitt\u00e4\u00e4kseni aivan uusi keksint\u00f6. Mit\u00e4\u00e4n t\u00e4llaista ei voi kulkutautimy\u00f6nteisille todistaa, kun he ovat p\u00e4\u00e4tt\u00e4neet, ett\u00e4 t\u00e4m\u00e4 Kivinokan kes\u00e4teatterin n\u00e4ytelm\u00e4 on nimenomaan nyt laadittua katalaa propagandaa.<\/p>\n\n\n\n<p>Oliko hy\u00f6kk\u00e4ys kes\u00e4teatteria kohtaan masinoitu? Sylttytehtaita on varmasti monia ja kiusanteko vaikuttaa enemm\u00e4n somessa orgaanisesti levinneelt\u00e4 kuin j\u00e4rjestelm\u00e4lliselt\u00e4. MV-lehti on kirjoittanut aiheesta. Facebookin Koronakapina -ryhm\u00e4ss\u00e4 meno on erityisen kova.<\/p>\n\n\n\n<p>Ryhm\u00e4ss\u00e4 on raivottu t\u00e4st\u00e4 Kivinokan kes\u00e4teatterin Uppo-Nalle -n\u00e4ytelm\u00e4n \u2013 jota ei siis ole esitetty <em>kertaakaan<\/em>, ja johon liittyv\u00e4t tunteet liittyv\u00e4t <em>yhdest\u00e4 lauseesta tulkittuihin<\/em> oletuksiin \u2013 <em>yhdest\u00e4 kohtauksesta<\/em> jo useiden satojen kommenttien verran.<\/p>\n\n\n\n<p><em>&#8221;Vittu teill\u00e4 on paskaa p\u00e4\u00e4ss\u00e4&#8221;, &#8221;o<span class=\"d2edcug0 hpfvmrgz qv66sw1b c1et5uql oi732d6d ik7dh3pa ht8s03o8 a8c37x1j keod5gw0 nxhoafnm aigsh9s9 d3f4x2em fe6kdd0r mau55g9w c8b282yb iv3no6db jq4qci2q a3bd9o3v knj5qynh oo9gr5id\" dir=\"auto\" lang=\"fi-FI\">n t\u00e4ysin turhaa yritt\u00e4\u00e4 v\u00e4itt\u00e4\u00e4, ett\u00e4 kyse on vuosia vanhasta tekstist\u00e4<\/span>&#8221;, &#8221;t<\/em><span class=\"d2edcug0 hpfvmrgz qv66sw1b c1et5uql oi732d6d ik7dh3pa ht8s03o8 a8c37x1j keod5gw0 nxhoafnm aigsh9s9 d3f4x2em fe6kdd0r mau55g9w c8b282yb iv3no6db jq4qci2q a3bd9o3v knj5qynh oo9gr5id\" dir=\"auto\" lang=\"fi-FI\"><em>odistaa vaan sen kuinka syv\u00e4ll\u00e4 korruptio on tuossa teatterissa&#8221;, &#8221;kyseess\u00e4 oli, n\u00e4in\u00e4 aikoina, silmitt\u00f6m\u00e4n h\u00e4rski yritys aivopest\u00e4 pieni\u00e4 lapsia rokotemy\u00f6nteiseen suuntaan&#8221;.<\/em><\/span><\/p>\n\n\n\n<p><span class=\"d2edcug0 hpfvmrgz qv66sw1b c1et5uql oi732d6d ik7dh3pa ht8s03o8 a8c37x1j keod5gw0 nxhoafnm aigsh9s9 d3f4x2em fe6kdd0r mau55g9w c8b282yb iv3no6db jq4qci2q a3bd9o3v knj5qynh oo9gr5id\" dir=\"auto\" lang=\"fi-FI\"><em>&#8221;Vasemmisto bildenberg politikointia lasten hyvinvoinnin kustannuksella&#8221;<\/em>,&nbsp; ja niin edelleen. Aihe on todella suosittu, useimmissa n\u00e4iss\u00e4 kommenteissa on kymmeni\u00e4 tykk\u00e4yksi\u00e4.<\/span><\/p>\n\n\n\n<p><em>&#8221;<\/em><span class=\"d2edcug0 hpfvmrgz qv66sw1b c1et5uql oi732d6d ik7dh3pa ht8s03o8 a8c37x1j keod5gw0 nxhoafnm aigsh9s9 d3f4x2em fe6kdd0r mau55g9w c8b282yb iv3no6db jq4qci2q a3bd9o3v knj5qynh oo9gr5id\" dir=\"auto\" lang=\"fi-FI\"><em>On syyt\u00e4 ep\u00e4ill\u00e4, ett\u00e4 joku on peukaloinut teksti\u00e4, koska se vaikuttaa kovin eri n\u00e4k\u00f6iselt\u00e4, kuin mist\u00e4 alkuper\u00e4isess\u00e4 Uppo-Nalle kirjassa on kirjoitettu&#8221;<\/em>, kommentoi er\u00e4s ryhm\u00e4l\u00e4inen <em>n\u00e4ytelm\u00e4n<\/em> sivua, joka on todisteeksi yritetty antaa.<\/span><\/p>\n\n\n\n<p>Kes\u00e4teatteri tiedotti n\u00e4ytelm\u00e4n muuttamisesta. Itsesensuuri ei ole tietenk\u00e4\u00e4n tarpeeksi.<\/p>\n\n\n\n<p><em>&#8221;<\/em><span class=\"d2edcug0 hpfvmrgz qv66sw1b c1et5uql oi732d6d ik7dh3pa ht8s03o8 a8c37x1j keod5gw0 nxhoafnm aigsh9s9 d3f4x2em fe6kdd0r mau55g9w c8b282yb iv3no6db jq4qci2q a3bd9o3v knj5qynh oo9gr5id\" dir=\"auto\" lang=\"fi-FI\"><em>Yhden hassun tekstin poisto ei riit\u00e4 viel\u00e4 maineen korjaukseen. Potkikaa vastuussa olevat ihmiset ulos, jotta asia ei toistu&#8221;<\/em>, ilmoittaa er\u00e4s Koronakapinan j\u00e4sen. <em>&#8221;En silti arvais vied\u00e4 lasta tonne, ettei tulis mit\u00e4\u00e4 ik\u00e4v\u00e4\u00e4 yll\u00e4tyst\u00e4. Tai&#8230;varaisin \u00e4mp\u00e4rillisen m\u00e4ti\u00e4 tomaatteja mukaan&#8221;<\/em>, kertoo toinen.<\/span><\/p>\n\n\n\n<p>Avoimessa ryhm\u00e4ss\u00e4 n\u00e4ytelm\u00e4\u00e4 haukkuu my\u00f6s Vasemmistoliiton Kouvolan kunnallisvaaliehdokas&nbsp; <strong>Eija-Liisa Pokki<\/strong>. <em>&#8221;<\/em><span class=\"d2edcug0 hpfvmrgz qv66sw1b c1et5uql oi732d6d ik7dh3pa ht8s03o8 a8c37x1j keod5gw0 nxhoafnm aigsh9s9 d3f4x2em fe6kdd0r mau55g9w c8b282yb iv3no6db jq4qci2q a3bd9o3v knj5qynh oo9gr5id\" dir=\"auto\" lang=\"fi-FI\"><em>Teatteriohjaajana en voisi ikin\u00e4 p\u00e4\u00e4st\u00e4\u00e4 tuollaista k\u00e4sist\u00e4ni&#8221;<\/em>, Pokki kirjoittaa ja antaa ymm\u00e4rt\u00e4\u00e4, ettei usko rokotuksia olleen alkuper\u00e4isiss\u00e4 teksteiss\u00e4.<\/span><\/p>\n\n\n\n<p>Ymm\u00e4rr\u00e4n logiikan, jolla piskuiseen kes\u00e4teatteriin kohdistuva, melkoisen yll\u00e4tt\u00e4v\u00e4 hy\u00f6kk\u00e4ys on johtanut itsesensuuriin.<\/p>\n\n\n\n<p>Mutta miten t\u00e4m\u00e4n j\u00e4lkeen voisi menn\u00e4 Kivinokan kes\u00e4teatterin katsomaan sensuroitua Uppo-Nallea, kun jo et\u00e4n\u00e4 tuntuu, ett\u00e4 on h\u00f6yryp\u00e4iden piiritt\u00e4m\u00e4?<\/p>\n\n\n","protected":false},"excerpt":{"rendered":"<p>Kulkutautimy\u00f6nteiset huomasivat, ett\u00e4 Kivinokan kes\u00e4teatterin Uppo-Nalle -n\u00e4ytelm\u00e4ss\u00e4 mainitaan rokotus. Siit\u00e4 alkoi uhkailu ja kiusanteko. Rokotuskohtaus poistettiin lastenn\u00e4ytelm\u00e4st\u00e4 jo ennen ensi-iltaa. N\u00e4ytelm\u00e4n rokotuksella ei ollut tekemist\u00e4 koronan kanssa. (Eih\u00e4n<br \/>\nkoronarokotuk&hellip;<\/p>\n","protected":false},"author":144,"featured_media":0,"comment_status":"open","ping_status":"closed","sticky":false,"template":"","format":"standard","meta":{"_acf_changed":false,"asauth_required_access_level":3,"asauth_cansharepaid":"true","om_header_attributes":[],"footnotes":"","om_featured_image_focal_point":[],"om_primary_tag":0,"om_contributors":[],"om_co_authors":[],"beyondwords_generate_audio":"","beyondwords_project_id":"","beyondwords_content_id":"","beyondwords_preview_token":"","beyondwords_player_content":"","beyondwords_player_style":"","beyondwords_language_code":"","beyondwords_language_id":"","beyondwords_title_voice_id":"","beyondwords_body_voice_id":"","beyondwords_summary_voice_id":"","beyondwords_error_message":"","beyondwords_disabled":"","beyondwords_delete_content":"","beyondwords_podcast_id":"","beyondwords_hash":"","publish_post_to_speechkit":"","speechkit_hash":"","speechkit_generate_audio":"","speechkit_project_id":"","speechkit_podcast_id":"","speechkit_error_message":"","speechkit_disabled":"","speechkit_access_key":"","speechkit_error":"","speechkit_info":"","speechkit_response":"","speechkit_retries":"","speechkit_status":"","speechkit_updated_at":"","_speechkit_link":"","_speechkit_text":""},"categories":[1],"tags":[2735],"class_list":["post-5653","post","type-post","status-publish","format-standard","hentry","category-kuvien-takaa","tag-koronadenialismi"],"om_views":null,"acf":{"tuuma_off":false,"tuuma_kysymys":"","tuuma_vastaus":""},"asauth":{"required_access_level":1,"share_token":"","is_paid":false},"yoast_head":"<!-- This site is optimized with the Yoast SEO plugin v26.4 - https:\/\/yoast.com\/wordpress\/plugins\/seo\/ -->\n<title>Koronadenialistit vastaan Uppo-Nalle - Kuvien takaa<\/title>\n<meta name=\"description\" content=\"Koronadenialistit l\u00f6ysiv\u00e4t arvoisensa vihollisen: vettyneen nallen, joka on t\u00e4ytetty sahanpuruilla. Kollateraalina menee sananvapaus.\" \/>\n<meta name=\"robots\" content=\"index, follow, max-snippet:-1, max-image-preview:large, max-video-preview:-1\" \/>\n<link rel=\"canonical\" href=\"https:\/\/suomenkuvalehti.fi\/kuvien-takaa\/koronadenialistit-vastaan-uppo-nalle\/\" \/>\n<meta property=\"og:locale\" content=\"fi_FI\" \/>\n<meta property=\"og:type\" content=\"article\" \/>\n<meta property=\"og:title\" content=\"Koronadenialistit vastaan Uppo-Nalle - Kuvien takaa\" \/>\n<meta property=\"og:description\" content=\"Koronadenialistit l\u00f6ysiv\u00e4t arvoisensa vihollisen: vettyneen nallen, joka on t\u00e4ytetty sahanpuruilla. Kollateraalina menee sananvapaus.\" \/>\n<meta property=\"og:url\" content=\"https:\/\/suomenkuvalehti.fi\/kuvien-takaa\/koronadenialistit-vastaan-uppo-nalle\/\" \/>\n<meta property=\"og:site_name\" content=\"Kuvien takaa\" \/>\n<meta property=\"article:author\" content=\"https:\/\/www.facebook.com\/pages\/Kalle-Kinnunen-Kuvien-takaa\/190326157715410?fref=ts\" \/>\n<meta property=\"article:published_time\" content=\"2021-05-20T07:51:47+00:00\" \/>\n<meta property=\"og:image\" content=\"https:\/\/suomenkuvalehti.fi\/kuvien-takaa\/wp-content\/uploads\/sites\/11\/2022\/04\/kalle_kinnunen_blogi-1-scaled.jpg\" \/>\n\t<meta property=\"og:image:width\" content=\"2560\" \/>\n\t<meta property=\"og:image:height\" content=\"1707\" \/>\n\t<meta property=\"og:image:type\" content=\"image\/jpeg\" \/>\n<meta name=\"author\" content=\"Kalle Kinnunen\" \/>\n<meta name=\"twitter:card\" content=\"summary_large_image\" \/>\n<meta name=\"twitter:creator\" content=\"@https:\/\/twitter.com\/kallekinnunen\" \/>\n<meta name=\"twitter:label1\" content=\"Written by\" \/>\n\t<meta name=\"twitter:data1\" content=\"Kalle Kinnunen\" \/>\n\t<meta name=\"twitter:label2\" content=\"Est. reading time\" \/>\n\t<meta name=\"twitter:data2\" content=\"2 minuuttia\" \/>\n<script type=\"application\/ld+json\" class=\"yoast-schema-graph\">{\"@context\":\"https:\/\/schema.org\",\"@graph\":[{\"@type\":\"WebPage\",\"@id\":\"https:\/\/suomenkuvalehti.fi\/kuvien-takaa\/koronadenialistit-vastaan-uppo-nalle\/\",\"url\":\"https:\/\/suomenkuvalehti.fi\/kuvien-takaa\/koronadenialistit-vastaan-uppo-nalle\/\",\"name\":\"Koronadenialistit vastaan Uppo-Nalle - Kuvien takaa\",\"isPartOf\":{\"@id\":\"https:\/\/suomenkuvalehti.fi\/kuvien-takaa\/#website\"},\"datePublished\":\"2021-05-20T07:51:47+00:00\",\"author\":{\"@id\":\"https:\/\/suomenkuvalehti.fi\/kuvien-takaa\/#\/schema\/person\/f3f657e4ad409e008f12af27bec60a23\"},\"description\":\"Koronadenialistit l\u00f6ysiv\u00e4t arvoisensa vihollisen: vettyneen nallen, joka on t\u00e4ytetty sahanpuruilla. Kollateraalina menee sananvapaus.\",\"breadcrumb\":{\"@id\":\"https:\/\/suomenkuvalehti.fi\/kuvien-takaa\/koronadenialistit-vastaan-uppo-nalle\/#breadcrumb\"},\"inLanguage\":\"fi\",\"potentialAction\":[{\"@type\":\"ReadAction\",\"target\":[\"https:\/\/suomenkuvalehti.fi\/kuvien-takaa\/koronadenialistit-vastaan-uppo-nalle\/\"]}]},{\"@type\":\"BreadcrumbList\",\"@id\":\"https:\/\/suomenkuvalehti.fi\/kuvien-takaa\/koronadenialistit-vastaan-uppo-nalle\/#breadcrumb\",\"itemListElement\":[{\"@type\":\"ListItem\",\"position\":1,\"name\":\"Home\",\"item\":\"https:\/\/suomenkuvalehti.fi\/kuvien-takaa\/\"},{\"@type\":\"ListItem\",\"position\":2,\"name\":\"Koronadenialistit vastaan Uppo-Nalle\"}]},{\"@type\":\"WebSite\",\"@id\":\"https:\/\/suomenkuvalehti.fi\/kuvien-takaa\/#website\",\"url\":\"https:\/\/suomenkuvalehti.fi\/kuvien-takaa\/\",\"name\":\"Kuvien takaa\",\"description\":\"Elokuvakriitikko Kalle Kinnusen elokuvablogi.\",\"potentialAction\":[{\"@type\":\"SearchAction\",\"target\":{\"@type\":\"EntryPoint\",\"urlTemplate\":\"https:\/\/suomenkuvalehti.fi\/haku\/?q={search_term_string}\"},\"query-input\":{\"@type\":\"PropertyValueSpecification\",\"valueRequired\":true,\"valueName\":\"search_term_string\"}}],\"inLanguage\":\"fi\"},{\"@type\":\"Person\",\"@id\":\"https:\/\/suomenkuvalehti.fi\/kuvien-takaa\/#\/schema\/person\/f3f657e4ad409e008f12af27bec60a23\",\"name\":\"Kalle Kinnunen\",\"image\":{\"@type\":\"ImageObject\",\"inLanguage\":\"fi\",\"@id\":\"https:\/\/suomenkuvalehti.fi\/kuvien-takaa\/#\/schema\/person\/image\/\",\"url\":\"https:\/\/suomenkuvalehti.fi\/kuvien-takaa\/wp-content\/uploads\/sites\/11\/2022\/04\/kalle_kinnunen_blogi-1-150x150.jpg\",\"contentUrl\":\"https:\/\/suomenkuvalehti.fi\/kuvien-takaa\/wp-content\/uploads\/sites\/11\/2022\/04\/kalle_kinnunen_blogi-1-150x150.jpg\",\"caption\":\"Kalle Kinnunen\"},\"description\":\"Kalle Kinnunen on vapaa toimittaja ja Suomen Kuvalehden avustaja.\",\"sameAs\":[\"https:\/\/www.facebook.com\/pages\/Kalle-Kinnunen-Kuvien-takaa\/190326157715410?fref=ts\",\"https:\/\/x.com\/https:\/\/twitter.com\/kallekinnunen\"]}]}<\/script>\n<!-- \/ Yoast SEO plugin. -->","yoast_head_json":{"title":"Koronadenialistit vastaan Uppo-Nalle - Kuvien takaa","description":"Koronadenialistit l\u00f6ysiv\u00e4t arvoisensa vihollisen: vettyneen nallen, joka on t\u00e4ytetty sahanpuruilla. Kollateraalina menee sananvapaus.","robots":{"index":"index","follow":"follow","max-snippet":"max-snippet:-1","max-image-preview":"max-image-preview:large","max-video-preview":"max-video-preview:-1"},"canonical":"https:\/\/suomenkuvalehti.fi\/kuvien-takaa\/koronadenialistit-vastaan-uppo-nalle\/","og_locale":"fi_FI","og_type":"article","og_title":"Koronadenialistit vastaan Uppo-Nalle - Kuvien takaa","og_description":"Koronadenialistit l\u00f6ysiv\u00e4t arvoisensa vihollisen: vettyneen nallen, joka on t\u00e4ytetty sahanpuruilla. Kollateraalina menee sananvapaus.","og_url":"https:\/\/suomenkuvalehti.fi\/kuvien-takaa\/koronadenialistit-vastaan-uppo-nalle\/","og_site_name":"Kuvien takaa","article_author":"https:\/\/www.facebook.com\/pages\/Kalle-Kinnunen-Kuvien-takaa\/190326157715410?fref=ts","article_published_time":"2021-05-20T07:51:47+00:00","og_image":[{"width":2560,"height":1707,"url":"https:\/\/suomenkuvalehti.fi\/kuvien-takaa\/wp-content\/uploads\/sites\/11\/2022\/04\/kalle_kinnunen_blogi-1-scaled.jpg","type":"image\/jpeg"}],"author":"Kalle Kinnunen","twitter_card":"summary_large_image","twitter_creator":"@https:\/\/twitter.com\/kallekinnunen","twitter_misc":{"Written by":"Kalle Kinnunen","Est. reading time":"2 minuuttia"},"schema":{"@context":"https:\/\/schema.org","@graph":[{"@type":"WebPage","@id":"https:\/\/suomenkuvalehti.fi\/kuvien-takaa\/koronadenialistit-vastaan-uppo-nalle\/","url":"https:\/\/suomenkuvalehti.fi\/kuvien-takaa\/koronadenialistit-vastaan-uppo-nalle\/","name":"Koronadenialistit vastaan Uppo-Nalle - Kuvien takaa","isPartOf":{"@id":"https:\/\/suomenkuvalehti.fi\/kuvien-takaa\/#website"},"datePublished":"2021-05-20T07:51:47+00:00","author":{"@id":"https:\/\/suomenkuvalehti.fi\/kuvien-takaa\/#\/schema\/person\/f3f657e4ad409e008f12af27bec60a23"},"description":"Koronadenialistit l\u00f6ysiv\u00e4t arvoisensa vihollisen: vettyneen nallen, joka on t\u00e4ytetty sahanpuruilla. Kollateraalina menee sananvapaus.","breadcrumb":{"@id":"https:\/\/suomenkuvalehti.fi\/kuvien-takaa\/koronadenialistit-vastaan-uppo-nalle\/#breadcrumb"},"inLanguage":"fi","potentialAction":[{"@type":"ReadAction","target":["https:\/\/suomenkuvalehti.fi\/kuvien-takaa\/koronadenialistit-vastaan-uppo-nalle\/"]}]},{"@type":"BreadcrumbList","@id":"https:\/\/suomenkuvalehti.fi\/kuvien-takaa\/koronadenialistit-vastaan-uppo-nalle\/#breadcrumb","itemListElement":[{"@type":"ListItem","position":1,"name":"Home","item":"https:\/\/suomenkuvalehti.fi\/kuvien-takaa\/"},{"@type":"ListItem","position":2,"name":"Koronadenialistit vastaan Uppo-Nalle"}]},{"@type":"WebSite","@id":"https:\/\/suomenkuvalehti.fi\/kuvien-takaa\/#website","url":"https:\/\/suomenkuvalehti.fi\/kuvien-takaa\/","name":"Kuvien takaa","description":"Elokuvakriitikko Kalle Kinnusen elokuvablogi.","potentialAction":[{"@type":"SearchAction","target":{"@type":"EntryPoint","urlTemplate":"https:\/\/suomenkuvalehti.fi\/haku\/?q={search_term_string}"},"query-input":{"@type":"PropertyValueSpecification","valueRequired":true,"valueName":"search_term_string"}}],"inLanguage":"fi"},{"@type":"Person","@id":"https:\/\/suomenkuvalehti.fi\/kuvien-takaa\/#\/schema\/person\/f3f657e4ad409e008f12af27bec60a23","name":"Kalle Kinnunen","image":{"@type":"ImageObject","inLanguage":"fi","@id":"https:\/\/suomenkuvalehti.fi\/kuvien-takaa\/#\/schema\/person\/image\/","url":"https:\/\/suomenkuvalehti.fi\/kuvien-takaa\/wp-content\/uploads\/sites\/11\/2022\/04\/kalle_kinnunen_blogi-1-150x150.jpg","contentUrl":"https:\/\/suomenkuvalehti.fi\/kuvien-takaa\/wp-content\/uploads\/sites\/11\/2022\/04\/kalle_kinnunen_blogi-1-150x150.jpg","caption":"Kalle Kinnunen"},"description":"Kalle Kinnunen on vapaa toimittaja ja Suomen Kuvalehden avustaja.","sameAs":["https:\/\/www.facebook.com\/pages\/Kalle-Kinnunen-Kuvien-takaa\/190326157715410?fref=ts","https:\/\/x.com\/https:\/\/twitter.com\/kallekinnunen"]}]}},"_links":{"self":[{"href":"https:\/\/suomenkuvalehti.fi\/kuvien-takaa\/wp-json\/wp\/v2\/posts\/5653","targetHints":{"allow":["GET"]}}],"collection":[{"href":"https:\/\/suomenkuvalehti.fi\/kuvien-takaa\/wp-json\/wp\/v2\/posts"}],"about":[{"href":"https:\/\/suomenkuvalehti.fi\/kuvien-takaa\/wp-json\/wp\/v2\/types\/post"}],"author":[{"embeddable":true,"href":"https:\/\/suomenkuvalehti.fi\/kuvien-takaa\/wp-json\/wp\/v2\/users\/144"}],"replies":[{"embeddable":true,"href":"https:\/\/suomenkuvalehti.fi\/kuvien-takaa\/wp-json\/wp\/v2\/comments?post=5653"}],"version-history":[{"count":1,"href":"https:\/\/suomenkuvalehti.fi\/kuvien-takaa\/wp-json\/wp\/v2\/posts\/5653\/revisions"}],"predecessor-version":[{"id":5654,"href":"https:\/\/suomenkuvalehti.fi\/kuvien-takaa\/wp-json\/wp\/v2\/posts\/5653\/revisions\/5654"}],"wp:attachment":[{"href":"https:\/\/suomenkuvalehti.fi\/kuvien-takaa\/wp-json\/wp\/v2\/media?parent=5653"}],"wp:term":[{"taxonomy":"category","embeddable":true,"href":"https:\/\/suomenkuvalehti.fi\/kuvien-takaa\/wp-json\/wp\/v2\/categories?post=5653"},{"taxonomy":"post_tag","embeddable":true,"href":"https:\/\/suomenkuvalehti.fi\/kuvien-takaa\/wp-json\/wp\/v2\/tags?post=5653"}],"curies":[{"name":"wp","href":"https:\/\/api.w.org\/{rel}","templated":true}]}}